{"id":200400,"date":"2026-04-30T12:25:00","date_gmt":"2026-04-30T15:25:00","guid":{"rendered":"https:\/\/www.em.com.br\/emfoco\/?p=200400"},"modified":"2026-04-29T16:29:56","modified_gmt":"2026-04-29T19:29:56","slug":"flores-que-abrem-em-horarios-diferentes-e-transformam-o-jardim-do-amanhecer-a-noite","status":"publish","type":"post","link":"https:\/\/www.em.com.br\/emfoco\/2026\/04\/30\/flores-que-abrem-em-horarios-diferentes-e-transformam-o-jardim-do-amanhecer-a-noite\/","title":{"rendered":"Flores que abrem em hor\u00e1rios diferentes e transformam o jardim do amanhecer \u00e0 noite"},"content":{"rendered":"\n<p>Voc\u00ea j\u00e1 reparou que algumas flores t\u00eam hor\u00e1rios espec\u00edficos para abrir e fechar? Essa caracter\u00edstica fascinante se relaciona diretamente com o ciclo natural das plantas, influenciado principalmente pela luz do sol. Neste texto, vamos explorar algumas flores que tem hor\u00e1rio para abrir, suas peculiaridades e o que as torna t\u00e3o especiais no mundo da bot\u00e2nica.<\/p>\n\n\n\n<h2 class=\"wp-block-heading\">Quais flores t\u00eam hor\u00e1rio espec\u00edfico para abrir?<\/h2>\n\n\n\n<p>Dentre as in\u00fameras esp\u00e9cies de flores, algumas se destacam por suas <a href=\"https:\/\/www.em.com.br\/emfoco\/2026\/04\/26\/o-tunel-subterraneo-que-pode-reduzir-o-calor-da-casa-usando-a-temperatura-estavel-do-solo\/\" target=\"_blank\" rel=\"noreferrer noopener\">aberturas <\/a>e fechamentos determinados. Exemplos cl\u00e1ssicos incluem:<\/p>\n\n\n\n<ul class=\"wp-block-list\">\n<li><strong>Girassol:<\/strong> Essa flor famosa n\u00e3o apenas se abre ao toque do sol, mas tamb\u00e9m se move ao longo do dia, buscando a luz em uma dan\u00e7a solar.<\/li>\n\n\n\n<li><strong>Onze horas:<\/strong> Conhecida por suas flores que abrem no in\u00edcio da manh\u00e3, geralmente \u00e0s 11h, essa planta \u00e9 bastante procurada nos jardins.<\/li>\n\n\n\n<li><strong>Ipomeia:<\/strong> Essa trepadeira tamb\u00e9m possui o h\u00e1bito de abrir suas flores ao amanhecer, fechando-se ao final da tarde.<\/li>\n<\/ul>\n\n\n\n<p>Essas esp\u00e9cies revelam como as flores podem ser sintonizadas com os ritmos naturais e a luz solar, maximizando suas chances de poliniza\u00e7\u00e3o.<\/p>\n\n\n\n<figure class=\"wp-block-image size-large\"><img loading=\"lazy\" decoding=\"async\" width=\"1024\" height=\"576\" src=\"https:\/\/www.em.com.br\/emfoco\/wp-content\/uploads\/2026\/04\/flores-que-se-abrem-com-o-sol-jardim-iluminado-pelo-sol-com-girassois-e-flores-de-ipomeia-1024x576.jpg\" alt=\"Flores que abrem em hor\u00e1rios diferentes e transformam o jardim do amanhecer \u00e0 noite\" class=\"wp-image-200404\" srcset=\"https:\/\/www.em.com.br\/emfoco\/wp-content\/uploads\/2026\/04\/flores-que-se-abrem-com-o-sol-jardim-iluminado-pelo-sol-com-girassois-e-flores-de-ipomeia-1024x576.jpg 1024w, https:\/\/www.em.com.br\/emfoco\/wp-content\/uploads\/2026\/04\/flores-que-se-abrem-com-o-sol-jardim-iluminado-pelo-sol-com-girassois-e-flores-de-ipomeia-300x169.jpg 300w, https:\/\/www.em.com.br\/emfoco\/wp-content\/uploads\/2026\/04\/flores-que-se-abrem-com-o-sol-jardim-iluminado-pelo-sol-com-girassois-e-flores-de-ipomeia-768x432.jpg 768w, https:\/\/www.em.com.br\/emfoco\/wp-content\/uploads\/2026\/04\/flores-que-se-abrem-com-o-sol-jardim-iluminado-pelo-sol-com-girassois-e-flores-de-ipomeia-750x422.jpg 750w, https:\/\/www.em.com.br\/emfoco\/wp-content\/uploads\/2026\/04\/flores-que-se-abrem-com-o-sol-jardim-iluminado-pelo-sol-com-girassois-e-flores-de-ipomeia-1140x641.jpg 1140w, https:\/\/www.em.com.br\/emfoco\/wp-content\/uploads\/2026\/04\/flores-que-se-abrem-com-o-sol-jardim-iluminado-pelo-sol-com-girassois-e-flores-de-ipomeia.jpg 1280w\" sizes=\"auto, (max-width: 1024px) 100vw, 1024px\" \/><figcaption class=\"wp-element-caption\">Essas flores abrem em diferentes momentos do dia e criam movimento, cor e perfume no jardim<\/figcaption><\/figure>\n\n\n\n<h2 class=\"wp-block-heading\">Por que t\u00eam hor\u00e1rios de abertura?<\/h2>\n\n\n\n<p>A abertura e fechamento das flores s\u00e3o controladas por um conjunto complexo de fatores ambientais e gen\u00e9ticos. Essas atividades est\u00e3o ligadas ao ciclo circadiano das plantas, que \u00e9 uma resposta natural a mudan\u00e7as na luz do dia. As que se abrem com a luz t\u00eam essa adapta\u00e7\u00e3o para:<\/p>\n\n\n\n<ul class=\"wp-block-list\">\n<li><strong>Proteger os \u00f3rg\u00e3os reprodutivos:<\/strong> Ao se fecharem \u00e0 noite, elas se protegem de temperaturas baixas e de polinizadores noturnos indesejados.<\/li>\n\n\n\n<li><strong>Aumentar a efici\u00eancia na poliniza\u00e7\u00e3o:<\/strong> Flores que abrem com a luz do sol atraem polinizadores que mais ativos durante o dia, como abelhas e borboletas.<\/li>\n\n\n\n<li><strong>Maximizar a fotoss\u00edntese:<\/strong> Abrindo-se durante o dia, elas aproveitam ao m\u00e1ximo a luz solar para seus processos metab\u00f3licos.<\/li>\n<\/ul>\n\n\n\n<p>Essas adapta\u00e7\u00f5es s\u00e3o essenciais para a sobreviv\u00eancia das plantas e para a biodiversidade dos <a href=\"https:\/\/www.em.com.br\/emfoco\/2026\/04\/26\/7-palmeiras-para-pequenos-espacos-que-trazem-beleza-leveza-e-proporcao-ao-ambiente\/\" target=\"_blank\" rel=\"noreferrer noopener\">ecossistemas<\/a>.<\/p>\n\n\n\n<h2 class=\"wp-block-heading\">Como cultivar com hor\u00e1rios de abertura definidos?<\/h2>\n\n\n\n<p>Se voc\u00ea deseja cultivar flores que t\u00eam hor\u00e1rio para abrir, alguns cuidados s\u00e3o cruciais. Aqui est\u00e3o algumas dicas para garantir seu sucesso:<\/p>\n\n\n\n<ul class=\"wp-block-list\">\n<li>Escolha um local ensolarado para o plantio, onde possam receber luz direta por v\u00e1rias horas durante o dia.<\/li>\n\n\n\n<li>Verifique a qualidade do solo e adapte-o se necess\u00e1rio, pois essas plantas geralmente preferem solos bem drenados e ricos em nutrientes.<\/li>\n\n\n\n<li>Regue adequadamente, sem encharcar, pois excesso de \u00e1gua pode prejudicar o desenvolvimento das ra\u00edzes.<\/li>\n<\/ul>\n\n\n\n<p>Com essas dicas, voc\u00ea pode criar um lindo jardim repleto de flores que se abrem com o sol, aproveitando seu ciclo natural.<\/p>\n\n\n\n<p>Conte\u00fado do canal <strong>Vida no Jardim<\/strong>, com mais de 855 mil de inscritos e cerca de 2,6 mil de visualiza\u00e7\u00f5es:<\/p>\n\n\n\n<figure class=\"wp-block-embed is-type-video is-provider-youtube wp-block-embed-youtube wp-embed-aspect-16-9 wp-has-aspect-ratio\"><div class=\"wp-block-embed__wrapper\">\n<div class=\"jeg_video_container jeg_video_content\"><iframe loading=\"lazy\" title=\"12 FLORES que tem HORA\u0301RIO para ABRIR\" width=\"500\" height=\"281\" src=\"https:\/\/www.youtube.com\/embed\/Y8A49JPy36E?feature=oembed\" frameborder=\"0\" allow=\"accelerometer; autoplay; clipboard-write; encrypted-media; gyroscope; picture-in-picture; web-share\" referrerpolicy=\"strict-origin-when-cross-origin\" allowfullscreen><\/iframe><\/div>\n<\/div><\/figure>\n\n\n\n<h2 class=\"wp-block-heading\">As flores e o ciclo das plantas<\/h2>\n\n\n\n<p>Entender o ciclo e suas adapta\u00e7\u00f5es \u00e9 fundamental para quem se interessa por jardinagem e bot\u00e2nica. As flores que t\u00eam hor\u00e1rio para abrir n\u00e3o s\u00e3o apenas um espet\u00e1culo visual; elas desempenham um papel crucial na <a href=\"https:\/\/www.embrapa.br\/busca-de-publicacoes\/-\/publicacao\/573158\/cultivo-de-flores-anuais\" target=\"_blank\" rel=\"noreferrer noopener\">manuten\u00e7\u00e3o <\/a>da sa\u00fade dos ecossistemas. Al\u00e9m disso, sua flora\u00e7\u00e3o em hor\u00e1rios determinados ajuda a manter a diversidade de polinizadores na natureza.<\/p>\n\n\n\n<h2 class=\"wp-block-heading\">Conclus\u00e3o sobre flores com hor\u00e1rios de abertura<\/h2>\n\n\n\n<p>Flores que tem hor\u00e1rio para abrir demonstram a incr\u00edvel rela\u00e7\u00e3o entre plantas e seu ambiente. Compreender essa intera\u00e7\u00e3o pode enriquecer sua experi\u00eancia como jardineiro ou entusiasta da natureza. Considerar as necessidades espec\u00edficas de cada esp\u00e9cie possibilita criar um jardim mais harmonioso e produtivo, beneficiando todas as partes envolvidas.<\/p>\n","protected":false},"excerpt":{"rendered":"<p>Voc\u00ea j\u00e1 reparou que algumas flores t\u00eam hor\u00e1rios espec\u00edficos para abrir e fechar? Essa caracter\u00edstica fascinante se relaciona diretamente com o ciclo natural das plantas, influenciado principalmente pela luz do sol. Neste texto, vamos explorar algumas flores que tem hor\u00e1rio para abrir, suas peculiaridades e o que as torna t\u00e3o especiais no mundo da bot\u00e2nica. [&hellip;]<\/p>\n","protected":false},"author":15,"featured_media":201586,"comment_status":"open","ping_status":"open","sticky":false,"template":"","format":"standard","meta":{"jnews-multi-image_gallery":[],"jnews_single_post":{"format":"standard"},"jnews_primary_category":[],"jnews_social_meta":[],"jnews_override_counter":[],"footnotes":""},"categories":[8819],"tags":[3357,3358],"class_list":["post-200400","post","type-post","status-publish","format-standard","has-post-thumbnail","hentry","category-curiosidades","tag-flores","tag-jardinagem"],"yoast_head":"<!-- This site is optimized with the Yoast SEO plugin v23.8 - https:\/\/yoast.com\/wordpress\/plugins\/seo\/ -->\n<title>Flores que abrem em hor\u00e1rios diferentes e transformam o jardim do amanhecer \u00e0 noite - Estado de Minas - Em foco<\/title>\n<meta name=\"description\" content=\"Flores que tem hor\u00e1rio para abrir se adequam ao ciclo natural. Aprenda sobre elas e suas caracter\u00edsticas fascinantes.\" \/>\n<meta name=\"robots\" content=\"index, follow, max-snippet:-1, max-image-preview:large, max-video-preview:-1\" \/>\n<link rel=\"canonical\" href=\"https:\/\/www.em.com.br\/emfoco\/2026\/04\/30\/flores-que-abrem-em-horarios-diferentes-e-transformam-o-jardim-do-amanhecer-a-noite\/\" \/>\n<meta property=\"og:locale\" content=\"pt_BR\" \/>\n<meta property=\"og:type\" content=\"article\" \/>\n<meta property=\"og:title\" content=\"Flores que abrem em hor\u00e1rios diferentes e transformam o jardim do amanhecer \u00e0 noite - Estado de Minas - Em foco\" \/>\n<meta property=\"og:description\" content=\"Flores que tem hor\u00e1rio para abrir se adequam ao ciclo natural. Aprenda sobre elas e suas caracter\u00edsticas fascinantes.\" \/>\n<meta property=\"og:url\" content=\"https:\/\/www.em.com.br\/emfoco\/2026\/04\/30\/flores-que-abrem-em-horarios-diferentes-e-transformam-o-jardim-do-amanhecer-a-noite\/\" \/>\n<meta property=\"og:site_name\" content=\"Estado de Minas - Em foco\" \/>\n<meta property=\"article:published_time\" content=\"2026-04-30T15:25:00+00:00\" \/>\n<meta property=\"article:modified_time\" content=\"2026-04-29T19:29:56+00:00\" \/>\n<meta property=\"og:image\" content=\"https:\/\/www.em.com.br\/emfoco\/wp-content\/uploads\/2026\/04\/EmFoco_07-12.jpg\" \/>\n\t<meta property=\"og:image:width\" content=\"1280\" \/>\n\t<meta property=\"og:image:height\" content=\"720\" \/>\n\t<meta property=\"og:image:type\" content=\"image\/jpeg\" \/>\n<meta name=\"author\" content=\"Douglas Myth\" \/>\n<meta name=\"twitter:card\" content=\"summary_large_image\" \/>\n<meta name=\"twitter:label1\" content=\"Escrito por\" \/>\n\t<meta name=\"twitter:data1\" content=\"Douglas Myth\" \/>\n\t<meta name=\"twitter:label2\" content=\"Est. tempo de leitura\" \/>\n\t<meta name=\"twitter:data2\" content=\"4 minutos\" \/>\n<!-- \/ Yoast SEO plugin. -->","yoast_head_json":{"title":"Flores que abrem em hor\u00e1rios diferentes e transformam o jardim do amanhecer \u00e0 noite - Estado de Minas - Em foco","description":"Flores que tem hor\u00e1rio para abrir se adequam ao ciclo natural. Aprenda sobre elas e suas caracter\u00edsticas fascinantes.","robots":{"index":"index","follow":"follow","max-snippet":"max-snippet:-1","max-image-preview":"max-image-preview:large","max-video-preview":"max-video-preview:-1"},"canonical":"https:\/\/www.em.com.br\/emfoco\/2026\/04\/30\/flores-que-abrem-em-horarios-diferentes-e-transformam-o-jardim-do-amanhecer-a-noite\/","og_locale":"pt_BR","og_type":"article","og_title":"Flores que abrem em hor\u00e1rios diferentes e transformam o jardim do amanhecer \u00e0 noite - Estado de Minas - Em foco","og_description":"Flores que tem hor\u00e1rio para abrir se adequam ao ciclo natural. Aprenda sobre elas e suas caracter\u00edsticas fascinantes.","og_url":"https:\/\/www.em.com.br\/emfoco\/2026\/04\/30\/flores-que-abrem-em-horarios-diferentes-e-transformam-o-jardim-do-amanhecer-a-noite\/","og_site_name":"Estado de Minas - Em foco","article_published_time":"2026-04-30T15:25:00+00:00","article_modified_time":"2026-04-29T19:29:56+00:00","og_image":[{"width":1280,"height":720,"url":"https:\/\/www.em.com.br\/emfoco\/wp-content\/uploads\/2026\/04\/EmFoco_07-12.jpg","type":"image\/jpeg"}],"author":"Douglas Myth","twitter_card":"summary_large_image","twitter_misc":{"Escrito por":"Douglas Myth","Est. tempo de leitura":"4 minutos"},"schema":{"@context":"https:\/\/schema.org","@graph":[{"@type":"WebPage","@id":"https:\/\/www.em.com.br\/emfoco\/2026\/04\/30\/flores-que-abrem-em-horarios-diferentes-e-transformam-o-jardim-do-amanhecer-a-noite\/","url":"https:\/\/www.em.com.br\/emfoco\/2026\/04\/30\/flores-que-abrem-em-horarios-diferentes-e-transformam-o-jardim-do-amanhecer-a-noite\/","name":"Flores que abrem em hor\u00e1rios diferentes e transformam o jardim do amanhecer \u00e0 noite - Estado de Minas - Em foco","isPartOf":{"@id":"https:\/\/www.em.com.br\/emfoco\/#website"},"primaryImageOfPage":{"@id":"https:\/\/www.em.com.br\/emfoco\/2026\/04\/30\/flores-que-abrem-em-horarios-diferentes-e-transformam-o-jardim-do-amanhecer-a-noite\/#primaryimage"},"image":{"@id":"https:\/\/www.em.com.br\/emfoco\/2026\/04\/30\/flores-que-abrem-em-horarios-diferentes-e-transformam-o-jardim-do-amanhecer-a-noite\/#primaryimage"},"thumbnailUrl":"https:\/\/www.em.com.br\/emfoco\/wp-content\/uploads\/2026\/04\/EmFoco_07-12.jpg","datePublished":"2026-04-30T15:25:00+00:00","dateModified":"2026-04-29T19:29:56+00:00","author":{"@id":"https:\/\/www.em.com.br\/emfoco\/#\/schema\/person\/bba594b7eebe9b9885fec3a5c7837089"},"description":"Flores que tem hor\u00e1rio para abrir se adequam ao ciclo natural. Aprenda sobre elas e suas caracter\u00edsticas fascinantes.","breadcrumb":{"@id":"https:\/\/www.em.com.br\/emfoco\/2026\/04\/30\/flores-que-abrem-em-horarios-diferentes-e-transformam-o-jardim-do-amanhecer-a-noite\/#breadcrumb"},"inLanguage":"pt-BR","potentialAction":[{"@type":"ReadAction","target":["https:\/\/www.em.com.br\/emfoco\/2026\/04\/30\/flores-que-abrem-em-horarios-diferentes-e-transformam-o-jardim-do-amanhecer-a-noite\/"]}]},{"@type":"ImageObject","inLanguage":"pt-BR","@id":"https:\/\/www.em.com.br\/emfoco\/2026\/04\/30\/flores-que-abrem-em-horarios-diferentes-e-transformam-o-jardim-do-amanhecer-a-noite\/#primaryimage","url":"https:\/\/www.em.com.br\/emfoco\/wp-content\/uploads\/2026\/04\/EmFoco_07-12.jpg","contentUrl":"https:\/\/www.em.com.br\/emfoco\/wp-content\/uploads\/2026\/04\/EmFoco_07-12.jpg","width":1280,"height":720,"caption":"Adapta\u00e7\u00f5es bot\u00e2nicas sincronizam abertura das flores com a luz para otimizar poliniza\u00e7\u00e3o"},{"@type":"BreadcrumbList","@id":"https:\/\/www.em.com.br\/emfoco\/2026\/04\/30\/flores-que-abrem-em-horarios-diferentes-e-transformam-o-jardim-do-amanhecer-a-noite\/#breadcrumb","itemListElement":[{"@type":"ListItem","position":1,"name":"In\u00edcio","item":"https:\/\/www.em.com.br\/emfoco\/"},{"@type":"ListItem","position":2,"name":"Flores que abrem em hor\u00e1rios diferentes e transformam o jardim do amanhecer \u00e0 noite"}]},{"@type":"WebSite","@id":"https:\/\/www.em.com.br\/emfoco\/#website","url":"https:\/\/www.em.com.br\/emfoco\/","name":"Estado de Minas - Em foco","description":"Acompanhe as \u00faltimas not\u00edcias e fique bem informado sobre tudo o que acontece em Minas Gerais, Brasil e no mundo.","potentialAction":[{"@type":"SearchAction","target":{"@type":"EntryPoint","urlTemplate":"https:\/\/www.em.com.br\/emfoco\/?s={search_term_string}"},"query-input":{"@type":"PropertyValueSpecification","valueRequired":true,"valueName":"search_term_string"}}],"inLanguage":"pt-BR"},{"@type":"Person","@id":"https:\/\/www.em.com.br\/emfoco\/#\/schema\/person\/bba594b7eebe9b9885fec3a5c7837089","name":"Douglas Myth","image":{"@type":"ImageObject","inLanguage":"pt-BR","@id":"https:\/\/www.em.com.br\/emfoco\/#\/schema\/person\/image\/","url":"https:\/\/secure.gravatar.com\/avatar\/1ac3cf50d0e68642c697dc0c960c802f?s=96&d=mm&r=g","contentUrl":"https:\/\/secure.gravatar.com\/avatar\/1ac3cf50d0e68642c697dc0c960c802f?s=96&d=mm&r=g","caption":"Douglas Myth"},"url":"https:\/\/www.em.com.br\/emfoco\/author\/douglasmyth\/"}]}},"_links":{"self":[{"href":"https:\/\/www.em.com.br\/emfoco\/wp-json\/wp\/v2\/posts\/200400","targetHints":{"allow":["GET"]}}],"collection":[{"href":"https:\/\/www.em.com.br\/emfoco\/wp-json\/wp\/v2\/posts"}],"about":[{"href":"https:\/\/www.em.com.br\/emfoco\/wp-json\/wp\/v2\/types\/post"}],"author":[{"embeddable":true,"href":"https:\/\/www.em.com.br\/emfoco\/wp-json\/wp\/v2\/users\/15"}],"replies":[{"embeddable":true,"href":"https:\/\/www.em.com.br\/emfoco\/wp-json\/wp\/v2\/comments?post=200400"}],"version-history":[{"count":2,"href":"https:\/\/www.em.com.br\/emfoco\/wp-json\/wp\/v2\/posts\/200400\/revisions"}],"predecessor-version":[{"id":200407,"href":"https:\/\/www.em.com.br\/emfoco\/wp-json\/wp\/v2\/posts\/200400\/revisions\/200407"}],"wp:featuredmedia":[{"embeddable":true,"href":"https:\/\/www.em.com.br\/emfoco\/wp-json\/wp\/v2\/media\/201586"}],"wp:attachment":[{"href":"https:\/\/www.em.com.br\/emfoco\/wp-json\/wp\/v2\/media?parent=200400"}],"wp:term":[{"taxonomy":"category","embeddable":true,"href":"https:\/\/www.em.com.br\/emfoco\/wp-json\/wp\/v2\/categories?post=200400"},{"taxonomy":"post_tag","embeddable":true,"href":"https:\/\/www.em.com.br\/emfoco\/wp-json\/wp\/v2\/tags?post=200400"}],"curies":[{"name":"wp","href":"https:\/\/api.w.org\/{rel}","templated":true}]}}