{"id":200395,"date":"2026-04-30T11:45:00","date_gmt":"2026-04-30T14:45:00","guid":{"rendered":"https:\/\/www.em.com.br\/emfoco\/?p=200395"},"modified":"2026-04-29T16:27:32","modified_gmt":"2026-04-29T19:27:32","slug":"sem-lixo-nas-ruas-acari-mostra-como-limpeza-e-tradicao-mudaram-a-imagem-da-cidade","status":"publish","type":"post","link":"https:\/\/www.em.com.br\/emfoco\/2026\/04\/30\/sem-lixo-nas-ruas-acari-mostra-como-limpeza-e-tradicao-mudaram-a-imagem-da-cidade\/","title":{"rendered":"Sem lixo nas ruas, Acari mostra como limpeza e tradi\u00e7\u00e3o mudaram a imagem da cidade"},"content":{"rendered":"\n<p>Voc\u00ea sabia que a cidade mais limpa do Brasil \u00e9 um exemplo de gest\u00e3o de res\u00edduos e sustentabilidade urbana? Essa cidade, localizada no Serid\u00f3 Potiguar, conquista visitantes com sua organiza\u00e7\u00e3o e beleza. Vamos entender o que a torna \u00fanica.<\/p>\n\n\n\n<h2 class=\"wp-block-heading\">Quais pr\u00e1ticas de gest\u00e3o de res\u00edduos garantem o t\u00edtulo de cidade limpa?<\/h2>\n\n\n\n<p>A gest\u00e3o de res\u00edduos \u00e9 o pilar fundamental para que uma cidade se destaque na limpeza urbana. No caso da cidade mais limpa do Brasil, adotam medidas que v\u00e3o al\u00e9m da simples coleta de lixo. Aqui est\u00e3o algumas pr\u00e1ticas que se destacam:<\/p>\n\n\n\n<ul class=\"wp-block-list\">\n<li>Coleta seletiva: a popula\u00e7\u00e3o \u00e9 incentivada a separar o lixo recicl\u00e1vel do org\u00e2nico.<\/li>\n\n\n\n<li>Educa\u00e7\u00e3o ambiental: campanhas frequentes ensinam a import\u00e2ncia da preserva\u00e7\u00e3o do meio ambiente.<\/li>\n\n\n\n<li>Parcerias: colabora\u00e7\u00f5es com empresas locais para destina\u00e7\u00e3o adequada dos res\u00edduos <a href=\"https:\/\/www.em.com.br\/emfoco\/2026\/04\/26\/o-tunel-subterraneo-que-pode-reduzir-o-calor-da-casa-usando-a-temperatura-estavel-do-solo\/\" target=\"_blank\" rel=\"noreferrer noopener\">recicl\u00e1veis<\/a>.<\/li>\n<\/ul>\n\n\n\n<p>Essas iniciativas t\u00eam um impacto real na qualidade de vida dos moradores e na beleza da cidade como um todo.<\/p>\n\n\n\n<figure class=\"wp-block-image size-large\"><img loading=\"lazy\" decoding=\"async\" width=\"1024\" height=\"576\" src=\"https:\/\/www.em.com.br\/emfoco\/wp-content\/uploads\/2026\/04\/cidade-mais-limpa-brasil-serido-potiguar-evento-de-limpeza-comunitaria-em-uma-cidade-brasileira-com-p-1024x576.jpg\" alt=\"Sem lixo nas ruas, Acari mostra como limpeza e tradi\u00e7\u00e3o mudaram a imagem da cidade\" class=\"wp-image-200398\" srcset=\"https:\/\/www.em.com.br\/emfoco\/wp-content\/uploads\/2026\/04\/cidade-mais-limpa-brasil-serido-potiguar-evento-de-limpeza-comunitaria-em-uma-cidade-brasileira-com-p-1024x576.jpg 1024w, https:\/\/www.em.com.br\/emfoco\/wp-content\/uploads\/2026\/04\/cidade-mais-limpa-brasil-serido-potiguar-evento-de-limpeza-comunitaria-em-uma-cidade-brasileira-com-p-300x169.jpg 300w, https:\/\/www.em.com.br\/emfoco\/wp-content\/uploads\/2026\/04\/cidade-mais-limpa-brasil-serido-potiguar-evento-de-limpeza-comunitaria-em-uma-cidade-brasileira-com-p-768x432.jpg 768w, https:\/\/www.em.com.br\/emfoco\/wp-content\/uploads\/2026\/04\/cidade-mais-limpa-brasil-serido-potiguar-evento-de-limpeza-comunitaria-em-uma-cidade-brasileira-com-p-750x422.jpg 750w, https:\/\/www.em.com.br\/emfoco\/wp-content\/uploads\/2026\/04\/cidade-mais-limpa-brasil-serido-potiguar-evento-de-limpeza-comunitaria-em-uma-cidade-brasileira-com-p-1140x641.jpg 1140w, https:\/\/www.em.com.br\/emfoco\/wp-content\/uploads\/2026\/04\/cidade-mais-limpa-brasil-serido-potiguar-evento-de-limpeza-comunitaria-em-uma-cidade-brasileira-com-p.jpg 1280w\" sizes=\"auto, (max-width: 1024px) 100vw, 1024px\" \/><figcaption class=\"wp-element-caption\">Acari, no Serid\u00f3 Potiguar, virou refer\u00eancia por ruas limpas, cuidado coletivo e tradi\u00e7\u00e3o local<\/figcaption><\/figure>\n\n\n\n<h2 class=\"wp-block-heading\">Como a comunidade participa da limpeza urbana?<\/h2>\n\n\n\n<p>A participa\u00e7\u00e3o da comunidade \u00e9 crucial para manter a cidade limpa. Os cidad\u00e3os se envolvem ativamente em a\u00e7\u00f5es que visam promover a limpeza e a sustentabilidade. Entre as pr\u00e1ticas comunit\u00e1rias est\u00e3o:<\/p>\n\n\n\n<ul class=\"wp-block-list\">\n<li>Mutir\u00f5es de limpeza: eventos onde moradores se juntam para limpar \u00e1reas p\u00fablicas.<\/li>\n\n\n\n<li>Programas de voluntariado: oportunidades para os cidad\u00e3os ajudarem em projetos ambientais.<\/li>\n\n\n\n<li>A\u00e7\u00f5es de fiscaliza\u00e7\u00e3o: moradores denunciam irregularidades que prejudicam a limpeza urbana.<\/li>\n<\/ul>\n\n\n\n<p>Essas a\u00e7\u00f5es refletem um forte senso de cidadania e responsabilidade ambiental que permeia a cultura local.<\/p>\n\n\n\n<h2 class=\"wp-block-heading\">Quais s\u00e3o os desafios enfrentados na gest\u00e3o da cidade limpa?<\/h2>\n\n\n\n<p>Mesmo com a excel\u00eancia na gest\u00e3o de <a href=\"https:\/\/www.em.com.br\/emfoco\/2026\/04\/26\/7-palmeiras-para-pequenos-espacos-que-trazem-beleza-leveza-e-proporcao-ao-ambiente\/\" target=\"_blank\" rel=\"noreferrer noopener\">res\u00edduos <\/a>e a participa\u00e7\u00e3o comunit\u00e1ria, a cidade ainda enfrenta desafios. \u00c9 essencial que esses obst\u00e1culos sejam superados para manter o t\u00edtulo de cidade mais limpa do Brasil:<\/p>\n\n\n\n<ul class=\"wp-block-list\">\n<li>Desperd\u00edcio de recursos: muitos ainda n\u00e3o adotam a coleta seletiva adequadamente.<\/li>\n\n\n\n<li>Falta de infraestrutura: em alguns locais, a coleta de lixo n\u00e3o atende a demanda.<\/li>\n\n\n\n<li>Conscientiza\u00e7\u00e3o: \u00e9 necess\u00e1rio um esfor\u00e7o cont\u00ednuo para educar novos moradores sobre as pr\u00e1ticas sustent\u00e1veis.<\/li>\n<\/ul>\n\n\n\n<p>Com a persist\u00eancia e o engajamento da sociedade, \u00e9 poss\u00edvel enfrentar esses desafios de maneira eficaz.<\/p>\n\n\n\n<p>Conte\u00fado do canal <strong>Boa Sorte Viajante &#8211; Matheus Boa Sorte<\/strong>, com mais de 888 mil de inscritos e cerca de 63 mil de visualiza\u00e7\u00f5es:<\/p>\n\n\n\n<figure class=\"wp-block-embed is-type-video is-provider-youtube wp-block-embed-youtube wp-embed-aspect-16-9 wp-has-aspect-ratio\"><div class=\"wp-block-embed__wrapper\">\n<div class=\"jeg_video_container jeg_video_content\"><iframe loading=\"lazy\" title=\"SEM LIXO? Os segredos da cidade MAIS LIMPA do Brasil!\" width=\"500\" height=\"281\" src=\"https:\/\/www.youtube.com\/embed\/g1ZBOzbClbY?feature=oembed\" frameborder=\"0\" allow=\"accelerometer; autoplay; clipboard-write; encrypted-media; gyroscope; picture-in-picture; web-share\" referrerpolicy=\"strict-origin-when-cross-origin\" allowfullscreen><\/iframe><\/div>\n<\/div><\/figure>\n\n\n\n<h2 class=\"wp-block-heading\">Que papel a tecnologia desempenha na sustentabilidade urbana?<\/h2>\n\n\n\n<p>A tecnologia \u00e9 uma aliada na gest\u00e3o e promo\u00e7\u00e3o da sustentabilidade em cidades limpas. Ferramentas modernas ajudam a otimizar a coleta e melhorar as estrat\u00e9gias de <a href=\"https:\/\/www.codevasf.gov.br\/noticias\/2026\/seguranca-hidrica-para-o-serido-potiguar\" target=\"_blank\" rel=\"noreferrer noopener\">conscientiza\u00e7\u00e3o<\/a>. Exemplos de como a tecnologia \u00e9 aplicada incluem:<\/p>\n\n\n\n<ul class=\"wp-block-list\">\n<li>Aplicativos para den\u00fancia de problemas na cidade, como ac\u00famulo de lixo.<\/li>\n\n\n\n<li>Sensores inteligentes que monitoram a quantidade de res\u00edduos nos lixeiros.<\/li>\n\n\n\n<li>Plataformas online para educa\u00e7\u00e3o ambiental acess\u00edveis a todos.<\/li>\n<\/ul>\n\n\n\n<p>Essas inova\u00e7\u00f5es n\u00e3o apenas facilitam a gest\u00e3o, mas tamb\u00e9m envolvem a comunidade na busca por um ambiente mais limpo.<\/p>\n\n\n\n<h2 class=\"wp-block-heading\">Qual a import\u00e2ncia da sustentabilidade urbana para o futuro?<\/h2>\n\n\n\n<p>A import\u00e2ncia da sustentabilidade urbana em uma cidade limpa de Serid\u00f3 Potiguar vai al\u00e9m da est\u00e9tica. Ela impacta diretamente na sa\u00fade, qualidade de vida e na preserva\u00e7\u00e3o do meio ambiente. Os benef\u00edcios incluem:<\/p>\n\n\n\n<ul class=\"wp-block-list\">\n<li>Melhorias na sa\u00fade p\u00fablica: redu\u00e7\u00e3o da polui\u00e7\u00e3o e doen\u00e7as relacionadas ao ac\u00famulo de lixo.<\/li>\n\n\n\n<li>Atra\u00e7\u00e3o de turistas: um ambiente limpo e organizado atrai visitantes interessados.<\/li>\n\n\n\n<li>Valoriza\u00e7\u00e3o dos im\u00f3veis: \u00e1reas bem cuidadas valorizam a propriedade local.<\/li>\n<\/ul>\n\n\n\n<p>Esses fatores s\u00e3o essenciais para que a cidade continue prosperando e servindo como exemplo para outras regi\u00f5es.<\/p>\n","protected":false},"excerpt":{"rendered":"<p>Voc\u00ea sabia que a cidade mais limpa do Brasil \u00e9 um exemplo de gest\u00e3o de res\u00edduos e sustentabilidade urbana? Essa cidade, localizada no Serid\u00f3 Potiguar, conquista visitantes com sua organiza\u00e7\u00e3o e beleza. Vamos entender o que a torna \u00fanica. Quais pr\u00e1ticas de gest\u00e3o de res\u00edduos garantem o t\u00edtulo de cidade limpa? A gest\u00e3o de res\u00edduos [&hellip;]<\/p>\n","protected":false},"author":15,"featured_media":201578,"comment_status":"open","ping_status":"open","sticky":false,"template":"","format":"standard","meta":{"jnews-multi-image_gallery":[],"jnews_single_post":{"format":"standard"},"jnews_primary_category":[],"jnews_social_meta":[],"jnews_override_counter":[],"footnotes":""},"categories":[8819],"tags":[158,183,157],"class_list":["post-200395","post","type-post","status-publish","format-standard","has-post-thumbnail","hentry","category-curiosidades","tag-brasil","tag-cidades","tag-turismo"],"yoast_head":"<!-- This site is optimized with the Yoast SEO plugin v23.8 - https:\/\/yoast.com\/wordpress\/plugins\/seo\/ -->\n<title>Sem lixo nas ruas, Acari mostra como limpeza e tradi\u00e7\u00e3o mudaram a imagem da cidade - Estado de Minas - Em foco<\/title>\n<meta name=\"description\" content=\"No Serid\u00f3 Potiguar, Acari ganhou fama pela limpeza urbana e mostra como h\u00e1bito coletivo, mem\u00f3ria local e orgulho da cidade mudam o cen\u00e1rio.\" \/>\n<meta name=\"robots\" content=\"index, follow, max-snippet:-1, max-image-preview:large, max-video-preview:-1\" \/>\n<link rel=\"canonical\" href=\"https:\/\/www.em.com.br\/emfoco\/2026\/04\/30\/sem-lixo-nas-ruas-acari-mostra-como-limpeza-e-tradicao-mudaram-a-imagem-da-cidade\/\" \/>\n<meta property=\"og:locale\" content=\"pt_BR\" \/>\n<meta property=\"og:type\" content=\"article\" \/>\n<meta property=\"og:title\" content=\"Sem lixo nas ruas, Acari mostra como limpeza e tradi\u00e7\u00e3o mudaram a imagem da cidade - Estado de Minas - Em foco\" \/>\n<meta property=\"og:description\" content=\"No Serid\u00f3 Potiguar, Acari ganhou fama pela limpeza urbana e mostra como h\u00e1bito coletivo, mem\u00f3ria local e orgulho da cidade mudam o cen\u00e1rio.\" \/>\n<meta property=\"og:url\" content=\"https:\/\/www.em.com.br\/emfoco\/2026\/04\/30\/sem-lixo-nas-ruas-acari-mostra-como-limpeza-e-tradicao-mudaram-a-imagem-da-cidade\/\" \/>\n<meta property=\"og:site_name\" content=\"Estado de Minas - Em foco\" \/>\n<meta property=\"article:published_time\" content=\"2026-04-30T14:45:00+00:00\" \/>\n<meta property=\"article:modified_time\" content=\"2026-04-29T19:27:32+00:00\" \/>\n<meta property=\"og:image\" content=\"https:\/\/www.em.com.br\/emfoco\/wp-content\/uploads\/2026\/04\/EmFoco_03-12.jpg\" \/>\n\t<meta property=\"og:image:width\" content=\"1280\" \/>\n\t<meta property=\"og:image:height\" content=\"720\" \/>\n\t<meta property=\"og:image:type\" content=\"image\/jpeg\" \/>\n<meta name=\"author\" content=\"Douglas Myth\" \/>\n<meta name=\"twitter:card\" content=\"summary_large_image\" \/>\n<meta name=\"twitter:label1\" content=\"Escrito por\" \/>\n\t<meta name=\"twitter:data1\" content=\"Douglas Myth\" \/>\n\t<meta name=\"twitter:label2\" content=\"Est. tempo de leitura\" \/>\n\t<meta name=\"twitter:data2\" content=\"4 minutos\" \/>\n<!-- \/ Yoast SEO plugin. -->","yoast_head_json":{"title":"Sem lixo nas ruas, Acari mostra como limpeza e tradi\u00e7\u00e3o mudaram a imagem da cidade - Estado de Minas - Em foco","description":"No Serid\u00f3 Potiguar, Acari ganhou fama pela limpeza urbana e mostra como h\u00e1bito coletivo, mem\u00f3ria local e orgulho da cidade mudam o cen\u00e1rio.","robots":{"index":"index","follow":"follow","max-snippet":"max-snippet:-1","max-image-preview":"max-image-preview:large","max-video-preview":"max-video-preview:-1"},"canonical":"https:\/\/www.em.com.br\/emfoco\/2026\/04\/30\/sem-lixo-nas-ruas-acari-mostra-como-limpeza-e-tradicao-mudaram-a-imagem-da-cidade\/","og_locale":"pt_BR","og_type":"article","og_title":"Sem lixo nas ruas, Acari mostra como limpeza e tradi\u00e7\u00e3o mudaram a imagem da cidade - Estado de Minas - Em foco","og_description":"No Serid\u00f3 Potiguar, Acari ganhou fama pela limpeza urbana e mostra como h\u00e1bito coletivo, mem\u00f3ria local e orgulho da cidade mudam o cen\u00e1rio.","og_url":"https:\/\/www.em.com.br\/emfoco\/2026\/04\/30\/sem-lixo-nas-ruas-acari-mostra-como-limpeza-e-tradicao-mudaram-a-imagem-da-cidade\/","og_site_name":"Estado de Minas - Em foco","article_published_time":"2026-04-30T14:45:00+00:00","article_modified_time":"2026-04-29T19:27:32+00:00","og_image":[{"width":1280,"height":720,"url":"https:\/\/www.em.com.br\/emfoco\/wp-content\/uploads\/2026\/04\/EmFoco_03-12.jpg","type":"image\/jpeg"}],"author":"Douglas Myth","twitter_card":"summary_large_image","twitter_misc":{"Escrito por":"Douglas Myth","Est. tempo de leitura":"4 minutos"},"schema":{"@context":"https:\/\/schema.org","@graph":[{"@type":"WebPage","@id":"https:\/\/www.em.com.br\/emfoco\/2026\/04\/30\/sem-lixo-nas-ruas-acari-mostra-como-limpeza-e-tradicao-mudaram-a-imagem-da-cidade\/","url":"https:\/\/www.em.com.br\/emfoco\/2026\/04\/30\/sem-lixo-nas-ruas-acari-mostra-como-limpeza-e-tradicao-mudaram-a-imagem-da-cidade\/","name":"Sem lixo nas ruas, Acari mostra como limpeza e tradi\u00e7\u00e3o mudaram a imagem da cidade - Estado de Minas - Em foco","isPartOf":{"@id":"https:\/\/www.em.com.br\/emfoco\/#website"},"primaryImageOfPage":{"@id":"https:\/\/www.em.com.br\/emfoco\/2026\/04\/30\/sem-lixo-nas-ruas-acari-mostra-como-limpeza-e-tradicao-mudaram-a-imagem-da-cidade\/#primaryimage"},"image":{"@id":"https:\/\/www.em.com.br\/emfoco\/2026\/04\/30\/sem-lixo-nas-ruas-acari-mostra-como-limpeza-e-tradicao-mudaram-a-imagem-da-cidade\/#primaryimage"},"thumbnailUrl":"https:\/\/www.em.com.br\/emfoco\/wp-content\/uploads\/2026\/04\/EmFoco_03-12.jpg","datePublished":"2026-04-30T14:45:00+00:00","dateModified":"2026-04-29T19:27:32+00:00","author":{"@id":"https:\/\/www.em.com.br\/emfoco\/#\/schema\/person\/bba594b7eebe9b9885fec3a5c7837089"},"description":"No Serid\u00f3 Potiguar, Acari ganhou fama pela limpeza urbana e mostra como h\u00e1bito coletivo, mem\u00f3ria local e orgulho da cidade mudam o cen\u00e1rio.","breadcrumb":{"@id":"https:\/\/www.em.com.br\/emfoco\/2026\/04\/30\/sem-lixo-nas-ruas-acari-mostra-como-limpeza-e-tradicao-mudaram-a-imagem-da-cidade\/#breadcrumb"},"inLanguage":"pt-BR","potentialAction":[{"@type":"ReadAction","target":["https:\/\/www.em.com.br\/emfoco\/2026\/04\/30\/sem-lixo-nas-ruas-acari-mostra-como-limpeza-e-tradicao-mudaram-a-imagem-da-cidade\/"]}]},{"@type":"ImageObject","inLanguage":"pt-BR","@id":"https:\/\/www.em.com.br\/emfoco\/2026\/04\/30\/sem-lixo-nas-ruas-acari-mostra-como-limpeza-e-tradicao-mudaram-a-imagem-da-cidade\/#primaryimage","url":"https:\/\/www.em.com.br\/emfoco\/wp-content\/uploads\/2026\/04\/EmFoco_03-12.jpg","contentUrl":"https:\/\/www.em.com.br\/emfoco\/wp-content\/uploads\/2026\/04\/EmFoco_03-12.jpg","width":1280,"height":720,"caption":"Gest\u00e3o eficiente de res\u00edduos e engajamento comunit\u00e1rio garantem excel\u00eancia na limpeza urbana"},{"@type":"BreadcrumbList","@id":"https:\/\/www.em.com.br\/emfoco\/2026\/04\/30\/sem-lixo-nas-ruas-acari-mostra-como-limpeza-e-tradicao-mudaram-a-imagem-da-cidade\/#breadcrumb","itemListElement":[{"@type":"ListItem","position":1,"name":"In\u00edcio","item":"https:\/\/www.em.com.br\/emfoco\/"},{"@type":"ListItem","position":2,"name":"Sem lixo nas ruas, Acari mostra como limpeza e tradi\u00e7\u00e3o mudaram a imagem da cidade"}]},{"@type":"WebSite","@id":"https:\/\/www.em.com.br\/emfoco\/#website","url":"https:\/\/www.em.com.br\/emfoco\/","name":"Estado de Minas - Em foco","description":"Acompanhe as \u00faltimas not\u00edcias e fique bem informado sobre tudo o que acontece em Minas Gerais, Brasil e no mundo.","potentialAction":[{"@type":"SearchAction","target":{"@type":"EntryPoint","urlTemplate":"https:\/\/www.em.com.br\/emfoco\/?s={search_term_string}"},"query-input":{"@type":"PropertyValueSpecification","valueRequired":true,"valueName":"search_term_string"}}],"inLanguage":"pt-BR"},{"@type":"Person","@id":"https:\/\/www.em.com.br\/emfoco\/#\/schema\/person\/bba594b7eebe9b9885fec3a5c7837089","name":"Douglas Myth","image":{"@type":"ImageObject","inLanguage":"pt-BR","@id":"https:\/\/www.em.com.br\/emfoco\/#\/schema\/person\/image\/","url":"https:\/\/secure.gravatar.com\/avatar\/1ac3cf50d0e68642c697dc0c960c802f?s=96&d=mm&r=g","contentUrl":"https:\/\/secure.gravatar.com\/avatar\/1ac3cf50d0e68642c697dc0c960c802f?s=96&d=mm&r=g","caption":"Douglas Myth"},"url":"https:\/\/www.em.com.br\/emfoco\/author\/douglasmyth\/"}]}},"_links":{"self":[{"href":"https:\/\/www.em.com.br\/emfoco\/wp-json\/wp\/v2\/posts\/200395","targetHints":{"allow":["GET"]}}],"collection":[{"href":"https:\/\/www.em.com.br\/emfoco\/wp-json\/wp\/v2\/posts"}],"about":[{"href":"https:\/\/www.em.com.br\/emfoco\/wp-json\/wp\/v2\/types\/post"}],"author":[{"embeddable":true,"href":"https:\/\/www.em.com.br\/emfoco\/wp-json\/wp\/v2\/users\/15"}],"replies":[{"embeddable":true,"href":"https:\/\/www.em.com.br\/emfoco\/wp-json\/wp\/v2\/comments?post=200395"}],"version-history":[{"count":2,"href":"https:\/\/www.em.com.br\/emfoco\/wp-json\/wp\/v2\/posts\/200395\/revisions"}],"predecessor-version":[{"id":200399,"href":"https:\/\/www.em.com.br\/emfoco\/wp-json\/wp\/v2\/posts\/200395\/revisions\/200399"}],"wp:featuredmedia":[{"embeddable":true,"href":"https:\/\/www.em.com.br\/emfoco\/wp-json\/wp\/v2\/media\/201578"}],"wp:attachment":[{"href":"https:\/\/www.em.com.br\/emfoco\/wp-json\/wp\/v2\/media?parent=200395"}],"wp:term":[{"taxonomy":"category","embeddable":true,"href":"https:\/\/www.em.com.br\/emfoco\/wp-json\/wp\/v2\/categories?post=200395"},{"taxonomy":"post_tag","embeddable":true,"href":"https:\/\/www.em.com.br\/emfoco\/wp-json\/wp\/v2\/tags?post=200395"}],"curies":[{"name":"wp","href":"https:\/\/api.w.org\/{rel}","templated":true}]}}