{"id":200386,"date":"2026-04-27T11:45:00","date_gmt":"2026-04-27T14:45:00","guid":{"rendered":"https:\/\/www.em.com.br\/emfoco\/?p=200386"},"modified":"2026-04-27T07:51:00","modified_gmt":"2026-04-27T10:51:00","slug":"sistemas-a-laser-comecaram-a-ser-instalados-em-rodovias","status":"publish","type":"post","link":"https:\/\/www.em.com.br\/emfoco\/2026\/04\/27\/sistemas-a-laser-comecaram-a-ser-instalados-em-rodovias\/","title":{"rendered":"Sistemas a laser come\u00e7aram a ser instalados em rodovias"},"content":{"rendered":"\n<p>Os <strong>sistemas de laser<\/strong> come\u00e7aram a ser testados em rodovias do Cazaquist\u00e3o como uma solu\u00e7\u00e3o inovadora para aumentar a seguran\u00e7a vi\u00e1ria, tema central das <strong>leis de tr\u00e2nsito<\/strong>. A iniciativa ocorre em trechos reais de estradas nacionais, onde a tecnologia projeta luz sobre a pista para ajudar motoristas a manterem aten\u00e7\u00e3o, especialmente em viagens longas e mon\u00f3tonas.<\/p>\n\n\n\n<h2 class=\"wp-block-heading\">Onde os sistemas de laser est\u00e3o sendo testados nas rodovias?<\/h2>\n\n\n\n<p>Os sistemas de laser est\u00e3o sendo implementados em car\u00e1ter experimental em rodovias do <strong>Cazaquist\u00e3o<\/strong>, incluindo importantes rotas como Astana, Shchuchinsk, Almaty e Khorgos. Ao todo, cerca de 22 trechos de estradas com ped\u00e1gio recebem essa <strong>tecnologia <\/strong>como parte de um projeto piloto. <\/p>\n\n\n\n<p>Al\u00e9m disso, testes espec\u00edficos j\u00e1 foram realizados em rodovias como <strong>Astana\u2013Temirtau e Karaganda\u2013Balkhash<\/strong>, onde equipamentos projetam linhas luminosas para orientar motoristas. Esses projetos s\u00e3o conduzidos por autoridades de transporte e seguran\u00e7a vi\u00e1ria, sem ainda fazer parte direta das <strong>leis de tr\u00e2nsito<\/strong>.<\/p>\n\n\n\n<h2 class=\"wp-block-heading\">Como funcionam os sistemas de laser na pr\u00e1tica?<\/h2>\n\n\n\n<p>Os sistemas de laser funcionam projetando feixes de luz sobre a pista, criando<strong> linhas visuais <\/strong>que ajudam o <a href=\"https:\/\/www.em.com.br\/emfoco\/2026\/04\/24\/governo-suspendera-as-carteiras-de-habilitacao-de-todos-os-motoristas-que-nao-puderem-comprovar-esse-documento\/\" target=\"_blank\" rel=\"noreferrer noopener\"><strong>motorista <\/strong><\/a>a manter a trajet\u00f3ria e perceber melhor o caminho. Esse recurso \u00e9 especialmente \u00fatil durante a noite, neblina ou neve, quando a <strong>visibilidade <\/strong>da sinaliza\u00e7\u00e3o tradicional \u00e9 reduzida.<\/p>\n\n\n\n<p>Essas proje\u00e7\u00f5es tamb\u00e9m estimulam a aten\u00e7\u00e3o do condutor, <strong>reduzindo riscos<\/strong> associados \u00e0 fadiga ao volante. A proposta \u00e9 complementar a sinaliza\u00e7\u00e3o existente, sem substituir placas ou regras previstas nas leis de tr\u00e2nsito. <\/p>\n\n\n\n<figure class=\"wp-block-image size-large\"><img loading=\"lazy\" decoding=\"async\" width=\"1024\" height=\"576\" src=\"https:\/\/www.em.com.br\/emfoco\/wp-content\/uploads\/2026\/04\/X-2026-04-27T074813.780-1024x576.jpg\" alt=\"Sistemas a laser come\u00e7aram a ser instalados em rodovias\" class=\"wp-image-200401\" srcset=\"https:\/\/www.em.com.br\/emfoco\/wp-content\/uploads\/2026\/04\/X-2026-04-27T074813.780-1024x576.jpg 1024w, https:\/\/www.em.com.br\/emfoco\/wp-content\/uploads\/2026\/04\/X-2026-04-27T074813.780-300x169.jpg 300w, https:\/\/www.em.com.br\/emfoco\/wp-content\/uploads\/2026\/04\/X-2026-04-27T074813.780-768x432.jpg 768w, https:\/\/www.em.com.br\/emfoco\/wp-content\/uploads\/2026\/04\/X-2026-04-27T074813.780-1536x864.jpg 1536w, https:\/\/www.em.com.br\/emfoco\/wp-content\/uploads\/2026\/04\/X-2026-04-27T074813.780-2048x1152.jpg 2048w, https:\/\/www.em.com.br\/emfoco\/wp-content\/uploads\/2026\/04\/X-2026-04-27T074813.780-750x422.jpg 750w, https:\/\/www.em.com.br\/emfoco\/wp-content\/uploads\/2026\/04\/X-2026-04-27T074813.780-1140x641.jpg 1140w\" sizes=\"auto, (max-width: 1024px) 100vw, 1024px\" \/><figcaption class=\"wp-element-caption\">Novas leis podem surgir com esses sistemas<\/figcaption><\/figure>\n\n\n\n<h2 class=\"wp-block-heading\">Quais s\u00e3o os objetivos e benef\u00edcios esperados dessa tecnologia?<\/h2>\n\n\n\n<p>Os sistemas de laser est\u00e3o sendo testados com o <strong>objetivo principal de aumentar a seguran\u00e7a<\/strong> em rodovias longas e mon\u00f3tonas. Autoridades esperam que a tecnologia ajude motoristas a manterem foco e reduzirem erros de dire\u00e7\u00e3o.<\/p>\n\n\n\n<p>Entre os benef\u00edcios esperados, destacam-se:<\/p>\n\n\n\n<ul class=\"wp-block-list\">\n<li>Melhor orienta\u00e7\u00e3o visual em condi\u00e7\u00f5es de baixa visibilidade<\/li>\n\n\n\n<li>Redu\u00e7\u00e3o da fadiga e sonol\u00eancia ao volante<\/li>\n\n\n\n<li>Aumento do tempo de rea\u00e7\u00e3o dos motoristas<\/li>\n\n\n\n<li>Poss\u00edvel diminui\u00e7\u00e3o de acidentes, ainda em avalia\u00e7\u00e3o<\/li>\n<\/ul>\n\n\n\n<p>Segundo dados iniciais e testes internacionais, esses sistemas podem ajudar a reduzir acidentes em determinadas condi\u00e7\u00f5es, mas os resultados ainda dependem de valida\u00e7\u00e3o em larga escala.<\/p>\n\n\n\n<h2 class=\"wp-block-heading\">Como o Brasil se compara ao uso de sistemas de laser?<\/h2>\n\n\n\n<p>No Brasil, os <strong>sistemas de laser<\/strong> j\u00e1 s\u00e3o utilizados em contextos diferentes dentro das <strong><a href=\"https:\/\/www.planalto.gov.br\/ccivil_03\/leis\/l9503compilado.htm\" target=\"_blank\" rel=\"noreferrer noopener\">leis de tr\u00e2nsito<\/a><\/strong>, como radares de velocidade e tecnologias de fiscaliza\u00e7\u00e3o. Al\u00e9m disso, h\u00e1 projetos experimentais de sinaliza\u00e7\u00e3o com laser para travessia de pedestres em algumas cidades.<\/p>\n\n\n\n<p>No entanto, o pa\u00eds ainda n\u00e3o adotou amplamente sistemas de proje\u00e7\u00e3o de luz sobre rodovias para orienta\u00e7\u00e3o de motoristas. Isso mostra que, enquanto o Cazaquist\u00e3o testa novas aplica\u00e7\u00f5es, o Brasil utiliza o laser principalmente para controle e <strong>monitoramento <\/strong>do tr\u00e1fego.<\/p>\n\n\n\n<h2 class=\"wp-block-heading\">Os sistemas de laser podem virar parte das leis de tr\u00e2nsito?<\/h2>\n\n\n\n<p>Os sistemas de laser ainda n\u00e3o fazem parte das leis de tr\u00e2nsito de forma consolidada, sendo considerados <strong>solu\u00e7\u00f5es de engenharia<\/strong> e inova\u00e7\u00e3o vi\u00e1ria. Sua ado\u00e7\u00e3o depende de estudos t\u00e9cnicos, testes e valida\u00e7\u00e3o por \u00f3rg\u00e3os reguladores.<\/p>\n\n\n\n<p>Com o avan\u00e7o dos testes no Cazaquist\u00e3o e em outros pa\u00edses, existe a possibilidade de que essas tecnologias influenciem futuras normas de tr\u00e2nsito. No entanto, qualquer regulamenta\u00e7\u00e3o depender\u00e1 de resultados comprovados em seguran\u00e7a e efici\u00eancia no tr\u00e1fego.<\/p>\n\n\n\n<p>Assim, os sistemas de laser representam uma tend\u00eancia em <strong>desenvolvimento nas rodovias<\/strong>, enquanto as leis de tr\u00e2nsito seguem evoluindo para incorporar tecnologias que possam melhorar a seguran\u00e7a, reduzir acidentes e tornar a mobilidade mais eficiente.<\/p>\n","protected":false},"excerpt":{"rendered":"<p>Os sistemas de laser come\u00e7aram a ser testados em rodovias do Cazaquist\u00e3o como uma solu\u00e7\u00e3o inovadora para aumentar a seguran\u00e7a vi\u00e1ria, tema central das leis de tr\u00e2nsito. A iniciativa ocorre em trechos reais de estradas nacionais, onde a tecnologia projeta luz sobre a pista para ajudar motoristas a manterem aten\u00e7\u00e3o, especialmente em viagens longas e [&hellip;]<\/p>\n","protected":false},"author":28,"featured_media":200402,"comment_status":"open","ping_status":"open","sticky":false,"template":"","format":"standard","meta":{"jnews-multi-image_gallery":[],"jnews_single_post":{"format":"standard"},"jnews_primary_category":[],"jnews_social_meta":[],"jnews_override_counter":[],"footnotes":""},"categories":[27],"tags":[7565,2563,28864,28865],"class_list":["post-200386","post","type-post","status-publish","format-standard","has-post-thumbnail","hentry","category-carros","tag-leis-de-transito","tag-seguranca-viaria","tag-sistemas-de-laser","tag-tecnologia-rodoviaria"],"yoast_head":"<!-- This site is optimized with the Yoast SEO plugin v23.8 - https:\/\/yoast.com\/wordpress\/plugins\/seo\/ -->\n<title>Sistemas a laser come\u00e7aram a ser instalados em rodovias - Estado de Minas - Em foco<\/title>\n<meta name=\"description\" content=\"Sistemas de laser em rodovias s\u00e3o testados para melhorar seguran\u00e7a e sinaliza\u00e7\u00e3o, podendo influenciar futuras leis de tr\u00e2nsito.\" \/>\n<meta name=\"robots\" content=\"index, follow, max-snippet:-1, max-image-preview:large, max-video-preview:-1\" \/>\n<link rel=\"canonical\" href=\"https:\/\/www.em.com.br\/emfoco\/2026\/04\/27\/sistemas-a-laser-comecaram-a-ser-instalados-em-rodovias\/\" \/>\n<meta property=\"og:locale\" content=\"pt_BR\" \/>\n<meta property=\"og:type\" content=\"article\" \/>\n<meta property=\"og:title\" content=\"Sistemas a laser come\u00e7aram a ser instalados em rodovias - Estado de Minas - Em foco\" \/>\n<meta property=\"og:description\" content=\"Sistemas de laser em rodovias s\u00e3o testados para melhorar seguran\u00e7a e sinaliza\u00e7\u00e3o, podendo influenciar futuras leis de tr\u00e2nsito.\" \/>\n<meta property=\"og:url\" content=\"https:\/\/www.em.com.br\/emfoco\/2026\/04\/27\/sistemas-a-laser-comecaram-a-ser-instalados-em-rodovias\/\" \/>\n<meta property=\"og:site_name\" content=\"Estado de Minas - Em foco\" \/>\n<meta property=\"article:published_time\" content=\"2026-04-27T14:45:00+00:00\" \/>\n<meta property=\"article:modified_time\" content=\"2026-04-27T10:51:00+00:00\" \/>\n<meta property=\"og:image\" content=\"https:\/\/www.em.com.br\/emfoco\/wp-content\/uploads\/2026\/04\/X-2026-04-27T074608.808.jpg\" \/>\n\t<meta property=\"og:image:width\" content=\"2560\" \/>\n\t<meta property=\"og:image:height\" content=\"1440\" \/>\n\t<meta property=\"og:image:type\" content=\"image\/jpeg\" \/>\n<meta name=\"author\" content=\"Elis Gabrielle Santos Souza\" \/>\n<meta name=\"twitter:card\" content=\"summary_large_image\" \/>\n<meta name=\"twitter:label1\" content=\"Escrito por\" \/>\n\t<meta name=\"twitter:data1\" content=\"Elis Gabrielle Santos Souza\" \/>\n\t<meta name=\"twitter:label2\" content=\"Est. tempo de leitura\" \/>\n\t<meta name=\"twitter:data2\" content=\"4 minutos\" \/>\n<!-- \/ Yoast SEO plugin. -->","yoast_head_json":{"title":"Sistemas a laser come\u00e7aram a ser instalados em rodovias - Estado de Minas - Em foco","description":"Sistemas de laser em rodovias s\u00e3o testados para melhorar seguran\u00e7a e sinaliza\u00e7\u00e3o, podendo influenciar futuras leis de tr\u00e2nsito.","robots":{"index":"index","follow":"follow","max-snippet":"max-snippet:-1","max-image-preview":"max-image-preview:large","max-video-preview":"max-video-preview:-1"},"canonical":"https:\/\/www.em.com.br\/emfoco\/2026\/04\/27\/sistemas-a-laser-comecaram-a-ser-instalados-em-rodovias\/","og_locale":"pt_BR","og_type":"article","og_title":"Sistemas a laser come\u00e7aram a ser instalados em rodovias - Estado de Minas - Em foco","og_description":"Sistemas de laser em rodovias s\u00e3o testados para melhorar seguran\u00e7a e sinaliza\u00e7\u00e3o, podendo influenciar futuras leis de tr\u00e2nsito.","og_url":"https:\/\/www.em.com.br\/emfoco\/2026\/04\/27\/sistemas-a-laser-comecaram-a-ser-instalados-em-rodovias\/","og_site_name":"Estado de Minas - Em foco","article_published_time":"2026-04-27T14:45:00+00:00","article_modified_time":"2026-04-27T10:51:00+00:00","og_image":[{"width":2560,"height":1440,"url":"https:\/\/www.em.com.br\/emfoco\/wp-content\/uploads\/2026\/04\/X-2026-04-27T074608.808.jpg","type":"image\/jpeg"}],"author":"Elis Gabrielle Santos Souza","twitter_card":"summary_large_image","twitter_misc":{"Escrito por":"Elis Gabrielle Santos Souza","Est. tempo de leitura":"4 minutos"},"schema":{"@context":"https:\/\/schema.org","@graph":[{"@type":"WebPage","@id":"https:\/\/www.em.com.br\/emfoco\/2026\/04\/27\/sistemas-a-laser-comecaram-a-ser-instalados-em-rodovias\/","url":"https:\/\/www.em.com.br\/emfoco\/2026\/04\/27\/sistemas-a-laser-comecaram-a-ser-instalados-em-rodovias\/","name":"Sistemas a laser come\u00e7aram a ser instalados em rodovias - Estado de Minas - Em foco","isPartOf":{"@id":"https:\/\/www.em.com.br\/emfoco\/#website"},"primaryImageOfPage":{"@id":"https:\/\/www.em.com.br\/emfoco\/2026\/04\/27\/sistemas-a-laser-comecaram-a-ser-instalados-em-rodovias\/#primaryimage"},"image":{"@id":"https:\/\/www.em.com.br\/emfoco\/2026\/04\/27\/sistemas-a-laser-comecaram-a-ser-instalados-em-rodovias\/#primaryimage"},"thumbnailUrl":"https:\/\/www.em.com.br\/emfoco\/wp-content\/uploads\/2026\/04\/X-2026-04-27T074608.808.jpg","datePublished":"2026-04-27T14:45:00+00:00","dateModified":"2026-04-27T10:51:00+00:00","author":{"@id":"https:\/\/www.em.com.br\/emfoco\/#\/schema\/person\/0c545bffa944f9caa147d776b5f6f1f5"},"description":"Sistemas de laser em rodovias s\u00e3o testados para melhorar seguran\u00e7a e sinaliza\u00e7\u00e3o, podendo influenciar futuras leis de tr\u00e2nsito.","breadcrumb":{"@id":"https:\/\/www.em.com.br\/emfoco\/2026\/04\/27\/sistemas-a-laser-comecaram-a-ser-instalados-em-rodovias\/#breadcrumb"},"inLanguage":"pt-BR","potentialAction":[{"@type":"ReadAction","target":["https:\/\/www.em.com.br\/emfoco\/2026\/04\/27\/sistemas-a-laser-comecaram-a-ser-instalados-em-rodovias\/"]}]},{"@type":"ImageObject","inLanguage":"pt-BR","@id":"https:\/\/www.em.com.br\/emfoco\/2026\/04\/27\/sistemas-a-laser-comecaram-a-ser-instalados-em-rodovias\/#primaryimage","url":"https:\/\/www.em.com.br\/emfoco\/wp-content\/uploads\/2026\/04\/X-2026-04-27T074608.808.jpg","contentUrl":"https:\/\/www.em.com.br\/emfoco\/wp-content\/uploads\/2026\/04\/X-2026-04-27T074608.808.jpg","width":2560,"height":1440,"caption":"Sistemas de laser est\u00e3o em fase experimental nas rodovias"},{"@type":"BreadcrumbList","@id":"https:\/\/www.em.com.br\/emfoco\/2026\/04\/27\/sistemas-a-laser-comecaram-a-ser-instalados-em-rodovias\/#breadcrumb","itemListElement":[{"@type":"ListItem","position":1,"name":"In\u00edcio","item":"https:\/\/www.em.com.br\/emfoco\/"},{"@type":"ListItem","position":2,"name":"Sistemas a laser come\u00e7aram a ser instalados em rodovias"}]},{"@type":"WebSite","@id":"https:\/\/www.em.com.br\/emfoco\/#website","url":"https:\/\/www.em.com.br\/emfoco\/","name":"Estado de Minas - Em foco","description":"Acompanhe as \u00faltimas not\u00edcias e fique bem informado sobre tudo o que acontece em Minas Gerais, Brasil e no mundo.","potentialAction":[{"@type":"SearchAction","target":{"@type":"EntryPoint","urlTemplate":"https:\/\/www.em.com.br\/emfoco\/?s={search_term_string}"},"query-input":{"@type":"PropertyValueSpecification","valueRequired":true,"valueName":"search_term_string"}}],"inLanguage":"pt-BR"},{"@type":"Person","@id":"https:\/\/www.em.com.br\/emfoco\/#\/schema\/person\/0c545bffa944f9caa147d776b5f6f1f5","name":"Elis Gabrielle Santos Souza","image":{"@type":"ImageObject","inLanguage":"pt-BR","@id":"https:\/\/www.em.com.br\/emfoco\/#\/schema\/person\/image\/","url":"https:\/\/secure.gravatar.com\/avatar\/1dc86c254cebb74d9c8a14da612c52db?s=96&d=mm&r=g","contentUrl":"https:\/\/secure.gravatar.com\/avatar\/1dc86c254cebb74d9c8a14da612c52db?s=96&d=mm&r=g","caption":"Elis Gabrielle Santos Souza"},"sameAs":["https:\/\/www.em.com.br\/emfoco"],"url":"https:\/\/www.em.com.br\/emfoco\/author\/elis-myth\/"}]}},"_links":{"self":[{"href":"https:\/\/www.em.com.br\/emfoco\/wp-json\/wp\/v2\/posts\/200386","targetHints":{"allow":["GET"]}}],"collection":[{"href":"https:\/\/www.em.com.br\/emfoco\/wp-json\/wp\/v2\/posts"}],"about":[{"href":"https:\/\/www.em.com.br\/emfoco\/wp-json\/wp\/v2\/types\/post"}],"author":[{"embeddable":true,"href":"https:\/\/www.em.com.br\/emfoco\/wp-json\/wp\/v2\/users\/28"}],"replies":[{"embeddable":true,"href":"https:\/\/www.em.com.br\/emfoco\/wp-json\/wp\/v2\/comments?post=200386"}],"version-history":[{"count":1,"href":"https:\/\/www.em.com.br\/emfoco\/wp-json\/wp\/v2\/posts\/200386\/revisions"}],"predecessor-version":[{"id":200405,"href":"https:\/\/www.em.com.br\/emfoco\/wp-json\/wp\/v2\/posts\/200386\/revisions\/200405"}],"wp:featuredmedia":[{"embeddable":true,"href":"https:\/\/www.em.com.br\/emfoco\/wp-json\/wp\/v2\/media\/200402"}],"wp:attachment":[{"href":"https:\/\/www.em.com.br\/emfoco\/wp-json\/wp\/v2\/media?parent=200386"}],"wp:term":[{"taxonomy":"category","embeddable":true,"href":"https:\/\/www.em.com.br\/emfoco\/wp-json\/wp\/v2\/categories?post=200386"},{"taxonomy":"post_tag","embeddable":true,"href":"https:\/\/www.em.com.br\/emfoco\/wp-json\/wp\/v2\/tags?post=200386"}],"curies":[{"name":"wp","href":"https:\/\/api.w.org\/{rel}","templated":true}]}}