{"id":200378,"date":"2026-04-27T11:35:00","date_gmt":"2026-04-27T14:35:00","guid":{"rendered":"https:\/\/www.em.com.br\/emfoco\/?p=200378"},"modified":"2026-04-27T07:18:47","modified_gmt":"2026-04-27T10:18:47","slug":"codigo-a-b-e-outros-na-cnh-para-que-servem-essas-letras-e-o-que-dizem-sobre-o-condutor","status":"publish","type":"post","link":"https:\/\/www.em.com.br\/emfoco\/2026\/04\/27\/codigo-a-b-e-outros-na-cnh-para-que-servem-essas-letras-e-o-que-dizem-sobre-o-condutor\/","title":{"rendered":"C\u00f3digo A, B e outros na CNH: para que servem essas letras e o que dizem sobre o condutor"},"content":{"rendered":"\n<p>Na <strong>CNH<\/strong>, existem dois tipos diferentes de letras que seguem as <strong>leis de tr\u00e2nsito<\/strong>: as categorias de habilita\u00e7\u00e3o e os c\u00f3digos de observa\u00e7\u00e3o. Enquanto as categorias indicam quais ve\u00edculos o condutor pode dirigir, os <strong>c\u00f3digos da CNH<\/strong> funcionam como regras complementares, apontando restri\u00e7\u00f5es m\u00e9dicas, adapta\u00e7\u00f5es veiculares e limita\u00e7\u00f5es espec\u00edficas para garantir uma condu\u00e7\u00e3o segura e dentro da lei.<\/p>\n\n\n\n<h2 class=\"wp-block-heading\">Qual \u00e9 a diferen\u00e7a entre categorias e c\u00f3digos da CNH?<\/h2>\n\n\n\n<p>As categorias da <strong><a href=\"https:\/\/www.gov.br\/pt-br\/servicos\/consultar-online-dados-de-sua-habilitacao-de-transito\" target=\"_blank\" rel=\"noreferrer noopener\">carteira de habilita\u00e7\u00e3o<\/a><\/strong>, como A, B, C, D e E, indicam os tipos de ve\u00edculos que o condutor est\u00e1 autorizado a dirigir. Por exemplo, a categoria A permite conduzir motocicletas, enquanto a B \u00e9 voltada para carros de passeio.<\/p>\n\n\n\n<p>J\u00e1 os <strong>c\u00f3digos da CNH<\/strong>, identificados por letras de A a Z no campo de observa\u00e7\u00f5es, representam outras exig\u00eancias legais. Eles n\u00e3o t\u00eam rela\u00e7\u00e3o com o tipo de ve\u00edculo, mas sim com condi\u00e7\u00f5es obrigat\u00f3rias para dirigir, como uso de equipamentos ou adapta\u00e7\u00f5es espec\u00edficas.<\/p>\n\n\n\n<h2 class=\"wp-block-heading\">O que significam os c\u00f3digos de observa\u00e7\u00e3o A a F na CNH?<\/h2>\n\n\n\n<p>Os <strong>c\u00f3digos da carteira de habilita\u00e7\u00e3o<\/strong> de A a F s\u00e3o exemplos claros de regras m\u00e9dicas ou <strong>exig\u00eancias f\u00edsicas<\/strong>. \u00c9 importante destacar que esses c\u00f3digos n\u00e3o representam categorias de ve\u00edculos, mas sim condi\u00e7\u00f5es obrigat\u00f3rias para o condutor.<\/p>\n\n\n\n<p>Essas exig\u00eancias fazem parte das <strong>leis de tr\u00e2nsito<\/strong> e devem ser respeitadas durante toda a condu\u00e7\u00e3o. Veja alguns exemplos:<\/p>\n\n\n\n<ul class=\"wp-block-list\">\n<li><strong>A:<\/strong> obrigat\u00f3rio o uso de lentes corretivas<\/li>\n\n\n\n<li><strong>B:<\/strong> obrigat\u00f3rio o uso de pr\u00f3tese auditiva<\/li>\n\n\n\n<li><strong>C:<\/strong> obrigat\u00f3rio o uso de ve\u00edculo com acelerador \u00e0 esquerda<\/li>\n\n\n\n<li><strong>D:<\/strong> obrigat\u00f3rio o uso de ve\u00edculo com transmiss\u00e3o autom\u00e1tica<\/li>\n\n\n\n<li><strong>E:<\/strong> obrigat\u00f3rio o uso de empunhadura no volante<\/li>\n\n\n\n<li><strong>F:<\/strong> obrigat\u00f3rio o uso de ve\u00edculo com dire\u00e7\u00e3o hidr\u00e1ulica<\/li>\n<\/ul>\n\n\n\n<figure class=\"wp-block-image size-large\"><img loading=\"lazy\" decoding=\"async\" width=\"1024\" height=\"576\" src=\"https:\/\/www.em.com.br\/emfoco\/wp-content\/uploads\/2026\/04\/X-2026-04-27T071732.703-1024x576.jpg\" alt=\"C\u00f3digo A, B e outros na CNH: para que servem essas letras e o que dizem sobre o condutor\" class=\"wp-image-200382\" srcset=\"https:\/\/www.em.com.br\/emfoco\/wp-content\/uploads\/2026\/04\/X-2026-04-27T071732.703-1024x576.jpg 1024w, https:\/\/www.em.com.br\/emfoco\/wp-content\/uploads\/2026\/04\/X-2026-04-27T071732.703-300x169.jpg 300w, https:\/\/www.em.com.br\/emfoco\/wp-content\/uploads\/2026\/04\/X-2026-04-27T071732.703-768x432.jpg 768w, https:\/\/www.em.com.br\/emfoco\/wp-content\/uploads\/2026\/04\/X-2026-04-27T071732.703-1536x864.jpg 1536w, https:\/\/www.em.com.br\/emfoco\/wp-content\/uploads\/2026\/04\/X-2026-04-27T071732.703-2048x1152.jpg 2048w, https:\/\/www.em.com.br\/emfoco\/wp-content\/uploads\/2026\/04\/X-2026-04-27T071732.703-750x422.jpg 750w, https:\/\/www.em.com.br\/emfoco\/wp-content\/uploads\/2026\/04\/X-2026-04-27T071732.703-1140x641.jpg 1140w\" sizes=\"auto, (max-width: 1024px) 100vw, 1024px\" \/><figcaption class=\"wp-element-caption\">C\u00f3digos indicam restri\u00e7\u00f5es e adapta\u00e7\u00f5es obrigat\u00f3rias<\/figcaption><\/figure>\n\n\n\n<h2 class=\"wp-block-heading\">Quais c\u00f3digos indicam adapta\u00e7\u00f5es veiculares obrigat\u00f3rias?<\/h2>\n\n\n\n<p>Alguns c\u00f3digos da CNH determinam o uso obrigat\u00f3rio de ve\u00edculo com <strong>adapta\u00e7\u00f5es espec\u00edficas<\/strong>, garantindo que o condutor tenha controle total da dire\u00e7\u00e3o mesmo com limita\u00e7\u00f5es f\u00edsicas.<\/p>\n\n\n\n<p>Essas adapta\u00e7\u00f5es s\u00e3o regulamentadas pelas leis de tr\u00e2nsito e devem ser respeitadas <strong>integralmente<\/strong>. Entre os principais c\u00f3digos est\u00e3o:<\/p>\n\n\n\n<ul class=\"wp-block-list\">\n<li><strong>G:<\/strong> obrigat\u00f3rio o uso de ve\u00edculo com embreagem manual<\/li>\n\n\n\n<li><strong>H:<\/strong> obrigat\u00f3rio o uso de ve\u00edculo com acelerador e freio manual<\/li>\n\n\n\n<li><strong>I:<\/strong> obrigat\u00f3rio o uso de ve\u00edculo com comandos do painel adaptados ao volante<\/li>\n\n\n\n<li><strong>J:<\/strong> obrigat\u00f3rio o uso de ve\u00edculo com comandos adaptados para membros inferiores ou outras partes do corpo<\/li>\n\n\n\n<li><strong>K:<\/strong> obrigat\u00f3rio o uso de ve\u00edculo com prolongamento da alavanca de c\u00e2mbio ou ajustes de altura<\/li>\n\n\n\n<li><strong>L:<\/strong> obrigat\u00f3rio o uso de ve\u00edculo com prolongadores de pedais ou compensa\u00e7\u00f5es de altura<\/li>\n<\/ul>\n\n\n\n<h2 class=\"wp-block-heading\">Quais c\u00f3digos da CNH se aplicam a motocicletas e limita\u00e7\u00f5es?<\/h2>\n\n\n\n<p>Os c\u00f3digos da carteira de habilita\u00e7\u00e3o tamb\u00e9m incluem exig\u00eancias espec\u00edficas para <a href=\"https:\/\/www.em.com.br\/emfoco\/2026\/04\/25\/nova-regra-para-donos-de-moto-comeca-a-valer-a-partir-de-1o-de-julho-e-todos-precisam-ficar-atentos\/\" target=\"_blank\" rel=\"noreferrer noopener\"><strong>motocicletas <\/strong><\/a>e condi\u00e7\u00f5es de condu\u00e7\u00e3o. Assim como os demais, esses c\u00f3digos n\u00e3o indicam categoria, mas sim <strong>regras obrigat\u00f3rias<\/strong>.<\/p>\n\n\n\n<p>Esses c\u00f3digos seguem as leis de tr\u00e2nsito e garantem <strong>seguran\u00e7a <\/strong>ao condutor. Confira alguns exemplos:<\/p>\n\n\n\n<ul class=\"wp-block-list\">\n<li><strong>M:<\/strong> obrigat\u00f3rio o uso de motocicleta com pedal de c\u00e2mbio adaptado<\/li>\n\n\n\n<li><strong>N:<\/strong> obrigat\u00f3rio o uso de motocicleta com pedal de freio traseiro adaptado<\/li>\n\n\n\n<li><strong>O:<\/strong> obrigat\u00f3rio o uso de motocicleta com manopla de freio dianteiro adaptada<\/li>\n\n\n\n<li><strong>P:<\/strong> obrigat\u00f3rio o uso de motocicleta com manopla de embreagem adaptada<\/li>\n\n\n\n<li><strong>Q:<\/strong> obrigat\u00f3rio o uso de motocicleta com carro lateral ou triciclo<\/li>\n\n\n\n<li><strong>R:<\/strong> obrigat\u00f3rio o uso de motoneta com carro lateral ou triciclo<\/li>\n\n\n\n<li><strong>S:<\/strong> obrigat\u00f3rio o uso de motocicleta com automa\u00e7\u00e3o de troca de marchas<\/li>\n<\/ul>\n\n\n\n<h2 class=\"wp-block-heading\">Quais s\u00e3o as restri\u00e7\u00f5es e o que acontece se n\u00e3o forem respeitadas?<\/h2>\n\n\n\n<p>Existem ainda c\u00f3digos da CNH que indicam limita\u00e7\u00f5es de circula\u00e7\u00e3o e<strong> condi\u00e7\u00f5es espec\u00edficas do condutor<\/strong>. Esses c\u00f3digos fazem parte das leis de tr\u00e2nsito e devem ser cumpridos obrigatoriamente.<\/p>\n\n\n\n<p>O descumprimento dessas observa\u00e7\u00f5es pode gerar infra\u00e7\u00e3o, multa e outras penalidades. Veja alguns c\u00f3digos importantes:<\/p>\n\n\n\n<ul class=\"wp-block-list\">\n<li><strong>T:<\/strong> vedado dirigir em rodovias e vias de tr\u00e2nsito r\u00e1pido<\/li>\n\n\n\n<li><strong>U:<\/strong> vedado dirigir ap\u00f3s o p\u00f4r do sol<\/li>\n\n\n\n<li><strong>V:<\/strong> obrigat\u00f3rio o uso de capacete com viseira protetora<\/li>\n\n\n\n<li><strong>W:<\/strong> aposentado por invalidez<\/li>\n\n\n\n<li><strong>X:<\/strong> outras restri\u00e7\u00f5es<\/li>\n\n\n\n<li><strong>Y:<\/strong> condutor surdo<\/li>\n\n\n\n<li><strong>Z:<\/strong> vis\u00e3o monocular<\/li>\n<\/ul>\n\n\n\n<p>Compreender os c\u00f3digos da carteira de habilita\u00e7\u00e3o \u00e9 essencial para dirigir dentro das leis de tr\u00e2nsito. Respeitar essas observa\u00e7\u00f5es garante n\u00e3o apenas evitar penalidades, mas tamb\u00e9m promover <strong>seguran\u00e7a<\/strong>, <strong>inclus\u00e3o <\/strong>e <strong>responsabilidade <\/strong>no tr\u00e2nsito brasileiro.<\/p>\n","protected":false},"excerpt":{"rendered":"<p>Na CNH, existem dois tipos diferentes de letras que seguem as leis de tr\u00e2nsito: as categorias de habilita\u00e7\u00e3o e os c\u00f3digos de observa\u00e7\u00e3o. Enquanto as categorias indicam quais ve\u00edculos o condutor pode dirigir, os c\u00f3digos da CNH funcionam como regras complementares, apontando restri\u00e7\u00f5es m\u00e9dicas, adapta\u00e7\u00f5es veiculares e limita\u00e7\u00f5es espec\u00edficas para garantir uma condu\u00e7\u00e3o segura e [&hellip;]<\/p>\n","protected":false},"author":28,"featured_media":200383,"comment_status":"open","ping_status":"open","sticky":false,"template":"","format":"standard","meta":{"jnews-multi-image_gallery":[],"jnews_single_post":{"format":"standard"},"jnews_primary_category":[],"jnews_social_meta":[],"jnews_override_counter":[],"footnotes":""},"categories":[27],"tags":[1244,28862,7565,28863],"class_list":["post-200378","post","type-post","status-publish","format-standard","has-post-thumbnail","hentry","category-carros","tag-carteira-de-habilitacao","tag-codigos-cnh","tag-leis-de-transito","tag-restricoes-cnh"],"yoast_head":"<!-- This site is optimized with the Yoast SEO plugin v23.8 - https:\/\/yoast.com\/wordpress\/plugins\/seo\/ -->\n<title>C\u00f3digo A, B e outros na CNH: para que servem essas letras e o que dizem sobre o condutor - Estado de Minas - Em foco<\/title>\n<meta name=\"description\" content=\"Entenda os c\u00f3digos A a Z da CNH, suas restri\u00e7\u00f5es, adapta\u00e7\u00f5es e diferen\u00e7as para categorias, garantindo dire\u00e7\u00e3o segura e legal.\" \/>\n<meta name=\"robots\" content=\"index, follow, max-snippet:-1, max-image-preview:large, max-video-preview:-1\" \/>\n<link rel=\"canonical\" href=\"https:\/\/www.em.com.br\/emfoco\/2026\/04\/27\/codigo-a-b-e-outros-na-cnh-para-que-servem-essas-letras-e-o-que-dizem-sobre-o-condutor\/\" \/>\n<meta property=\"og:locale\" content=\"pt_BR\" \/>\n<meta property=\"og:type\" content=\"article\" \/>\n<meta property=\"og:title\" content=\"C\u00f3digo A, B e outros na CNH: para que servem essas letras e o que dizem sobre o condutor - Estado de Minas - Em foco\" \/>\n<meta property=\"og:description\" content=\"Entenda os c\u00f3digos A a Z da CNH, suas restri\u00e7\u00f5es, adapta\u00e7\u00f5es e diferen\u00e7as para categorias, garantindo dire\u00e7\u00e3o segura e legal.\" \/>\n<meta property=\"og:url\" content=\"https:\/\/www.em.com.br\/emfoco\/2026\/04\/27\/codigo-a-b-e-outros-na-cnh-para-que-servem-essas-letras-e-o-que-dizem-sobre-o-condutor\/\" \/>\n<meta property=\"og:site_name\" content=\"Estado de Minas - Em foco\" \/>\n<meta property=\"article:published_time\" content=\"2026-04-27T14:35:00+00:00\" \/>\n<meta property=\"article:modified_time\" content=\"2026-04-27T10:18:47+00:00\" \/>\n<meta property=\"og:image\" content=\"https:\/\/www.em.com.br\/emfoco\/wp-content\/uploads\/2026\/04\/X-2026-04-27T071623.383.jpg\" \/>\n\t<meta property=\"og:image:width\" content=\"2560\" \/>\n\t<meta property=\"og:image:height\" content=\"1440\" \/>\n\t<meta property=\"og:image:type\" content=\"image\/jpeg\" \/>\n<meta name=\"author\" content=\"Elis Gabrielle Santos Souza\" \/>\n<meta name=\"twitter:card\" content=\"summary_large_image\" \/>\n<meta name=\"twitter:label1\" content=\"Escrito por\" \/>\n\t<meta name=\"twitter:data1\" content=\"Elis Gabrielle Santos Souza\" \/>\n\t<meta name=\"twitter:label2\" content=\"Est. tempo de leitura\" \/>\n\t<meta name=\"twitter:data2\" content=\"5 minutos\" \/>\n<!-- \/ Yoast SEO plugin. -->","yoast_head_json":{"title":"C\u00f3digo A, B e outros na CNH: para que servem essas letras e o que dizem sobre o condutor - Estado de Minas - Em foco","description":"Entenda os c\u00f3digos A a Z da CNH, suas restri\u00e7\u00f5es, adapta\u00e7\u00f5es e diferen\u00e7as para categorias, garantindo dire\u00e7\u00e3o segura e legal.","robots":{"index":"index","follow":"follow","max-snippet":"max-snippet:-1","max-image-preview":"max-image-preview:large","max-video-preview":"max-video-preview:-1"},"canonical":"https:\/\/www.em.com.br\/emfoco\/2026\/04\/27\/codigo-a-b-e-outros-na-cnh-para-que-servem-essas-letras-e-o-que-dizem-sobre-o-condutor\/","og_locale":"pt_BR","og_type":"article","og_title":"C\u00f3digo A, B e outros na CNH: para que servem essas letras e o que dizem sobre o condutor - Estado de Minas - Em foco","og_description":"Entenda os c\u00f3digos A a Z da CNH, suas restri\u00e7\u00f5es, adapta\u00e7\u00f5es e diferen\u00e7as para categorias, garantindo dire\u00e7\u00e3o segura e legal.","og_url":"https:\/\/www.em.com.br\/emfoco\/2026\/04\/27\/codigo-a-b-e-outros-na-cnh-para-que-servem-essas-letras-e-o-que-dizem-sobre-o-condutor\/","og_site_name":"Estado de Minas - Em foco","article_published_time":"2026-04-27T14:35:00+00:00","article_modified_time":"2026-04-27T10:18:47+00:00","og_image":[{"width":2560,"height":1440,"url":"https:\/\/www.em.com.br\/emfoco\/wp-content\/uploads\/2026\/04\/X-2026-04-27T071623.383.jpg","type":"image\/jpeg"}],"author":"Elis Gabrielle Santos Souza","twitter_card":"summary_large_image","twitter_misc":{"Escrito por":"Elis Gabrielle Santos Souza","Est. tempo de leitura":"5 minutos"},"schema":{"@context":"https:\/\/schema.org","@graph":[{"@type":"WebPage","@id":"https:\/\/www.em.com.br\/emfoco\/2026\/04\/27\/codigo-a-b-e-outros-na-cnh-para-que-servem-essas-letras-e-o-que-dizem-sobre-o-condutor\/","url":"https:\/\/www.em.com.br\/emfoco\/2026\/04\/27\/codigo-a-b-e-outros-na-cnh-para-que-servem-essas-letras-e-o-que-dizem-sobre-o-condutor\/","name":"C\u00f3digo A, B e outros na CNH: para que servem essas letras e o que dizem sobre o condutor - Estado de Minas - Em foco","isPartOf":{"@id":"https:\/\/www.em.com.br\/emfoco\/#website"},"primaryImageOfPage":{"@id":"https:\/\/www.em.com.br\/emfoco\/2026\/04\/27\/codigo-a-b-e-outros-na-cnh-para-que-servem-essas-letras-e-o-que-dizem-sobre-o-condutor\/#primaryimage"},"image":{"@id":"https:\/\/www.em.com.br\/emfoco\/2026\/04\/27\/codigo-a-b-e-outros-na-cnh-para-que-servem-essas-letras-e-o-que-dizem-sobre-o-condutor\/#primaryimage"},"thumbnailUrl":"https:\/\/www.em.com.br\/emfoco\/wp-content\/uploads\/2026\/04\/X-2026-04-27T071623.383.jpg","datePublished":"2026-04-27T14:35:00+00:00","dateModified":"2026-04-27T10:18:47+00:00","author":{"@id":"https:\/\/www.em.com.br\/emfoco\/#\/schema\/person\/0c545bffa944f9caa147d776b5f6f1f5"},"description":"Entenda os c\u00f3digos A a Z da CNH, suas restri\u00e7\u00f5es, adapta\u00e7\u00f5es e diferen\u00e7as para categorias, garantindo dire\u00e7\u00e3o segura e legal.","breadcrumb":{"@id":"https:\/\/www.em.com.br\/emfoco\/2026\/04\/27\/codigo-a-b-e-outros-na-cnh-para-que-servem-essas-letras-e-o-que-dizem-sobre-o-condutor\/#breadcrumb"},"inLanguage":"pt-BR","potentialAction":[{"@type":"ReadAction","target":["https:\/\/www.em.com.br\/emfoco\/2026\/04\/27\/codigo-a-b-e-outros-na-cnh-para-que-servem-essas-letras-e-o-que-dizem-sobre-o-condutor\/"]}]},{"@type":"ImageObject","inLanguage":"pt-BR","@id":"https:\/\/www.em.com.br\/emfoco\/2026\/04\/27\/codigo-a-b-e-outros-na-cnh-para-que-servem-essas-letras-e-o-que-dizem-sobre-o-condutor\/#primaryimage","url":"https:\/\/www.em.com.br\/emfoco\/wp-content\/uploads\/2026\/04\/X-2026-04-27T071623.383.jpg","contentUrl":"https:\/\/www.em.com.br\/emfoco\/wp-content\/uploads\/2026\/04\/X-2026-04-27T071623.383.jpg","width":2560,"height":1440,"caption":"A CNH possui categorias e c\u00f3digos diferentes"},{"@type":"BreadcrumbList","@id":"https:\/\/www.em.com.br\/emfoco\/2026\/04\/27\/codigo-a-b-e-outros-na-cnh-para-que-servem-essas-letras-e-o-que-dizem-sobre-o-condutor\/#breadcrumb","itemListElement":[{"@type":"ListItem","position":1,"name":"In\u00edcio","item":"https:\/\/www.em.com.br\/emfoco\/"},{"@type":"ListItem","position":2,"name":"C\u00f3digo A, B e outros na CNH: para que servem essas letras e o que dizem sobre o condutor"}]},{"@type":"WebSite","@id":"https:\/\/www.em.com.br\/emfoco\/#website","url":"https:\/\/www.em.com.br\/emfoco\/","name":"Estado de Minas - Em foco","description":"Acompanhe as \u00faltimas not\u00edcias e fique bem informado sobre tudo o que acontece em Minas Gerais, Brasil e no mundo.","potentialAction":[{"@type":"SearchAction","target":{"@type":"EntryPoint","urlTemplate":"https:\/\/www.em.com.br\/emfoco\/?s={search_term_string}"},"query-input":{"@type":"PropertyValueSpecification","valueRequired":true,"valueName":"search_term_string"}}],"inLanguage":"pt-BR"},{"@type":"Person","@id":"https:\/\/www.em.com.br\/emfoco\/#\/schema\/person\/0c545bffa944f9caa147d776b5f6f1f5","name":"Elis Gabrielle Santos Souza","image":{"@type":"ImageObject","inLanguage":"pt-BR","@id":"https:\/\/www.em.com.br\/emfoco\/#\/schema\/person\/image\/","url":"https:\/\/secure.gravatar.com\/avatar\/1dc86c254cebb74d9c8a14da612c52db?s=96&d=mm&r=g","contentUrl":"https:\/\/secure.gravatar.com\/avatar\/1dc86c254cebb74d9c8a14da612c52db?s=96&d=mm&r=g","caption":"Elis Gabrielle Santos Souza"},"sameAs":["https:\/\/www.em.com.br\/emfoco"],"url":"https:\/\/www.em.com.br\/emfoco\/author\/elis-myth\/"}]}},"_links":{"self":[{"href":"https:\/\/www.em.com.br\/emfoco\/wp-json\/wp\/v2\/posts\/200378","targetHints":{"allow":["GET"]}}],"collection":[{"href":"https:\/\/www.em.com.br\/emfoco\/wp-json\/wp\/v2\/posts"}],"about":[{"href":"https:\/\/www.em.com.br\/emfoco\/wp-json\/wp\/v2\/types\/post"}],"author":[{"embeddable":true,"href":"https:\/\/www.em.com.br\/emfoco\/wp-json\/wp\/v2\/users\/28"}],"replies":[{"embeddable":true,"href":"https:\/\/www.em.com.br\/emfoco\/wp-json\/wp\/v2\/comments?post=200378"}],"version-history":[{"count":1,"href":"https:\/\/www.em.com.br\/emfoco\/wp-json\/wp\/v2\/posts\/200378\/revisions"}],"predecessor-version":[{"id":200384,"href":"https:\/\/www.em.com.br\/emfoco\/wp-json\/wp\/v2\/posts\/200378\/revisions\/200384"}],"wp:featuredmedia":[{"embeddable":true,"href":"https:\/\/www.em.com.br\/emfoco\/wp-json\/wp\/v2\/media\/200383"}],"wp:attachment":[{"href":"https:\/\/www.em.com.br\/emfoco\/wp-json\/wp\/v2\/media?parent=200378"}],"wp:term":[{"taxonomy":"category","embeddable":true,"href":"https:\/\/www.em.com.br\/emfoco\/wp-json\/wp\/v2\/categories?post=200378"},{"taxonomy":"post_tag","embeddable":true,"href":"https:\/\/www.em.com.br\/emfoco\/wp-json\/wp\/v2\/tags?post=200378"}],"curies":[{"name":"wp","href":"https:\/\/api.w.org\/{rel}","templated":true}]}}