{"id":200353,"date":"2026-05-01T07:10:00","date_gmt":"2026-05-01T10:10:00","guid":{"rendered":"https:\/\/www.em.com.br\/emfoco\/?p=200353"},"modified":"2026-05-01T07:09:50","modified_gmt":"2026-05-01T10:09:50","slug":"o-sistema-de-seguridade-social-planeja-cortar-as-pensoes-em-ate-17-para-trabalhadores-que-contribuiram-por-mais-de-41-anos-caso-se-aposentem-antecipadamente","status":"publish","type":"post","link":"https:\/\/www.em.com.br\/emfoco\/2026\/05\/01\/o-sistema-de-seguridade-social-planeja-cortar-as-pensoes-em-ate-17-para-trabalhadores-que-contribuiram-por-mais-de-41-anos-caso-se-aposentem-antecipadamente\/","title":{"rendered":"O sistema de Seguridade Social planeja cortar as pens\u00f5es em at\u00e9 17% para trabalhadores que contribu\u00edram por mais de 41 anos, caso se aposentem antecipadamente"},"content":{"rendered":"\n<p>Quem passou a vida inteira contribuindo para a Previd\u00eancia e sonha em se aposentar antes do prazo pode ter uma surpresa amarga na <strong>Espanha<\/strong>. O governo espanhol aplica coeficientes de redu\u00e7\u00e3o que podem diminuir o valor final da pens\u00e3o em at\u00e9 21%, dependendo do tempo de antecipa\u00e7\u00e3o e dos anos de contribui\u00e7\u00e3o acumulados. A medida n\u00e3o \u00e9 nova, mas ganhou aten\u00e7\u00e3o porque, em <strong>2026<\/strong>, trabalhadores com mais de 41 anos de contribui\u00e7\u00e3o que anteciparem dois anos podem perder 17% do benef\u00edcio permanentemente. A pergunta que fica \u00e9: o Brasil caminha no mesmo sentido?<\/p>\n\n\n\n<h2 class=\"wp-block-heading\">Como funciona o corte de pens\u00e3o para quem se aposenta antes da hora na Espanha?<\/h2>\n\n\n\n<p>A l\u00f3gica do sistema <strong>espanhol<\/strong> \u00e9 clara: quanto mais cedo o trabalhador sai do mercado, maior \u00e9 a penalidade sobre sua pens\u00e3o. Em <strong>2026<\/strong>, a idade legal de aposentadoria na Espanha \u00e9 de 65 anos para quem acumulou 38 anos e 3 meses ou mais de contribui\u00e7\u00e3o, e de 66 anos e 10 meses para os demais. O sistema ainda permite antecipar a sa\u00edda em at\u00e9 dois anos, mas com um custo direto no bolso.<\/p>\n\n\n\n<p>Os coeficientes de redu\u00e7\u00e3o variam conforme o tempo de carreira e os meses antecipados. Veja como funcionam as penaliza\u00e7\u00f5es para quem tem entre 41 anos e 6 meses e 44 anos e 6 meses de contribui\u00e7\u00e3o:<\/p>\n\n\n\n<figure class=\"wp-block-table\"><table class=\"has-fixed-layout\"><thead><tr><th>Antecipa\u00e7\u00e3o<\/th><th>Redu\u00e7\u00e3o na pens\u00e3o<\/th><\/tr><\/thead><tbody><tr><td>24 meses (2 anos)<\/td><td>17%<\/td><\/tr><tr><td>12 meses (1 ano)<\/td><td>5%<\/td><\/tr><\/tbody><\/table><\/figure>\n\n\n\n<h2 class=\"wp-block-heading\">Por que o governo espanhol pune a aposentadoria antecipada?<\/h2>\n\n\n\n<p>O objetivo expl\u00edcito da pol\u00edtica \u00e9 desestimular a sa\u00edda precoce do mercado de trabalho. A Espanha, assim como a maioria dos pa\u00edses europeus, enfrenta o envelhecimento populacional acelerado e a iminente aposentadoria em massa da gera\u00e7\u00e3o&nbsp;<em>baby boomer<\/em>, uma das maiores da hist\u00f3ria. Com a expectativa de vida aumentando constantemente, o Estado ter\u00e1 que pagar mais pens\u00f5es por per\u00edodos cada vez mais longos, o que pressiona diretamente as contas do sistema previdenci\u00e1rio.<\/p>\n\n\n\n<p>Para equilibrar a equa\u00e7\u00e3o, o governo adota dois movimentos simult\u00e2neos: pune quem sai cedo e recompensa quem fica mais tempo. Quem optar pela&nbsp;<strong>aposentadoria tardia<\/strong>&nbsp;recebe um acr\u00e9scimo de 4% ao ano na pens\u00e3o por cada ano completo trabalhado al\u00e9m da idade padr\u00e3o. H\u00e1 ainda a op\u00e7\u00e3o de um pagamento \u00fanico entre \u20ac 4.800 e \u20ac 13.500 como compensa\u00e7\u00e3o financeira. Os incentivos tentam compensar o custo psicol\u00f3gico de continuar trabalhando numa idade em que muitos j\u00e1 est\u00e3o com sa\u00fade fragilizada.<\/p>\n\n\n\n<figure class=\"wp-block-image size-large\"><img loading=\"lazy\" decoding=\"async\" width=\"1024\" height=\"572\" src=\"https:\/\/www.em.com.br\/emfoco\/wp-content\/uploads\/2026\/04\/magnific_pessoa-idosa-olhando-calc_2900962725-1-1024x572.jpeg\" alt=\"\" class=\"wp-image-202341\" srcset=\"https:\/\/www.em.com.br\/emfoco\/wp-content\/uploads\/2026\/04\/magnific_pessoa-idosa-olhando-calc_2900962725-1-1024x572.jpeg 1024w, https:\/\/www.em.com.br\/emfoco\/wp-content\/uploads\/2026\/04\/magnific_pessoa-idosa-olhando-calc_2900962725-1-300x167.jpeg 300w, https:\/\/www.em.com.br\/emfoco\/wp-content\/uploads\/2026\/04\/magnific_pessoa-idosa-olhando-calc_2900962725-1-768x429.jpeg 768w, https:\/\/www.em.com.br\/emfoco\/wp-content\/uploads\/2026\/04\/magnific_pessoa-idosa-olhando-calc_2900962725-1-750x419.jpeg 750w, https:\/\/www.em.com.br\/emfoco\/wp-content\/uploads\/2026\/04\/magnific_pessoa-idosa-olhando-calc_2900962725-1-1140x636.jpeg 1140w, https:\/\/www.em.com.br\/emfoco\/wp-content\/uploads\/2026\/04\/magnific_pessoa-idosa-olhando-calc_2900962725-1.jpeg 1376w\" sizes=\"auto, (max-width: 1024px) 100vw, 1024px\" \/><figcaption class=\"wp-element-caption\">Sistema espanhol penaliza quem se aposenta cedo com redu\u00e7\u00e3o na pens\u00e3o e recompensa quem adia sa\u00edda do trabalho<\/figcaption><\/figure>\n\n\n\n<h2 class=\"wp-block-heading\">O <strong>Brasil <\/strong>j\u00e1 faz algo parecido com os trabalhadores que querem se aposentar mais cedo?<\/h2>\n\n\n\n<p>A resposta curta \u00e9 sim. Depois da&nbsp;<strong>Reforma da Previd\u00eancia de 2019<\/strong>, aprovada pela Emenda Constitucional 103, o Brasil criou regras de transi\u00e7\u00e3o que funcionam como penaliza\u00e7\u00f5es indiretas para quem tenta se aposentar antes dos novos requisitos. O sistema n\u00e3o usa coeficientes de redu\u00e7\u00e3o no valor da pens\u00e3o da mesma forma que a Espanha, mas imp\u00f5e barreiras equivalentes por outros caminhos.<\/p>\n\n\n\n<p>As principais regras que afetam quem quer sair mais cedo do mercado de trabalho no Brasil em 2026 s\u00e3o estas:<\/p>\n\n\n\n<ul class=\"wp-block-list\">\n<li><strong>Regra de pontos:<\/strong>&nbsp;em 2026, homens precisam somar 103 pontos (idade + tempo de contribui\u00e7\u00e3o, com m\u00ednimo de 35 anos) e mulheres, 93 pontos (m\u00ednimo de 30 anos). A pontua\u00e7\u00e3o sobe 1 ponto por ano at\u00e9 2033.<\/li>\n\n\n\n<li><strong>Ped\u00e1gio de 50%:<\/strong>&nbsp;para quem estava a at\u00e9 dois anos de se aposentar em novembro de 2019, \u00e9 preciso contribuir pelo tempo que faltava mais 50% desse per\u00edodo.<\/li>\n\n\n\n<li><strong>Ped\u00e1gio de 100%:<\/strong>&nbsp;exige dobrar o tempo restante, com idade m\u00ednima de 57 anos (mulheres) e 60 anos (homens). Em compensa\u00e7\u00e3o, o benef\u00edcio \u00e9 calculado sobre 100% da m\u00e9dia, sem redutores.<\/li>\n\n\n\n<li><strong>Aposentadoria por idade progressiva:<\/strong>&nbsp;em 2026, mulheres precisam de 59 anos e 6 meses, e homens de 64 anos e 6 meses, com 30 e 35 anos de contribui\u00e7\u00e3o, respectivamente.<\/li>\n<\/ul>\n\n\n\n<h2 class=\"wp-block-heading\">Qual \u00e9 a diferen\u00e7a real entre os dois modelos?<\/h2>\n\n\n\n<p>O sistema espanhol \u00e9 mais direto: quem se aposenta antes recebe menos todo m\u00eas, para sempre. O brasileiro \u00e9 mais complexo, mas o efeito pr\u00e1tico pode ser igualmente severo. A principal diferen\u00e7a est\u00e1 em como a penalidade aparece. Na Espanha, ela incide sobre o valor do benef\u00edcio. No Brasil, ela incide principalmente sobre o&nbsp;<em>tempo de espera<\/em>&nbsp;e sobre o c\u00e1lculo da m\u00e9dia salarial, que desde 2019 considera todas as contribui\u00e7\u00f5es desde julho de 1994, sem descartar as menores.<\/p>\n\n\n\n<figure class=\"wp-block-image size-large\"><img loading=\"lazy\" decoding=\"async\" width=\"1024\" height=\"572\" src=\"https:\/\/www.em.com.br\/emfoco\/wp-content\/uploads\/2026\/04\/magnific_comparacao-visual-de-dois_2900963096-1024x572.jpeg\" alt=\"\" class=\"wp-image-202340\" srcset=\"https:\/\/www.em.com.br\/emfoco\/wp-content\/uploads\/2026\/04\/magnific_comparacao-visual-de-dois_2900963096-1024x572.jpeg 1024w, https:\/\/www.em.com.br\/emfoco\/wp-content\/uploads\/2026\/04\/magnific_comparacao-visual-de-dois_2900963096-300x167.jpeg 300w, https:\/\/www.em.com.br\/emfoco\/wp-content\/uploads\/2026\/04\/magnific_comparacao-visual-de-dois_2900963096-768x429.jpeg 768w, https:\/\/www.em.com.br\/emfoco\/wp-content\/uploads\/2026\/04\/magnific_comparacao-visual-de-dois_2900963096-750x419.jpeg 750w, https:\/\/www.em.com.br\/emfoco\/wp-content\/uploads\/2026\/04\/magnific_comparacao-visual-de-dois_2900963096-1140x636.jpeg 1140w, https:\/\/www.em.com.br\/emfoco\/wp-content\/uploads\/2026\/04\/magnific_comparacao-visual-de-dois_2900963096.jpeg 1376w\" sizes=\"auto, (max-width: 1024px) 100vw, 1024px\" \/><figcaption class=\"wp-element-caption\">Aposentadoria antecipada na Espanha pode cortar benef\u00edcio de forma permanente e mudar planejamento de trabalhadores<\/figcaption><\/figure>\n\n\n\n<p>Segundo o&nbsp;<a href=\"https:\/\/www.gov.br\/previdencia\/pt-br\/noticias\/2026\/janeiro\/guia-de-aposentadoria-2026-entenda-as-regras-de-transicao-da-reforma-da-previdencia-de-2019\" target=\"_blank\" rel=\"noreferrer noopener\"><strong>Minist\u00e9rio da Previd\u00eancia Social<\/strong><\/a>, o que est\u00e1 em curso no Brasil n\u00e3o \u00e9 uma nova lei, mas a aplica\u00e7\u00e3o autom\u00e1tica do cronograma de transi\u00e7\u00e3o aprovado em 2019. J\u00e1 na Espanha, os cortes percentuais s\u00e3o revisados anualmente e atrelados a crit\u00e9rios de contribui\u00e7\u00e3o e tempo de antecipa\u00e7\u00e3o, conforme detalha a&nbsp;<a href=\"https:\/\/www.espanhafacil.com\/blog\/idade-aposentadoria-espanha\/\" target=\"_blank\" rel=\"noreferrer noopener\"><strong>regulamenta\u00e7\u00e3o vigente do sistema previdenci\u00e1rio espanhol<\/strong><\/a>.<\/p>\n\n\n\n<h2 class=\"wp-block-heading\">Isso pode acontecer no <strong>Brasil <\/strong>da mesma forma que na Espanha?<\/h2>\n\n\n\n<p>A l\u00f3gica econ\u00f4mica \u00e9 id\u00eantica: expectativa de vida crescente, popula\u00e7\u00e3o envelhecendo e d\u00e9ficit previdenci\u00e1rio pressionando o or\u00e7amento p\u00fablico. O Brasil j\u00e1 adotou medidas estruturais parecidas em 2019 e a tend\u00eancia, observada globalmente, \u00e9 de ajustes progressivos nas regras de acesso \u00e0 aposentadoria. A OCDE projeta que um trabalhador brasileiro que ingressou no mercado em 2024 precisar\u00e1 trabalhar at\u00e9 os 68 anos para se aposentar sem redu\u00e7\u00f5es. A dist\u00e2ncia entre o modelo espanhol e o brasileiro est\u00e1 diminuindo, n\u00e3o aumentando.<\/p>\n\n\n\n<h2 class=\"wp-block-heading\">Vale planejar a aposentadoria com anteced\u00eancia nesse cen\u00e1rio?<\/h2>\n\n\n\n<p>Nos dois pa\u00edses, quem se planeja com anteced\u00eancia sai na frente. No Brasil, o simulador dispon\u00edvel no&nbsp;<strong>Meu INSS<\/strong>&nbsp;permite comparar todas as regras de transi\u00e7\u00e3o e identificar qual delas \u00e9 mais vantajosa para cada perfil. Uma diferen\u00e7a de poucos meses no momento de pedir o benef\u00edcio pode representar centenas de reais mensais a menos, pelo resto da vida. Se voc\u00ea ainda est\u00e1 longe da aposentadoria, o melhor momento para entender as regras \u00e9 agora, n\u00e3o quando o rel\u00f3gio estiver marcando a hora.<\/p>\n","protected":false},"excerpt":{"rendered":"<p>Quem passou a vida inteira contribuindo para a Previd\u00eancia e sonha em se aposentar antes do prazo pode ter uma surpresa amarga na Espanha. O governo espanhol aplica coeficientes de redu\u00e7\u00e3o que podem diminuir o valor final da pens\u00e3o em at\u00e9 21%, dependendo do tempo de antecipa\u00e7\u00e3o e dos anos de contribui\u00e7\u00e3o acumulados. A medida [&hellip;]<\/p>\n","protected":false},"author":19,"featured_media":202339,"comment_status":"open","ping_status":"open","sticky":false,"template":"","format":"standard","meta":{"jnews-multi-image_gallery":[],"jnews_single_post":{"format":"standard"},"jnews_primary_category":[],"jnews_social_meta":[],"jnews_override_counter":[],"footnotes":""},"categories":[1],"tags":[611,1115,2635],"class_list":["post-200353","post","type-post","status-publish","format-standard","has-post-thumbnail","hentry","category-noticias","tag-aposentado","tag-pensao","tag-seguridade-social"],"yoast_head":"<!-- This site is optimized with the Yoast SEO plugin v23.8 - https:\/\/yoast.com\/wordpress\/plugins\/seo\/ -->\n<title>O sistema de Seguridade Social planeja cortar as pens\u00f5es em at\u00e9 17% para trabalhadores que contribu\u00edram por mais de 41 anos, caso se aposentem antecipadamente - Estado de Minas - Em foco<\/title>\n<meta name=\"description\" content=\"Aposentadoria antecipada na Espanha pode cortar at\u00e9 17% da pens\u00e3o. Entenda como funcionam os coeficientes de redu\u00e7\u00e3o e se o Brasil caminha no mesmo sentido em 2026.\" \/>\n<meta name=\"robots\" content=\"index, follow, max-snippet:-1, max-image-preview:large, max-video-preview:-1\" \/>\n<link rel=\"canonical\" href=\"https:\/\/www.em.com.br\/emfoco\/2026\/05\/01\/o-sistema-de-seguridade-social-planeja-cortar-as-pensoes-em-ate-17-para-trabalhadores-que-contribuiram-por-mais-de-41-anos-caso-se-aposentem-antecipadamente\/\" \/>\n<meta property=\"og:locale\" content=\"pt_BR\" \/>\n<meta property=\"og:type\" content=\"article\" \/>\n<meta property=\"og:title\" content=\"O sistema de Seguridade Social planeja cortar as pens\u00f5es em at\u00e9 17% para trabalhadores que contribu\u00edram por mais de 41 anos, caso se aposentem antecipadamente - Estado de Minas - Em foco\" \/>\n<meta property=\"og:description\" content=\"Aposentadoria antecipada na Espanha pode cortar at\u00e9 17% da pens\u00e3o. Entenda como funcionam os coeficientes de redu\u00e7\u00e3o e se o Brasil caminha no mesmo sentido em 2026.\" \/>\n<meta property=\"og:url\" content=\"https:\/\/www.em.com.br\/emfoco\/2026\/05\/01\/o-sistema-de-seguridade-social-planeja-cortar-as-pensoes-em-ate-17-para-trabalhadores-que-contribuiram-por-mais-de-41-anos-caso-se-aposentem-antecipadamente\/\" \/>\n<meta property=\"og:site_name\" content=\"Estado de Minas - Em foco\" \/>\n<meta property=\"article:published_time\" content=\"2026-05-01T10:10:00+00:00\" \/>\n<meta property=\"article:modified_time\" content=\"2026-05-01T10:09:50+00:00\" \/>\n<meta property=\"og:image\" content=\"https:\/\/www.em.com.br\/emfoco\/wp-content\/uploads\/2026\/04\/magnific_pessoa-idosa-olhando-calc_2900962725.jpeg\" \/>\n\t<meta property=\"og:image:width\" content=\"1376\" \/>\n\t<meta property=\"og:image:height\" content=\"768\" \/>\n\t<meta property=\"og:image:type\" content=\"image\/jpeg\" \/>\n<meta name=\"author\" content=\"Vanessa Tavares\" \/>\n<meta name=\"twitter:card\" content=\"summary_large_image\" \/>\n<meta name=\"twitter:label1\" content=\"Escrito por\" \/>\n\t<meta name=\"twitter:data1\" content=\"Vanessa Tavares\" \/>\n\t<meta name=\"twitter:label2\" content=\"Est. tempo de leitura\" \/>\n\t<meta name=\"twitter:data2\" content=\"6 minutos\" \/>\n<!-- \/ Yoast SEO plugin. -->","yoast_head_json":{"title":"O sistema de Seguridade Social planeja cortar as pens\u00f5es em at\u00e9 17% para trabalhadores que contribu\u00edram por mais de 41 anos, caso se aposentem antecipadamente - Estado de Minas - Em foco","description":"Aposentadoria antecipada na Espanha pode cortar at\u00e9 17% da pens\u00e3o. Entenda como funcionam os coeficientes de redu\u00e7\u00e3o e se o Brasil caminha no mesmo sentido em 2026.","robots":{"index":"index","follow":"follow","max-snippet":"max-snippet:-1","max-image-preview":"max-image-preview:large","max-video-preview":"max-video-preview:-1"},"canonical":"https:\/\/www.em.com.br\/emfoco\/2026\/05\/01\/o-sistema-de-seguridade-social-planeja-cortar-as-pensoes-em-ate-17-para-trabalhadores-que-contribuiram-por-mais-de-41-anos-caso-se-aposentem-antecipadamente\/","og_locale":"pt_BR","og_type":"article","og_title":"O sistema de Seguridade Social planeja cortar as pens\u00f5es em at\u00e9 17% para trabalhadores que contribu\u00edram por mais de 41 anos, caso se aposentem antecipadamente - Estado de Minas - Em foco","og_description":"Aposentadoria antecipada na Espanha pode cortar at\u00e9 17% da pens\u00e3o. Entenda como funcionam os coeficientes de redu\u00e7\u00e3o e se o Brasil caminha no mesmo sentido em 2026.","og_url":"https:\/\/www.em.com.br\/emfoco\/2026\/05\/01\/o-sistema-de-seguridade-social-planeja-cortar-as-pensoes-em-ate-17-para-trabalhadores-que-contribuiram-por-mais-de-41-anos-caso-se-aposentem-antecipadamente\/","og_site_name":"Estado de Minas - Em foco","article_published_time":"2026-05-01T10:10:00+00:00","article_modified_time":"2026-05-01T10:09:50+00:00","og_image":[{"width":1376,"height":768,"url":"https:\/\/www.em.com.br\/emfoco\/wp-content\/uploads\/2026\/04\/magnific_pessoa-idosa-olhando-calc_2900962725.jpeg","type":"image\/jpeg"}],"author":"Vanessa Tavares","twitter_card":"summary_large_image","twitter_misc":{"Escrito por":"Vanessa Tavares","Est. tempo de leitura":"6 minutos"},"schema":{"@context":"https:\/\/schema.org","@graph":[{"@type":"WebPage","@id":"https:\/\/www.em.com.br\/emfoco\/2026\/05\/01\/o-sistema-de-seguridade-social-planeja-cortar-as-pensoes-em-ate-17-para-trabalhadores-que-contribuiram-por-mais-de-41-anos-caso-se-aposentem-antecipadamente\/","url":"https:\/\/www.em.com.br\/emfoco\/2026\/05\/01\/o-sistema-de-seguridade-social-planeja-cortar-as-pensoes-em-ate-17-para-trabalhadores-que-contribuiram-por-mais-de-41-anos-caso-se-aposentem-antecipadamente\/","name":"O sistema de Seguridade Social planeja cortar as pens\u00f5es em at\u00e9 17% para trabalhadores que contribu\u00edram por mais de 41 anos, caso se aposentem antecipadamente - Estado de Minas - Em foco","isPartOf":{"@id":"https:\/\/www.em.com.br\/emfoco\/#website"},"primaryImageOfPage":{"@id":"https:\/\/www.em.com.br\/emfoco\/2026\/05\/01\/o-sistema-de-seguridade-social-planeja-cortar-as-pensoes-em-ate-17-para-trabalhadores-que-contribuiram-por-mais-de-41-anos-caso-se-aposentem-antecipadamente\/#primaryimage"},"image":{"@id":"https:\/\/www.em.com.br\/emfoco\/2026\/05\/01\/o-sistema-de-seguridade-social-planeja-cortar-as-pensoes-em-ate-17-para-trabalhadores-que-contribuiram-por-mais-de-41-anos-caso-se-aposentem-antecipadamente\/#primaryimage"},"thumbnailUrl":"https:\/\/www.em.com.br\/emfoco\/wp-content\/uploads\/2026\/04\/magnific_pessoa-idosa-olhando-calc_2900962725.jpeg","datePublished":"2026-05-01T10:10:00+00:00","dateModified":"2026-05-01T10:09:50+00:00","author":{"@id":"https:\/\/www.em.com.br\/emfoco\/#\/schema\/person\/4a7a157aac450b98edc86f15a7434f0b"},"description":"Aposentadoria antecipada na Espanha pode cortar at\u00e9 17% da pens\u00e3o. Entenda como funcionam os coeficientes de redu\u00e7\u00e3o e se o Brasil caminha no mesmo sentido em 2026.","breadcrumb":{"@id":"https:\/\/www.em.com.br\/emfoco\/2026\/05\/01\/o-sistema-de-seguridade-social-planeja-cortar-as-pensoes-em-ate-17-para-trabalhadores-que-contribuiram-por-mais-de-41-anos-caso-se-aposentem-antecipadamente\/#breadcrumb"},"inLanguage":"pt-BR","potentialAction":[{"@type":"ReadAction","target":["https:\/\/www.em.com.br\/emfoco\/2026\/05\/01\/o-sistema-de-seguridade-social-planeja-cortar-as-pensoes-em-ate-17-para-trabalhadores-que-contribuiram-por-mais-de-41-anos-caso-se-aposentem-antecipadamente\/"]}]},{"@type":"ImageObject","inLanguage":"pt-BR","@id":"https:\/\/www.em.com.br\/emfoco\/2026\/05\/01\/o-sistema-de-seguridade-social-planeja-cortar-as-pensoes-em-ate-17-para-trabalhadores-que-contribuiram-por-mais-de-41-anos-caso-se-aposentem-antecipadamente\/#primaryimage","url":"https:\/\/www.em.com.br\/emfoco\/wp-content\/uploads\/2026\/04\/magnific_pessoa-idosa-olhando-calc_2900962725.jpeg","contentUrl":"https:\/\/www.em.com.br\/emfoco\/wp-content\/uploads\/2026\/04\/magnific_pessoa-idosa-olhando-calc_2900962725.jpeg","width":1376,"height":768,"caption":"Espanha reduz aposentadoria em at\u00e9 21% para quem se aposenta antes e acende alerta sobre regras no Brasil"},{"@type":"BreadcrumbList","@id":"https:\/\/www.em.com.br\/emfoco\/2026\/05\/01\/o-sistema-de-seguridade-social-planeja-cortar-as-pensoes-em-ate-17-para-trabalhadores-que-contribuiram-por-mais-de-41-anos-caso-se-aposentem-antecipadamente\/#breadcrumb","itemListElement":[{"@type":"ListItem","position":1,"name":"In\u00edcio","item":"https:\/\/www.em.com.br\/emfoco\/"},{"@type":"ListItem","position":2,"name":"O sistema de Seguridade Social planeja cortar as pens\u00f5es em at\u00e9 17% para trabalhadores que contribu\u00edram por mais de 41 anos, caso se aposentem antecipadamente"}]},{"@type":"WebSite","@id":"https:\/\/www.em.com.br\/emfoco\/#website","url":"https:\/\/www.em.com.br\/emfoco\/","name":"Estado de Minas - Em foco","description":"Acompanhe as \u00faltimas not\u00edcias e fique bem informado sobre tudo o que acontece em Minas Gerais, Brasil e no mundo.","potentialAction":[{"@type":"SearchAction","target":{"@type":"EntryPoint","urlTemplate":"https:\/\/www.em.com.br\/emfoco\/?s={search_term_string}"},"query-input":{"@type":"PropertyValueSpecification","valueRequired":true,"valueName":"search_term_string"}}],"inLanguage":"pt-BR"},{"@type":"Person","@id":"https:\/\/www.em.com.br\/emfoco\/#\/schema\/person\/4a7a157aac450b98edc86f15a7434f0b","name":"Vanessa Tavares","image":{"@type":"ImageObject","inLanguage":"pt-BR","@id":"https:\/\/www.em.com.br\/emfoco\/#\/schema\/person\/image\/","url":"https:\/\/secure.gravatar.com\/avatar\/088c9372da58da00f00f8e508f13d635?s=96&d=mm&r=g","contentUrl":"https:\/\/secure.gravatar.com\/avatar\/088c9372da58da00f00f8e508f13d635?s=96&d=mm&r=g","caption":"Vanessa Tavares"},"sameAs":["https:\/\/www.em.com.br\/emfoco"],"url":"https:\/\/www.em.com.br\/emfoco\/author\/vanessamyth\/"}]}},"_links":{"self":[{"href":"https:\/\/www.em.com.br\/emfoco\/wp-json\/wp\/v2\/posts\/200353","targetHints":{"allow":["GET"]}}],"collection":[{"href":"https:\/\/www.em.com.br\/emfoco\/wp-json\/wp\/v2\/posts"}],"about":[{"href":"https:\/\/www.em.com.br\/emfoco\/wp-json\/wp\/v2\/types\/post"}],"author":[{"embeddable":true,"href":"https:\/\/www.em.com.br\/emfoco\/wp-json\/wp\/v2\/users\/19"}],"replies":[{"embeddable":true,"href":"https:\/\/www.em.com.br\/emfoco\/wp-json\/wp\/v2\/comments?post=200353"}],"version-history":[{"count":2,"href":"https:\/\/www.em.com.br\/emfoco\/wp-json\/wp\/v2\/posts\/200353\/revisions"}],"predecessor-version":[{"id":202342,"href":"https:\/\/www.em.com.br\/emfoco\/wp-json\/wp\/v2\/posts\/200353\/revisions\/202342"}],"wp:featuredmedia":[{"embeddable":true,"href":"https:\/\/www.em.com.br\/emfoco\/wp-json\/wp\/v2\/media\/202339"}],"wp:attachment":[{"href":"https:\/\/www.em.com.br\/emfoco\/wp-json\/wp\/v2\/media?parent=200353"}],"wp:term":[{"taxonomy":"category","embeddable":true,"href":"https:\/\/www.em.com.br\/emfoco\/wp-json\/wp\/v2\/categories?post=200353"},{"taxonomy":"post_tag","embeddable":true,"href":"https:\/\/www.em.com.br\/emfoco\/wp-json\/wp\/v2\/tags?post=200353"}],"curies":[{"name":"wp","href":"https:\/\/api.w.org\/{rel}","templated":true}]}}