{"id":200345,"date":"2026-04-28T19:35:00","date_gmt":"2026-04-28T22:35:00","guid":{"rendered":"https:\/\/www.em.com.br\/emfoco\/?p=200345"},"modified":"2026-04-27T15:21:25","modified_gmt":"2026-04-27T18:21:25","slug":"cliente-recebe-r-3-mil-por-danos-morais-apos-compra-online-ser-cancelada-pela-loja","status":"publish","type":"post","link":"https:\/\/www.em.com.br\/emfoco\/2026\/04\/28\/cliente-recebe-r-3-mil-por-danos-morais-apos-compra-online-ser-cancelada-pela-loja\/","title":{"rendered":"Cliente recebe R$ 3 mil por danos morais ap\u00f3s compra online ser cancelada pela loja"},"content":{"rendered":"\n<p>O problema na <strong>compra online<\/strong> terminou em indeniza\u00e7\u00e3o de <strong>R$ 3 mil<\/strong> ap\u00f3s a loja cancelar o pedido sem entregar o produto. O consumidor ficou sem as rodas que havia comprado e ainda enfrentou atraso sem solu\u00e7\u00e3o.<\/p>\n\n\n\n<h2 class=\"wp-block-heading\">Por que o cancelamento gera danos morais?<\/h2>\n\n\n\n<p>A justi\u00e7a entende que o dano n\u00e3o ocorre apenas pelo atraso, mas pelo descaso da empresa em resolver o problema de forma eficaz. No caso de <strong>Sete Lagoas<\/strong>, a loja cancelou o pedido de rodas automotivas somente ap\u00f3s o cliente reclamar da demora.<\/p>\n\n\n\n<p>O <strong>Tribunal de Justi\u00e7a de Minas Gerais<\/strong> considerou que houve menosprezo ao tempo do cliente. Quando o fornecedor for\u00e7a o cidad\u00e3o a gastar horas em protocolos e liga\u00e7\u00f5es in\u00fateis, aplica-se a teoria do desvio produtivo, que fundamenta a condena\u00e7\u00e3o por <strong>danos morais<\/strong>.<\/p>\n\n\n\n<h2 class=\"wp-block-heading\">Qual a responsabilidade do marketplace na venda?<\/h2>\n\n\n\n<p>Muitas plataformas alegam ser apenas intermedi\u00e1rias para evitar o pagamento de indeniza\u00e7\u00f5es. No entanto, o judici\u00e1rio brasileiro consolidou o entendimento de que sites de vendas respondem solidariamente por produtos anunciados por terceiros em seus portais.<\/p>\n\n\n\n<p>Como o <strong>marketplace<\/strong> lucra com a transa\u00e7\u00e3o, ele faz parte da cadeia de fornecimento e deve garantir a entrega. De acordo com o <a href=\"https:\/\/pt.wikipedia.org\/wiki\/C%C3%B3digo_de_Defesa_do_Consumidor\" target=\"_blank\" rel=\"noreferrer noopener\">C\u00f3digo de Defesa do Consumidor<\/a>, todos os envolvidos na venda s\u00e3o respons\u00e1veis por eventuais falhas ou preju\u00edzos causados.<\/p>\n\n\n<div class=\"wp-block-image\">\n<figure class=\"aligncenter size-large\"><img loading=\"lazy\" decoding=\"async\" width=\"1024\" height=\"576\" src=\"https:\/\/www.em.com.br\/emfoco\/wp-content\/uploads\/2026\/04\/pedido-cancelado1-1024x576.jpg\" alt=\"Espera pela compra online e falta de disposi\u00e7\u00e3o da loja resolver o problema gerou a indeniza\u00e7\u00e3o\" class=\"wp-image-200360\" srcset=\"https:\/\/www.em.com.br\/emfoco\/wp-content\/uploads\/2026\/04\/pedido-cancelado1-1024x576.jpg 1024w, https:\/\/www.em.com.br\/emfoco\/wp-content\/uploads\/2026\/04\/pedido-cancelado1-300x169.jpg 300w, https:\/\/www.em.com.br\/emfoco\/wp-content\/uploads\/2026\/04\/pedido-cancelado1-768x432.jpg 768w, https:\/\/www.em.com.br\/emfoco\/wp-content\/uploads\/2026\/04\/pedido-cancelado1-750x422.jpg 750w, https:\/\/www.em.com.br\/emfoco\/wp-content\/uploads\/2026\/04\/pedido-cancelado1-1140x641.jpg 1140w, https:\/\/www.em.com.br\/emfoco\/wp-content\/uploads\/2026\/04\/pedido-cancelado1.jpg 1280w\" sizes=\"auto, (max-width: 1024px) 100vw, 1024px\" \/><figcaption class=\"wp-element-caption\">Atraso pela compra online e falta de disposi\u00e7\u00e3o da loja resolver o problema gerou a indeniza\u00e7\u00e3o<\/figcaption><\/figure><\/div>\n\n\n<h2 class=\"wp-block-heading\">Como o STJ avalia a perda de tempo do consumidor?<\/h2>\n\n\n\n<p>O <strong>Superior Tribunal de Justi\u00e7a<\/strong> tem reconhecido que o tempo \u00e9 um bem jur\u00eddico escasso e valioso. Em <strong>2026<\/strong>, a reiterada omiss\u00e3o do fornecedor em solucionar uma falha simples \u00e9 vista como um abalo ao direito de personalidade do indiv\u00edduo.<\/p>\n\n\n\n<p>Embora o mero aborrecimento n\u00e3o gere indeniza\u00e7\u00e3o autom\u00e1tica, a resist\u00eancia injustificada em realizar o estorno ou a entrega do item comprado ultrapassa essa fronteira legal. Confira as etapas que o consumidor deve seguir para documentar o problema em uma <strong>compra online<\/strong>:<\/p>\n\n\n\n<ul class=\"wp-block-list\">\n<li>Registre a reclama\u00e7\u00e3o no <strong>SAC<\/strong> da empresa e guarde o n\u00famero de protocolo.<\/li>\n\n\n\n<li>Utilize a plataforma <strong>Consumidor.gov.br<\/strong> para tentar uma solu\u00e7\u00e3o extrajudicial.<\/li>\n\n\n\n<li>Acione o <strong>PROCON<\/strong> municipal para formalizar a den\u00fancia administrativa.<\/li>\n\n\n\n<li>Guarde <strong>prints<\/strong> de telas, e-mails e comprovantes de pagamento como prova.<\/li>\n<\/ul>\n\n\n\n<p>Leia tamb\u00e9m: <a href=\"https:\/\/www.em.com.br\/emfoco\/2026\/04\/25\/justica-condena-mulher-a-devolver-r-10-mil-de-pix-por-engano-e-isenta-banco-de-falha-na-transferencia\/\" target=\"_blank\" rel=\"noreferrer noopener\">Justi\u00e7a condena mulher a devolver R$ 10 mil de Pix por engano e isenta banco de falha na transfer\u00eancia<\/a><\/p>\n\n\n\n<h2 class=\"wp-block-heading\">O estorno do valor pago anula o dano moral?<\/h2>\n\n\n\n<p>Um argumento comum das empresas em <strong>2026<\/strong> \u00e9 que a devolu\u00e7\u00e3o do dinheiro anula qualquer outra obriga\u00e7\u00e3o. Contudo, o judici\u00e1rio mineiro decidiu que o estorno \u00e9 apenas uma obriga\u00e7\u00e3o contratual b\u00e1sica e n\u00e3o compensa o transtorno emocional e a perda de tempo.<\/p>\n\n\n\n<p>A indeniza\u00e7\u00e3o de <strong>R$ 3.000,00<\/strong> serve como uma medida pedag\u00f3gica para que as lojas virtuais melhorem seus processos log\u00edsticos. Para detalhes t\u00e9cnicos sobre san\u00e7\u00f5es, o portal do <a href=\"https:\/\/www.tjmg.jus.br\/\" target=\"_blank\" rel=\"noreferrer noopener\">TJMG<\/a> oferece acesso a ac\u00f3rd\u00e3os que detalham a responsabilidade civil no com\u00e9rcio eletr\u00f4nico brasileiro.<\/p>\n\n\n\n<h2 class=\"wp-block-heading\">Como evitar problemas em compras virtuais?<\/h2>\n\n\n\n<p>Antes de fechar o carrinho, \u00e9 essencial verificar a reputa\u00e7\u00e3o do vendedor dentro da plataforma e em sites de reclama\u00e7\u00f5es. Em <strong>2026<\/strong>, a transpar\u00eancia digital permite que o comprador identifique lojas que possuem hist\u00f3rico de cancelamentos unilaterais frequentes.<\/p>\n\n\n\n<p>Manter o di\u00e1logo registrado por canais oficiais ajuda a comprovar a boa-f\u00e9 do cliente em resolver a quest\u00e3o amigavelmente. Ao ser firme na cobran\u00e7a de seus direitos, o consumidor contribui para um mercado de <strong>compra online<\/strong> mais \u00e9tico e respeitoso com os prazos estabelecidos.<\/p>\n","protected":false},"excerpt":{"rendered":"<p>O problema na compra online terminou em indeniza\u00e7\u00e3o de R$ 3 mil ap\u00f3s a loja cancelar o pedido sem entregar o produto. O consumidor ficou sem as rodas que havia comprado e ainda enfrentou atraso sem solu\u00e7\u00e3o. Por que o cancelamento gera danos morais? A justi\u00e7a entende que o dano n\u00e3o ocorre apenas pelo atraso, [&hellip;]<\/p>\n","protected":false},"author":30,"featured_media":200579,"comment_status":"open","ping_status":"open","sticky":false,"template":"","format":"standard","meta":{"jnews-multi-image_gallery":[],"jnews_single_post":{"format":"standard"},"jnews_primary_category":[],"jnews_social_meta":[],"jnews_override_counter":[],"footnotes":""},"categories":[28],"tags":[1333,14,1332,1334],"class_list":["post-200345","post","type-post","status-publish","format-standard","has-post-thumbnail","hentry","category-economia","tag-consumidor","tag-e-commerce","tag-indenizacao","tag-justica"],"yoast_head":"<!-- This site is optimized with the Yoast SEO plugin v23.8 - https:\/\/yoast.com\/wordpress\/plugins\/seo\/ -->\n<title>Cliente recebe R$ 3 mil por danos morais ap\u00f3s compra online ser cancelada pela loja - Estado de Minas - Em foco<\/title>\n<meta name=\"description\" content=\"Entenda o caso do cliente que recebeu R$ 3 mil ap\u00f3s compra online ser cancelada pela loja. Veja a indeniza\u00e7\u00e3o por danos morais agora.\" \/>\n<meta name=\"robots\" content=\"index, follow, max-snippet:-1, max-image-preview:large, max-video-preview:-1\" \/>\n<link rel=\"canonical\" href=\"https:\/\/www.em.com.br\/emfoco\/2026\/04\/28\/cliente-recebe-r-3-mil-por-danos-morais-apos-compra-online-ser-cancelada-pela-loja\/\" \/>\n<meta property=\"og:locale\" content=\"pt_BR\" \/>\n<meta property=\"og:type\" content=\"article\" \/>\n<meta property=\"og:title\" content=\"Cliente recebe R$ 3 mil por danos morais ap\u00f3s compra online ser cancelada pela loja - Estado de Minas - Em foco\" \/>\n<meta property=\"og:description\" content=\"Entenda o caso do cliente que recebeu R$ 3 mil ap\u00f3s compra online ser cancelada pela loja. Veja a indeniza\u00e7\u00e3o por danos morais agora.\" \/>\n<meta property=\"og:url\" content=\"https:\/\/www.em.com.br\/emfoco\/2026\/04\/28\/cliente-recebe-r-3-mil-por-danos-morais-apos-compra-online-ser-cancelada-pela-loja\/\" \/>\n<meta property=\"og:site_name\" content=\"Estado de Minas - Em foco\" \/>\n<meta property=\"article:published_time\" content=\"2026-04-28T22:35:00+00:00\" \/>\n<meta property=\"article:modified_time\" content=\"2026-04-27T18:21:25+00:00\" \/>\n<meta property=\"og:image\" content=\"https:\/\/www.em.com.br\/emfoco\/wp-content\/uploads\/2026\/04\/EmFoco_12-9.jpg\" \/>\n\t<meta property=\"og:image:width\" content=\"1280\" \/>\n\t<meta property=\"og:image:height\" content=\"720\" \/>\n\t<meta property=\"og:image:type\" content=\"image\/jpeg\" \/>\n<meta name=\"author\" content=\"Guilherme Ara\u00fajo\" \/>\n<meta name=\"twitter:card\" content=\"summary_large_image\" \/>\n<meta name=\"twitter:label1\" content=\"Escrito por\" \/>\n\t<meta name=\"twitter:data1\" content=\"Guilherme Ara\u00fajo\" \/>\n\t<meta name=\"twitter:label2\" content=\"Est. tempo de leitura\" \/>\n\t<meta name=\"twitter:data2\" content=\"4 minutos\" \/>\n<!-- \/ Yoast SEO plugin. -->","yoast_head_json":{"title":"Cliente recebe R$ 3 mil por danos morais ap\u00f3s compra online ser cancelada pela loja - Estado de Minas - Em foco","description":"Entenda o caso do cliente que recebeu R$ 3 mil ap\u00f3s compra online ser cancelada pela loja. Veja a indeniza\u00e7\u00e3o por danos morais agora.","robots":{"index":"index","follow":"follow","max-snippet":"max-snippet:-1","max-image-preview":"max-image-preview:large","max-video-preview":"max-video-preview:-1"},"canonical":"https:\/\/www.em.com.br\/emfoco\/2026\/04\/28\/cliente-recebe-r-3-mil-por-danos-morais-apos-compra-online-ser-cancelada-pela-loja\/","og_locale":"pt_BR","og_type":"article","og_title":"Cliente recebe R$ 3 mil por danos morais ap\u00f3s compra online ser cancelada pela loja - Estado de Minas - Em foco","og_description":"Entenda o caso do cliente que recebeu R$ 3 mil ap\u00f3s compra online ser cancelada pela loja. Veja a indeniza\u00e7\u00e3o por danos morais agora.","og_url":"https:\/\/www.em.com.br\/emfoco\/2026\/04\/28\/cliente-recebe-r-3-mil-por-danos-morais-apos-compra-online-ser-cancelada-pela-loja\/","og_site_name":"Estado de Minas - Em foco","article_published_time":"2026-04-28T22:35:00+00:00","article_modified_time":"2026-04-27T18:21:25+00:00","og_image":[{"width":1280,"height":720,"url":"https:\/\/www.em.com.br\/emfoco\/wp-content\/uploads\/2026\/04\/EmFoco_12-9.jpg","type":"image\/jpeg"}],"author":"Guilherme Ara\u00fajo","twitter_card":"summary_large_image","twitter_misc":{"Escrito por":"Guilherme Ara\u00fajo","Est. tempo de leitura":"4 minutos"},"schema":{"@context":"https:\/\/schema.org","@graph":[{"@type":"WebPage","@id":"https:\/\/www.em.com.br\/emfoco\/2026\/04\/28\/cliente-recebe-r-3-mil-por-danos-morais-apos-compra-online-ser-cancelada-pela-loja\/","url":"https:\/\/www.em.com.br\/emfoco\/2026\/04\/28\/cliente-recebe-r-3-mil-por-danos-morais-apos-compra-online-ser-cancelada-pela-loja\/","name":"Cliente recebe R$ 3 mil por danos morais ap\u00f3s compra online ser cancelada pela loja - Estado de Minas - Em foco","isPartOf":{"@id":"https:\/\/www.em.com.br\/emfoco\/#website"},"primaryImageOfPage":{"@id":"https:\/\/www.em.com.br\/emfoco\/2026\/04\/28\/cliente-recebe-r-3-mil-por-danos-morais-apos-compra-online-ser-cancelada-pela-loja\/#primaryimage"},"image":{"@id":"https:\/\/www.em.com.br\/emfoco\/2026\/04\/28\/cliente-recebe-r-3-mil-por-danos-morais-apos-compra-online-ser-cancelada-pela-loja\/#primaryimage"},"thumbnailUrl":"https:\/\/www.em.com.br\/emfoco\/wp-content\/uploads\/2026\/04\/EmFoco_12-9.jpg","datePublished":"2026-04-28T22:35:00+00:00","dateModified":"2026-04-27T18:21:25+00:00","author":{"@id":"https:\/\/www.em.com.br\/emfoco\/#\/schema\/person\/5379e929a4b966c775d121e23f9bb421"},"description":"Entenda o caso do cliente que recebeu R$ 3 mil ap\u00f3s compra online ser cancelada pela loja. Veja a indeniza\u00e7\u00e3o por danos morais agora.","breadcrumb":{"@id":"https:\/\/www.em.com.br\/emfoco\/2026\/04\/28\/cliente-recebe-r-3-mil-por-danos-morais-apos-compra-online-ser-cancelada-pela-loja\/#breadcrumb"},"inLanguage":"pt-BR","potentialAction":[{"@type":"ReadAction","target":["https:\/\/www.em.com.br\/emfoco\/2026\/04\/28\/cliente-recebe-r-3-mil-por-danos-morais-apos-compra-online-ser-cancelada-pela-loja\/"]}]},{"@type":"ImageObject","inLanguage":"pt-BR","@id":"https:\/\/www.em.com.br\/emfoco\/2026\/04\/28\/cliente-recebe-r-3-mil-por-danos-morais-apos-compra-online-ser-cancelada-pela-loja\/#primaryimage","url":"https:\/\/www.em.com.br\/emfoco\/wp-content\/uploads\/2026\/04\/EmFoco_12-9.jpg","contentUrl":"https:\/\/www.em.com.br\/emfoco\/wp-content\/uploads\/2026\/04\/EmFoco_12-9.jpg","width":1280,"height":720,"caption":"Cancelamento unilateral de pedido gera indeniza\u00e7\u00e3o por danos morais e desvio produtivo"},{"@type":"BreadcrumbList","@id":"https:\/\/www.em.com.br\/emfoco\/2026\/04\/28\/cliente-recebe-r-3-mil-por-danos-morais-apos-compra-online-ser-cancelada-pela-loja\/#breadcrumb","itemListElement":[{"@type":"ListItem","position":1,"name":"In\u00edcio","item":"https:\/\/www.em.com.br\/emfoco\/"},{"@type":"ListItem","position":2,"name":"Cliente recebe R$ 3 mil por danos morais ap\u00f3s compra online ser cancelada pela loja"}]},{"@type":"WebSite","@id":"https:\/\/www.em.com.br\/emfoco\/#website","url":"https:\/\/www.em.com.br\/emfoco\/","name":"Estado de Minas - Em foco","description":"Acompanhe as \u00faltimas not\u00edcias e fique bem informado sobre tudo o que acontece em Minas Gerais, Brasil e no mundo.","potentialAction":[{"@type":"SearchAction","target":{"@type":"EntryPoint","urlTemplate":"https:\/\/www.em.com.br\/emfoco\/?s={search_term_string}"},"query-input":{"@type":"PropertyValueSpecification","valueRequired":true,"valueName":"search_term_string"}}],"inLanguage":"pt-BR"},{"@type":"Person","@id":"https:\/\/www.em.com.br\/emfoco\/#\/schema\/person\/5379e929a4b966c775d121e23f9bb421","name":"Guilherme Ara\u00fajo","image":{"@type":"ImageObject","inLanguage":"pt-BR","@id":"https:\/\/www.em.com.br\/emfoco\/#\/schema\/person\/image\/","url":"https:\/\/secure.gravatar.com\/avatar\/b8bf1fd0130e170bd8f5d7298dbafa25?s=96&d=mm&r=g","contentUrl":"https:\/\/secure.gravatar.com\/avatar\/b8bf1fd0130e170bd8f5d7298dbafa25?s=96&d=mm&r=g","caption":"Guilherme Ara\u00fajo"},"sameAs":["https:\/\/www.em.com.br\/emfoco"],"url":"https:\/\/www.em.com.br\/emfoco\/author\/guilhermeamyth\/"}]}},"_links":{"self":[{"href":"https:\/\/www.em.com.br\/emfoco\/wp-json\/wp\/v2\/posts\/200345","targetHints":{"allow":["GET"]}}],"collection":[{"href":"https:\/\/www.em.com.br\/emfoco\/wp-json\/wp\/v2\/posts"}],"about":[{"href":"https:\/\/www.em.com.br\/emfoco\/wp-json\/wp\/v2\/types\/post"}],"author":[{"embeddable":true,"href":"https:\/\/www.em.com.br\/emfoco\/wp-json\/wp\/v2\/users\/30"}],"replies":[{"embeddable":true,"href":"https:\/\/www.em.com.br\/emfoco\/wp-json\/wp\/v2\/comments?post=200345"}],"version-history":[{"count":2,"href":"https:\/\/www.em.com.br\/emfoco\/wp-json\/wp\/v2\/posts\/200345\/revisions"}],"predecessor-version":[{"id":200362,"href":"https:\/\/www.em.com.br\/emfoco\/wp-json\/wp\/v2\/posts\/200345\/revisions\/200362"}],"wp:featuredmedia":[{"embeddable":true,"href":"https:\/\/www.em.com.br\/emfoco\/wp-json\/wp\/v2\/media\/200579"}],"wp:attachment":[{"href":"https:\/\/www.em.com.br\/emfoco\/wp-json\/wp\/v2\/media?parent=200345"}],"wp:term":[{"taxonomy":"category","embeddable":true,"href":"https:\/\/www.em.com.br\/emfoco\/wp-json\/wp\/v2\/categories?post=200345"},{"taxonomy":"post_tag","embeddable":true,"href":"https:\/\/www.em.com.br\/emfoco\/wp-json\/wp\/v2\/tags?post=200345"}],"curies":[{"name":"wp","href":"https:\/\/api.w.org\/{rel}","templated":true}]}}