{"id":200344,"date":"2026-04-28T16:15:00","date_gmt":"2026-04-28T19:15:00","guid":{"rendered":"https:\/\/www.em.com.br\/emfoco\/?p=200344"},"modified":"2026-04-27T15:21:43","modified_gmt":"2026-04-27T18:21:43","slug":"crianca-enfrenta-atraso-de-18-horas-apos-voo-cancelado-e-garante-r-4-mil-por-danos-morais","status":"publish","type":"post","link":"https:\/\/www.em.com.br\/emfoco\/2026\/04\/28\/crianca-enfrenta-atraso-de-18-horas-apos-voo-cancelado-e-garante-r-4-mil-por-danos-morais\/","title":{"rendered":"Menor de idade enfrenta atraso de 18 horas ap\u00f3s voo cancelado e garante R$ 4 mil por danos morais"},"content":{"rendered":"\n<p>O cancelamento de voos e a espera excessiva em aeroportos s\u00e3o problemas recorrentes que geram o direito a indeniza\u00e7\u00f5es por <strong>danos morais<\/strong>. Em uma decis\u00e3o recente do <strong>TJES<\/strong>, o sofrimento de um menor de idade foi reconhecido ap\u00f3s 18 horas de atraso.<\/p>\n\n\n\n<h2 class=\"wp-block-heading\">O que motivou a condena\u00e7\u00e3o por danos morais em Colatina?<\/h2>\n\n\n\n<p>A <strong>1\u00aa Vara C\u00edvel de Colatina<\/strong> condenou uma companhia a\u00e9rea ap\u00f3s uma fam\u00edlia enfrentar um descaso log\u00edstico no retorno do <strong>Chile<\/strong>. O voo original foi cancelado e a assist\u00eancia prometida, como hospedagem e alimenta\u00e7\u00e3o, demorou horas para ser oferecida.<\/p>\n\n\n\n<p>O magistrado considerou que a longa espera em sagu\u00f5es, somada \u00e0 perda de um dia letivo, ultrapassou o mero aborrecimento cotidiano. No <strong>Esp\u00edrito Santo<\/strong>, a justi\u00e7a entendeu que a &#8220;tenra idade&#8221; do autor agravou o impacto emocional e f\u00edsico da situa\u00e7\u00e3o vivenciada.<\/p>\n\n\n\n<h2 class=\"wp-block-heading\">Quais os direitos do passageiro segundo a Resolu\u00e7\u00e3o 400 da ANAC?<\/h2>\n\n\n\n<p>A <strong>ANAC<\/strong> estabelece regras claras sobre a assist\u00eancia material que as empresas devem fornecer em casos de atrasos. Quando o passageiro aguarda por mais de <strong>duas horas<\/strong>, a companhia \u00e9 obrigada a oferecer meios de comunica\u00e7\u00e3o e alimenta\u00e7\u00e3o adequada.<\/p>\n\n\n\n<p>Se a espera ultrapassar <strong>quatro horas<\/strong> e exigir pernoite, a empresa deve providenciar hospedagem e transporte de ida e volta. Conforme as normas da <a href=\"https:\/\/www.gov.br\/anac\/pt-br\" target=\"_blank\" rel=\"noreferrer noopener\">Ag\u00eancia Nacional de Avia\u00e7\u00e3o Civil<\/a>, o descumprimento desses deveres fundamenta o pedido de repara\u00e7\u00e3o na justi\u00e7a.<\/p>\n\n\n<div class=\"wp-block-image\">\n<figure class=\"aligncenter size-large\"><img loading=\"lazy\" decoding=\"async\" width=\"1024\" height=\"576\" src=\"https:\/\/www.em.com.br\/emfoco\/wp-content\/uploads\/2026\/04\/situacao-de-stress-aeroporto-1-1024x576.jpg\" alt=\"Decis\u00e3o judicial garante repara\u00e7\u00e3o financeira para passageira menor de idade prejudicada por cancelamento de voo\" class=\"wp-image-200358\" srcset=\"https:\/\/www.em.com.br\/emfoco\/wp-content\/uploads\/2026\/04\/situacao-de-stress-aeroporto-1-1024x576.jpg 1024w, https:\/\/www.em.com.br\/emfoco\/wp-content\/uploads\/2026\/04\/situacao-de-stress-aeroporto-1-300x169.jpg 300w, https:\/\/www.em.com.br\/emfoco\/wp-content\/uploads\/2026\/04\/situacao-de-stress-aeroporto-1-768x432.jpg 768w, https:\/\/www.em.com.br\/emfoco\/wp-content\/uploads\/2026\/04\/situacao-de-stress-aeroporto-1-750x422.jpg 750w, https:\/\/www.em.com.br\/emfoco\/wp-content\/uploads\/2026\/04\/situacao-de-stress-aeroporto-1-1140x641.jpg 1140w, https:\/\/www.em.com.br\/emfoco\/wp-content\/uploads\/2026\/04\/situacao-de-stress-aeroporto-1.jpg 1280w\" sizes=\"auto, (max-width: 1024px) 100vw, 1024px\" \/><figcaption class=\"wp-element-caption\">Decis\u00e3o judicial garante repara\u00e7\u00e3o financeira para passageira menor de idade prejudicada por cancelamento de voo<\/figcaption><\/figure><\/div>\n\n\n<h2 class=\"wp-block-heading\">Como o STJ avalia os danos morais em voos em 2026?<\/h2>\n\n\n\n<p>Em <strong>janeiro de 2026<\/strong>, o entendimento jur\u00eddico sobre o tema passou por uma revis\u00e3o importante. O <strong>Superior Tribunal de Justi\u00e7a<\/strong> decidiu que o dano moral por atraso de voo <strong>n\u00e3o \u00e9 mais autom\u00e1tico<\/strong>, exigindo que o passageiro comprove o transtorno real sofrido.<\/p>\n\n\n\n<p>No entanto, situa\u00e7\u00f5es que envolvem crian\u00e7as, falta de assist\u00eancia b\u00e1sica ou perda de compromissos inadi\u00e1veis continuam sendo fortes candidatas a indeniza\u00e7\u00e3o. Confira os elementos que facilitam a prova de <strong>danos morais<\/strong> em processos judiciais:<\/p>\n\n\n\n<ul class=\"wp-block-list\">\n<li><strong>Voucher de reacomoda\u00e7\u00e3o<\/strong> com os hor\u00e1rios originais e atualizados.<\/li>\n\n\n\n<li>Fotos e v\u00eddeos da situa\u00e7\u00e3o prec\u00e1ria no <strong>aeroporto<\/strong>.<\/li>\n\n\n\n<li>Comprovantes de gastos extras com refei\u00e7\u00f5es ou transporte.<\/li>\n\n\n\n<li>Documenta\u00e7\u00e3o de preju\u00edzos concretos, como faltas escolares ou em reuni\u00f5es.<\/li>\n<\/ul>\n\n\n\n<p>Leia tamb\u00e9m: <a href=\"https:\/\/www.em.com.br\/emfoco\/2026\/04\/25\/justica-condena-mulher-a-devolver-r-10-mil-de-pix-por-engano-e-isenta-banco-de-falha-na-transferencia\/\" target=\"_blank\" rel=\"noreferrer noopener\">Justi\u00e7a condena mulher a devolver R$ 10 mil de Pix por engano e isenta banco de falha na transfer\u00eancia<\/a><\/p>\n\n\n\n<h2 class=\"wp-block-heading\">Qual a import\u00e2ncia do Estatuto da Crian\u00e7a e do Adolescente?<\/h2>\n\n\n\n<p>O <strong>Estatuto da Crian\u00e7a e do Adolescente<\/strong> refor\u00e7a que os menores devem receber prote\u00e7\u00e3o integral contra qualquer forma de neglig\u00eancia. Deixar uma crian\u00e7a por <strong>13 horas<\/strong> em um sagu\u00e3o sem suporte adequado fere esse princ\u00edpio constitucional de prioridade absoluta.<\/p>\n\n\n\n<p>Por isso, indeniza\u00e7\u00f5es para menores costumam ter valores mais expressivos. Para entender as nuances dessa prote\u00e7\u00e3o, a <a href=\"https:\/\/www.planalto.gov.br\/ccivil_03\/leis\/l8069.htm\" target=\"_blank\" rel=\"noreferrer noopener\">Lei 8.069\/1990<\/a> detalha os deveres da sociedade e das empresas privadas para com o p\u00fablico infantojuvenil no <strong>Brasil<\/strong>.<\/p>\n\n\n\n<h2 class=\"wp-block-heading\">Como documentar o atraso para garantir seus direitos?<\/h2>\n\n\n\n<p>Em <strong>2026<\/strong>, a tecnologia \u00e9 a maior aliada do consumidor na hora de produzir provas. Solicitar a declara\u00e7\u00e3o de conting\u00eancia por escrito na pr\u00f3pria companhia \u00e9 um passo obrigat\u00f3rio para quem deseja ingressar com uma a\u00e7\u00e3o de <strong>danos morais<\/strong> futuramente.<\/p>\n\n\n\n<p>Guardar prints de conversas e protocolos de atendimento telef\u00f4nico ajuda a demonstrar a tentativa de solu\u00e7\u00e3o amig\u00e1vel. Ao agir com rapidez e organizar os comprovantes, o passageiro garante que a falha na presta\u00e7\u00e3o de servi\u00e7o seja devidamente punida e compensada financeiramente.<\/p>\n","protected":false},"excerpt":{"rendered":"<p>O cancelamento de voos e a espera excessiva em aeroportos s\u00e3o problemas recorrentes que geram o direito a indeniza\u00e7\u00f5es por danos morais. Em uma decis\u00e3o recente do TJES, o sofrimento de um menor de idade foi reconhecido ap\u00f3s 18 horas de atraso. O que motivou a condena\u00e7\u00e3o por danos morais em Colatina? A 1\u00aa Vara [&hellip;]<\/p>\n","protected":false},"author":30,"featured_media":200577,"comment_status":"open","ping_status":"open","sticky":false,"template":"","format":"standard","meta":{"jnews-multi-image_gallery":[],"jnews_single_post":{"format":"standard"},"jnews_primary_category":[],"jnews_social_meta":[],"jnews_override_counter":[],"footnotes":""},"categories":[28],"tags":[1788,1333,1342,1332],"class_list":["post-200344","post","type-post","status-publish","format-standard","has-post-thumbnail","hentry","category-economia","tag-aviacao","tag-consumidor","tag-direitos","tag-indenizacao"],"yoast_head":"<!-- This site is optimized with the Yoast SEO plugin v23.8 - https:\/\/yoast.com\/wordpress\/plugins\/seo\/ -->\n<title>Menor de idade enfrenta atraso de 18 horas ap\u00f3s voo cancelado e garante R$ 4 mil por danos morais - Estado de Minas - Em foco<\/title>\n<meta name=\"description\" content=\"Entenda o caso da crian\u00e7a que garantiu R$ 4 mil ap\u00f3s 18 horas de atraso com voo cancelado. Veja a decis\u00e3o do TJES.\" \/>\n<meta name=\"robots\" content=\"index, follow, max-snippet:-1, max-image-preview:large, max-video-preview:-1\" \/>\n<link rel=\"canonical\" href=\"https:\/\/www.em.com.br\/emfoco\/2026\/04\/28\/crianca-enfrenta-atraso-de-18-horas-apos-voo-cancelado-e-garante-r-4-mil-por-danos-morais\/\" \/>\n<meta property=\"og:locale\" content=\"pt_BR\" \/>\n<meta property=\"og:type\" content=\"article\" \/>\n<meta property=\"og:title\" content=\"Menor de idade enfrenta atraso de 18 horas ap\u00f3s voo cancelado e garante R$ 4 mil por danos morais - Estado de Minas - Em foco\" \/>\n<meta property=\"og:description\" content=\"Entenda o caso da crian\u00e7a que garantiu R$ 4 mil ap\u00f3s 18 horas de atraso com voo cancelado. Veja a decis\u00e3o do TJES.\" \/>\n<meta property=\"og:url\" content=\"https:\/\/www.em.com.br\/emfoco\/2026\/04\/28\/crianca-enfrenta-atraso-de-18-horas-apos-voo-cancelado-e-garante-r-4-mil-por-danos-morais\/\" \/>\n<meta property=\"og:site_name\" content=\"Estado de Minas - Em foco\" \/>\n<meta property=\"article:published_time\" content=\"2026-04-28T19:15:00+00:00\" \/>\n<meta property=\"article:modified_time\" content=\"2026-04-27T18:21:43+00:00\" \/>\n<meta property=\"og:image\" content=\"https:\/\/www.em.com.br\/emfoco\/wp-content\/uploads\/2026\/04\/EmFoco_14-8.jpg\" \/>\n\t<meta property=\"og:image:width\" content=\"1280\" \/>\n\t<meta property=\"og:image:height\" content=\"720\" \/>\n\t<meta property=\"og:image:type\" content=\"image\/jpeg\" \/>\n<meta name=\"author\" content=\"Guilherme Ara\u00fajo\" \/>\n<meta name=\"twitter:card\" content=\"summary_large_image\" \/>\n<meta name=\"twitter:label1\" content=\"Escrito por\" \/>\n\t<meta name=\"twitter:data1\" content=\"Guilherme Ara\u00fajo\" \/>\n\t<meta name=\"twitter:label2\" content=\"Est. tempo de leitura\" \/>\n\t<meta name=\"twitter:data2\" content=\"4 minutos\" \/>\n<!-- \/ Yoast SEO plugin. -->","yoast_head_json":{"title":"Menor de idade enfrenta atraso de 18 horas ap\u00f3s voo cancelado e garante R$ 4 mil por danos morais - Estado de Minas - Em foco","description":"Entenda o caso da crian\u00e7a que garantiu R$ 4 mil ap\u00f3s 18 horas de atraso com voo cancelado. Veja a decis\u00e3o do TJES.","robots":{"index":"index","follow":"follow","max-snippet":"max-snippet:-1","max-image-preview":"max-image-preview:large","max-video-preview":"max-video-preview:-1"},"canonical":"https:\/\/www.em.com.br\/emfoco\/2026\/04\/28\/crianca-enfrenta-atraso-de-18-horas-apos-voo-cancelado-e-garante-r-4-mil-por-danos-morais\/","og_locale":"pt_BR","og_type":"article","og_title":"Menor de idade enfrenta atraso de 18 horas ap\u00f3s voo cancelado e garante R$ 4 mil por danos morais - Estado de Minas - Em foco","og_description":"Entenda o caso da crian\u00e7a que garantiu R$ 4 mil ap\u00f3s 18 horas de atraso com voo cancelado. Veja a decis\u00e3o do TJES.","og_url":"https:\/\/www.em.com.br\/emfoco\/2026\/04\/28\/crianca-enfrenta-atraso-de-18-horas-apos-voo-cancelado-e-garante-r-4-mil-por-danos-morais\/","og_site_name":"Estado de Minas - Em foco","article_published_time":"2026-04-28T19:15:00+00:00","article_modified_time":"2026-04-27T18:21:43+00:00","og_image":[{"width":1280,"height":720,"url":"https:\/\/www.em.com.br\/emfoco\/wp-content\/uploads\/2026\/04\/EmFoco_14-8.jpg","type":"image\/jpeg"}],"author":"Guilherme Ara\u00fajo","twitter_card":"summary_large_image","twitter_misc":{"Escrito por":"Guilherme Ara\u00fajo","Est. tempo de leitura":"4 minutos"},"schema":{"@context":"https:\/\/schema.org","@graph":[{"@type":"WebPage","@id":"https:\/\/www.em.com.br\/emfoco\/2026\/04\/28\/crianca-enfrenta-atraso-de-18-horas-apos-voo-cancelado-e-garante-r-4-mil-por-danos-morais\/","url":"https:\/\/www.em.com.br\/emfoco\/2026\/04\/28\/crianca-enfrenta-atraso-de-18-horas-apos-voo-cancelado-e-garante-r-4-mil-por-danos-morais\/","name":"Menor de idade enfrenta atraso de 18 horas ap\u00f3s voo cancelado e garante R$ 4 mil por danos morais - Estado de Minas - Em foco","isPartOf":{"@id":"https:\/\/www.em.com.br\/emfoco\/#website"},"primaryImageOfPage":{"@id":"https:\/\/www.em.com.br\/emfoco\/2026\/04\/28\/crianca-enfrenta-atraso-de-18-horas-apos-voo-cancelado-e-garante-r-4-mil-por-danos-morais\/#primaryimage"},"image":{"@id":"https:\/\/www.em.com.br\/emfoco\/2026\/04\/28\/crianca-enfrenta-atraso-de-18-horas-apos-voo-cancelado-e-garante-r-4-mil-por-danos-morais\/#primaryimage"},"thumbnailUrl":"https:\/\/www.em.com.br\/emfoco\/wp-content\/uploads\/2026\/04\/EmFoco_14-8.jpg","datePublished":"2026-04-28T19:15:00+00:00","dateModified":"2026-04-27T18:21:43+00:00","author":{"@id":"https:\/\/www.em.com.br\/emfoco\/#\/schema\/person\/5379e929a4b966c775d121e23f9bb421"},"description":"Entenda o caso da crian\u00e7a que garantiu R$ 4 mil ap\u00f3s 18 horas de atraso com voo cancelado. Veja a decis\u00e3o do TJES.","breadcrumb":{"@id":"https:\/\/www.em.com.br\/emfoco\/2026\/04\/28\/crianca-enfrenta-atraso-de-18-horas-apos-voo-cancelado-e-garante-r-4-mil-por-danos-morais\/#breadcrumb"},"inLanguage":"pt-BR","potentialAction":[{"@type":"ReadAction","target":["https:\/\/www.em.com.br\/emfoco\/2026\/04\/28\/crianca-enfrenta-atraso-de-18-horas-apos-voo-cancelado-e-garante-r-4-mil-por-danos-morais\/"]}]},{"@type":"ImageObject","inLanguage":"pt-BR","@id":"https:\/\/www.em.com.br\/emfoco\/2026\/04\/28\/crianca-enfrenta-atraso-de-18-horas-apos-voo-cancelado-e-garante-r-4-mil-por-danos-morais\/#primaryimage","url":"https:\/\/www.em.com.br\/emfoco\/wp-content\/uploads\/2026\/04\/EmFoco_14-8.jpg","contentUrl":"https:\/\/www.em.com.br\/emfoco\/wp-content\/uploads\/2026\/04\/EmFoco_14-8.jpg","width":1280,"height":720,"caption":"Longa espera em aeroportos garante direito \u00e0 repara\u00e7\u00e3o financeira por danos morais"},{"@type":"BreadcrumbList","@id":"https:\/\/www.em.com.br\/emfoco\/2026\/04\/28\/crianca-enfrenta-atraso-de-18-horas-apos-voo-cancelado-e-garante-r-4-mil-por-danos-morais\/#breadcrumb","itemListElement":[{"@type":"ListItem","position":1,"name":"In\u00edcio","item":"https:\/\/www.em.com.br\/emfoco\/"},{"@type":"ListItem","position":2,"name":"Menor de idade enfrenta atraso de 18 horas ap\u00f3s voo cancelado e garante R$ 4 mil por danos morais"}]},{"@type":"WebSite","@id":"https:\/\/www.em.com.br\/emfoco\/#website","url":"https:\/\/www.em.com.br\/emfoco\/","name":"Estado de Minas - Em foco","description":"Acompanhe as \u00faltimas not\u00edcias e fique bem informado sobre tudo o que acontece em Minas Gerais, Brasil e no mundo.","potentialAction":[{"@type":"SearchAction","target":{"@type":"EntryPoint","urlTemplate":"https:\/\/www.em.com.br\/emfoco\/?s={search_term_string}"},"query-input":{"@type":"PropertyValueSpecification","valueRequired":true,"valueName":"search_term_string"}}],"inLanguage":"pt-BR"},{"@type":"Person","@id":"https:\/\/www.em.com.br\/emfoco\/#\/schema\/person\/5379e929a4b966c775d121e23f9bb421","name":"Guilherme Ara\u00fajo","image":{"@type":"ImageObject","inLanguage":"pt-BR","@id":"https:\/\/www.em.com.br\/emfoco\/#\/schema\/person\/image\/","url":"https:\/\/secure.gravatar.com\/avatar\/b8bf1fd0130e170bd8f5d7298dbafa25?s=96&d=mm&r=g","contentUrl":"https:\/\/secure.gravatar.com\/avatar\/b8bf1fd0130e170bd8f5d7298dbafa25?s=96&d=mm&r=g","caption":"Guilherme Ara\u00fajo"},"sameAs":["https:\/\/www.em.com.br\/emfoco"],"url":"https:\/\/www.em.com.br\/emfoco\/author\/guilhermeamyth\/"}]}},"_links":{"self":[{"href":"https:\/\/www.em.com.br\/emfoco\/wp-json\/wp\/v2\/posts\/200344","targetHints":{"allow":["GET"]}}],"collection":[{"href":"https:\/\/www.em.com.br\/emfoco\/wp-json\/wp\/v2\/posts"}],"about":[{"href":"https:\/\/www.em.com.br\/emfoco\/wp-json\/wp\/v2\/types\/post"}],"author":[{"embeddable":true,"href":"https:\/\/www.em.com.br\/emfoco\/wp-json\/wp\/v2\/users\/30"}],"replies":[{"embeddable":true,"href":"https:\/\/www.em.com.br\/emfoco\/wp-json\/wp\/v2\/comments?post=200344"}],"version-history":[{"count":3,"href":"https:\/\/www.em.com.br\/emfoco\/wp-json\/wp\/v2\/posts\/200344\/revisions"}],"predecessor-version":[{"id":200365,"href":"https:\/\/www.em.com.br\/emfoco\/wp-json\/wp\/v2\/posts\/200344\/revisions\/200365"}],"wp:featuredmedia":[{"embeddable":true,"href":"https:\/\/www.em.com.br\/emfoco\/wp-json\/wp\/v2\/media\/200577"}],"wp:attachment":[{"href":"https:\/\/www.em.com.br\/emfoco\/wp-json\/wp\/v2\/media?parent=200344"}],"wp:term":[{"taxonomy":"category","embeddable":true,"href":"https:\/\/www.em.com.br\/emfoco\/wp-json\/wp\/v2\/categories?post=200344"},{"taxonomy":"post_tag","embeddable":true,"href":"https:\/\/www.em.com.br\/emfoco\/wp-json\/wp\/v2\/tags?post=200344"}],"curies":[{"name":"wp","href":"https:\/\/api.w.org\/{rel}","templated":true}]}}