{"id":200326,"date":"2026-04-28T21:45:00","date_gmt":"2026-04-29T00:45:00","guid":{"rendered":"https:\/\/www.em.com.br\/emfoco\/?p=200326"},"modified":"2026-04-27T15:21:11","modified_gmt":"2026-04-27T18:21:11","slug":"nova-regra-traz-ipva-zerado-pra-quase-8-milhoes-de-veiculos-e-traz-alivio-para-motoristas-de-todo-pais","status":"publish","type":"post","link":"https:\/\/www.em.com.br\/emfoco\/2026\/04\/28\/nova-regra-traz-ipva-zerado-pra-quase-8-milhoes-de-veiculos-e-traz-alivio-para-motoristas-de-todo-pais\/","title":{"rendered":"Nova regra traz IPVA zerado pra quase 8 milh\u00f5es de ve\u00edculos e traz al\u00edvio para motoristas de todo pa\u00eds"},"content":{"rendered":"\n<p>Uma mudan\u00e7a hist\u00f3rica na legisla\u00e7\u00e3o brasileira traz al\u00edvio financeiro para milh\u00f5es de motoristas em <strong>2026<\/strong>. A <strong>nova regra do IPVA<\/strong> unificou os crit\u00e9rios de isen\u00e7\u00e3o por idade em todo o territ\u00f3rio nacional, beneficiando frotas antigas.<\/p>\n\n\n\n<h2 class=\"wp-block-heading\">O que mudou na isen\u00e7\u00e3o de ve\u00edculos com 20 anos?<\/h2>\n\n\n\n<p>At\u00e9 o ano passado, cada estado brasileiro possu\u00eda autonomia total para decidir a idade m\u00ednima de isen\u00e7\u00e3o do imposto. Enquanto alguns locais liberavam carros com 15 anos, estados como <strong>Minas Gerais<\/strong> e <strong>Santa Catarina<\/strong> eram muito mais rigorosos.<\/p>\n\n\n\n<p>Com a promulga\u00e7\u00e3o da <strong><a href=\"https:\/\/www.camara.leg.br\/proposicoesWeb\/fichadetramitacao?idProposicao=2294139\" target=\"_blank\" rel=\"noreferrer noopener\">PEC 72\/23<\/a><\/strong>, o Brasil estabeleceu um piso constitucional que obriga a isen\u00e7\u00e3o para todos os ve\u00edculos terrestres com 20 anos ou mais de fabrica\u00e7\u00e3o. Na pr\u00e1tica, em <strong>2026<\/strong>, ve\u00edculos fabricados at\u00e9 o ano de <strong>2006<\/strong> deixam de pagar o tributo anualmente.<\/p>\n\n\n<div class=\"wp-block-image\">\n<figure class=\"aligncenter size-large\"><img loading=\"lazy\" decoding=\"async\" width=\"1024\" height=\"576\" src=\"https:\/\/www.em.com.br\/emfoco\/wp-content\/uploads\/2026\/04\/ipva_1776561748230-1-1024x576.jpg\" alt=\"Cr\u00e9ditos: depositphotos.com \/ rochu_2008\" class=\"wp-image-195672\" srcset=\"https:\/\/www.em.com.br\/emfoco\/wp-content\/uploads\/2026\/04\/ipva_1776561748230-1-1024x576.jpg 1024w, https:\/\/www.em.com.br\/emfoco\/wp-content\/uploads\/2026\/04\/ipva_1776561748230-1-300x169.jpg 300w, https:\/\/www.em.com.br\/emfoco\/wp-content\/uploads\/2026\/04\/ipva_1776561748230-1-768x432.jpg 768w, https:\/\/www.em.com.br\/emfoco\/wp-content\/uploads\/2026\/04\/ipva_1776561748230-1-750x422.jpg 750w, https:\/\/www.em.com.br\/emfoco\/wp-content\/uploads\/2026\/04\/ipva_1776561748230-1-1140x641.jpg 1140w, https:\/\/www.em.com.br\/emfoco\/wp-content\/uploads\/2026\/04\/ipva_1776561748230-1.jpg 1280w\" sizes=\"auto, (max-width: 1024px) 100vw, 1024px\" \/><figcaption class=\"wp-element-caption\">Confira como ter IPVA zerado em 2026 &#8211; Cr\u00e9ditos: depositphotos.com \/ rochu_2008<\/figcaption><\/figure><\/div>\n\n\n<h2 class=\"wp-block-heading\">Quais estados precisaram alterar suas leis locais?<\/h2>\n\n\n\n<p>Estados que possu\u00edam regras mais r\u00edgidas, como <strong>Pernambuco<\/strong>, <strong>Alagoas<\/strong> e <strong>Tocantins<\/strong>, tiveram que adequar seus sistemas de arrecada\u00e7\u00e3o imediatamente. A <strong>nova regra do IPVA<\/strong> deve ser aplicada de forma autom\u00e1tica, sem necessidade de requerimento do propriet\u00e1rio.<\/p>\n\n\n\n<p>Unidades da federa\u00e7\u00e3o que j\u00e1 eram mais generosas, como a <strong>Bahia<\/strong>, que isenta carros com 15 anos, mant\u00eam seus benef\u00edcios atuais. De acordo com o <a href=\"https:\/\/www.em.com.br\/emfoco\/2026\/04\/23\/mais-de-730-mil-motociclistas-ja-estao-livres-do-ipva-em-estado-com-nova-lei-em-2026\/\" target=\"_blank\" rel=\"noreferrer noopener\">IPVA<\/a>, a norma federal serve como um limite m\u00e1ximo de cobran\u00e7a, permitindo que os estados sejam mais flex\u00edveis se desejarem.<\/p>\n\n\n\n<h2 class=\"wp-block-heading\">Quem s\u00e3o os beneficiados pela nova legisla\u00e7\u00e3o?<\/h2>\n\n\n\n<p>A medida abrange uma vasta categoria de transportes, incluindo carros de passeio, caminhonetes, \u00f4nibus e micro-\u00f4nibus. Estimativas apontam que quase <strong>8 milh\u00f5es de ve\u00edculos<\/strong> em todo o pa\u00eds deixaram de gerar boletos de pagamento neste exerc\u00edcio fiscal.<\/p>\n\n\n\n<p>Entretanto, \u00e9 fundamental destacar que o licenciamento anual e as multas de tr\u00e2nsito continuam sendo obrigat\u00f3rios para a circula\u00e7\u00e3o regular. Confira os prazos de isen\u00e7\u00e3o aplicados em diferentes regi\u00f5es do pa\u00eds:<\/p>\n\n\n<div class=\"wp-block-image\">\n<figure class=\"aligncenter size-large is-resized\"><img loading=\"lazy\" decoding=\"async\" width=\"1024\" height=\"514\" src=\"https:\/\/www.em.com.br\/emfoco\/wp-content\/uploads\/2026\/04\/image-238-1024x514.png\" alt=\"\" class=\"wp-image-200340\" style=\"width:886px;height:auto\" srcset=\"https:\/\/www.em.com.br\/emfoco\/wp-content\/uploads\/2026\/04\/image-238-1024x514.png 1024w, https:\/\/www.em.com.br\/emfoco\/wp-content\/uploads\/2026\/04\/image-238-300x151.png 300w, https:\/\/www.em.com.br\/emfoco\/wp-content\/uploads\/2026\/04\/image-238-768x386.png 768w, https:\/\/www.em.com.br\/emfoco\/wp-content\/uploads\/2026\/04\/image-238-360x180.png 360w, https:\/\/www.em.com.br\/emfoco\/wp-content\/uploads\/2026\/04\/image-238-750x377.png 750w, https:\/\/www.em.com.br\/emfoco\/wp-content\/uploads\/2026\/04\/image-238-1140x573.png 1140w, https:\/\/www.em.com.br\/emfoco\/wp-content\/uploads\/2026\/04\/image-238.png 1280w\" sizes=\"auto, (max-width: 1024px) 100vw, 1024px\" \/><\/figure><\/div>\n\n\n<h2 class=\"wp-block-heading\">A isen\u00e7\u00e3o vale tamb\u00e9m para motos e carros el\u00e9tricos?<\/h2>\n\n\n\n<p>As motocicletas seguem crit\u00e9rios estaduais pr\u00f3prios e n\u00e3o foram inclu\u00eddas automaticamente no texto da emenda constitucional. J\u00e1 para os ve\u00edculos el\u00e9tricos e h\u00edbridos, o cen\u00e1rio em <strong>2026<\/strong> ainda \u00e9 de incentivo em diversas capitais brasileiras.<\/p>\n\n\n\n<p>Em <strong>S\u00e3o Paulo<\/strong>, por exemplo, h\u00edbridos com valor de at\u00e9 <strong>R$ 250 mil<\/strong> possuem isen\u00e7\u00e3o, mas o benef\u00edcio ser\u00e1 reduzido gradualmente a partir de <strong>2027<\/strong>. Informa\u00e7\u00f5es t\u00e9cnicas detalhadas sobre essa transi\u00e7\u00e3o podem ser consultadas no portal do <a href=\"https:\/\/www12.senado.leg.br\/noticias\" target=\"_blank\" rel=\"noreferrer noopener\">Senado Federal<\/a> para maior clareza tribut\u00e1ria.<\/p>\n\n\n\n<h2 class=\"wp-block-heading\">Como consultar a situa\u00e7\u00e3o do seu ve\u00edculo em 2026?<\/h2>\n\n\n\n<p>O propriet\u00e1rio deve acessar o site do <strong>Detran<\/strong> ou da Secretaria de Fazenda de seu estado para verificar o enquadramento. Caso o sistema ainda apresente cobran\u00e7a para um modelo fabricado h\u00e1 mais de 20 anos, o erro deve ser reportado ao \u00f3rg\u00e3o fazend\u00e1rio.<\/p>\n\n\n\n<p>A <strong>nova regra do IPVA<\/strong> representa um marco para a justi\u00e7a tribut\u00e1ria, equilibrando as diferen\u00e7as regionais que antes prejudicavam motoristas de estados vizinhos. Com a unifica\u00e7\u00e3o, o mercado de usados ganha novo f\u00f4lego, valorizando modelos cl\u00e1ssicos que agora possuem custo de manuten\u00e7\u00e3o fixa reduzido.<\/p>\n","protected":false},"excerpt":{"rendered":"<p>Uma mudan\u00e7a hist\u00f3rica na legisla\u00e7\u00e3o brasileira traz al\u00edvio financeiro para milh\u00f5es de motoristas em 2026. A nova regra do IPVA unificou os crit\u00e9rios de isen\u00e7\u00e3o por idade em todo o territ\u00f3rio nacional, beneficiando frotas antigas. O que mudou na isen\u00e7\u00e3o de ve\u00edculos com 20 anos? At\u00e9 o ano passado, cada estado brasileiro possu\u00eda autonomia total [&hellip;]<\/p>\n","protected":false},"author":30,"featured_media":200581,"comment_status":"open","ping_status":"open","sticky":false,"template":"","format":"standard","meta":{"jnews-multi-image_gallery":[],"jnews_single_post":{"format":"standard"},"jnews_primary_category":[],"jnews_social_meta":[],"jnews_override_counter":[],"footnotes":""},"categories":[28],"tags":[2433,762,715,534],"class_list":["post-200326","post","type-post","status-publish","format-standard","has-post-thumbnail","hentry","category-economia","tag-2433","tag-ipva","tag-isencao","tag-veiculos"],"yoast_head":"<!-- This site is optimized with the Yoast SEO plugin v23.8 - https:\/\/yoast.com\/wordpress\/plugins\/seo\/ -->\n<title>Nova regra traz IPVA zerado pra quase 8 milh\u00f5es de ve\u00edculos e traz al\u00edvio para motoristas de todo pa\u00eds - Estado de Minas - Em foco<\/title>\n<meta name=\"description\" content=\"Seu carro fabricado at\u00e9 2006 pode estar livre do imposto. Entenda como a nova regra do IPVA unificou a isen\u00e7\u00e3o em todo o Brasil.\" \/>\n<meta name=\"robots\" content=\"index, follow, max-snippet:-1, max-image-preview:large, max-video-preview:-1\" \/>\n<link rel=\"canonical\" href=\"https:\/\/www.em.com.br\/emfoco\/2026\/04\/28\/nova-regra-traz-ipva-zerado-pra-quase-8-milhoes-de-veiculos-e-traz-alivio-para-motoristas-de-todo-pais\/\" \/>\n<meta property=\"og:locale\" content=\"pt_BR\" \/>\n<meta property=\"og:type\" content=\"article\" \/>\n<meta property=\"og:title\" content=\"Nova regra traz IPVA zerado pra quase 8 milh\u00f5es de ve\u00edculos e traz al\u00edvio para motoristas de todo pa\u00eds - Estado de Minas - Em foco\" \/>\n<meta property=\"og:description\" content=\"Seu carro fabricado at\u00e9 2006 pode estar livre do imposto. Entenda como a nova regra do IPVA unificou a isen\u00e7\u00e3o em todo o Brasil.\" \/>\n<meta property=\"og:url\" content=\"https:\/\/www.em.com.br\/emfoco\/2026\/04\/28\/nova-regra-traz-ipva-zerado-pra-quase-8-milhoes-de-veiculos-e-traz-alivio-para-motoristas-de-todo-pais\/\" \/>\n<meta property=\"og:site_name\" content=\"Estado de Minas - Em foco\" \/>\n<meta property=\"article:published_time\" content=\"2026-04-29T00:45:00+00:00\" \/>\n<meta property=\"article:modified_time\" content=\"2026-04-27T18:21:11+00:00\" \/>\n<meta property=\"og:image\" content=\"https:\/\/www.em.com.br\/emfoco\/wp-content\/uploads\/2026\/04\/EmFoco_10-8.jpg\" \/>\n\t<meta property=\"og:image:width\" content=\"1280\" \/>\n\t<meta property=\"og:image:height\" content=\"720\" \/>\n\t<meta property=\"og:image:type\" content=\"image\/jpeg\" \/>\n<meta name=\"author\" content=\"Guilherme Ara\u00fajo\" \/>\n<meta name=\"twitter:card\" content=\"summary_large_image\" \/>\n<meta name=\"twitter:label1\" content=\"Escrito por\" \/>\n\t<meta name=\"twitter:data1\" content=\"Guilherme Ara\u00fajo\" \/>\n\t<meta name=\"twitter:label2\" content=\"Est. tempo de leitura\" \/>\n\t<meta name=\"twitter:data2\" content=\"4 minutos\" \/>\n<!-- \/ Yoast SEO plugin. -->","yoast_head_json":{"title":"Nova regra traz IPVA zerado pra quase 8 milh\u00f5es de ve\u00edculos e traz al\u00edvio para motoristas de todo pa\u00eds - Estado de Minas - Em foco","description":"Seu carro fabricado at\u00e9 2006 pode estar livre do imposto. Entenda como a nova regra do IPVA unificou a isen\u00e7\u00e3o em todo o Brasil.","robots":{"index":"index","follow":"follow","max-snippet":"max-snippet:-1","max-image-preview":"max-image-preview:large","max-video-preview":"max-video-preview:-1"},"canonical":"https:\/\/www.em.com.br\/emfoco\/2026\/04\/28\/nova-regra-traz-ipva-zerado-pra-quase-8-milhoes-de-veiculos-e-traz-alivio-para-motoristas-de-todo-pais\/","og_locale":"pt_BR","og_type":"article","og_title":"Nova regra traz IPVA zerado pra quase 8 milh\u00f5es de ve\u00edculos e traz al\u00edvio para motoristas de todo pa\u00eds - Estado de Minas - Em foco","og_description":"Seu carro fabricado at\u00e9 2006 pode estar livre do imposto. Entenda como a nova regra do IPVA unificou a isen\u00e7\u00e3o em todo o Brasil.","og_url":"https:\/\/www.em.com.br\/emfoco\/2026\/04\/28\/nova-regra-traz-ipva-zerado-pra-quase-8-milhoes-de-veiculos-e-traz-alivio-para-motoristas-de-todo-pais\/","og_site_name":"Estado de Minas - Em foco","article_published_time":"2026-04-29T00:45:00+00:00","article_modified_time":"2026-04-27T18:21:11+00:00","og_image":[{"width":1280,"height":720,"url":"https:\/\/www.em.com.br\/emfoco\/wp-content\/uploads\/2026\/04\/EmFoco_10-8.jpg","type":"image\/jpeg"}],"author":"Guilherme Ara\u00fajo","twitter_card":"summary_large_image","twitter_misc":{"Escrito por":"Guilherme Ara\u00fajo","Est. tempo de leitura":"4 minutos"},"schema":{"@context":"https:\/\/schema.org","@graph":[{"@type":"WebPage","@id":"https:\/\/www.em.com.br\/emfoco\/2026\/04\/28\/nova-regra-traz-ipva-zerado-pra-quase-8-milhoes-de-veiculos-e-traz-alivio-para-motoristas-de-todo-pais\/","url":"https:\/\/www.em.com.br\/emfoco\/2026\/04\/28\/nova-regra-traz-ipva-zerado-pra-quase-8-milhoes-de-veiculos-e-traz-alivio-para-motoristas-de-todo-pais\/","name":"Nova regra traz IPVA zerado pra quase 8 milh\u00f5es de ve\u00edculos e traz al\u00edvio para motoristas de todo pa\u00eds - Estado de Minas - Em foco","isPartOf":{"@id":"https:\/\/www.em.com.br\/emfoco\/#website"},"primaryImageOfPage":{"@id":"https:\/\/www.em.com.br\/emfoco\/2026\/04\/28\/nova-regra-traz-ipva-zerado-pra-quase-8-milhoes-de-veiculos-e-traz-alivio-para-motoristas-de-todo-pais\/#primaryimage"},"image":{"@id":"https:\/\/www.em.com.br\/emfoco\/2026\/04\/28\/nova-regra-traz-ipva-zerado-pra-quase-8-milhoes-de-veiculos-e-traz-alivio-para-motoristas-de-todo-pais\/#primaryimage"},"thumbnailUrl":"https:\/\/www.em.com.br\/emfoco\/wp-content\/uploads\/2026\/04\/EmFoco_10-8.jpg","datePublished":"2026-04-29T00:45:00+00:00","dateModified":"2026-04-27T18:21:11+00:00","author":{"@id":"https:\/\/www.em.com.br\/emfoco\/#\/schema\/person\/5379e929a4b966c775d121e23f9bb421"},"description":"Seu carro fabricado at\u00e9 2006 pode estar livre do imposto. Entenda como a nova regra do IPVA unificou a isen\u00e7\u00e3o em todo o Brasil.","breadcrumb":{"@id":"https:\/\/www.em.com.br\/emfoco\/2026\/04\/28\/nova-regra-traz-ipva-zerado-pra-quase-8-milhoes-de-veiculos-e-traz-alivio-para-motoristas-de-todo-pais\/#breadcrumb"},"inLanguage":"pt-BR","potentialAction":[{"@type":"ReadAction","target":["https:\/\/www.em.com.br\/emfoco\/2026\/04\/28\/nova-regra-traz-ipva-zerado-pra-quase-8-milhoes-de-veiculos-e-traz-alivio-para-motoristas-de-todo-pais\/"]}]},{"@type":"ImageObject","inLanguage":"pt-BR","@id":"https:\/\/www.em.com.br\/emfoco\/2026\/04\/28\/nova-regra-traz-ipva-zerado-pra-quase-8-milhoes-de-veiculos-e-traz-alivio-para-motoristas-de-todo-pais\/#primaryimage","url":"https:\/\/www.em.com.br\/emfoco\/wp-content\/uploads\/2026\/04\/EmFoco_10-8.jpg","contentUrl":"https:\/\/www.em.com.br\/emfoco\/wp-content\/uploads\/2026\/04\/EmFoco_10-8.jpg","width":1280,"height":720,"caption":"Regra federal unifica isen\u00e7\u00e3o de IPVA para ve\u00edculos com vinte anos de fabrica\u00e7\u00e3o"},{"@type":"BreadcrumbList","@id":"https:\/\/www.em.com.br\/emfoco\/2026\/04\/28\/nova-regra-traz-ipva-zerado-pra-quase-8-milhoes-de-veiculos-e-traz-alivio-para-motoristas-de-todo-pais\/#breadcrumb","itemListElement":[{"@type":"ListItem","position":1,"name":"In\u00edcio","item":"https:\/\/www.em.com.br\/emfoco\/"},{"@type":"ListItem","position":2,"name":"Nova regra traz IPVA zerado pra quase 8 milh\u00f5es de ve\u00edculos e traz al\u00edvio para motoristas de todo pa\u00eds"}]},{"@type":"WebSite","@id":"https:\/\/www.em.com.br\/emfoco\/#website","url":"https:\/\/www.em.com.br\/emfoco\/","name":"Estado de Minas - Em foco","description":"Acompanhe as \u00faltimas not\u00edcias e fique bem informado sobre tudo o que acontece em Minas Gerais, Brasil e no mundo.","potentialAction":[{"@type":"SearchAction","target":{"@type":"EntryPoint","urlTemplate":"https:\/\/www.em.com.br\/emfoco\/?s={search_term_string}"},"query-input":{"@type":"PropertyValueSpecification","valueRequired":true,"valueName":"search_term_string"}}],"inLanguage":"pt-BR"},{"@type":"Person","@id":"https:\/\/www.em.com.br\/emfoco\/#\/schema\/person\/5379e929a4b966c775d121e23f9bb421","name":"Guilherme Ara\u00fajo","image":{"@type":"ImageObject","inLanguage":"pt-BR","@id":"https:\/\/www.em.com.br\/emfoco\/#\/schema\/person\/image\/","url":"https:\/\/secure.gravatar.com\/avatar\/b8bf1fd0130e170bd8f5d7298dbafa25?s=96&d=mm&r=g","contentUrl":"https:\/\/secure.gravatar.com\/avatar\/b8bf1fd0130e170bd8f5d7298dbafa25?s=96&d=mm&r=g","caption":"Guilherme Ara\u00fajo"},"sameAs":["https:\/\/www.em.com.br\/emfoco"],"url":"https:\/\/www.em.com.br\/emfoco\/author\/guilhermeamyth\/"}]}},"_links":{"self":[{"href":"https:\/\/www.em.com.br\/emfoco\/wp-json\/wp\/v2\/posts\/200326","targetHints":{"allow":["GET"]}}],"collection":[{"href":"https:\/\/www.em.com.br\/emfoco\/wp-json\/wp\/v2\/posts"}],"about":[{"href":"https:\/\/www.em.com.br\/emfoco\/wp-json\/wp\/v2\/types\/post"}],"author":[{"embeddable":true,"href":"https:\/\/www.em.com.br\/emfoco\/wp-json\/wp\/v2\/users\/30"}],"replies":[{"embeddable":true,"href":"https:\/\/www.em.com.br\/emfoco\/wp-json\/wp\/v2\/comments?post=200326"}],"version-history":[{"count":1,"href":"https:\/\/www.em.com.br\/emfoco\/wp-json\/wp\/v2\/posts\/200326\/revisions"}],"predecessor-version":[{"id":200341,"href":"https:\/\/www.em.com.br\/emfoco\/wp-json\/wp\/v2\/posts\/200326\/revisions\/200341"}],"wp:featuredmedia":[{"embeddable":true,"href":"https:\/\/www.em.com.br\/emfoco\/wp-json\/wp\/v2\/media\/200581"}],"wp:attachment":[{"href":"https:\/\/www.em.com.br\/emfoco\/wp-json\/wp\/v2\/media?parent=200326"}],"wp:term":[{"taxonomy":"category","embeddable":true,"href":"https:\/\/www.em.com.br\/emfoco\/wp-json\/wp\/v2\/categories?post=200326"},{"taxonomy":"post_tag","embeddable":true,"href":"https:\/\/www.em.com.br\/emfoco\/wp-json\/wp\/v2\/tags?post=200326"}],"curies":[{"name":"wp","href":"https:\/\/api.w.org\/{rel}","templated":true}]}}