{"id":200325,"date":"2026-04-28T20:25:00","date_gmt":"2026-04-28T23:25:00","guid":{"rendered":"https:\/\/www.em.com.br\/emfoco\/?p=200325"},"modified":"2026-04-27T15:21:19","modified_gmt":"2026-04-27T18:21:19","slug":"quem-ganha-r-2-100-e-tem-2-filhos-paga-quanto-de-pensao-veja-calculo","status":"publish","type":"post","link":"https:\/\/www.em.com.br\/emfoco\/2026\/04\/28\/quem-ganha-r-2-100-e-tem-2-filhos-paga-quanto-de-pensao-veja-calculo\/","title":{"rendered":"Quem ganha R$ 2.100 e tem 2 filhos paga quanto de pens\u00e3o? Veja c\u00e1lculo"},"content":{"rendered":"\n<p>O c\u00e1lculo da <strong>pens\u00e3o aliment\u00edcia<\/strong> gera muitas d\u00favidas, especialmente quando a renda do pai est\u00e1 pr\u00f3xima ao piso nacional. Em <strong>2026<\/strong>, com o sal\u00e1rio m\u00ednimo fixado em <strong>R$ 1.621,00<\/strong>, o equil\u00edbrio entre as necessidades dos filhos e a subsist\u00eancia do alimentante \u00e9 rigoroso.<\/p>\n\n\n\n<h2 class=\"wp-block-heading\">Como \u00e9 definida a base de c\u00e1lculo da pens\u00e3o?<\/h2>\n\n\n\n<p>A justi\u00e7a n\u00e3o utiliza o sal\u00e1rio bruto para definir o valor dos alimentos, mas sim o rendimento l\u00edquido. Para um pai que recebe <strong>R$ 2.100,00<\/strong>, o c\u00e1lculo desconta primeiro a contribui\u00e7\u00e3o previdenci\u00e1ria progressiva do <strong><a href=\"https:\/\/www.em.com.br\/emfoco\/2026\/04\/25\/aposentados-do-inss-podem-ter-acesso-a-passagens-aereas-a-partir-de-r-200-com-novo-programa\/\" target=\"_blank\" rel=\"noreferrer noopener\">INSS<\/a><\/strong>, que soma aproximadamente <strong>R$ 167,82<\/strong>.<\/p>\n\n\n\n<p>Como essa faixa salarial est\u00e1 isenta de Imposto de Renda em <strong>2026<\/strong>, a renda l\u00edquida estimada para basear a <strong>pens\u00e3o aliment\u00edcia<\/strong> fica em torno de <strong>R$ 1.932,00<\/strong>. \u00c9 sobre esse montante que o juiz aplicar\u00e1 o percentual destinado aos dependentes conforme o bin\u00f4mio necessidade e possibilidade.<\/p>\n\n\n<div class=\"wp-block-image\">\n<figure class=\"aligncenter size-large\"><img loading=\"lazy\" decoding=\"async\" width=\"1024\" height=\"576\" src=\"https:\/\/www.em.com.br\/emfoco\/wp-content\/uploads\/2026\/04\/ppanejanemtno-1024x576.jpg\" alt=\"Valor da pens\u00e3o aliment\u00edcia para pai de dois filhos com renda de dois mil e cem reais\" class=\"wp-image-200334\" srcset=\"https:\/\/www.em.com.br\/emfoco\/wp-content\/uploads\/2026\/04\/ppanejanemtno-1024x576.jpg 1024w, https:\/\/www.em.com.br\/emfoco\/wp-content\/uploads\/2026\/04\/ppanejanemtno-300x169.jpg 300w, https:\/\/www.em.com.br\/emfoco\/wp-content\/uploads\/2026\/04\/ppanejanemtno-768x432.jpg 768w, https:\/\/www.em.com.br\/emfoco\/wp-content\/uploads\/2026\/04\/ppanejanemtno-750x422.jpg 750w, https:\/\/www.em.com.br\/emfoco\/wp-content\/uploads\/2026\/04\/ppanejanemtno-1140x641.jpg 1140w, https:\/\/www.em.com.br\/emfoco\/wp-content\/uploads\/2026\/04\/ppanejanemtno.jpg 1280w\" sizes=\"auto, (max-width: 1024px) 100vw, 1024px\" \/><figcaption class=\"wp-element-caption\">Valor da pens\u00e3o aliment\u00edcia para pai de dois filhos com renda de dois mil e cem reais<\/figcaption><\/figure><\/div>\n\n\n<h2 class=\"wp-block-heading\">Quanto um pai de 2 filhos deve pagar proporcionalmente?<\/h2>\n\n\n\n<p>N\u00e3o existe um valor fixo em lei, mas a jurisprud\u00eancia costuma aplicar entre <strong>33% e 40%<\/strong> da renda l\u00edquida para quem possui dois filhos. Quando o sal\u00e1rio \u00e9 mais baixo, os magistrados tendem a utilizar o limite inferior dessa margem para preservar o m\u00ednimo existencial do pagador.<\/p>\n\n\n\n<p>Considerando a renda l\u00edquida de <strong>R$ 1.932,00<\/strong>, os valores m\u00e9dios aplicados em varas de fam\u00edlia seguem uma l\u00f3gica proporcional. Confira as proje\u00e7\u00f5es de valores totais e por dependente para o ano de <strong>2026<\/strong>:<\/p>\n\n\n<div class=\"wp-block-image\">\n<figure class=\"aligncenter size-large is-resized\"><img loading=\"lazy\" decoding=\"async\" width=\"1024\" height=\"705\" src=\"https:\/\/www.em.com.br\/emfoco\/wp-content\/uploads\/2026\/04\/image-234-1024x705.png\" alt=\"\" class=\"wp-image-200328\" style=\"width:768px;height:auto\" srcset=\"https:\/\/www.em.com.br\/emfoco\/wp-content\/uploads\/2026\/04\/image-234-1024x705.png 1024w, https:\/\/www.em.com.br\/emfoco\/wp-content\/uploads\/2026\/04\/image-234-300x206.png 300w, https:\/\/www.em.com.br\/emfoco\/wp-content\/uploads\/2026\/04\/image-234-768x529.png 768w, https:\/\/www.em.com.br\/emfoco\/wp-content\/uploads\/2026\/04\/image-234-750x516.png 750w, https:\/\/www.em.com.br\/emfoco\/wp-content\/uploads\/2026\/04\/image-234-1140x785.png 1140w, https:\/\/www.em.com.br\/emfoco\/wp-content\/uploads\/2026\/04\/image-234.png 1280w\" sizes=\"auto, (max-width: 1024px) 100vw, 1024px\" \/><\/figure><\/div>\n\n\n<h2 class=\"wp-block-heading\">O que o C\u00f3digo Civil diz sobre o valor da pens\u00e3o?<\/h2>\n\n\n\n<p>A legisla\u00e7\u00e3o brasileira estabelece que os alimentos devem ser fixados na propor\u00e7\u00e3o das necessidades do reclamante e dos recursos da pessoa obrigada. Esse princ\u00edpio est\u00e1 fundamentado no <a href=\"http:\/\/www.planalto.gov.br\/ccivil_03\/leis\/2002\/l10406compilada.htm\" target=\"_blank\" rel=\"noreferrer noopener\">C\u00f3digo Civil<\/a>, que busca evitar o enriquecimento sem causa ou a mis\u00e9ria do devedor.<\/p>\n\n\n\n<p>Em julgamentos recentes de <strong>2026<\/strong>, o Superior Tribunal de Justi\u00e7a reafirmou que verbas como <strong>FGTS<\/strong> e participa\u00e7\u00f5es nos lucros (<strong>PLR<\/strong>) tamb\u00e9m podem compor a base de c\u00e1lculo. Isso ocorre sempre que tais recebimentos possu\u00edrem car\u00e1ter habitual, aumentando o valor final recebido pelos filhos.<\/p>\n\n\n\n<h2 class=\"wp-block-heading\">Qual o impacto da renda informal no c\u00e1lculo?<\/h2>\n\n\n\n<p>Se o pai trabalha como aut\u00f4nomo ou n\u00e3o possui registro em carteira, a justi\u00e7a geralmente utiliza o sal\u00e1rio m\u00ednimo nacional como refer\u00eancia. Com o piso de <strong>R$ 1.621,00<\/strong> em vigor, uma <strong>pens\u00e3o aliment\u00edcia<\/strong> de <strong>33%<\/strong> resultaria em <strong>R$ 534,93<\/strong> para os dois filhos.<\/p>\n\n\n\n<p>Se a m\u00e3e provar por redes sociais, extratos ou sinais de riqueza que a renda real \u00e9 maior, o juiz pode aumentar o valor. Decis\u00f5es de abril de 2026 tamb\u00e9m tratam da penhora de bens em caso de inadimpl\u00eancia.<\/p>\n\n\n<div class=\"wp-block-image\">\n<figure class=\"aligncenter size-large\"><img loading=\"lazy\" decoding=\"async\" width=\"1024\" height=\"576\" src=\"https:\/\/www.em.com.br\/emfoco\/wp-content\/uploads\/2026\/04\/pai-1-1024x576.jpg\" alt=\"C\u00e1lculo da pens\u00e3o aliment\u00edcia para pai com dois dependentes e sal\u00e1rio de dois mil e cem reais\" class=\"wp-image-200336\" srcset=\"https:\/\/www.em.com.br\/emfoco\/wp-content\/uploads\/2026\/04\/pai-1-1024x576.jpg 1024w, https:\/\/www.em.com.br\/emfoco\/wp-content\/uploads\/2026\/04\/pai-1-300x169.jpg 300w, https:\/\/www.em.com.br\/emfoco\/wp-content\/uploads\/2026\/04\/pai-1-768x432.jpg 768w, https:\/\/www.em.com.br\/emfoco\/wp-content\/uploads\/2026\/04\/pai-1-750x422.jpg 750w, https:\/\/www.em.com.br\/emfoco\/wp-content\/uploads\/2026\/04\/pai-1-1140x641.jpg 1140w, https:\/\/www.em.com.br\/emfoco\/wp-content\/uploads\/2026\/04\/pai-1.jpg 1280w\" sizes=\"auto, (max-width: 1024px) 100vw, 1024px\" \/><figcaption class=\"wp-element-caption\">C\u00e1lculo da pens\u00e3o aliment\u00edcia para pai com dois dependentes e sal\u00e1rio de dois mil e cem reais<\/figcaption><\/figure><\/div>\n\n\n<h2 class=\"wp-block-heading\">Como solicitar a revis\u00e3o do valor pago?<\/h2>\n\n\n\n<p>Tanto quem paga quanto quem recebe pode pedir a revis\u00e3o judicial se houver altera\u00e7\u00e3o na situa\u00e7\u00e3o financeira. Se o pai tiver um<strong> terceiro filho<\/strong> ou se sua renda diminuir drasticamente, ele deve entrar com uma <strong>a\u00e7\u00e3o de revisional de alimentos<\/strong> para ajustar o percentual legalmente.<\/p>\n\n\n\n<h2 class=\"wp-block-heading\">O que acontece se o pai n\u00e3o pagar a pens\u00e3o?<\/h2>\n\n\n\n<p>O atraso no pagamento pode gerar consequ\u00eancias graves, que v\u00e3o desde a negativa\u00e7\u00e3o do nome em cadastros de cr\u00e9dito at\u00e9 a pris\u00e3o civil. Em <strong>2026<\/strong>, o sistema judici\u00e1rio est\u00e1 mais \u00e1gil no bloqueio de contas banc\u00e1rias e ativos digitais para garantir o sustento dos menores.<\/p>\n\n\n\n<p>Manter o di\u00e1logo e formalizar qualquer acordo na justi\u00e7a \u00e9 o caminho mais seguro para ambas as partes. A <strong>pens\u00e3o aliment\u00edcia<\/strong> \u00e9 um direito indispon\u00edvel da crian\u00e7a e deve ser priorizada, garantindo que os <strong>R$ 2.100,00<\/strong> de renda sejam distribu\u00eddos de forma justa e digna para todos os envolvidos.<\/p>\n","protected":false},"excerpt":{"rendered":"<p>O c\u00e1lculo da pens\u00e3o aliment\u00edcia gera muitas d\u00favidas, especialmente quando a renda do pai est\u00e1 pr\u00f3xima ao piso nacional. Em 2026, com o sal\u00e1rio m\u00ednimo fixado em R$ 1.621,00, o equil\u00edbrio entre as necessidades dos filhos e a subsist\u00eancia do alimentante \u00e9 rigoroso. Como \u00e9 definida a base de c\u00e1lculo da pens\u00e3o? A justi\u00e7a n\u00e3o [&hellip;]<\/p>\n","protected":false},"author":30,"featured_media":200580,"comment_status":"open","ping_status":"open","sticky":false,"template":"","format":"standard","meta":{"jnews-multi-image_gallery":[],"jnews_single_post":{"format":"standard"},"jnews_primary_category":[],"jnews_social_meta":[],"jnews_override_counter":[],"footnotes":""},"categories":[28],"tags":[14341,9442,26677,182,765],"class_list":["post-200325","post","type-post","status-publish","format-standard","has-post-thumbnail","hentry","category-economia","tag-ctb","tag-multa","tag-prf","tag-seguranca","tag-transito"],"yoast_head":"<!-- This site is optimized with the Yoast SEO plugin v23.8 - https:\/\/yoast.com\/wordpress\/plugins\/seo\/ -->\n<title>Quem ganha R$ 2.100 e tem 2 filhos paga quanto de pens\u00e3o? Veja c\u00e1lculo - Estado de Minas - Em foco<\/title>\n<meta name=\"description\" content=\"Veja o c\u00e1lculo da pens\u00e3o para quem ganha R$ 2.100 e tem 2 filhos. Entenda o equil\u00edbrio com o sal\u00e1rio m\u00ednimo de R$ 1.621 em 2026.\" \/>\n<meta name=\"robots\" content=\"index, follow, max-snippet:-1, max-image-preview:large, max-video-preview:-1\" \/>\n<link rel=\"canonical\" href=\"https:\/\/www.em.com.br\/emfoco\/2026\/04\/28\/quem-ganha-r-2-100-e-tem-2-filhos-paga-quanto-de-pensao-veja-calculo\/\" \/>\n<meta property=\"og:locale\" content=\"pt_BR\" \/>\n<meta property=\"og:type\" content=\"article\" \/>\n<meta property=\"og:title\" content=\"Quem ganha R$ 2.100 e tem 2 filhos paga quanto de pens\u00e3o? Veja c\u00e1lculo - Estado de Minas - Em foco\" \/>\n<meta property=\"og:description\" content=\"Veja o c\u00e1lculo da pens\u00e3o para quem ganha R$ 2.100 e tem 2 filhos. Entenda o equil\u00edbrio com o sal\u00e1rio m\u00ednimo de R$ 1.621 em 2026.\" \/>\n<meta property=\"og:url\" content=\"https:\/\/www.em.com.br\/emfoco\/2026\/04\/28\/quem-ganha-r-2-100-e-tem-2-filhos-paga-quanto-de-pensao-veja-calculo\/\" \/>\n<meta property=\"og:site_name\" content=\"Estado de Minas - Em foco\" \/>\n<meta property=\"article:published_time\" content=\"2026-04-28T23:25:00+00:00\" \/>\n<meta property=\"article:modified_time\" content=\"2026-04-27T18:21:19+00:00\" \/>\n<meta property=\"og:image\" content=\"https:\/\/www.em.com.br\/emfoco\/wp-content\/uploads\/2026\/04\/EmFoco_11-8.jpg\" \/>\n\t<meta property=\"og:image:width\" content=\"1280\" \/>\n\t<meta property=\"og:image:height\" content=\"720\" \/>\n\t<meta property=\"og:image:type\" content=\"image\/jpeg\" \/>\n<meta name=\"author\" content=\"Guilherme Ara\u00fajo\" \/>\n<meta name=\"twitter:card\" content=\"summary_large_image\" \/>\n<meta name=\"twitter:label1\" content=\"Escrito por\" \/>\n\t<meta name=\"twitter:data1\" content=\"Guilherme Ara\u00fajo\" \/>\n\t<meta name=\"twitter:label2\" content=\"Est. tempo de leitura\" \/>\n\t<meta name=\"twitter:data2\" content=\"5 minutos\" \/>\n<!-- \/ Yoast SEO plugin. -->","yoast_head_json":{"title":"Quem ganha R$ 2.100 e tem 2 filhos paga quanto de pens\u00e3o? Veja c\u00e1lculo - Estado de Minas - Em foco","description":"Veja o c\u00e1lculo da pens\u00e3o para quem ganha R$ 2.100 e tem 2 filhos. Entenda o equil\u00edbrio com o sal\u00e1rio m\u00ednimo de R$ 1.621 em 2026.","robots":{"index":"index","follow":"follow","max-snippet":"max-snippet:-1","max-image-preview":"max-image-preview:large","max-video-preview":"max-video-preview:-1"},"canonical":"https:\/\/www.em.com.br\/emfoco\/2026\/04\/28\/quem-ganha-r-2-100-e-tem-2-filhos-paga-quanto-de-pensao-veja-calculo\/","og_locale":"pt_BR","og_type":"article","og_title":"Quem ganha R$ 2.100 e tem 2 filhos paga quanto de pens\u00e3o? Veja c\u00e1lculo - Estado de Minas - Em foco","og_description":"Veja o c\u00e1lculo da pens\u00e3o para quem ganha R$ 2.100 e tem 2 filhos. Entenda o equil\u00edbrio com o sal\u00e1rio m\u00ednimo de R$ 1.621 em 2026.","og_url":"https:\/\/www.em.com.br\/emfoco\/2026\/04\/28\/quem-ganha-r-2-100-e-tem-2-filhos-paga-quanto-de-pensao-veja-calculo\/","og_site_name":"Estado de Minas - Em foco","article_published_time":"2026-04-28T23:25:00+00:00","article_modified_time":"2026-04-27T18:21:19+00:00","og_image":[{"width":1280,"height":720,"url":"https:\/\/www.em.com.br\/emfoco\/wp-content\/uploads\/2026\/04\/EmFoco_11-8.jpg","type":"image\/jpeg"}],"author":"Guilherme Ara\u00fajo","twitter_card":"summary_large_image","twitter_misc":{"Escrito por":"Guilherme Ara\u00fajo","Est. tempo de leitura":"5 minutos"},"schema":{"@context":"https:\/\/schema.org","@graph":[{"@type":"WebPage","@id":"https:\/\/www.em.com.br\/emfoco\/2026\/04\/28\/quem-ganha-r-2-100-e-tem-2-filhos-paga-quanto-de-pensao-veja-calculo\/","url":"https:\/\/www.em.com.br\/emfoco\/2026\/04\/28\/quem-ganha-r-2-100-e-tem-2-filhos-paga-quanto-de-pensao-veja-calculo\/","name":"Quem ganha R$ 2.100 e tem 2 filhos paga quanto de pens\u00e3o? Veja c\u00e1lculo - Estado de Minas - Em foco","isPartOf":{"@id":"https:\/\/www.em.com.br\/emfoco\/#website"},"primaryImageOfPage":{"@id":"https:\/\/www.em.com.br\/emfoco\/2026\/04\/28\/quem-ganha-r-2-100-e-tem-2-filhos-paga-quanto-de-pensao-veja-calculo\/#primaryimage"},"image":{"@id":"https:\/\/www.em.com.br\/emfoco\/2026\/04\/28\/quem-ganha-r-2-100-e-tem-2-filhos-paga-quanto-de-pensao-veja-calculo\/#primaryimage"},"thumbnailUrl":"https:\/\/www.em.com.br\/emfoco\/wp-content\/uploads\/2026\/04\/EmFoco_11-8.jpg","datePublished":"2026-04-28T23:25:00+00:00","dateModified":"2026-04-27T18:21:19+00:00","author":{"@id":"https:\/\/www.em.com.br\/emfoco\/#\/schema\/person\/5379e929a4b966c775d121e23f9bb421"},"description":"Veja o c\u00e1lculo da pens\u00e3o para quem ganha R$ 2.100 e tem 2 filhos. Entenda o equil\u00edbrio com o sal\u00e1rio m\u00ednimo de R$ 1.621 em 2026.","breadcrumb":{"@id":"https:\/\/www.em.com.br\/emfoco\/2026\/04\/28\/quem-ganha-r-2-100-e-tem-2-filhos-paga-quanto-de-pensao-veja-calculo\/#breadcrumb"},"inLanguage":"pt-BR","potentialAction":[{"@type":"ReadAction","target":["https:\/\/www.em.com.br\/emfoco\/2026\/04\/28\/quem-ganha-r-2-100-e-tem-2-filhos-paga-quanto-de-pensao-veja-calculo\/"]}]},{"@type":"ImageObject","inLanguage":"pt-BR","@id":"https:\/\/www.em.com.br\/emfoco\/2026\/04\/28\/quem-ganha-r-2-100-e-tem-2-filhos-paga-quanto-de-pensao-veja-calculo\/#primaryimage","url":"https:\/\/www.em.com.br\/emfoco\/wp-content\/uploads\/2026\/04\/EmFoco_11-8.jpg","contentUrl":"https:\/\/www.em.com.br\/emfoco\/wp-content\/uploads\/2026\/04\/EmFoco_11-8.jpg","width":1280,"height":720,"caption":"Justi\u00e7a define valor da pens\u00e3o com base no rendimento l\u00edquido e necessidades b\u00e1sicas"},{"@type":"BreadcrumbList","@id":"https:\/\/www.em.com.br\/emfoco\/2026\/04\/28\/quem-ganha-r-2-100-e-tem-2-filhos-paga-quanto-de-pensao-veja-calculo\/#breadcrumb","itemListElement":[{"@type":"ListItem","position":1,"name":"In\u00edcio","item":"https:\/\/www.em.com.br\/emfoco\/"},{"@type":"ListItem","position":2,"name":"Quem ganha R$ 2.100 e tem 2 filhos paga quanto de pens\u00e3o? Veja c\u00e1lculo"}]},{"@type":"WebSite","@id":"https:\/\/www.em.com.br\/emfoco\/#website","url":"https:\/\/www.em.com.br\/emfoco\/","name":"Estado de Minas - Em foco","description":"Acompanhe as \u00faltimas not\u00edcias e fique bem informado sobre tudo o que acontece em Minas Gerais, Brasil e no mundo.","potentialAction":[{"@type":"SearchAction","target":{"@type":"EntryPoint","urlTemplate":"https:\/\/www.em.com.br\/emfoco\/?s={search_term_string}"},"query-input":{"@type":"PropertyValueSpecification","valueRequired":true,"valueName":"search_term_string"}}],"inLanguage":"pt-BR"},{"@type":"Person","@id":"https:\/\/www.em.com.br\/emfoco\/#\/schema\/person\/5379e929a4b966c775d121e23f9bb421","name":"Guilherme Ara\u00fajo","image":{"@type":"ImageObject","inLanguage":"pt-BR","@id":"https:\/\/www.em.com.br\/emfoco\/#\/schema\/person\/image\/","url":"https:\/\/secure.gravatar.com\/avatar\/b8bf1fd0130e170bd8f5d7298dbafa25?s=96&d=mm&r=g","contentUrl":"https:\/\/secure.gravatar.com\/avatar\/b8bf1fd0130e170bd8f5d7298dbafa25?s=96&d=mm&r=g","caption":"Guilherme Ara\u00fajo"},"sameAs":["https:\/\/www.em.com.br\/emfoco"],"url":"https:\/\/www.em.com.br\/emfoco\/author\/guilhermeamyth\/"}]}},"_links":{"self":[{"href":"https:\/\/www.em.com.br\/emfoco\/wp-json\/wp\/v2\/posts\/200325","targetHints":{"allow":["GET"]}}],"collection":[{"href":"https:\/\/www.em.com.br\/emfoco\/wp-json\/wp\/v2\/posts"}],"about":[{"href":"https:\/\/www.em.com.br\/emfoco\/wp-json\/wp\/v2\/types\/post"}],"author":[{"embeddable":true,"href":"https:\/\/www.em.com.br\/emfoco\/wp-json\/wp\/v2\/users\/30"}],"replies":[{"embeddable":true,"href":"https:\/\/www.em.com.br\/emfoco\/wp-json\/wp\/v2\/comments?post=200325"}],"version-history":[{"count":1,"href":"https:\/\/www.em.com.br\/emfoco\/wp-json\/wp\/v2\/posts\/200325\/revisions"}],"predecessor-version":[{"id":200338,"href":"https:\/\/www.em.com.br\/emfoco\/wp-json\/wp\/v2\/posts\/200325\/revisions\/200338"}],"wp:featuredmedia":[{"embeddable":true,"href":"https:\/\/www.em.com.br\/emfoco\/wp-json\/wp\/v2\/media\/200580"}],"wp:attachment":[{"href":"https:\/\/www.em.com.br\/emfoco\/wp-json\/wp\/v2\/media?parent=200325"}],"wp:term":[{"taxonomy":"category","embeddable":true,"href":"https:\/\/www.em.com.br\/emfoco\/wp-json\/wp\/v2\/categories?post=200325"},{"taxonomy":"post_tag","embeddable":true,"href":"https:\/\/www.em.com.br\/emfoco\/wp-json\/wp\/v2\/tags?post=200325"}],"curies":[{"name":"wp","href":"https:\/\/api.w.org\/{rel}","templated":true}]}}