{"id":200324,"date":"2026-04-28T18:45:00","date_gmt":"2026-04-28T21:45:00","guid":{"rendered":"https:\/\/www.em.com.br\/emfoco\/?p=200324"},"modified":"2026-04-27T15:21:34","modified_gmt":"2026-04-27T18:21:34","slug":"motoristas-podem-levar-multa-de-r-130-por-falha-simples-no-farol-alerta-prf","status":"publish","type":"post","link":"https:\/\/www.em.com.br\/emfoco\/2026\/04\/28\/motoristas-podem-levar-multa-de-r-130-por-falha-simples-no-farol-alerta-prf\/","title":{"rendered":"Motoristas podem levar multa de R$ 130 por falha simples no farol, alerta PRF"},"content":{"rendered":"\n<p>Uma <strong>falha no farol<\/strong> do ve\u00edculo, por mais simples que pare\u00e7a, pode interromper sua viagem imediatamente em <strong>2026<\/strong>. As opera\u00e7\u00f5es de fiscaliza\u00e7\u00e3o da <strong>PRF<\/strong> est\u00e3o rigorosas quanto ao estado dos equipamentos de seguran\u00e7a ativa.<\/p>\n\n\n\n<h2 class=\"wp-block-heading\">Qual a puni\u00e7\u00e3o para quem circula com farol queimado?<\/h2>\n\n\n\n<p>Circular com qualquer l\u00e2mpada do sistema de ilumina\u00e7\u00e3o queimada \u00e9 considerado uma <strong>infra\u00e7\u00e3o m\u00e9dia<\/strong> pelo C\u00f3digo de Tr\u00e2nsito. O condutor recebe uma multa de <strong>R$ 130,16<\/strong> e acumula <strong>4 pontos<\/strong> em sua carteira de habilita\u00e7\u00e3o.<\/p>\n\n\n\n<p>Al\u00e9m do preju\u00edzo financeiro, o ve\u00edculo fica retido no local da abordagem at\u00e9 que o problema seja resolvido. Se o motorista n\u00e3o possuir uma l\u00e2mpada reserva para troca imediata, o autom\u00f3vel pode ser removido por um guincho, gerando custos extras de p\u00e1tio.<\/p>\n\n\n<div class=\"wp-block-image\">\n<figure class=\"aligncenter size-large\"><img loading=\"lazy\" decoding=\"async\" width=\"1024\" height=\"576\" src=\"https:\/\/www.em.com.br\/emfoco\/wp-content\/uploads\/2026\/04\/nevoa-1024x576.jpg\" alt=\"Multa por irregularidade no sistema de ilumina\u00e7\u00e3o gera alerta da prf aos motoristas brasileiros\" class=\"wp-image-200333\" srcset=\"https:\/\/www.em.com.br\/emfoco\/wp-content\/uploads\/2026\/04\/nevoa-1024x576.jpg 1024w, https:\/\/www.em.com.br\/emfoco\/wp-content\/uploads\/2026\/04\/nevoa-300x169.jpg 300w, https:\/\/www.em.com.br\/emfoco\/wp-content\/uploads\/2026\/04\/nevoa-768x432.jpg 768w, https:\/\/www.em.com.br\/emfoco\/wp-content\/uploads\/2026\/04\/nevoa-750x422.jpg 750w, https:\/\/www.em.com.br\/emfoco\/wp-content\/uploads\/2026\/04\/nevoa-1140x641.jpg 1140w, https:\/\/www.em.com.br\/emfoco\/wp-content\/uploads\/2026\/04\/nevoa.jpg 1280w\" sizes=\"auto, (max-width: 1024px) 100vw, 1024px\" \/><figcaption class=\"wp-element-caption\">Multa por irregularidade no sistema de ilumina\u00e7\u00e3o gera alerta da prf aos motoristas brasileiros<\/figcaption><\/figure><\/div>\n\n\n<h2 class=\"wp-block-heading\">Existe diferen\u00e7a entre farol queimado e desregulado?<\/h2>\n\n\n\n<p>Sim, e a justi\u00e7a de tr\u00e2nsito trata o farol desregulado com maior severidade. Trafegar com o facho de luz apontando para dire\u00e7\u00f5es incorretas, o que pode ofuscar outros motoristas, \u00e9 classificado como uma <strong>infra\u00e7\u00e3o grave<\/strong>.<\/p>\n\n\n\n<p>Nesse caso, o valor da autua\u00e7\u00e3o sobe para <strong>R$ 195,23<\/strong> e a pontua\u00e7\u00e3o na <strong>CNH<\/strong> salta para <strong>5 pontos<\/strong>. Manter o conjunto \u00f3ptico alinhado \u00e9 vital para a seguran\u00e7a coletiva, evitando acidentes causados pelo cegamento tempor\u00e1rio de quem vem no sentido oposto.<\/p>\n\n\n\n<h2 class=\"wp-block-heading\">Quando \u00e9 obrigat\u00f3rio ligar o farol durante o dia?<\/h2>\n\n\n\n<p>As regras de uso diurno dependem do tipo de via e das condi\u00e7\u00f5es clim\u00e1ticas. Em rodovias de pista simples, o uso do farol baixo permanece <strong>obrigat\u00f3rio<\/strong> fora do per\u00edmetro urbano, mesmo sob sol forte, para ve\u00edculos que n\u00e3o possuem <strong>DRL<\/strong>.<\/p>\n\n\n\n<p>O descumprimento dessa norma tamb\u00e9m configura uma <strong>falha no farol<\/strong> perante a fiscaliza\u00e7\u00e3o, resultando em puni\u00e7\u00e3o administrativa. Confira as situa\u00e7\u00f5es onde a ilumina\u00e7\u00e3o deve estar sempre acionada:<\/p>\n\n\n<div class=\"wp-block-image\">\n<figure class=\"aligncenter size-large is-resized\"><img loading=\"lazy\" decoding=\"async\" width=\"1024\" height=\"531\" src=\"https:\/\/www.em.com.br\/emfoco\/wp-content\/uploads\/2026\/04\/image-236-1024x531.png\" alt=\"\" class=\"wp-image-200330\" style=\"width:862px;height:auto\" srcset=\"https:\/\/www.em.com.br\/emfoco\/wp-content\/uploads\/2026\/04\/image-236-1024x531.png 1024w, https:\/\/www.em.com.br\/emfoco\/wp-content\/uploads\/2026\/04\/image-236-300x156.png 300w, https:\/\/www.em.com.br\/emfoco\/wp-content\/uploads\/2026\/04\/image-236-768x398.png 768w, https:\/\/www.em.com.br\/emfoco\/wp-content\/uploads\/2026\/04\/image-236-750x389.png 750w, https:\/\/www.em.com.br\/emfoco\/wp-content\/uploads\/2026\/04\/image-236-1140x591.png 1140w, https:\/\/www.em.com.br\/emfoco\/wp-content\/uploads\/2026\/04\/image-236.png 1280w\" sizes=\"auto, (max-width: 1024px) 100vw, 1024px\" \/><\/figure><\/div>\n\n\n<p>Leia tamb\u00e9m: <a href=\"https:\/\/www.em.com.br\/emfoco\/2026\/04\/25\/aposentados-do-inss-podem-ter-acesso-a-passagens-aereas-a-partir-de-r-200-com-novo-programa\/\" target=\"_blank\" rel=\"noreferrer noopener\">Aposentados do INSS podem ter acesso a passagens a\u00e9reas a partir de R$ 200 com novo programa<\/a><\/p>\n\n\n\n<h2 class=\"wp-block-heading\">As motos possuem regras de ilumina\u00e7\u00e3o mais r\u00edgidas?<\/h2>\n\n\n\n<p>Para os motociclistas, o rigor \u00e9 ainda maior devido \u00e0 vulnerabilidade do condutor. Conduzir moto com o farol apagado durante a noite \u00e9 uma <strong>infra\u00e7\u00e3o grav\u00edssima<\/strong>, podendo levar \u00e0 suspens\u00e3o direta do direito de dirigir em casos espec\u00edficos.<\/p>\n\n\n\n<p>Diferente dos carros, as motocicletas devem manter a luz acesa durante todo o tempo de circula\u00e7\u00e3o, seja em vias urbanas ou rurais. Essa medida, prevista no <a href=\"https:\/\/pt.wikipedia.org\/wiki\/C%C3%B3digo_de_Tr%C3%A2nsito_Brasileiro\" target=\"_blank\" rel=\"noreferrer noopener\">C\u00f3digo de Tr\u00e2nsito Brasileiro<\/a>, visa aumentar a visibilidade desses ve\u00edculos menores no fluxo intenso.<\/p>\n\n\n\n<h2 class=\"wp-block-heading\">Como recorrer de uma multa por falha no farol?<\/h2>\n\n\n\n<p>Caso o motorista considere a autua\u00e7\u00e3o injusta, ele tem o prazo de <strong>30 dias<\/strong> para apresentar sua defesa pr\u00e9via. \u00c9 fundamental anexar provas, como notas fiscais de manuten\u00e7\u00e3o recente ou fotos que comprovem o funcionamento do sistema no momento.<\/p>\n\n\n\n<p>As diretrizes para recursos administrativos est\u00e3o dispon\u00edveis no portal oficial do <a href=\"https:\/\/www.gov.br\/transportes\/pt-br\/assuntos\/transito\/senatran\" target=\"_blank\" rel=\"noreferrer noopener\">Senatran<\/a>, onde o cidad\u00e3o pode acompanhar o andamento do processo. Estar atento ao painel do carro e realizar revis\u00f5es peri\u00f3dicas evita que uma <strong>falha no farol<\/strong> comprometa seu bolso e sua seguran\u00e7a em <strong>2026<\/strong>.<\/p>\n","protected":false},"excerpt":{"rendered":"<p>Uma falha no farol do ve\u00edculo, por mais simples que pare\u00e7a, pode interromper sua viagem imediatamente em 2026. As opera\u00e7\u00f5es de fiscaliza\u00e7\u00e3o da PRF est\u00e3o rigorosas quanto ao estado dos equipamentos de seguran\u00e7a ativa. Qual a puni\u00e7\u00e3o para quem circula com farol queimado? Circular com qualquer l\u00e2mpada do sistema de ilumina\u00e7\u00e3o queimada \u00e9 considerado uma [&hellip;]<\/p>\n","protected":false},"author":30,"featured_media":200578,"comment_status":"open","ping_status":"open","sticky":false,"template":"","format":"standard","meta":{"jnews-multi-image_gallery":[],"jnews_single_post":{"format":"standard"},"jnews_primary_category":[],"jnews_social_meta":[],"jnews_override_counter":[],"footnotes":""},"categories":[1],"tags":[14341,9442,26677,182,765],"class_list":["post-200324","post","type-post","status-publish","format-standard","has-post-thumbnail","hentry","category-noticias","tag-ctb","tag-multa","tag-prf","tag-seguranca","tag-transito"],"yoast_head":"<!-- This site is optimized with the Yoast SEO plugin v23.8 - https:\/\/yoast.com\/wordpress\/plugins\/seo\/ -->\n<title>Motoristas podem levar multa de R$ 130 por falha simples no farol, alerta PRF - Estado de Minas - Em foco<\/title>\n<meta name=\"description\" content=\"Entenda a multa de R$ 130 para motoristas por falha simples no farol. Veja o alerta da PRF sobre fiscaliza\u00e7\u00e3o de equipamentos de seguran\u00e7a.\" \/>\n<meta name=\"robots\" content=\"index, follow, max-snippet:-1, max-image-preview:large, max-video-preview:-1\" \/>\n<link rel=\"canonical\" href=\"https:\/\/www.em.com.br\/emfoco\/2026\/04\/28\/motoristas-podem-levar-multa-de-r-130-por-falha-simples-no-farol-alerta-prf\/\" \/>\n<meta property=\"og:locale\" content=\"pt_BR\" \/>\n<meta property=\"og:type\" content=\"article\" \/>\n<meta property=\"og:title\" content=\"Motoristas podem levar multa de R$ 130 por falha simples no farol, alerta PRF - Estado de Minas - Em foco\" \/>\n<meta property=\"og:description\" content=\"Entenda a multa de R$ 130 para motoristas por falha simples no farol. Veja o alerta da PRF sobre fiscaliza\u00e7\u00e3o de equipamentos de seguran\u00e7a.\" \/>\n<meta property=\"og:url\" content=\"https:\/\/www.em.com.br\/emfoco\/2026\/04\/28\/motoristas-podem-levar-multa-de-r-130-por-falha-simples-no-farol-alerta-prf\/\" \/>\n<meta property=\"og:site_name\" content=\"Estado de Minas - Em foco\" \/>\n<meta property=\"article:published_time\" content=\"2026-04-28T21:45:00+00:00\" \/>\n<meta property=\"article:modified_time\" content=\"2026-04-27T18:21:34+00:00\" \/>\n<meta property=\"og:image\" content=\"https:\/\/www.em.com.br\/emfoco\/wp-content\/uploads\/2026\/04\/EmFoco_13-8.jpg\" \/>\n\t<meta property=\"og:image:width\" content=\"1280\" \/>\n\t<meta property=\"og:image:height\" content=\"720\" \/>\n\t<meta property=\"og:image:type\" content=\"image\/jpeg\" \/>\n<meta name=\"author\" content=\"Guilherme Ara\u00fajo\" \/>\n<meta name=\"twitter:card\" content=\"summary_large_image\" \/>\n<meta name=\"twitter:label1\" content=\"Escrito por\" \/>\n\t<meta name=\"twitter:data1\" content=\"Guilherme Ara\u00fajo\" \/>\n\t<meta name=\"twitter:label2\" content=\"Est. tempo de leitura\" \/>\n\t<meta name=\"twitter:data2\" content=\"4 minutos\" \/>\n<!-- \/ Yoast SEO plugin. -->","yoast_head_json":{"title":"Motoristas podem levar multa de R$ 130 por falha simples no farol, alerta PRF - Estado de Minas - Em foco","description":"Entenda a multa de R$ 130 para motoristas por falha simples no farol. Veja o alerta da PRF sobre fiscaliza\u00e7\u00e3o de equipamentos de seguran\u00e7a.","robots":{"index":"index","follow":"follow","max-snippet":"max-snippet:-1","max-image-preview":"max-image-preview:large","max-video-preview":"max-video-preview:-1"},"canonical":"https:\/\/www.em.com.br\/emfoco\/2026\/04\/28\/motoristas-podem-levar-multa-de-r-130-por-falha-simples-no-farol-alerta-prf\/","og_locale":"pt_BR","og_type":"article","og_title":"Motoristas podem levar multa de R$ 130 por falha simples no farol, alerta PRF - Estado de Minas - Em foco","og_description":"Entenda a multa de R$ 130 para motoristas por falha simples no farol. Veja o alerta da PRF sobre fiscaliza\u00e7\u00e3o de equipamentos de seguran\u00e7a.","og_url":"https:\/\/www.em.com.br\/emfoco\/2026\/04\/28\/motoristas-podem-levar-multa-de-r-130-por-falha-simples-no-farol-alerta-prf\/","og_site_name":"Estado de Minas - Em foco","article_published_time":"2026-04-28T21:45:00+00:00","article_modified_time":"2026-04-27T18:21:34+00:00","og_image":[{"width":1280,"height":720,"url":"https:\/\/www.em.com.br\/emfoco\/wp-content\/uploads\/2026\/04\/EmFoco_13-8.jpg","type":"image\/jpeg"}],"author":"Guilherme Ara\u00fajo","twitter_card":"summary_large_image","twitter_misc":{"Escrito por":"Guilherme Ara\u00fajo","Est. tempo de leitura":"4 minutos"},"schema":{"@context":"https:\/\/schema.org","@graph":[{"@type":"WebPage","@id":"https:\/\/www.em.com.br\/emfoco\/2026\/04\/28\/motoristas-podem-levar-multa-de-r-130-por-falha-simples-no-farol-alerta-prf\/","url":"https:\/\/www.em.com.br\/emfoco\/2026\/04\/28\/motoristas-podem-levar-multa-de-r-130-por-falha-simples-no-farol-alerta-prf\/","name":"Motoristas podem levar multa de R$ 130 por falha simples no farol, alerta PRF - Estado de Minas - Em foco","isPartOf":{"@id":"https:\/\/www.em.com.br\/emfoco\/#website"},"primaryImageOfPage":{"@id":"https:\/\/www.em.com.br\/emfoco\/2026\/04\/28\/motoristas-podem-levar-multa-de-r-130-por-falha-simples-no-farol-alerta-prf\/#primaryimage"},"image":{"@id":"https:\/\/www.em.com.br\/emfoco\/2026\/04\/28\/motoristas-podem-levar-multa-de-r-130-por-falha-simples-no-farol-alerta-prf\/#primaryimage"},"thumbnailUrl":"https:\/\/www.em.com.br\/emfoco\/wp-content\/uploads\/2026\/04\/EmFoco_13-8.jpg","datePublished":"2026-04-28T21:45:00+00:00","dateModified":"2026-04-27T18:21:34+00:00","author":{"@id":"https:\/\/www.em.com.br\/emfoco\/#\/schema\/person\/5379e929a4b966c775d121e23f9bb421"},"description":"Entenda a multa de R$ 130 para motoristas por falha simples no farol. Veja o alerta da PRF sobre fiscaliza\u00e7\u00e3o de equipamentos de seguran\u00e7a.","breadcrumb":{"@id":"https:\/\/www.em.com.br\/emfoco\/2026\/04\/28\/motoristas-podem-levar-multa-de-r-130-por-falha-simples-no-farol-alerta-prf\/#breadcrumb"},"inLanguage":"pt-BR","potentialAction":[{"@type":"ReadAction","target":["https:\/\/www.em.com.br\/emfoco\/2026\/04\/28\/motoristas-podem-levar-multa-de-r-130-por-falha-simples-no-farol-alerta-prf\/"]}]},{"@type":"ImageObject","inLanguage":"pt-BR","@id":"https:\/\/www.em.com.br\/emfoco\/2026\/04\/28\/motoristas-podem-levar-multa-de-r-130-por-falha-simples-no-farol-alerta-prf\/#primaryimage","url":"https:\/\/www.em.com.br\/emfoco\/wp-content\/uploads\/2026\/04\/EmFoco_13-8.jpg","contentUrl":"https:\/\/www.em.com.br\/emfoco\/wp-content\/uploads\/2026\/04\/EmFoco_13-8.jpg","width":1280,"height":720,"caption":"Circular com ilumina\u00e7\u00e3o irregular resulta em multas e pontos na carteira de habilita\u00e7\u00e3o"},{"@type":"BreadcrumbList","@id":"https:\/\/www.em.com.br\/emfoco\/2026\/04\/28\/motoristas-podem-levar-multa-de-r-130-por-falha-simples-no-farol-alerta-prf\/#breadcrumb","itemListElement":[{"@type":"ListItem","position":1,"name":"In\u00edcio","item":"https:\/\/www.em.com.br\/emfoco\/"},{"@type":"ListItem","position":2,"name":"Motoristas podem levar multa de R$ 130 por falha simples no farol, alerta PRF"}]},{"@type":"WebSite","@id":"https:\/\/www.em.com.br\/emfoco\/#website","url":"https:\/\/www.em.com.br\/emfoco\/","name":"Estado de Minas - Em foco","description":"Acompanhe as \u00faltimas not\u00edcias e fique bem informado sobre tudo o que acontece em Minas Gerais, Brasil e no mundo.","potentialAction":[{"@type":"SearchAction","target":{"@type":"EntryPoint","urlTemplate":"https:\/\/www.em.com.br\/emfoco\/?s={search_term_string}"},"query-input":{"@type":"PropertyValueSpecification","valueRequired":true,"valueName":"search_term_string"}}],"inLanguage":"pt-BR"},{"@type":"Person","@id":"https:\/\/www.em.com.br\/emfoco\/#\/schema\/person\/5379e929a4b966c775d121e23f9bb421","name":"Guilherme Ara\u00fajo","image":{"@type":"ImageObject","inLanguage":"pt-BR","@id":"https:\/\/www.em.com.br\/emfoco\/#\/schema\/person\/image\/","url":"https:\/\/secure.gravatar.com\/avatar\/b8bf1fd0130e170bd8f5d7298dbafa25?s=96&d=mm&r=g","contentUrl":"https:\/\/secure.gravatar.com\/avatar\/b8bf1fd0130e170bd8f5d7298dbafa25?s=96&d=mm&r=g","caption":"Guilherme Ara\u00fajo"},"sameAs":["https:\/\/www.em.com.br\/emfoco"],"url":"https:\/\/www.em.com.br\/emfoco\/author\/guilhermeamyth\/"}]}},"_links":{"self":[{"href":"https:\/\/www.em.com.br\/emfoco\/wp-json\/wp\/v2\/posts\/200324","targetHints":{"allow":["GET"]}}],"collection":[{"href":"https:\/\/www.em.com.br\/emfoco\/wp-json\/wp\/v2\/posts"}],"about":[{"href":"https:\/\/www.em.com.br\/emfoco\/wp-json\/wp\/v2\/types\/post"}],"author":[{"embeddable":true,"href":"https:\/\/www.em.com.br\/emfoco\/wp-json\/wp\/v2\/users\/30"}],"replies":[{"embeddable":true,"href":"https:\/\/www.em.com.br\/emfoco\/wp-json\/wp\/v2\/comments?post=200324"}],"version-history":[{"count":1,"href":"https:\/\/www.em.com.br\/emfoco\/wp-json\/wp\/v2\/posts\/200324\/revisions"}],"predecessor-version":[{"id":200337,"href":"https:\/\/www.em.com.br\/emfoco\/wp-json\/wp\/v2\/posts\/200324\/revisions\/200337"}],"wp:featuredmedia":[{"embeddable":true,"href":"https:\/\/www.em.com.br\/emfoco\/wp-json\/wp\/v2\/media\/200578"}],"wp:attachment":[{"href":"https:\/\/www.em.com.br\/emfoco\/wp-json\/wp\/v2\/media?parent=200324"}],"wp:term":[{"taxonomy":"category","embeddable":true,"href":"https:\/\/www.em.com.br\/emfoco\/wp-json\/wp\/v2\/categories?post=200324"},{"taxonomy":"post_tag","embeddable":true,"href":"https:\/\/www.em.com.br\/emfoco\/wp-json\/wp\/v2\/tags?post=200324"}],"curies":[{"name":"wp","href":"https:\/\/api.w.org\/{rel}","templated":true}]}}