{"id":200315,"date":"2026-04-28T11:55:00","date_gmt":"2026-04-28T14:55:00","guid":{"rendered":"https:\/\/www.em.com.br\/emfoco\/?p=200315"},"modified":"2026-04-27T15:23:11","modified_gmt":"2026-04-27T18:23:11","slug":"nova-tabela-do-saque-aniversario-em-2026-libera-parcela-adicional-de-ate-r-2-900-para-trabalhadores","status":"publish","type":"post","link":"https:\/\/www.em.com.br\/emfoco\/2026\/04\/28\/nova-tabela-do-saque-aniversario-em-2026-libera-parcela-adicional-de-ate-r-2-900-para-trabalhadores\/","title":{"rendered":"Nova tabela do Saque-Anivers\u00e1rio em 2026 libera parcela adicional de at\u00e9 R$ 2.900 para trabalhadores"},"content":{"rendered":"\n<p>O <strong>Saque-Anivers\u00e1rio<\/strong> \u00e9 uma modalidade opcional que permite ao trabalhador brasileiro retirar parte do seu saldo do <strong>FGTS<\/strong> anualmente. Em <strong>2026<\/strong>, os valores podem incluir uma parcela adicional fixa que chega a <strong>R$ 2.900<\/strong>.<\/p>\n\n\n\n<h2 class=\"wp-block-heading\">Como funciona a ades\u00e3o ao Saque-Anivers\u00e1rio?<\/h2>\n\n\n\n<p>A escolha por essa modalidade deve ser feita de forma ativa pelo aplicativo oficial do <strong><a href=\"https:\/\/www.gov.br\/trabalho-e-emprego\/pt-br\/servicos\/empregador\/fgtsdigital\" target=\"_blank\" rel=\"noreferrer noopener\">FGTS<\/a><\/strong> ou pelo internet banking da <strong>Caixa Econ\u00f4mica Federal<\/strong>. Caso o trabalhador n\u00e3o realize a op\u00e7\u00e3o, ele permanece automaticamente no modelo de saque-rescis\u00e3o tradicional.<\/p>\n\n\n\n<p>\u00c9 importante destacar que a ades\u00e3o pode ser revertida a qualquer momento, mas existe um per\u00edodo de car\u00eancia. A mudan\u00e7a para o modelo antigo s\u00f3 entra em vigor no primeiro dia do <strong>25\u00ba m\u00eas<\/strong> ap\u00f3s a solicita\u00e7\u00e3o, exigindo planejamento do trabalhador.<\/p>\n\n\n\n<h2 class=\"wp-block-heading\">Qual \u00e9 o valor liberado pela tabela oficial do Saque-Anivers\u00e1rio?<\/h2>\n\n\n\n<p>O c\u00e1lculo do valor dispon\u00edvel depende do saldo total acumulado nas contas vinculadas do trabalhador. Quanto maior o saldo, menor \u00e9 a al\u00edquota aplicada, por\u00e9m maior \u00e9 a parcela fixa adicional liberada pelo <strong>Governo Federal<\/strong> para o saque anual.<\/p>\n\n\n\n<p>Para quem possui mais de <strong>R$ 20.000,01<\/strong> no fundo, a al\u00edquota \u00e9 de <strong>5%<\/strong> somada ao valor fixo de <strong>R$ 2.900<\/strong>. Confira abaixo como as faixas de saldo determinam o quanto voc\u00ea pode receber em sua conta banc\u00e1ria:<\/p>\n\n\n<div class=\"wp-block-image\">\n<figure class=\"aligncenter size-large is-resized\"><img loading=\"lazy\" decoding=\"async\" width=\"1024\" height=\"539\" src=\"https:\/\/www.em.com.br\/emfoco\/wp-content\/uploads\/2026\/04\/image-232-1024x539.png\" alt=\"\" class=\"wp-image-200320\" style=\"width:846px;height:auto\" srcset=\"https:\/\/www.em.com.br\/emfoco\/wp-content\/uploads\/2026\/04\/image-232-1024x539.png 1024w, https:\/\/www.em.com.br\/emfoco\/wp-content\/uploads\/2026\/04\/image-232-300x158.png 300w, https:\/\/www.em.com.br\/emfoco\/wp-content\/uploads\/2026\/04\/image-232-768x404.png 768w, https:\/\/www.em.com.br\/emfoco\/wp-content\/uploads\/2026\/04\/image-232-750x395.png 750w, https:\/\/www.em.com.br\/emfoco\/wp-content\/uploads\/2026\/04\/image-232-1140x600.png 1140w, https:\/\/www.em.com.br\/emfoco\/wp-content\/uploads\/2026\/04\/image-232.png 1280w\" sizes=\"auto, (max-width: 1024px) 100vw, 1024px\" \/><\/figure><\/div>\n\n\n<h2 class=\"wp-block-heading\">Quais s\u00e3o os prazos para o saque em 2026?<\/h2>\n\n\n\n<p>O dinheiro fica dispon\u00edvel para retirada a partir do primeiro dia \u00fatil do m\u00eas de nascimento do benefici\u00e1rio. O prazo para o resgate \u00e9 de <strong>tr\u00eas meses<\/strong>, encerrando-se no \u00faltimo dia \u00fatil do segundo m\u00eas ap\u00f3s o anivers\u00e1rio.<\/p>\n\n\n\n<p>Se o valor n\u00e3o for movimentado dentro dessa janela, ele retorna automaticamente para a conta do fundo de garantia sem preju\u00edzos. De acordo com a <a href=\"https:\/\/pt.wikipedia.org\/wiki\/Fundo_de_Garantia_do_Tempo_de_Servi%C3%A7o\" target=\"_blank\" rel=\"noreferrer noopener\">Lei 13.932\/2019<\/a>, os recursos n\u00e3o sacados continuam rendendo conforme as normas vigentes do conselho curador.<\/p>\n\n\n<div class=\"wp-block-image\">\n<figure class=\"aligncenter size-large\"><img loading=\"lazy\" decoding=\"async\" width=\"1024\" height=\"576\" src=\"https:\/\/www.em.com.br\/emfoco\/wp-content\/uploads\/2026\/04\/FGTS_1777033873454-1024x576.jpg\" alt=\"Aplicativo FGTS - Cr\u00e9ditos: depositphotos.com \/ rafapress\" class=\"wp-image-198364\" srcset=\"https:\/\/www.em.com.br\/emfoco\/wp-content\/uploads\/2026\/04\/FGTS_1777033873454-1024x576.jpg 1024w, https:\/\/www.em.com.br\/emfoco\/wp-content\/uploads\/2026\/04\/FGTS_1777033873454-300x169.jpg 300w, https:\/\/www.em.com.br\/emfoco\/wp-content\/uploads\/2026\/04\/FGTS_1777033873454-768x432.jpg 768w, https:\/\/www.em.com.br\/emfoco\/wp-content\/uploads\/2026\/04\/FGTS_1777033873454-750x422.jpg 750w, https:\/\/www.em.com.br\/emfoco\/wp-content\/uploads\/2026\/04\/FGTS_1777033873454-1140x641.jpg 1140w, https:\/\/www.em.com.br\/emfoco\/wp-content\/uploads\/2026\/04\/FGTS_1777033873454.jpg 1280w\" sizes=\"auto, (max-width: 1024px) 100vw, 1024px\" \/><figcaption class=\"wp-element-caption\">Confira os casos de demiss\u00e3o sem justa causa &#8211; Cr\u00e9ditos: depositphotos.com \/ rafapress<\/figcaption><\/figure><\/div>\n\n\n<h2 class=\"wp-block-heading\">Quais os riscos em caso de demiss\u00e3o sem justa causa?<\/h2>\n\n\n\n<p>A principal desvantagem dessa modalidade \u00e9 a restri\u00e7\u00e3o ao saque integral do saldo em caso de demiss\u00e3o involunt\u00e1ria. O profissional desligado sem justa causa perde o acesso ao montante total, podendo sacar apenas a multa rescis\u00f3ria de <strong>40%<\/strong>.<\/p>\n\n\n\n<p>O saldo restante permanece retido e continua sendo liberado apenas em parcelas anuais, conforme o calend\u00e1rio do <strong>Saque-Anivers\u00e1rio<\/strong>. Por isso, especialistas recomendam cautela para quem atua em setores com alta rotatividade ou possui pouco tempo de casa.<\/p>\n\n\n\n<p>Leia tamb\u00e9m: <a href=\"https:\/\/www.em.com.br\/emfoco\/2026\/04\/25\/aposentados-do-inss-podem-ter-acesso-a-passagens-aereas-a-partir-de-r-200-com-novo-programa\/\" target=\"_blank\" rel=\"noreferrer noopener\">Aposentados do INSS podem ter acesso a passagens a\u00e9reas a partir de R$ 200 com novo programa<\/a><\/p>\n\n\n\n<h2 class=\"wp-block-heading\">Onde consultar informa\u00e7\u00f5es oficiais sobre o Saque-Anivers\u00e1rio?<\/h2>\n\n\n\n<p>Para evitar fraudes, o cidad\u00e3o deve utilizar apenas os canais oficiais de comunica\u00e7\u00e3o do governo e da institui\u00e7\u00e3o financeira respons\u00e1vel. O cruzamento de dados e a consulta de valores devem ser realizados sempre em ambientes seguros e autenticados.<\/p>\n\n\n\n<p>Para detalhes sobre extratos e rendimentos, o site da <a href=\"https:\/\/www.gov.br\/pt-br\/servicos\/optar-pelo-saque-aniversario-do-fgts\" target=\"_blank\" rel=\"noreferrer noopener\">Caixa Econ\u00f4mica Federal<\/a> oferece o suporte necess\u00e1rio para d\u00favidas t\u00e9cnicas. Manter o aplicativo atualizado \u00e9 a melhor forma de garantir que o acesso ao <strong>Saque-Anivers\u00e1rio<\/strong> ocorra sem falhas ou atrasos.<\/p>\n","protected":false},"excerpt":{"rendered":"<p>O Saque-Anivers\u00e1rio \u00e9 uma modalidade opcional que permite ao trabalhador brasileiro retirar parte do seu saldo do FGTS anualmente. Em 2026, os valores podem incluir uma parcela adicional fixa que chega a R$ 2.900. Como funciona a ades\u00e3o ao Saque-Anivers\u00e1rio? A escolha por essa modalidade deve ser feita de forma ativa pelo aplicativo oficial do [&hellip;]<\/p>\n","protected":false},"author":30,"featured_media":200583,"comment_status":"open","ping_status":"open","sticky":false,"template":"","format":"standard","meta":{"jnews-multi-image_gallery":[],"jnews_single_post":{"format":"standard"},"jnews_primary_category":[],"jnews_social_meta":[],"jnews_override_counter":[],"footnotes":""},"categories":[28],"tags":[972,1036,167,1038],"class_list":["post-200315","post","type-post","status-publish","format-standard","has-post-thumbnail","hentry","category-economia","tag-caixa","tag-fgts","tag-financas","tag-saque-aniversario"],"yoast_head":"<!-- This site is optimized with the Yoast SEO plugin v23.8 - https:\/\/yoast.com\/wordpress\/plugins\/seo\/ -->\n<title>Nova tabela do Saque-Anivers\u00e1rio em 2026 libera parcela adicional de at\u00e9 R$ 2.900 para trabalhadores - Estado de Minas - Em foco<\/title>\n<meta name=\"description\" content=\"Entenda a nova tabela do Saque-Anivers\u00e1rio em 2026 que libera parcela adicional de at\u00e9 R$ 2.900. Veja como funciona este benef\u00edcio do FGTS.\" \/>\n<meta name=\"robots\" content=\"index, follow, max-snippet:-1, max-image-preview:large, max-video-preview:-1\" \/>\n<link rel=\"canonical\" href=\"https:\/\/www.em.com.br\/emfoco\/2026\/04\/28\/nova-tabela-do-saque-aniversario-em-2026-libera-parcela-adicional-de-ate-r-2-900-para-trabalhadores\/\" \/>\n<meta property=\"og:locale\" content=\"pt_BR\" \/>\n<meta property=\"og:type\" content=\"article\" \/>\n<meta property=\"og:title\" content=\"Nova tabela do Saque-Anivers\u00e1rio em 2026 libera parcela adicional de at\u00e9 R$ 2.900 para trabalhadores - Estado de Minas - Em foco\" \/>\n<meta property=\"og:description\" content=\"Entenda a nova tabela do Saque-Anivers\u00e1rio em 2026 que libera parcela adicional de at\u00e9 R$ 2.900. Veja como funciona este benef\u00edcio do FGTS.\" \/>\n<meta property=\"og:url\" content=\"https:\/\/www.em.com.br\/emfoco\/2026\/04\/28\/nova-tabela-do-saque-aniversario-em-2026-libera-parcela-adicional-de-ate-r-2-900-para-trabalhadores\/\" \/>\n<meta property=\"og:site_name\" content=\"Estado de Minas - Em foco\" \/>\n<meta property=\"article:published_time\" content=\"2026-04-28T14:55:00+00:00\" \/>\n<meta property=\"article:modified_time\" content=\"2026-04-27T18:23:11+00:00\" \/>\n<meta property=\"og:image\" content=\"https:\/\/www.em.com.br\/emfoco\/wp-content\/uploads\/2026\/04\/EmFoco_19-7.jpg\" \/>\n\t<meta property=\"og:image:width\" content=\"1280\" \/>\n\t<meta property=\"og:image:height\" content=\"720\" \/>\n\t<meta property=\"og:image:type\" content=\"image\/jpeg\" \/>\n<meta name=\"author\" content=\"Guilherme Ara\u00fajo\" \/>\n<meta name=\"twitter:card\" content=\"summary_large_image\" \/>\n<meta name=\"twitter:label1\" content=\"Escrito por\" \/>\n\t<meta name=\"twitter:data1\" content=\"Guilherme Ara\u00fajo\" \/>\n\t<meta name=\"twitter:label2\" content=\"Est. tempo de leitura\" \/>\n\t<meta name=\"twitter:data2\" content=\"4 minutos\" \/>\n<!-- \/ Yoast SEO plugin. -->","yoast_head_json":{"title":"Nova tabela do Saque-Anivers\u00e1rio em 2026 libera parcela adicional de at\u00e9 R$ 2.900 para trabalhadores - Estado de Minas - Em foco","description":"Entenda a nova tabela do Saque-Anivers\u00e1rio em 2026 que libera parcela adicional de at\u00e9 R$ 2.900. Veja como funciona este benef\u00edcio do FGTS.","robots":{"index":"index","follow":"follow","max-snippet":"max-snippet:-1","max-image-preview":"max-image-preview:large","max-video-preview":"max-video-preview:-1"},"canonical":"https:\/\/www.em.com.br\/emfoco\/2026\/04\/28\/nova-tabela-do-saque-aniversario-em-2026-libera-parcela-adicional-de-ate-r-2-900-para-trabalhadores\/","og_locale":"pt_BR","og_type":"article","og_title":"Nova tabela do Saque-Anivers\u00e1rio em 2026 libera parcela adicional de at\u00e9 R$ 2.900 para trabalhadores - Estado de Minas - Em foco","og_description":"Entenda a nova tabela do Saque-Anivers\u00e1rio em 2026 que libera parcela adicional de at\u00e9 R$ 2.900. Veja como funciona este benef\u00edcio do FGTS.","og_url":"https:\/\/www.em.com.br\/emfoco\/2026\/04\/28\/nova-tabela-do-saque-aniversario-em-2026-libera-parcela-adicional-de-ate-r-2-900-para-trabalhadores\/","og_site_name":"Estado de Minas - Em foco","article_published_time":"2026-04-28T14:55:00+00:00","article_modified_time":"2026-04-27T18:23:11+00:00","og_image":[{"width":1280,"height":720,"url":"https:\/\/www.em.com.br\/emfoco\/wp-content\/uploads\/2026\/04\/EmFoco_19-7.jpg","type":"image\/jpeg"}],"author":"Guilherme Ara\u00fajo","twitter_card":"summary_large_image","twitter_misc":{"Escrito por":"Guilherme Ara\u00fajo","Est. tempo de leitura":"4 minutos"},"schema":{"@context":"https:\/\/schema.org","@graph":[{"@type":"WebPage","@id":"https:\/\/www.em.com.br\/emfoco\/2026\/04\/28\/nova-tabela-do-saque-aniversario-em-2026-libera-parcela-adicional-de-ate-r-2-900-para-trabalhadores\/","url":"https:\/\/www.em.com.br\/emfoco\/2026\/04\/28\/nova-tabela-do-saque-aniversario-em-2026-libera-parcela-adicional-de-ate-r-2-900-para-trabalhadores\/","name":"Nova tabela do Saque-Anivers\u00e1rio em 2026 libera parcela adicional de at\u00e9 R$ 2.900 para trabalhadores - Estado de Minas - Em foco","isPartOf":{"@id":"https:\/\/www.em.com.br\/emfoco\/#website"},"primaryImageOfPage":{"@id":"https:\/\/www.em.com.br\/emfoco\/2026\/04\/28\/nova-tabela-do-saque-aniversario-em-2026-libera-parcela-adicional-de-ate-r-2-900-para-trabalhadores\/#primaryimage"},"image":{"@id":"https:\/\/www.em.com.br\/emfoco\/2026\/04\/28\/nova-tabela-do-saque-aniversario-em-2026-libera-parcela-adicional-de-ate-r-2-900-para-trabalhadores\/#primaryimage"},"thumbnailUrl":"https:\/\/www.em.com.br\/emfoco\/wp-content\/uploads\/2026\/04\/EmFoco_19-7.jpg","datePublished":"2026-04-28T14:55:00+00:00","dateModified":"2026-04-27T18:23:11+00:00","author":{"@id":"https:\/\/www.em.com.br\/emfoco\/#\/schema\/person\/5379e929a4b966c775d121e23f9bb421"},"description":"Entenda a nova tabela do Saque-Anivers\u00e1rio em 2026 que libera parcela adicional de at\u00e9 R$ 2.900. Veja como funciona este benef\u00edcio do FGTS.","breadcrumb":{"@id":"https:\/\/www.em.com.br\/emfoco\/2026\/04\/28\/nova-tabela-do-saque-aniversario-em-2026-libera-parcela-adicional-de-ate-r-2-900-para-trabalhadores\/#breadcrumb"},"inLanguage":"pt-BR","potentialAction":[{"@type":"ReadAction","target":["https:\/\/www.em.com.br\/emfoco\/2026\/04\/28\/nova-tabela-do-saque-aniversario-em-2026-libera-parcela-adicional-de-ate-r-2-900-para-trabalhadores\/"]}]},{"@type":"ImageObject","inLanguage":"pt-BR","@id":"https:\/\/www.em.com.br\/emfoco\/2026\/04\/28\/nova-tabela-do-saque-aniversario-em-2026-libera-parcela-adicional-de-ate-r-2-900-para-trabalhadores\/#primaryimage","url":"https:\/\/www.em.com.br\/emfoco\/wp-content\/uploads\/2026\/04\/EmFoco_19-7.jpg","contentUrl":"https:\/\/www.em.com.br\/emfoco\/wp-content\/uploads\/2026\/04\/EmFoco_19-7.jpg","width":1280,"height":720,"caption":"Modalidade permite retirada anual de valores conforme o saldo acumulado no fundo"},{"@type":"BreadcrumbList","@id":"https:\/\/www.em.com.br\/emfoco\/2026\/04\/28\/nova-tabela-do-saque-aniversario-em-2026-libera-parcela-adicional-de-ate-r-2-900-para-trabalhadores\/#breadcrumb","itemListElement":[{"@type":"ListItem","position":1,"name":"In\u00edcio","item":"https:\/\/www.em.com.br\/emfoco\/"},{"@type":"ListItem","position":2,"name":"Nova tabela do Saque-Anivers\u00e1rio em 2026 libera parcela adicional de at\u00e9 R$ 2.900 para trabalhadores"}]},{"@type":"WebSite","@id":"https:\/\/www.em.com.br\/emfoco\/#website","url":"https:\/\/www.em.com.br\/emfoco\/","name":"Estado de Minas - Em foco","description":"Acompanhe as \u00faltimas not\u00edcias e fique bem informado sobre tudo o que acontece em Minas Gerais, Brasil e no mundo.","potentialAction":[{"@type":"SearchAction","target":{"@type":"EntryPoint","urlTemplate":"https:\/\/www.em.com.br\/emfoco\/?s={search_term_string}"},"query-input":{"@type":"PropertyValueSpecification","valueRequired":true,"valueName":"search_term_string"}}],"inLanguage":"pt-BR"},{"@type":"Person","@id":"https:\/\/www.em.com.br\/emfoco\/#\/schema\/person\/5379e929a4b966c775d121e23f9bb421","name":"Guilherme Ara\u00fajo","image":{"@type":"ImageObject","inLanguage":"pt-BR","@id":"https:\/\/www.em.com.br\/emfoco\/#\/schema\/person\/image\/","url":"https:\/\/secure.gravatar.com\/avatar\/b8bf1fd0130e170bd8f5d7298dbafa25?s=96&d=mm&r=g","contentUrl":"https:\/\/secure.gravatar.com\/avatar\/b8bf1fd0130e170bd8f5d7298dbafa25?s=96&d=mm&r=g","caption":"Guilherme Ara\u00fajo"},"sameAs":["https:\/\/www.em.com.br\/emfoco"],"url":"https:\/\/www.em.com.br\/emfoco\/author\/guilhermeamyth\/"}]}},"_links":{"self":[{"href":"https:\/\/www.em.com.br\/emfoco\/wp-json\/wp\/v2\/posts\/200315","targetHints":{"allow":["GET"]}}],"collection":[{"href":"https:\/\/www.em.com.br\/emfoco\/wp-json\/wp\/v2\/posts"}],"about":[{"href":"https:\/\/www.em.com.br\/emfoco\/wp-json\/wp\/v2\/types\/post"}],"author":[{"embeddable":true,"href":"https:\/\/www.em.com.br\/emfoco\/wp-json\/wp\/v2\/users\/30"}],"replies":[{"embeddable":true,"href":"https:\/\/www.em.com.br\/emfoco\/wp-json\/wp\/v2\/comments?post=200315"}],"version-history":[{"count":2,"href":"https:\/\/www.em.com.br\/emfoco\/wp-json\/wp\/v2\/posts\/200315\/revisions"}],"predecessor-version":[{"id":200322,"href":"https:\/\/www.em.com.br\/emfoco\/wp-json\/wp\/v2\/posts\/200315\/revisions\/200322"}],"wp:featuredmedia":[{"embeddable":true,"href":"https:\/\/www.em.com.br\/emfoco\/wp-json\/wp\/v2\/media\/200583"}],"wp:attachment":[{"href":"https:\/\/www.em.com.br\/emfoco\/wp-json\/wp\/v2\/media?parent=200315"}],"wp:term":[{"taxonomy":"category","embeddable":true,"href":"https:\/\/www.em.com.br\/emfoco\/wp-json\/wp\/v2\/categories?post=200315"},{"taxonomy":"post_tag","embeddable":true,"href":"https:\/\/www.em.com.br\/emfoco\/wp-json\/wp\/v2\/tags?post=200315"}],"curies":[{"name":"wp","href":"https:\/\/api.w.org\/{rel}","templated":true}]}}