{"id":200306,"date":"2026-04-28T07:45:00","date_gmt":"2026-04-28T10:45:00","guid":{"rendered":"https:\/\/www.em.com.br\/emfoco\/?p=200306"},"modified":"2026-04-27T15:22:09","modified_gmt":"2026-04-27T18:22:09","slug":"adeus-a-regra-antiga-do-aluguel-essa-nova-norma-permite-contratos-mais-flexiveis-entre-locador-e-inquilino","status":"publish","type":"post","link":"https:\/\/www.em.com.br\/emfoco\/2026\/04\/28\/adeus-a-regra-antiga-do-aluguel-essa-nova-norma-permite-contratos-mais-flexiveis-entre-locador-e-inquilino\/","title":{"rendered":"Adeus \u00e0 regra antiga do aluguel, essa nova norma permite contratos mais flex\u00edveis entre locador e inquilino"},"content":{"rendered":"\n<p>O mercado de loca\u00e7\u00f5es residenciais e comerciais no&nbsp;<strong>Brasil<\/strong>&nbsp;passa por uma moderniza\u00e7\u00e3o profunda em&nbsp;<strong>2026<\/strong>. As atualiza\u00e7\u00f5es buscam preencher lacunas da antiga <strong>legisla\u00e7\u00e3o de<\/strong>&nbsp;<strong>aluguel<\/strong>, promovendo maior seguran\u00e7a jur\u00eddica e agilidade nas negocia\u00e7\u00f5es.<\/p>\n\n\n\n<h2 class=\"wp-block-heading\" id=\"como-funcionam-as-assinaturas-digitais-nos-novos-c\">Como funcionam as assinaturas digitais nos novos contratos?<\/h2>\n\n\n\n<p>A formaliza\u00e7\u00e3o por escrito ficou mais rigorosa, exigindo clareza total sobre prazos e responsabilidades. A assinatura eletr\u00f4nica tem validade jur\u00eddica e permite fechar acordos \u00e0 dist\u00e2ncia com seguran\u00e7a, desde que use certifica\u00e7\u00e3o reconhecida.<\/p>\n\n\n\n<p>Plataformas credenciadas facilitam o registro desses documentos, dispensando a necessidade de idas frequentes ao cart\u00f3rio. Segundo as diretrizes da&nbsp;<a rel=\"noreferrer noopener\" target=\"_blank\" href=\"https:\/\/pt.wikipedia.org\/wiki\/Lei_do_Inquilinato\">Lei do Inquilinato<\/a>, essa digitaliza\u00e7\u00e3o deve respeitar crit\u00e9rios t\u00e9cnicos para garantir que o contrato seja inquestion\u00e1vel perante a justi\u00e7a.<\/p>\n\n\n<div class=\"wp-block-image\">\n<figure class=\"aligncenter size-large\"><img loading=\"lazy\" decoding=\"async\" width=\"1024\" height=\"576\" src=\"https:\/\/www.em.com.br\/emfoco\/wp-content\/uploads\/2026\/04\/aluguel1-1-1024x576.jpg\" alt=\"Mudan\u00e7a na lei do inquilinato permite acordos mais male\u00e1veis em novos contratos de loca\u00e7\u00e3o\" class=\"wp-image-200304\" srcset=\"https:\/\/www.em.com.br\/emfoco\/wp-content\/uploads\/2026\/04\/aluguel1-1-1024x576.jpg 1024w, https:\/\/www.em.com.br\/emfoco\/wp-content\/uploads\/2026\/04\/aluguel1-1-300x169.jpg 300w, https:\/\/www.em.com.br\/emfoco\/wp-content\/uploads\/2026\/04\/aluguel1-1-768x432.jpg 768w, https:\/\/www.em.com.br\/emfoco\/wp-content\/uploads\/2026\/04\/aluguel1-1-750x422.jpg 750w, https:\/\/www.em.com.br\/emfoco\/wp-content\/uploads\/2026\/04\/aluguel1-1-1140x641.jpg 1140w, https:\/\/www.em.com.br\/emfoco\/wp-content\/uploads\/2026\/04\/aluguel1-1.jpg 1280w\" sizes=\"auto, (max-width: 1024px) 100vw, 1024px\" \/><figcaption class=\"wp-element-caption\">Mudan\u00e7a no aluguel permite acordos mais male\u00e1veis em novos contratos de loca\u00e7\u00e3o<\/figcaption><\/figure><\/div>\n\n\n<h2 class=\"wp-block-heading\" id=\"permitido-exigir-mais-de-uma-garantia-no-contrato\">\u00c9 permitido exigir mais de uma garantia no contrato do aluguel?<\/h2>\n\n\n\n<p>Embora alguns locadores tentem cumular garantias, a<strong> legisla\u00e7\u00e3o brasileira<\/strong> pro\u00edbe expressamente essa pr\u00e1tica. Exigir cau\u00e7\u00e3o em dinheiro e um fiador simultaneamente torna a cl\u00e1usula nula e configura contraven\u00e7\u00e3o penal para o propriet\u00e1rio, pun\u00edvel com pris\u00e3o simples de <strong>5 dias a 6 meses <\/strong>ou<strong> multa de 3 a 12 vezes <\/strong>o valor do \u00faltimo aluguel.<\/p>\n\n\n\n<p>Em&nbsp;<strong>2026<\/strong>, a fiscaliza\u00e7\u00e3o sobre essa norma foi refor\u00e7ada para proteger o inquilino em grandes centros urbanos. O locador deve escolher apenas uma entre as modalidades permitidas: cau\u00e7\u00e3o, fiador, seguro-fian\u00e7a ou o t\u00edtulo de capitaliza\u00e7\u00e3o.<\/p>\n\n\n\n<h2 class=\"wp-block-heading\" id=\"por-que-o-ipca-se-tornou-o-ndice-favorito-para-o-r\">Por que o IPCA se tornou o \u00edndice favorito para o reajuste?<\/h2>\n\n\n\n<p>A volatilidade hist\u00f3rica de outros \u00edndices levou o mercado a convergir para o&nbsp;<strong>IPCA<\/strong>&nbsp;como refer\u00eancia principal. Esse indicador reflete melhor o consumo das fam\u00edlias e evita as altas explosivas que ocorriam com varia\u00e7\u00f5es cambiais bruscas no passado.<\/p>\n\n\n\n<p>Tribunais de estados como&nbsp;<strong>S\u00e3o Paulo<\/strong>&nbsp;e&nbsp;<strong>Paran\u00e1<\/strong>&nbsp;j\u00e1 consolidaram o entendimento de que o&nbsp;<strong>IPCA<\/strong>&nbsp;traz mais equil\u00edbrio ao&nbsp;<strong>aluguel<\/strong>. Confira as caracter\u00edsticas dos principais \u00edndices utilizados atualmente para o reajuste imobili\u00e1rio no pa\u00eds:<\/p>\n\n\n<div class=\"wp-block-image\">\n<figure class=\"aligncenter size-large is-resized\"><img loading=\"lazy\" decoding=\"async\" width=\"1024\" height=\"443\" src=\"https:\/\/www.em.com.br\/emfoco\/wp-content\/uploads\/2026\/04\/image-230-1024x443.png\" alt=\"aluguel\" class=\"wp-image-200302\" style=\"width:849px;height:auto\" srcset=\"https:\/\/www.em.com.br\/emfoco\/wp-content\/uploads\/2026\/04\/image-230-1024x443.png 1024w, https:\/\/www.em.com.br\/emfoco\/wp-content\/uploads\/2026\/04\/image-230-300x130.png 300w, https:\/\/www.em.com.br\/emfoco\/wp-content\/uploads\/2026\/04\/image-230-768x332.png 768w, https:\/\/www.em.com.br\/emfoco\/wp-content\/uploads\/2026\/04\/image-230-750x325.png 750w, https:\/\/www.em.com.br\/emfoco\/wp-content\/uploads\/2026\/04\/image-230-1140x493.png 1140w, https:\/\/www.em.com.br\/emfoco\/wp-content\/uploads\/2026\/04\/image-230.png 1280w\" sizes=\"auto, (max-width: 1024px) 100vw, 1024px\" \/><\/figure><\/div>\n\n\n<h2 class=\"wp-block-heading\" id=\"o-que--o-cadastro-imobilirio-brasileiro-cib\">O que \u00e9 o Cadastro Imobili\u00e1rio Brasileiro (CIB)?<\/h2>\n\n\n\n<p>O&nbsp;<strong>CIB<\/strong>&nbsp;\u00e9 uma ferramenta centralizada que atribui um c\u00f3digo \u00fanico nacional a cada im\u00f3vel, funcionando como um documento de identidade. Regulamentado pela&nbsp;<strong>Receita Federal<\/strong>&nbsp;por meio da <strong>Instru\u00e7\u00e3o Normativa RFB n\u00ba 2.275\/2025<\/strong>, o sistema integra dados de prefeituras, cart\u00f3rios e do Conselho Nacional de Justi\u00e7a (CNJ) em todo o territ\u00f3rio nacional.<\/p>\n\n\n\n<p>O objetivo \u00e9 facilitar o cruzamento de dados sobre rendimentos de loca\u00e7\u00e3o e impostos como o&nbsp;<strong>IPTU<\/strong>&nbsp;e o&nbsp;<strong>ITBI<\/strong>. Conforme informa\u00e7\u00f5es da&nbsp;<a rel=\"noreferrer noopener\" target=\"_blank\" href=\"https:\/\/www.gov.br\/receitafederal\/pt-br\">Receita Federal<\/a>, essa integra\u00e7\u00e3o reduz a informalidade e moderniza a gest\u00e3o tribut\u00e1ria de forma autom\u00e1tica para o cidad\u00e3o.<\/p>\n\n\n\n<h2 class=\"wp-block-heading\" id=\"quais-os-impactos-para-o-proprietrio-urbano\">Quais os impactos para o propriet\u00e1rio urbano?<\/h2>\n\n\n\n<p>O c\u00f3digo \u00e9 gerado automaticamente, eliminando burocracia para quem possui apenas um im\u00f3vel residencial. Contudo, propriet\u00e1rios com grandes carteiras devem estar atentos, pois o sistema permite uma fiscaliza\u00e7\u00e3o muito mais \u00e1gil sobre os valores declarados anualmente.<\/p>\n\n\n\n<p>Leia tamb\u00e9m: <a href=\"https:\/\/www.em.com.br\/emfoco\/2026\/04\/04\/iptu-2026-idosos-podem-conseguir-isencao-ou-desconto-no-imovel-mas-o-direito-pode-ser-perdido-sem-solicitacao-no-prazo\/\" target=\"_blank\" rel=\"noreferrer noopener\">IPTU 2026: idosos podem conseguir isen\u00e7\u00e3o ou desconto no im\u00f3vel, mas o direito pode ser perdido sem solicita\u00e7\u00e3o no prazo<\/a><\/p>\n\n\n\n<h2 class=\"wp-block-heading\" id=\"como-a-reforma-tributria-afeta-grandes-locadores\">Como a Reforma Tribut\u00e1ria afeta o aluguel de grandes locadores?<\/h2>\n\n\n\n<p>A partir de&nbsp;<strong>2027<\/strong>, novos tributos (IBS e CBS) incidir\u00e3o sobre pessoas f\u00edsicas que possuam receita bruta anual de alugu\u00e9is superior a&nbsp;<strong>R$ 240 mil<\/strong>&nbsp;e que detenham mais de tr\u00eas im\u00f3veis alugados simultaneamente. Os dois requisitos s\u00e3o&nbsp;<strong>cumulativos<\/strong>: \u00e9 preciso ultrapassar ambos os limites para se enquadrar na nova tributa\u00e7\u00e3o.<\/p>\n\n\n\n<p>Muitos investidores est\u00e3o buscando a pejotiza\u00e7\u00e3o do mercado de&nbsp;<strong>aluguel<\/strong>&nbsp;para otimizar a carga tribut\u00e1ria dentro das novas normas. Essa estrat\u00e9gia permite gerir o patrim\u00f4nio como uma empresa, o que pode ser mais vantajoso financeiramente dependendo do volume de ativos acumulados.<\/p>\n","protected":false},"excerpt":{"rendered":"<p>O mercado de loca\u00e7\u00f5es residenciais e comerciais no&nbsp;Brasil&nbsp;passa por uma moderniza\u00e7\u00e3o profunda em&nbsp;2026. As atualiza\u00e7\u00f5es buscam preencher lacunas da antiga legisla\u00e7\u00e3o de&nbsp;aluguel, promovendo maior seguran\u00e7a jur\u00eddica e agilidade nas negocia\u00e7\u00f5es. Como funcionam as assinaturas digitais nos novos contratos? A formaliza\u00e7\u00e3o por escrito ficou mais rigorosa, exigindo clareza total sobre prazos e responsabilidades. A assinatura eletr\u00f4nica [&hellip;]<\/p>\n","protected":false},"author":30,"featured_media":200574,"comment_status":"open","ping_status":"open","sticky":false,"template":"","format":"standard","meta":{"jnews-multi-image_gallery":[],"jnews_single_post":{"format":"standard"},"jnews_primary_category":[],"jnews_social_meta":[],"jnews_override_counter":[],"footnotes":""},"categories":[28],"tags":[1526,14807,12376,28860],"class_list":["post-200306","post","type-post","status-publish","format-standard","has-post-thumbnail","hentry","category-economia","tag-aluguel","tag-contrato","tag-imovel","tag-inquilinato"],"yoast_head":"<!-- This site is optimized with the Yoast SEO plugin v23.8 - https:\/\/yoast.com\/wordpress\/plugins\/seo\/ -->\n<title>Adeus \u00e0 regra antiga do aluguel, essa nova norma permite contratos mais flex\u00edveis entre locador e inquilino - Estado de Minas - Em foco<\/title>\n<meta name=\"description\" content=\"Entenda a nova norma de aluguel que permite contratos mais flex\u00edveis entre locador e inquilino. Veja a moderniza\u00e7\u00e3o das loca\u00e7\u00f5es em 2026.\" \/>\n<meta name=\"robots\" content=\"index, follow, max-snippet:-1, max-image-preview:large, max-video-preview:-1\" \/>\n<link rel=\"canonical\" href=\"https:\/\/www.em.com.br\/emfoco\/2026\/04\/28\/adeus-a-regra-antiga-do-aluguel-essa-nova-norma-permite-contratos-mais-flexiveis-entre-locador-e-inquilino\/\" \/>\n<meta property=\"og:locale\" content=\"pt_BR\" \/>\n<meta property=\"og:type\" content=\"article\" \/>\n<meta property=\"og:title\" content=\"Adeus \u00e0 regra antiga do aluguel, essa nova norma permite contratos mais flex\u00edveis entre locador e inquilino - Estado de Minas - Em foco\" \/>\n<meta property=\"og:description\" content=\"Entenda a nova norma de aluguel que permite contratos mais flex\u00edveis entre locador e inquilino. Veja a moderniza\u00e7\u00e3o das loca\u00e7\u00f5es em 2026.\" \/>\n<meta property=\"og:url\" content=\"https:\/\/www.em.com.br\/emfoco\/2026\/04\/28\/adeus-a-regra-antiga-do-aluguel-essa-nova-norma-permite-contratos-mais-flexiveis-entre-locador-e-inquilino\/\" \/>\n<meta property=\"og:site_name\" content=\"Estado de Minas - Em foco\" \/>\n<meta property=\"article:published_time\" content=\"2026-04-28T10:45:00+00:00\" \/>\n<meta property=\"article:modified_time\" content=\"2026-04-27T18:22:09+00:00\" \/>\n<meta property=\"og:image\" content=\"https:\/\/www.em.com.br\/emfoco\/wp-content\/uploads\/2026\/04\/EmFoco_17-8.jpg\" \/>\n\t<meta property=\"og:image:width\" content=\"1280\" \/>\n\t<meta property=\"og:image:height\" content=\"720\" \/>\n\t<meta property=\"og:image:type\" content=\"image\/jpeg\" \/>\n<meta name=\"author\" content=\"Guilherme Ara\u00fajo\" \/>\n<meta name=\"twitter:card\" content=\"summary_large_image\" \/>\n<meta name=\"twitter:label1\" content=\"Escrito por\" \/>\n\t<meta name=\"twitter:data1\" content=\"Guilherme Ara\u00fajo\" \/>\n\t<meta name=\"twitter:label2\" content=\"Est. tempo de leitura\" \/>\n\t<meta name=\"twitter:data2\" content=\"4 minutos\" \/>\n<!-- \/ Yoast SEO plugin. -->","yoast_head_json":{"title":"Adeus \u00e0 regra antiga do aluguel, essa nova norma permite contratos mais flex\u00edveis entre locador e inquilino - Estado de Minas - Em foco","description":"Entenda a nova norma de aluguel que permite contratos mais flex\u00edveis entre locador e inquilino. Veja a moderniza\u00e7\u00e3o das loca\u00e7\u00f5es em 2026.","robots":{"index":"index","follow":"follow","max-snippet":"max-snippet:-1","max-image-preview":"max-image-preview:large","max-video-preview":"max-video-preview:-1"},"canonical":"https:\/\/www.em.com.br\/emfoco\/2026\/04\/28\/adeus-a-regra-antiga-do-aluguel-essa-nova-norma-permite-contratos-mais-flexiveis-entre-locador-e-inquilino\/","og_locale":"pt_BR","og_type":"article","og_title":"Adeus \u00e0 regra antiga do aluguel, essa nova norma permite contratos mais flex\u00edveis entre locador e inquilino - Estado de Minas - Em foco","og_description":"Entenda a nova norma de aluguel que permite contratos mais flex\u00edveis entre locador e inquilino. Veja a moderniza\u00e7\u00e3o das loca\u00e7\u00f5es em 2026.","og_url":"https:\/\/www.em.com.br\/emfoco\/2026\/04\/28\/adeus-a-regra-antiga-do-aluguel-essa-nova-norma-permite-contratos-mais-flexiveis-entre-locador-e-inquilino\/","og_site_name":"Estado de Minas - Em foco","article_published_time":"2026-04-28T10:45:00+00:00","article_modified_time":"2026-04-27T18:22:09+00:00","og_image":[{"width":1280,"height":720,"url":"https:\/\/www.em.com.br\/emfoco\/wp-content\/uploads\/2026\/04\/EmFoco_17-8.jpg","type":"image\/jpeg"}],"author":"Guilherme Ara\u00fajo","twitter_card":"summary_large_image","twitter_misc":{"Escrito por":"Guilherme Ara\u00fajo","Est. tempo de leitura":"4 minutos"},"schema":{"@context":"https:\/\/schema.org","@graph":[{"@type":"WebPage","@id":"https:\/\/www.em.com.br\/emfoco\/2026\/04\/28\/adeus-a-regra-antiga-do-aluguel-essa-nova-norma-permite-contratos-mais-flexiveis-entre-locador-e-inquilino\/","url":"https:\/\/www.em.com.br\/emfoco\/2026\/04\/28\/adeus-a-regra-antiga-do-aluguel-essa-nova-norma-permite-contratos-mais-flexiveis-entre-locador-e-inquilino\/","name":"Adeus \u00e0 regra antiga do aluguel, essa nova norma permite contratos mais flex\u00edveis entre locador e inquilino - Estado de Minas - Em foco","isPartOf":{"@id":"https:\/\/www.em.com.br\/emfoco\/#website"},"primaryImageOfPage":{"@id":"https:\/\/www.em.com.br\/emfoco\/2026\/04\/28\/adeus-a-regra-antiga-do-aluguel-essa-nova-norma-permite-contratos-mais-flexiveis-entre-locador-e-inquilino\/#primaryimage"},"image":{"@id":"https:\/\/www.em.com.br\/emfoco\/2026\/04\/28\/adeus-a-regra-antiga-do-aluguel-essa-nova-norma-permite-contratos-mais-flexiveis-entre-locador-e-inquilino\/#primaryimage"},"thumbnailUrl":"https:\/\/www.em.com.br\/emfoco\/wp-content\/uploads\/2026\/04\/EmFoco_17-8.jpg","datePublished":"2026-04-28T10:45:00+00:00","dateModified":"2026-04-27T18:22:09+00:00","author":{"@id":"https:\/\/www.em.com.br\/emfoco\/#\/schema\/person\/5379e929a4b966c775d121e23f9bb421"},"description":"Entenda a nova norma de aluguel que permite contratos mais flex\u00edveis entre locador e inquilino. Veja a moderniza\u00e7\u00e3o das loca\u00e7\u00f5es em 2026.","breadcrumb":{"@id":"https:\/\/www.em.com.br\/emfoco\/2026\/04\/28\/adeus-a-regra-antiga-do-aluguel-essa-nova-norma-permite-contratos-mais-flexiveis-entre-locador-e-inquilino\/#breadcrumb"},"inLanguage":"pt-BR","potentialAction":[{"@type":"ReadAction","target":["https:\/\/www.em.com.br\/emfoco\/2026\/04\/28\/adeus-a-regra-antiga-do-aluguel-essa-nova-norma-permite-contratos-mais-flexiveis-entre-locador-e-inquilino\/"]}]},{"@type":"ImageObject","inLanguage":"pt-BR","@id":"https:\/\/www.em.com.br\/emfoco\/2026\/04\/28\/adeus-a-regra-antiga-do-aluguel-essa-nova-norma-permite-contratos-mais-flexiveis-entre-locador-e-inquilino\/#primaryimage","url":"https:\/\/www.em.com.br\/emfoco\/wp-content\/uploads\/2026\/04\/EmFoco_17-8.jpg","contentUrl":"https:\/\/www.em.com.br\/emfoco\/wp-content\/uploads\/2026\/04\/EmFoco_17-8.jpg","width":1280,"height":720,"caption":"Novas normas trazem seguran\u00e7a jur\u00eddica e assinaturas digitais aos contratos de loca\u00e7\u00e3o"},{"@type":"BreadcrumbList","@id":"https:\/\/www.em.com.br\/emfoco\/2026\/04\/28\/adeus-a-regra-antiga-do-aluguel-essa-nova-norma-permite-contratos-mais-flexiveis-entre-locador-e-inquilino\/#breadcrumb","itemListElement":[{"@type":"ListItem","position":1,"name":"In\u00edcio","item":"https:\/\/www.em.com.br\/emfoco\/"},{"@type":"ListItem","position":2,"name":"Adeus \u00e0 regra antiga do aluguel, essa nova norma permite contratos mais flex\u00edveis entre locador e inquilino"}]},{"@type":"WebSite","@id":"https:\/\/www.em.com.br\/emfoco\/#website","url":"https:\/\/www.em.com.br\/emfoco\/","name":"Estado de Minas - Em foco","description":"Acompanhe as \u00faltimas not\u00edcias e fique bem informado sobre tudo o que acontece em Minas Gerais, Brasil e no mundo.","potentialAction":[{"@type":"SearchAction","target":{"@type":"EntryPoint","urlTemplate":"https:\/\/www.em.com.br\/emfoco\/?s={search_term_string}"},"query-input":{"@type":"PropertyValueSpecification","valueRequired":true,"valueName":"search_term_string"}}],"inLanguage":"pt-BR"},{"@type":"Person","@id":"https:\/\/www.em.com.br\/emfoco\/#\/schema\/person\/5379e929a4b966c775d121e23f9bb421","name":"Guilherme Ara\u00fajo","image":{"@type":"ImageObject","inLanguage":"pt-BR","@id":"https:\/\/www.em.com.br\/emfoco\/#\/schema\/person\/image\/","url":"https:\/\/secure.gravatar.com\/avatar\/b8bf1fd0130e170bd8f5d7298dbafa25?s=96&d=mm&r=g","contentUrl":"https:\/\/secure.gravatar.com\/avatar\/b8bf1fd0130e170bd8f5d7298dbafa25?s=96&d=mm&r=g","caption":"Guilherme Ara\u00fajo"},"sameAs":["https:\/\/www.em.com.br\/emfoco"],"url":"https:\/\/www.em.com.br\/emfoco\/author\/guilhermeamyth\/"}]}},"_links":{"self":[{"href":"https:\/\/www.em.com.br\/emfoco\/wp-json\/wp\/v2\/posts\/200306","targetHints":{"allow":["GET"]}}],"collection":[{"href":"https:\/\/www.em.com.br\/emfoco\/wp-json\/wp\/v2\/posts"}],"about":[{"href":"https:\/\/www.em.com.br\/emfoco\/wp-json\/wp\/v2\/types\/post"}],"author":[{"embeddable":true,"href":"https:\/\/www.em.com.br\/emfoco\/wp-json\/wp\/v2\/users\/30"}],"replies":[{"embeddable":true,"href":"https:\/\/www.em.com.br\/emfoco\/wp-json\/wp\/v2\/comments?post=200306"}],"version-history":[{"count":3,"href":"https:\/\/www.em.com.br\/emfoco\/wp-json\/wp\/v2\/posts\/200306\/revisions"}],"predecessor-version":[{"id":200346,"href":"https:\/\/www.em.com.br\/emfoco\/wp-json\/wp\/v2\/posts\/200306\/revisions\/200346"}],"wp:featuredmedia":[{"embeddable":true,"href":"https:\/\/www.em.com.br\/emfoco\/wp-json\/wp\/v2\/media\/200574"}],"wp:attachment":[{"href":"https:\/\/www.em.com.br\/emfoco\/wp-json\/wp\/v2\/media?parent=200306"}],"wp:term":[{"taxonomy":"category","embeddable":true,"href":"https:\/\/www.em.com.br\/emfoco\/wp-json\/wp\/v2\/categories?post=200306"},{"taxonomy":"post_tag","embeddable":true,"href":"https:\/\/www.em.com.br\/emfoco\/wp-json\/wp\/v2\/tags?post=200306"}],"curies":[{"name":"wp","href":"https:\/\/api.w.org\/{rel}","templated":true}]}}