{"id":200300,"date":"2026-04-28T14:05:00","date_gmt":"2026-04-28T17:05:00","guid":{"rendered":"https:\/\/www.em.com.br\/emfoco\/?p=200300"},"modified":"2026-04-27T15:21:50","modified_gmt":"2026-04-27T18:21:50","slug":"projeto-do-13o-do-bolsa-familia-pode-beneficiar-18-milhoes-de-familias-ja-em-dezembro","status":"publish","type":"post","link":"https:\/\/www.em.com.br\/emfoco\/2026\/04\/28\/projeto-do-13o-do-bolsa-familia-pode-beneficiar-18-milhoes-de-familias-ja-em-dezembro\/","title":{"rendered":"Projeto do 13\u00ba do Bolsa Fam\u00edlia pode beneficiar 18 milh\u00f5es de fam\u00edlias j\u00e1 em dezembro"},"content":{"rendered":"\n<p>A discuss\u00e3o sobre o abono natalino para o <strong>Bolsa Fam\u00edlia<\/strong> ganhou for\u00e7a no Congresso Nacional com o avan\u00e7o de novas propostas legislativas. O projeto visa garantir um suporte financeiro extra para milh\u00f5es de lares brasileiros no final de cada ano.<\/p>\n\n\n\n<h2 class=\"wp-block-heading\">O que prop\u00f5e o novo projeto de lei sobre o abono?<\/h2>\n\n\n\n<p>O <strong><a href=\"https:\/\/www.camara.leg.br\/proposicoesWeb\/prop_mostrarintegra?codteor=3015395&amp;filename=Tramitacao-PL%204964\/2025\" target=\"_blank\" rel=\"noreferrer noopener\">PL 4.964\/2025<\/a><\/strong> sugere uma altera\u00e7\u00e3o estrutural na gest\u00e3o do benef\u00edcio para incluir o pagamento de uma parcela adicional em dezembro. A proposta estabelece que o valor seja proporcional ao tempo de perman\u00eancia da fam\u00edlia no programa durante o ano vigente.<\/p>\n\n\n\n<p>Se a regra for aprovada, quem recebe o aux\u00edlio h\u00e1 pelo menos <strong>12 meses<\/strong> teria direito ao valor integral do abono. Essa medida busca institucionalizar o 13\u00ba, transformando-o em um direito permanente em vez de uma concess\u00e3o eventual dependente de decretos tempor\u00e1rios.<\/p>\n\n\n<div class=\"wp-block-image\">\n<figure class=\"aligncenter size-large\"><img loading=\"lazy\" decoding=\"async\" width=\"1024\" height=\"576\" src=\"https:\/\/www.em.com.br\/emfoco\/wp-content\/uploads\/2026\/04\/dinheiro_1777277739029-1024x576.jpg\" alt=\"Cr\u00e9ditos: depositphotos.com \/ rafapress\" class=\"wp-image-200316\" srcset=\"https:\/\/www.em.com.br\/emfoco\/wp-content\/uploads\/2026\/04\/dinheiro_1777277739029-1024x576.jpg 1024w, https:\/\/www.em.com.br\/emfoco\/wp-content\/uploads\/2026\/04\/dinheiro_1777277739029-300x169.jpg 300w, https:\/\/www.em.com.br\/emfoco\/wp-content\/uploads\/2026\/04\/dinheiro_1777277739029-768x432.jpg 768w, https:\/\/www.em.com.br\/emfoco\/wp-content\/uploads\/2026\/04\/dinheiro_1777277739029-750x422.jpg 750w, https:\/\/www.em.com.br\/emfoco\/wp-content\/uploads\/2026\/04\/dinheiro_1777277739029-1140x641.jpg 1140w, https:\/\/www.em.com.br\/emfoco\/wp-content\/uploads\/2026\/04\/dinheiro_1777277739029.jpg 1280w\" sizes=\"auto, (max-width: 1024px) 100vw, 1024px\" \/><figcaption class=\"wp-element-caption\">Projeto de lei que cria o abono natalino do bolsa fam\u00edlia avan\u00e7a na c\u00e2mara para beneficiar 18 milh\u00f5es &#8211; Cr\u00e9ditos: depositphotos.com \/ rafapress<\/figcaption><\/figure><\/div>\n\n\n<h2 class=\"wp-block-heading\">Qual o impacto financeiro do 13\u00ba no Bolsa Fam\u00edlia?<\/h2>\n\n\n\n<p>Estimativas iniciais indicam que a medida pode alcan\u00e7ar <strong>18 milh\u00f5es de fam\u00edlias<\/strong>, gerando um custo aproximado de <strong>R$ 13 bilh\u00f5es<\/strong> anuais aos cofres p\u00fablicos. Esse montante representa um desafio para o fechamento do or\u00e7amento federal de <strong>2026<\/strong>.<\/p>\n\n\n\n<p>Para equilibrar as contas, os parlamentares discutem a origem dos recursos sem comprometer outras \u00e1reas sociais. De acordo com informa\u00e7\u00f5es da <a href=\"https:\/\/www.gov.br\/mds\/pt-br\/acoes-e-programas\/bolsa-familia\" target=\"_blank\" rel=\"noreferrer noopener\">Bolsa Fam\u00edlia<\/a>, o programa j\u00e1 possui uma dota\u00e7\u00e3o bilion\u00e1ria que atende cerca de <strong>19,9 milh\u00f5es<\/strong> de benefici\u00e1rios em todo o territ\u00f3rio nacional.<\/p>\n\n\n\n<h2 class=\"wp-block-heading\">Como est\u00e1 a tramita\u00e7\u00e3o da proposta na C\u00e2mara?<\/h2>\n\n\n\n<p>Atualmente, o texto percorre as comiss\u00f5es t\u00e9cnicas da <strong>C\u00e2mara dos Deputados<\/strong> para avalia\u00e7\u00e3o de viabilidade or\u00e7ament\u00e1ria e constitucionalidade. O projeto precisa passar pela Comiss\u00e3o de Finan\u00e7as e Tributa\u00e7\u00e3o antes de seguir para vota\u00e7\u00e3o em plen\u00e1rio pelos parlamentares.<\/p>\n\n\n\n<p>Em <strong>fevereiro de 2026<\/strong>, a proposta foi encaminhada para an\u00e1lise inicial, o que indica que o caminho legislativo ainda \u00e9 longo. Confira as etapas obrigat\u00f3rias que o projeto deve cumprir antes de virar lei:<\/p>\n\n\n\n<ul class=\"wp-block-list\">\n<li>Aprova\u00e7\u00e3o na Comiss\u00e3o de Previd\u00eancia e Assist\u00eancia Social.<\/li>\n\n\n\n<li>Parecer favor\u00e1vel da Comiss\u00e3o de Constitui\u00e7\u00e3o e Justi\u00e7a.<\/li>\n\n\n\n<li>Vota\u00e7\u00e3o nominal no Plen\u00e1rio da <strong>C\u00e2mara<\/strong> e do Senado.<\/li>\n\n\n\n<li>San\u00e7\u00e3o ou veto da Presid\u00eancia da Rep\u00fablica.<\/li>\n<\/ul>\n\n\n<div class=\"wp-block-image\">\n<figure class=\"aligncenter size-large\"><img loading=\"lazy\" decoding=\"async\" width=\"1024\" height=\"576\" src=\"https:\/\/www.em.com.br\/emfoco\/wp-content\/uploads\/2026\/04\/bolsa-familia-1024x576.jpg\" alt=\"Cr\u00e9ditos: depositphotos.com \/ rafapress\" class=\"wp-image-200317\" srcset=\"https:\/\/www.em.com.br\/emfoco\/wp-content\/uploads\/2026\/04\/bolsa-familia-1024x576.jpg 1024w, https:\/\/www.em.com.br\/emfoco\/wp-content\/uploads\/2026\/04\/bolsa-familia-300x169.jpg 300w, https:\/\/www.em.com.br\/emfoco\/wp-content\/uploads\/2026\/04\/bolsa-familia-768x432.jpg 768w, https:\/\/www.em.com.br\/emfoco\/wp-content\/uploads\/2026\/04\/bolsa-familia-750x422.jpg 750w, https:\/\/www.em.com.br\/emfoco\/wp-content\/uploads\/2026\/04\/bolsa-familia-1140x641.jpg 1140w, https:\/\/www.em.com.br\/emfoco\/wp-content\/uploads\/2026\/04\/bolsa-familia.jpg 1280w\" sizes=\"auto, (max-width: 1024px) 100vw, 1024px\" \/><figcaption class=\"wp-element-caption\">Tramita\u00e7\u00e3o da proposta que garante o d\u00e9cimo terceiro do bolsa fam\u00edlia gera expectativa em benefici\u00e1rios &#8211; Cr\u00e9ditos: depositphotos.com \/ rafapress<\/figcaption><\/figure><\/div>\n\n\n<h2 class=\"wp-block-heading\">Quais s\u00e3o os valores pagos pelo Bolsa Fam\u00edlia hoje?<\/h2>\n\n\n\n<p>Enquanto o projeto n\u00e3o \u00e9 finalizado, o programa mant\u00e9m o pagamento m\u00ednimo de <strong>R$ 600<\/strong> por fam\u00edlia cadastrada. Al\u00e9m desse valor base, existem adicionais espec\u00edficos que variam conforme a idade das crian\u00e7as e a presen\u00e7a de gestantes no n\u00facleo familiar.<\/p>\n\n\n\n<p>Essas regras de composi\u00e7\u00e3o est\u00e3o detalhadas na <a href=\"https:\/\/www.planalto.gov.br\/ccivil_03\/_ato2023-2026\/2023\/lei\/l14601.htm\" target=\"_blank\" rel=\"noreferrer noopener\">Lei 14.601\/2023<\/a>, que reestruturou o benef\u00edcio para focar na primeira inf\u00e2ncia. O acompanhamento rigoroso das condicionalidades de sa\u00fade e educa\u00e7\u00e3o permanece como requisito obrigat\u00f3rio para a manuten\u00e7\u00e3o do recebimento mensal.<\/p>\n\n\n\n<p>Leia tamb\u00e9m: <a href=\"https:\/\/www.em.com.br\/emfoco\/2026\/04\/25\/aposentados-do-inss-podem-ter-acesso-a-passagens-aereas-a-partir-de-r-200-com-novo-programa\/\" target=\"_blank\" rel=\"noreferrer noopener\">Aposentados do INSS podem ter acesso a passagens a\u00e9reas a partir de R$ 200 com novo programa<\/a><\/p>\n\n\n\n<h2 class=\"wp-block-heading\">O 13\u00ba pagamento j\u00e1 est\u00e1 garantido para dezembro de 2026?<\/h2>\n\n\n\n<p>Ainda n\u00e3o h\u00e1 confirma\u00e7\u00e3o oficial de que o abono ser\u00e1 pago em <strong>dezembro de 2026<\/strong>, pois o texto aguarda vota\u00e7\u00e3o. Benefici\u00e1rios devem ter cautela com not\u00edcias falsas que prometem cadastramentos antecipados ou exigem dados sigilosos para liberar o suposto valor extra.<\/p>\n\n\n\n<p>Qualquer atualiza\u00e7\u00e3o sobre o calend\u00e1rio de pagamentos \u00e9 comunicada diretamente pelos canais oficiais do <strong>Minist\u00e9rio do Desenvolvimento Social<\/strong>. Manter os dados atualizados no <strong>Cad\u00danico<\/strong> \u00e9 a \u00fanica forma segura de garantir que, caso o projeto seja aprovado, o recebimento ocorra sem problemas burocr\u00e1ticos.<\/p>\n","protected":false},"excerpt":{"rendered":"<p>A discuss\u00e3o sobre o abono natalino para o Bolsa Fam\u00edlia ganhou for\u00e7a no Congresso Nacional com o avan\u00e7o de novas propostas legislativas. O projeto visa garantir um suporte financeiro extra para milh\u00f5es de lares brasileiros no final de cada ano. O que prop\u00f5e o novo projeto de lei sobre o abono? O PL 4.964\/2025 sugere [&hellip;]<\/p>\n","protected":false},"author":30,"featured_media":200576,"comment_status":"open","ping_status":"open","sticky":false,"template":"","format":"standard","meta":{"jnews-multi-image_gallery":[],"jnews_single_post":{"format":"standard"},"jnews_primary_category":[],"jnews_social_meta":[],"jnews_override_counter":[],"footnotes":""},"categories":[28],"tags":[1526,14807,12376,28860],"class_list":["post-200300","post","type-post","status-publish","format-standard","has-post-thumbnail","hentry","category-economia","tag-aluguel","tag-contrato","tag-imovel","tag-inquilinato"],"yoast_head":"<!-- This site is optimized with the Yoast SEO plugin v23.8 - https:\/\/yoast.com\/wordpress\/plugins\/seo\/ -->\n<title>Projeto do 13\u00ba do Bolsa Fam\u00edlia pode beneficiar 18 milh\u00f5es de fam\u00edlias j\u00e1 em dezembro - Estado de Minas - Em foco<\/title>\n<meta name=\"description\" content=\"Veja como o 13\u00ba do Bolsa Fam\u00edlia pode beneficiar 18 milh\u00f5es de fam\u00edlias j\u00e1 em dezembro. Entenda o projeto em tramita\u00e7\u00e3o no Congresso agora.\" \/>\n<meta name=\"robots\" content=\"index, follow, max-snippet:-1, max-image-preview:large, max-video-preview:-1\" \/>\n<link rel=\"canonical\" href=\"https:\/\/www.em.com.br\/emfoco\/2026\/04\/28\/projeto-do-13o-do-bolsa-familia-pode-beneficiar-18-milhoes-de-familias-ja-em-dezembro\/\" \/>\n<meta property=\"og:locale\" content=\"pt_BR\" \/>\n<meta property=\"og:type\" content=\"article\" \/>\n<meta property=\"og:title\" content=\"Projeto do 13\u00ba do Bolsa Fam\u00edlia pode beneficiar 18 milh\u00f5es de fam\u00edlias j\u00e1 em dezembro - Estado de Minas - Em foco\" \/>\n<meta property=\"og:description\" content=\"Veja como o 13\u00ba do Bolsa Fam\u00edlia pode beneficiar 18 milh\u00f5es de fam\u00edlias j\u00e1 em dezembro. Entenda o projeto em tramita\u00e7\u00e3o no Congresso agora.\" \/>\n<meta property=\"og:url\" content=\"https:\/\/www.em.com.br\/emfoco\/2026\/04\/28\/projeto-do-13o-do-bolsa-familia-pode-beneficiar-18-milhoes-de-familias-ja-em-dezembro\/\" \/>\n<meta property=\"og:site_name\" content=\"Estado de Minas - Em foco\" \/>\n<meta property=\"article:published_time\" content=\"2026-04-28T17:05:00+00:00\" \/>\n<meta property=\"article:modified_time\" content=\"2026-04-27T18:21:50+00:00\" \/>\n<meta property=\"og:image\" content=\"https:\/\/www.em.com.br\/emfoco\/wp-content\/uploads\/2026\/04\/EmFoco_15-8.jpg\" \/>\n\t<meta property=\"og:image:width\" content=\"1280\" \/>\n\t<meta property=\"og:image:height\" content=\"720\" \/>\n\t<meta property=\"og:image:type\" content=\"image\/jpeg\" \/>\n<meta name=\"author\" content=\"Guilherme Ara\u00fajo\" \/>\n<meta name=\"twitter:card\" content=\"summary_large_image\" \/>\n<meta name=\"twitter:label1\" content=\"Escrito por\" \/>\n\t<meta name=\"twitter:data1\" content=\"Guilherme Ara\u00fajo\" \/>\n\t<meta name=\"twitter:label2\" content=\"Est. tempo de leitura\" \/>\n\t<meta name=\"twitter:data2\" content=\"4 minutos\" \/>\n<!-- \/ Yoast SEO plugin. -->","yoast_head_json":{"title":"Projeto do 13\u00ba do Bolsa Fam\u00edlia pode beneficiar 18 milh\u00f5es de fam\u00edlias j\u00e1 em dezembro - Estado de Minas - Em foco","description":"Veja como o 13\u00ba do Bolsa Fam\u00edlia pode beneficiar 18 milh\u00f5es de fam\u00edlias j\u00e1 em dezembro. Entenda o projeto em tramita\u00e7\u00e3o no Congresso agora.","robots":{"index":"index","follow":"follow","max-snippet":"max-snippet:-1","max-image-preview":"max-image-preview:large","max-video-preview":"max-video-preview:-1"},"canonical":"https:\/\/www.em.com.br\/emfoco\/2026\/04\/28\/projeto-do-13o-do-bolsa-familia-pode-beneficiar-18-milhoes-de-familias-ja-em-dezembro\/","og_locale":"pt_BR","og_type":"article","og_title":"Projeto do 13\u00ba do Bolsa Fam\u00edlia pode beneficiar 18 milh\u00f5es de fam\u00edlias j\u00e1 em dezembro - Estado de Minas - Em foco","og_description":"Veja como o 13\u00ba do Bolsa Fam\u00edlia pode beneficiar 18 milh\u00f5es de fam\u00edlias j\u00e1 em dezembro. Entenda o projeto em tramita\u00e7\u00e3o no Congresso agora.","og_url":"https:\/\/www.em.com.br\/emfoco\/2026\/04\/28\/projeto-do-13o-do-bolsa-familia-pode-beneficiar-18-milhoes-de-familias-ja-em-dezembro\/","og_site_name":"Estado de Minas - Em foco","article_published_time":"2026-04-28T17:05:00+00:00","article_modified_time":"2026-04-27T18:21:50+00:00","og_image":[{"width":1280,"height":720,"url":"https:\/\/www.em.com.br\/emfoco\/wp-content\/uploads\/2026\/04\/EmFoco_15-8.jpg","type":"image\/jpeg"}],"author":"Guilherme Ara\u00fajo","twitter_card":"summary_large_image","twitter_misc":{"Escrito por":"Guilherme Ara\u00fajo","Est. tempo de leitura":"4 minutos"},"schema":{"@context":"https:\/\/schema.org","@graph":[{"@type":"WebPage","@id":"https:\/\/www.em.com.br\/emfoco\/2026\/04\/28\/projeto-do-13o-do-bolsa-familia-pode-beneficiar-18-milhoes-de-familias-ja-em-dezembro\/","url":"https:\/\/www.em.com.br\/emfoco\/2026\/04\/28\/projeto-do-13o-do-bolsa-familia-pode-beneficiar-18-milhoes-de-familias-ja-em-dezembro\/","name":"Projeto do 13\u00ba do Bolsa Fam\u00edlia pode beneficiar 18 milh\u00f5es de fam\u00edlias j\u00e1 em dezembro - Estado de Minas - Em foco","isPartOf":{"@id":"https:\/\/www.em.com.br\/emfoco\/#website"},"primaryImageOfPage":{"@id":"https:\/\/www.em.com.br\/emfoco\/2026\/04\/28\/projeto-do-13o-do-bolsa-familia-pode-beneficiar-18-milhoes-de-familias-ja-em-dezembro\/#primaryimage"},"image":{"@id":"https:\/\/www.em.com.br\/emfoco\/2026\/04\/28\/projeto-do-13o-do-bolsa-familia-pode-beneficiar-18-milhoes-de-familias-ja-em-dezembro\/#primaryimage"},"thumbnailUrl":"https:\/\/www.em.com.br\/emfoco\/wp-content\/uploads\/2026\/04\/EmFoco_15-8.jpg","datePublished":"2026-04-28T17:05:00+00:00","dateModified":"2026-04-27T18:21:50+00:00","author":{"@id":"https:\/\/www.em.com.br\/emfoco\/#\/schema\/person\/5379e929a4b966c775d121e23f9bb421"},"description":"Veja como o 13\u00ba do Bolsa Fam\u00edlia pode beneficiar 18 milh\u00f5es de fam\u00edlias j\u00e1 em dezembro. Entenda o projeto em tramita\u00e7\u00e3o no Congresso agora.","breadcrumb":{"@id":"https:\/\/www.em.com.br\/emfoco\/2026\/04\/28\/projeto-do-13o-do-bolsa-familia-pode-beneficiar-18-milhoes-de-familias-ja-em-dezembro\/#breadcrumb"},"inLanguage":"pt-BR","potentialAction":[{"@type":"ReadAction","target":["https:\/\/www.em.com.br\/emfoco\/2026\/04\/28\/projeto-do-13o-do-bolsa-familia-pode-beneficiar-18-milhoes-de-familias-ja-em-dezembro\/"]}]},{"@type":"ImageObject","inLanguage":"pt-BR","@id":"https:\/\/www.em.com.br\/emfoco\/2026\/04\/28\/projeto-do-13o-do-bolsa-familia-pode-beneficiar-18-milhoes-de-familias-ja-em-dezembro\/#primaryimage","url":"https:\/\/www.em.com.br\/emfoco\/wp-content\/uploads\/2026\/04\/EmFoco_15-8.jpg","contentUrl":"https:\/\/www.em.com.br\/emfoco\/wp-content\/uploads\/2026\/04\/EmFoco_15-8.jpg","width":1280,"height":720,"caption":"Projeto de lei busca institucionalizar o d\u00e9cimo terceiro pagamento para fam\u00edlias benefici\u00e1rias"},{"@type":"BreadcrumbList","@id":"https:\/\/www.em.com.br\/emfoco\/2026\/04\/28\/projeto-do-13o-do-bolsa-familia-pode-beneficiar-18-milhoes-de-familias-ja-em-dezembro\/#breadcrumb","itemListElement":[{"@type":"ListItem","position":1,"name":"In\u00edcio","item":"https:\/\/www.em.com.br\/emfoco\/"},{"@type":"ListItem","position":2,"name":"Projeto do 13\u00ba do Bolsa Fam\u00edlia pode beneficiar 18 milh\u00f5es de fam\u00edlias j\u00e1 em dezembro"}]},{"@type":"WebSite","@id":"https:\/\/www.em.com.br\/emfoco\/#website","url":"https:\/\/www.em.com.br\/emfoco\/","name":"Estado de Minas - Em foco","description":"Acompanhe as \u00faltimas not\u00edcias e fique bem informado sobre tudo o que acontece em Minas Gerais, Brasil e no mundo.","potentialAction":[{"@type":"SearchAction","target":{"@type":"EntryPoint","urlTemplate":"https:\/\/www.em.com.br\/emfoco\/?s={search_term_string}"},"query-input":{"@type":"PropertyValueSpecification","valueRequired":true,"valueName":"search_term_string"}}],"inLanguage":"pt-BR"},{"@type":"Person","@id":"https:\/\/www.em.com.br\/emfoco\/#\/schema\/person\/5379e929a4b966c775d121e23f9bb421","name":"Guilherme Ara\u00fajo","image":{"@type":"ImageObject","inLanguage":"pt-BR","@id":"https:\/\/www.em.com.br\/emfoco\/#\/schema\/person\/image\/","url":"https:\/\/secure.gravatar.com\/avatar\/b8bf1fd0130e170bd8f5d7298dbafa25?s=96&d=mm&r=g","contentUrl":"https:\/\/secure.gravatar.com\/avatar\/b8bf1fd0130e170bd8f5d7298dbafa25?s=96&d=mm&r=g","caption":"Guilherme Ara\u00fajo"},"sameAs":["https:\/\/www.em.com.br\/emfoco"],"url":"https:\/\/www.em.com.br\/emfoco\/author\/guilhermeamyth\/"}]}},"_links":{"self":[{"href":"https:\/\/www.em.com.br\/emfoco\/wp-json\/wp\/v2\/posts\/200300","targetHints":{"allow":["GET"]}}],"collection":[{"href":"https:\/\/www.em.com.br\/emfoco\/wp-json\/wp\/v2\/posts"}],"about":[{"href":"https:\/\/www.em.com.br\/emfoco\/wp-json\/wp\/v2\/types\/post"}],"author":[{"embeddable":true,"href":"https:\/\/www.em.com.br\/emfoco\/wp-json\/wp\/v2\/users\/30"}],"replies":[{"embeddable":true,"href":"https:\/\/www.em.com.br\/emfoco\/wp-json\/wp\/v2\/comments?post=200300"}],"version-history":[{"count":2,"href":"https:\/\/www.em.com.br\/emfoco\/wp-json\/wp\/v2\/posts\/200300\/revisions"}],"predecessor-version":[{"id":200323,"href":"https:\/\/www.em.com.br\/emfoco\/wp-json\/wp\/v2\/posts\/200300\/revisions\/200323"}],"wp:featuredmedia":[{"embeddable":true,"href":"https:\/\/www.em.com.br\/emfoco\/wp-json\/wp\/v2\/media\/200576"}],"wp:attachment":[{"href":"https:\/\/www.em.com.br\/emfoco\/wp-json\/wp\/v2\/media?parent=200300"}],"wp:term":[{"taxonomy":"category","embeddable":true,"href":"https:\/\/www.em.com.br\/emfoco\/wp-json\/wp\/v2\/categories?post=200300"},{"taxonomy":"post_tag","embeddable":true,"href":"https:\/\/www.em.com.br\/emfoco\/wp-json\/wp\/v2\/tags?post=200300"}],"curies":[{"name":"wp","href":"https:\/\/api.w.org\/{rel}","templated":true}]}}