{"id":200299,"date":"2026-04-28T10:15:00","date_gmt":"2026-04-28T13:15:00","guid":{"rendered":"https:\/\/www.em.com.br\/emfoco\/?p=200299"},"modified":"2026-04-27T15:22:35","modified_gmt":"2026-04-27T18:22:35","slug":"adeus-aposentadoria-alerta-para-cancelamento-de-beneficios-para-todos-esses-idosos-que-nao-cumprirem-esses-requisitos-em-maio-de-2026","status":"publish","type":"post","link":"https:\/\/www.em.com.br\/emfoco\/2026\/04\/28\/adeus-aposentadoria-alerta-para-cancelamento-de-beneficios-para-todos-esses-idosos-que-nao-cumprirem-esses-requisitos-em-maio-de-2026\/","title":{"rendered":"Adeus aposentadoria: alerta para cancelamento de benef\u00edcios para todos esses idosos que n\u00e3o cumprirem esses requisitos em maio de 2026"},"content":{"rendered":"\n<p>A manuten\u00e7\u00e3o da <strong>aposentadoria<\/strong> exige aten\u00e7\u00e3o redobrada aos novos prazos e cruzamentos de dados federais. Em <strong>maio de 2026<\/strong>, embora existam suspens\u00f5es de bloqueios autom\u00e1ticos, certas irregularidades cadastrais podem interromper pagamentos essenciais.<\/p>\n\n\n\n<h2 class=\"wp-block-heading\">Como funciona a prova de vida autom\u00e1tica do INSS?<\/h2>\n\n\n\n<p>Desde o ano de <strong>2022<\/strong>, o <strong>INSS<\/strong> assumiu a responsabilidade de confirmar se o segurado est\u00e1 vivo por meio do cruzamento de bases de dados. Registros de vacina\u00e7\u00e3o, vota\u00e7\u00f5es e renova\u00e7\u00e3o de documentos servem como comprovante de vida.<\/p>\n\n\n\n<p>Quando o sistema n\u00e3o encontra movimenta\u00e7\u00f5es conclusivas, o \u00f3rg\u00e3o emite uma notifica\u00e7\u00e3o oficial. O benefici\u00e1rio tem <strong>60 dias<\/strong> para realizar a biometria facial no aplicativo <strong><a href=\"https:\/\/meu.inss.gov.br\/\" target=\"_blank\" rel=\"noreferrer noopener\">Meu INSS<\/a><\/strong> ou comparecer a uma ag\u00eancia banc\u00e1ria credenciada para evitar interrup\u00e7\u00f5es.<\/p>\n\n\n<div class=\"wp-block-image\">\n<figure class=\"aligncenter size-large\"><img loading=\"lazy\" decoding=\"async\" width=\"1024\" height=\"576\" src=\"https:\/\/www.em.com.br\/emfoco\/wp-content\/uploads\/2026\/04\/INSS_1776224600013-1-1024x576.jpg\" alt=\"INSS - Cr\u00e9ditos: depositphotos.com \/ rafapress\" class=\"wp-image-193233\" srcset=\"https:\/\/www.em.com.br\/emfoco\/wp-content\/uploads\/2026\/04\/INSS_1776224600013-1-1024x576.jpg 1024w, https:\/\/www.em.com.br\/emfoco\/wp-content\/uploads\/2026\/04\/INSS_1776224600013-1-300x169.jpg 300w, https:\/\/www.em.com.br\/emfoco\/wp-content\/uploads\/2026\/04\/INSS_1776224600013-1-768x432.jpg 768w, https:\/\/www.em.com.br\/emfoco\/wp-content\/uploads\/2026\/04\/INSS_1776224600013-1-750x422.jpg 750w, https:\/\/www.em.com.br\/emfoco\/wp-content\/uploads\/2026\/04\/INSS_1776224600013-1-1140x641.jpg 1140w, https:\/\/www.em.com.br\/emfoco\/wp-content\/uploads\/2026\/04\/INSS_1776224600013-1.jpg 1280w\" sizes=\"auto, (max-width: 1024px) 100vw, 1024px\" \/><figcaption class=\"wp-element-caption\">Confira os crit\u00e9rios para evitar perder o benef\u00edcio &#8211; Cr\u00e9ditos: depositphotos.com \/ rafapress<\/figcaption><\/figure><\/div>\n\n\n<h2 class=\"wp-block-heading\">Quais situa\u00e7\u00f5es geram o cancelamento da aposentadoria?<\/h2>\n\n\n\n<p>Existem falhas graves que podem levar \u00e0 perda definitiva do direito previdenci\u00e1rio. O retorno ao trabalho sem alta m\u00e9dica durante um aux\u00edlio-doen\u00e7a \u00e9 um dos motivos que acionam o alerta do <strong>Governo Federal<\/strong> imediatamente.<\/p>\n\n\n\n<p>Al\u00e9m disso, a fraude em documentos ou o ac\u00famulo indevido de benef\u00edcios incompat\u00edveis s\u00e3o alvos de fiscaliza\u00e7\u00e3o rigorosa. Confira os principais motivos que colocam o pagamento em risco:<\/p>\n\n\n\n<ul class=\"wp-block-list\">\n<li>Aus\u00eancia injustificada em <strong>per\u00edcia m\u00e9dica<\/strong> convocada.<\/li>\n\n\n\n<li>Renda familiar acima do teto permitido para o <strong>BPC<\/strong>.<\/li>\n\n\n\n<li>Falta de movimenta\u00e7\u00e3o registrada nos sistemas p\u00fablicos.<\/li>\n\n\n\n<li>Inconsist\u00eancias graves no Cadastro de Pessoas F\u00edsicas (<strong>CPF<\/strong>).<\/li>\n<\/ul>\n\n\n\n<h2 class=\"wp-block-heading\">A prova de vida ainda est\u00e1 suspensa em 2026?<\/h2>\n\n\n\n<p>De acordo com a <strong><a href=\"https:\/\/www.gov.br\/secom\/pt-br\/acompanhe-a-secom\/noticias\/2025\/janeiro\/inss-suspende-bloqueio-do-beneficio-por-falta-de-prova-de-vida-por\" target=\"_blank\" rel=\"noreferrer noopener\">Portaria MPS n\u00ba 83<\/a><\/strong>, o bloqueio de pagamentos por falta de prova de vida foi suspenso temporariamente. Essa medida, prorrogada pelo <strong>Minist\u00e9rio da Previd\u00eancia Social<\/strong>, projeta a validade dessa pausa at\u00e9 o m\u00eas de julho de 2026.<\/p>\n\n\n\n<p>Isso significa que, durante <strong>maio de 2026<\/strong>, os idosos n\u00e3o devem ter o benef\u00edcio bloqueado apenas por n\u00e3o irem ao banco. Entretanto, \u00e9 recomend\u00e1vel manter o cadastro atualizado no site da <a href=\"https:\/\/pt.wikipedia.org\/wiki\/Previd%C3%AAncia_social_no_Brasil\" target=\"_blank\" rel=\"noreferrer noopener\">Previd\u00eancia Social<\/a> para garantir a seguran\u00e7a dos dados futuramente.<\/p>\n\n\n\n<h2 class=\"wp-block-heading\">Por que o BPC exige atualiza\u00e7\u00e3o no Cad\u00danico?<\/h2>\n\n\n\n<p>Diferente da <strong>aposentadoria<\/strong> contributiva, o Benef\u00edcio de Presta\u00e7\u00e3o Continuada (<strong>BPC<\/strong>) \u00e9 assistencial e exige v\u00ednculo ativo com o <strong>Cad\u00danico<\/strong>. A atualiza\u00e7\u00e3o deve ser realizada obrigatoriamente a cada <strong>dois anos<\/strong> no <strong>CRAS<\/strong> municipal.<\/p>\n\n\n\n<p>Benefici\u00e1rios que ignoram o prazo de renova\u00e7\u00e3o recebem notifica\u00e7\u00f5es e podem ter o valor suspenso em at\u00e9 <strong>90 dias<\/strong>. Para verificar a regularidade, o cidad\u00e3o deve acessar o portal oficial <a href=\"https:\/\/www.gov.br\/pt-br\/servicos\/atualizar-cadastro-unico\" target=\"_blank\" rel=\"noreferrer noopener\">Gov.br<\/a> ou utilizar o aplicativo Consulta Cidad\u00e3o.<\/p>\n\n\n<div class=\"wp-block-image\">\n<figure class=\"aligncenter size-large\"><img loading=\"lazy\" decoding=\"async\" width=\"1024\" height=\"576\" src=\"https:\/\/www.em.com.br\/emfoco\/wp-content\/uploads\/2026\/04\/dinheiro_1777275838143-1024x576.jpg\" alt=\"Cr\u00e9ditos: depositphotos.com \/ rafapress\" class=\"wp-image-200311\" srcset=\"https:\/\/www.em.com.br\/emfoco\/wp-content\/uploads\/2026\/04\/dinheiro_1777275838143-1024x576.jpg 1024w, https:\/\/www.em.com.br\/emfoco\/wp-content\/uploads\/2026\/04\/dinheiro_1777275838143-300x169.jpg 300w, https:\/\/www.em.com.br\/emfoco\/wp-content\/uploads\/2026\/04\/dinheiro_1777275838143-768x432.jpg 768w, https:\/\/www.em.com.br\/emfoco\/wp-content\/uploads\/2026\/04\/dinheiro_1777275838143-750x422.jpg 750w, https:\/\/www.em.com.br\/emfoco\/wp-content\/uploads\/2026\/04\/dinheiro_1777275838143-1140x641.jpg 1140w, https:\/\/www.em.com.br\/emfoco\/wp-content\/uploads\/2026\/04\/dinheiro_1777275838143.jpg 1280w\" sizes=\"auto, (max-width: 1024px) 100vw, 1024px\" \/><figcaption class=\"wp-element-caption\">Regras de atualiza\u00e7\u00e3o cadastral que os idosos devem seguir para n\u00e3o perder o benef\u00edcio em maio de 2026 &#8211; Cr\u00e9ditos: depositphotos.com \/ rafapress<\/figcaption><\/figure><\/div>\n\n\n<h3 class=\"wp-block-heading\">Onde realizar a atualiza\u00e7\u00e3o da aposentadoria?<\/h3>\n\n\n\n<p>A inscri\u00e7\u00e3o e a revis\u00e3o dos dados socioecon\u00f4micos devem ser feitas exclusivamente de forma presencial. O segurado deve procurar a unidade do <strong>CRAS<\/strong> mais pr\u00f3xima de sua resid\u00eancia com os documentos de todos os moradores da casa.<\/p>\n\n\n\n<p>Leia tamb\u00e9m: <a href=\"https:\/\/www.em.com.br\/emfoco\/2026\/04\/04\/iptu-2026-idosos-podem-conseguir-isencao-ou-desconto-no-imovel-mas-o-direito-pode-ser-perdido-sem-solicitacao-no-prazo\/\" target=\"_blank\" rel=\"noreferrer noopener\">IPTU 2026: idosos podem conseguir isen\u00e7\u00e3o ou desconto no im\u00f3vel, mas o direito pode ser perdido sem solicita\u00e7\u00e3o no prazo<\/a><\/p>\n\n\n\n<h2 class=\"wp-block-heading\">O que fazer se o benef\u00edcio for bloqueado?<\/h2>\n\n\n\n<p>Caso o pagamento n\u00e3o caia na conta, o primeiro passo \u00e9 verificar o motivo exato pelo telefone <strong>135<\/strong>. Se a causa for falta de dados, a regulariza\u00e7\u00e3o geralmente restabelece os valores atrasados de forma integral e autom\u00e1tica.<\/p>\n\n\n\n<p>O processo de reativa\u00e7\u00e3o ap\u00f3s a prova de vida ou atualiza\u00e7\u00e3o cadastral leva, em m\u00e9dia, <strong>4 dias \u00fateis<\/strong>. \u00c9 fundamental n\u00e3o cair em golpes de terceiros que cobram para liberar o dinheiro, pois o servi\u00e7o oficial do <strong>Instituto Nacional do Seguro Social<\/strong> \u00e9 gratuito.<\/p>\n\n\n\n<h2 class=\"wp-block-heading\">Como ficam as regras de transi\u00e7\u00e3o da aposentadoria em 2026?<\/h2>\n\n\n\n<p>Para quem busca a <strong>aposentadoria<\/strong> em <strong>2026<\/strong>, a idade m\u00ednima progressiva para mulheres subiu para <strong>59 anos e seis meses<\/strong>. Esse ajuste faz parte da reforma aprovada em <strong>2019<\/strong>, que altera os requisitos anualmente at\u00e9 a estabiliza\u00e7\u00e3o total.<\/p>\n\n\n\n<p>Manter as contribui\u00e7\u00f5es em dia e acompanhar o extrato <strong>CNIS<\/strong> evita surpresas desagrad\u00e1veis no momento de solicitar o descanso remunerado. O planejamento previdenci\u00e1rio antecipado continua sendo a melhor ferramenta para garantir seguran\u00e7a financeira na terceira idade, sem depender de decis\u00f5es emergenciais.<\/p>\n","protected":false},"excerpt":{"rendered":"<p>A manuten\u00e7\u00e3o da aposentadoria exige aten\u00e7\u00e3o redobrada aos novos prazos e cruzamentos de dados federais. Em maio de 2026, embora existam suspens\u00f5es de bloqueios autom\u00e1ticos, certas irregularidades cadastrais podem interromper pagamentos essenciais. Como funciona a prova de vida autom\u00e1tica do INSS? Desde o ano de 2022, o INSS assumiu a responsabilidade de confirmar se o [&hellip;]<\/p>\n","protected":false},"author":30,"featured_media":200582,"comment_status":"open","ping_status":"open","sticky":false,"template":"","format":"standard","meta":{"jnews-multi-image_gallery":[],"jnews_single_post":{"format":"standard"},"jnews_primary_category":[],"jnews_social_meta":[],"jnews_override_counter":[],"footnotes":""},"categories":[28],"tags":[257,614,174,3905],"class_list":["post-200299","post","type-post","status-publish","format-standard","has-post-thumbnail","hentry","category-economia","tag-bpc","tag-cadunico","tag-inss","tag-prova-de-vida"],"yoast_head":"<!-- This site is optimized with the Yoast SEO plugin v23.8 - https:\/\/yoast.com\/wordpress\/plugins\/seo\/ -->\n<title>Adeus aposentadoria: alerta para cancelamento de benef\u00edcios para todos esses idosos que n\u00e3o cumprirem esses requisitos em maio de 2026 - Estado de Minas - Em foco<\/title>\n<meta name=\"description\" content=\"Entenda o alerta de cancelamento para aposentadoria de idosos que n\u00e3o cumprirem requisitos em maio de 2026. Veja quais prazos evitar agora.\" \/>\n<meta name=\"robots\" content=\"index, follow, max-snippet:-1, max-image-preview:large, max-video-preview:-1\" \/>\n<link rel=\"canonical\" href=\"https:\/\/www.em.com.br\/emfoco\/2026\/04\/28\/adeus-aposentadoria-alerta-para-cancelamento-de-beneficios-para-todos-esses-idosos-que-nao-cumprirem-esses-requisitos-em-maio-de-2026\/\" \/>\n<meta property=\"og:locale\" content=\"pt_BR\" \/>\n<meta property=\"og:type\" content=\"article\" \/>\n<meta property=\"og:title\" content=\"Adeus aposentadoria: alerta para cancelamento de benef\u00edcios para todos esses idosos que n\u00e3o cumprirem esses requisitos em maio de 2026 - Estado de Minas - Em foco\" \/>\n<meta property=\"og:description\" content=\"Entenda o alerta de cancelamento para aposentadoria de idosos que n\u00e3o cumprirem requisitos em maio de 2026. Veja quais prazos evitar agora.\" \/>\n<meta property=\"og:url\" content=\"https:\/\/www.em.com.br\/emfoco\/2026\/04\/28\/adeus-aposentadoria-alerta-para-cancelamento-de-beneficios-para-todos-esses-idosos-que-nao-cumprirem-esses-requisitos-em-maio-de-2026\/\" \/>\n<meta property=\"og:site_name\" content=\"Estado de Minas - Em foco\" \/>\n<meta property=\"article:published_time\" content=\"2026-04-28T13:15:00+00:00\" \/>\n<meta property=\"article:modified_time\" content=\"2026-04-27T18:22:35+00:00\" \/>\n<meta property=\"og:image\" content=\"https:\/\/www.em.com.br\/emfoco\/wp-content\/uploads\/2026\/04\/EmFoco_18-7.jpg\" \/>\n\t<meta property=\"og:image:width\" content=\"1280\" \/>\n\t<meta property=\"og:image:height\" content=\"720\" \/>\n\t<meta property=\"og:image:type\" content=\"image\/jpeg\" \/>\n<meta name=\"author\" content=\"Guilherme Ara\u00fajo\" \/>\n<meta name=\"twitter:card\" content=\"summary_large_image\" \/>\n<meta name=\"twitter:label1\" content=\"Escrito por\" \/>\n\t<meta name=\"twitter:data1\" content=\"Guilherme Ara\u00fajo\" \/>\n\t<meta name=\"twitter:label2\" content=\"Est. tempo de leitura\" \/>\n\t<meta name=\"twitter:data2\" content=\"5 minutos\" \/>\n<!-- \/ Yoast SEO plugin. -->","yoast_head_json":{"title":"Adeus aposentadoria: alerta para cancelamento de benef\u00edcios para todos esses idosos que n\u00e3o cumprirem esses requisitos em maio de 2026 - Estado de Minas - Em foco","description":"Entenda o alerta de cancelamento para aposentadoria de idosos que n\u00e3o cumprirem requisitos em maio de 2026. Veja quais prazos evitar agora.","robots":{"index":"index","follow":"follow","max-snippet":"max-snippet:-1","max-image-preview":"max-image-preview:large","max-video-preview":"max-video-preview:-1"},"canonical":"https:\/\/www.em.com.br\/emfoco\/2026\/04\/28\/adeus-aposentadoria-alerta-para-cancelamento-de-beneficios-para-todos-esses-idosos-que-nao-cumprirem-esses-requisitos-em-maio-de-2026\/","og_locale":"pt_BR","og_type":"article","og_title":"Adeus aposentadoria: alerta para cancelamento de benef\u00edcios para todos esses idosos que n\u00e3o cumprirem esses requisitos em maio de 2026 - Estado de Minas - Em foco","og_description":"Entenda o alerta de cancelamento para aposentadoria de idosos que n\u00e3o cumprirem requisitos em maio de 2026. Veja quais prazos evitar agora.","og_url":"https:\/\/www.em.com.br\/emfoco\/2026\/04\/28\/adeus-aposentadoria-alerta-para-cancelamento-de-beneficios-para-todos-esses-idosos-que-nao-cumprirem-esses-requisitos-em-maio-de-2026\/","og_site_name":"Estado de Minas - Em foco","article_published_time":"2026-04-28T13:15:00+00:00","article_modified_time":"2026-04-27T18:22:35+00:00","og_image":[{"width":1280,"height":720,"url":"https:\/\/www.em.com.br\/emfoco\/wp-content\/uploads\/2026\/04\/EmFoco_18-7.jpg","type":"image\/jpeg"}],"author":"Guilherme Ara\u00fajo","twitter_card":"summary_large_image","twitter_misc":{"Escrito por":"Guilherme Ara\u00fajo","Est. tempo de leitura":"5 minutos"},"schema":{"@context":"https:\/\/schema.org","@graph":[{"@type":"WebPage","@id":"https:\/\/www.em.com.br\/emfoco\/2026\/04\/28\/adeus-aposentadoria-alerta-para-cancelamento-de-beneficios-para-todos-esses-idosos-que-nao-cumprirem-esses-requisitos-em-maio-de-2026\/","url":"https:\/\/www.em.com.br\/emfoco\/2026\/04\/28\/adeus-aposentadoria-alerta-para-cancelamento-de-beneficios-para-todos-esses-idosos-que-nao-cumprirem-esses-requisitos-em-maio-de-2026\/","name":"Adeus aposentadoria: alerta para cancelamento de benef\u00edcios para todos esses idosos que n\u00e3o cumprirem esses requisitos em maio de 2026 - Estado de Minas - Em foco","isPartOf":{"@id":"https:\/\/www.em.com.br\/emfoco\/#website"},"primaryImageOfPage":{"@id":"https:\/\/www.em.com.br\/emfoco\/2026\/04\/28\/adeus-aposentadoria-alerta-para-cancelamento-de-beneficios-para-todos-esses-idosos-que-nao-cumprirem-esses-requisitos-em-maio-de-2026\/#primaryimage"},"image":{"@id":"https:\/\/www.em.com.br\/emfoco\/2026\/04\/28\/adeus-aposentadoria-alerta-para-cancelamento-de-beneficios-para-todos-esses-idosos-que-nao-cumprirem-esses-requisitos-em-maio-de-2026\/#primaryimage"},"thumbnailUrl":"https:\/\/www.em.com.br\/emfoco\/wp-content\/uploads\/2026\/04\/EmFoco_18-7.jpg","datePublished":"2026-04-28T13:15:00+00:00","dateModified":"2026-04-27T18:22:35+00:00","author":{"@id":"https:\/\/www.em.com.br\/emfoco\/#\/schema\/person\/5379e929a4b966c775d121e23f9bb421"},"description":"Entenda o alerta de cancelamento para aposentadoria de idosos que n\u00e3o cumprirem requisitos em maio de 2026. Veja quais prazos evitar agora.","breadcrumb":{"@id":"https:\/\/www.em.com.br\/emfoco\/2026\/04\/28\/adeus-aposentadoria-alerta-para-cancelamento-de-beneficios-para-todos-esses-idosos-que-nao-cumprirem-esses-requisitos-em-maio-de-2026\/#breadcrumb"},"inLanguage":"pt-BR","potentialAction":[{"@type":"ReadAction","target":["https:\/\/www.em.com.br\/emfoco\/2026\/04\/28\/adeus-aposentadoria-alerta-para-cancelamento-de-beneficios-para-todos-esses-idosos-que-nao-cumprirem-esses-requisitos-em-maio-de-2026\/"]}]},{"@type":"ImageObject","inLanguage":"pt-BR","@id":"https:\/\/www.em.com.br\/emfoco\/2026\/04\/28\/adeus-aposentadoria-alerta-para-cancelamento-de-beneficios-para-todos-esses-idosos-que-nao-cumprirem-esses-requisitos-em-maio-de-2026\/#primaryimage","url":"https:\/\/www.em.com.br\/emfoco\/wp-content\/uploads\/2026\/04\/EmFoco_18-7.jpg","contentUrl":"https:\/\/www.em.com.br\/emfoco\/wp-content\/uploads\/2026\/04\/EmFoco_18-7.jpg","width":1280,"height":720,"caption":"Cruzamento de dados federais garante a prova de vida e continuidade dos benef\u00edcios"},{"@type":"BreadcrumbList","@id":"https:\/\/www.em.com.br\/emfoco\/2026\/04\/28\/adeus-aposentadoria-alerta-para-cancelamento-de-beneficios-para-todos-esses-idosos-que-nao-cumprirem-esses-requisitos-em-maio-de-2026\/#breadcrumb","itemListElement":[{"@type":"ListItem","position":1,"name":"In\u00edcio","item":"https:\/\/www.em.com.br\/emfoco\/"},{"@type":"ListItem","position":2,"name":"Adeus aposentadoria: alerta para cancelamento de benef\u00edcios para todos esses idosos que n\u00e3o cumprirem esses requisitos em maio de 2026"}]},{"@type":"WebSite","@id":"https:\/\/www.em.com.br\/emfoco\/#website","url":"https:\/\/www.em.com.br\/emfoco\/","name":"Estado de Minas - Em foco","description":"Acompanhe as \u00faltimas not\u00edcias e fique bem informado sobre tudo o que acontece em Minas Gerais, Brasil e no mundo.","potentialAction":[{"@type":"SearchAction","target":{"@type":"EntryPoint","urlTemplate":"https:\/\/www.em.com.br\/emfoco\/?s={search_term_string}"},"query-input":{"@type":"PropertyValueSpecification","valueRequired":true,"valueName":"search_term_string"}}],"inLanguage":"pt-BR"},{"@type":"Person","@id":"https:\/\/www.em.com.br\/emfoco\/#\/schema\/person\/5379e929a4b966c775d121e23f9bb421","name":"Guilherme Ara\u00fajo","image":{"@type":"ImageObject","inLanguage":"pt-BR","@id":"https:\/\/www.em.com.br\/emfoco\/#\/schema\/person\/image\/","url":"https:\/\/secure.gravatar.com\/avatar\/b8bf1fd0130e170bd8f5d7298dbafa25?s=96&d=mm&r=g","contentUrl":"https:\/\/secure.gravatar.com\/avatar\/b8bf1fd0130e170bd8f5d7298dbafa25?s=96&d=mm&r=g","caption":"Guilherme Ara\u00fajo"},"sameAs":["https:\/\/www.em.com.br\/emfoco"],"url":"https:\/\/www.em.com.br\/emfoco\/author\/guilhermeamyth\/"}]}},"_links":{"self":[{"href":"https:\/\/www.em.com.br\/emfoco\/wp-json\/wp\/v2\/posts\/200299","targetHints":{"allow":["GET"]}}],"collection":[{"href":"https:\/\/www.em.com.br\/emfoco\/wp-json\/wp\/v2\/posts"}],"about":[{"href":"https:\/\/www.em.com.br\/emfoco\/wp-json\/wp\/v2\/types\/post"}],"author":[{"embeddable":true,"href":"https:\/\/www.em.com.br\/emfoco\/wp-json\/wp\/v2\/users\/30"}],"replies":[{"embeddable":true,"href":"https:\/\/www.em.com.br\/emfoco\/wp-json\/wp\/v2\/comments?post=200299"}],"version-history":[{"count":3,"href":"https:\/\/www.em.com.br\/emfoco\/wp-json\/wp\/v2\/posts\/200299\/revisions"}],"predecessor-version":[{"id":200347,"href":"https:\/\/www.em.com.br\/emfoco\/wp-json\/wp\/v2\/posts\/200299\/revisions\/200347"}],"wp:featuredmedia":[{"embeddable":true,"href":"https:\/\/www.em.com.br\/emfoco\/wp-json\/wp\/v2\/media\/200582"}],"wp:attachment":[{"href":"https:\/\/www.em.com.br\/emfoco\/wp-json\/wp\/v2\/media?parent=200299"}],"wp:term":[{"taxonomy":"category","embeddable":true,"href":"https:\/\/www.em.com.br\/emfoco\/wp-json\/wp\/v2\/categories?post=200299"},{"taxonomy":"post_tag","embeddable":true,"href":"https:\/\/www.em.com.br\/emfoco\/wp-json\/wp\/v2\/tags?post=200299"}],"curies":[{"name":"wp","href":"https:\/\/api.w.org\/{rel}","templated":true}]}}