{"id":200298,"date":"2026-04-29T08:15:00","date_gmt":"2026-04-29T11:15:00","guid":{"rendered":"https:\/\/www.em.com.br\/emfoco\/?p=200298"},"modified":"2026-04-28T13:37:16","modified_gmt":"2026-04-28T16:37:16","slug":"adeus-as-carteiras-tradicionais-a-nova-tendencia-de-2026-une-seguranca-tecnologia-e-elegancia","status":"publish","type":"post","link":"https:\/\/www.em.com.br\/emfoco\/2026\/04\/29\/adeus-as-carteiras-tradicionais-a-nova-tendencia-de-2026-une-seguranca-tecnologia-e-elegancia\/","title":{"rendered":"Adeus \u00e0s carteiras tradicionais, a nova tend\u00eancia de 2026 une seguran\u00e7a tecnologia e eleg\u00e2ncia"},"content":{"rendered":"\n<p>As <strong>carteiras inteligentes 2026<\/strong> surgiram na minha rotina quando percebi que carregar um peda\u00e7o pesado de couro entulhado de pap\u00e9is j\u00e1 n\u00e3o fazia mais sentido. Voc\u00ea imagina quanto tempo ainda vai demorar para que os seus acess\u00f3rios acompanhem a evolu\u00e7\u00e3o tecnol\u00f3gica do seu celular de \u00faltima gera\u00e7\u00e3o?<\/p>\n\n\n\n<h2 class=\"wp-block-heading\">Por que os modelos antigos est\u00e3o perdendo espa\u00e7o<\/h2>\n\n\n\n<p>O couro volumoso acumulava recibos velhos e notas amassadas que quase ningu\u00e9m mais utilizava durante o agitado dia de trabalho nas grandes cidades. Esse peso extra desnecess\u00e1rio causava desconforto constante e acabava estragando o corte elegante das cal\u00e7as mais modernas e ajustadas ao corpo. Atualmente buscamos <strong>praticidade imediata<\/strong> e um <strong>estilo minimalista<\/strong> refinado em cada pequeno acess\u00f3rio que selecionamos para compor nossa imagem pessoal.<\/p>\n\n\n\n<p>A transi\u00e7\u00e3o para o ambiente digital tornou o uso frequente de dinheiro f\u00edsico quase obsoleto em diversos centros urbanos ao redor do planeta. Carregar moedas pesadas e pap\u00e9is in\u00fateis se tornou um fardo log\u00edstico para quem realmente valoriza a <strong>agilidade urbana<\/strong> e o tempo. Muitas pessoas buscam agora <strong>solu\u00e7\u00f5es compactas<\/strong> que protejam com efici\u00eancia apenas o que realmente importa para a seguran\u00e7a financeira individual.<\/p>\n\n\n<div class=\"wp-block-image\">\n<figure class=\"aligncenter size-large\"><img loading=\"lazy\" decoding=\"async\" width=\"1024\" height=\"576\" src=\"https:\/\/www.em.com.br\/emfoco\/wp-content\/uploads\/2026\/04\/carteiras-inteligentes-2026-1024x576.jpg\" alt=\"carteiras inteligentes 2026\" class=\"wp-image-200686\" srcset=\"https:\/\/www.em.com.br\/emfoco\/wp-content\/uploads\/2026\/04\/carteiras-inteligentes-2026-1024x576.jpg 1024w, https:\/\/www.em.com.br\/emfoco\/wp-content\/uploads\/2026\/04\/carteiras-inteligentes-2026-300x169.jpg 300w, https:\/\/www.em.com.br\/emfoco\/wp-content\/uploads\/2026\/04\/carteiras-inteligentes-2026-768x432.jpg 768w, https:\/\/www.em.com.br\/emfoco\/wp-content\/uploads\/2026\/04\/carteiras-inteligentes-2026-750x422.jpg 750w, https:\/\/www.em.com.br\/emfoco\/wp-content\/uploads\/2026\/04\/carteiras-inteligentes-2026-1140x641.jpg 1140w, https:\/\/www.em.com.br\/emfoco\/wp-content\/uploads\/2026\/04\/carteiras-inteligentes-2026.jpg 1280w\" sizes=\"auto, (max-width: 1024px) 100vw, 1024px\" \/><figcaption class=\"wp-element-caption\">A transi\u00e7\u00e3o para o ambiente digital tornou o uso frequente de dinheiro f\u00edsico quase obsoleto em diversos centros urbanos<\/figcaption><\/figure><\/div>\n\n\n<p>Leia tamb\u00e9m: <a href=\"https:\/\/www.em.com.br\/emfoco\/2026\/03\/09\/bolsa-familia-pode-ganhar-13o-pagamento-veja-como-funcionaria-a-proposta\/\" target=\"_blank\" rel=\"noreferrer noopener\">Bolsa Fam\u00edlia pode ganhar 13\u00ba pagamento: veja como funcionaria a proposta<\/a><\/p>\n\n\n\n<h2 class=\"wp-block-heading\">O que define as carteiras inteligentes 2026<\/h2>\n\n\n\n<p>O design das <strong>carteiras inteligentes 2026<\/strong> prioriza ligas met\u00e1licas leves e mecanismos sofisticados de eje\u00e7\u00e3o r\u00e1pida para todos os seus cart\u00f5es principais. Esses dispositivos eliminam completamente aquela busca fren\u00e9tica por cart\u00f5es de cr\u00e9dito ou documentos na hora de pagar uma conta em um restaurante. A <strong>tecnologia embarcada<\/strong> garante que a experi\u00eancia de uso di\u00e1ria seja <strong>extremamente fluida<\/strong> e muito mais agrad\u00e1vel que os m\u00e9todos convencionais.<\/p>\n\n\n\n<p>Al\u00e9m da est\u00e9tica futurista e refinada, esses acess\u00f3rios trazem recursos t\u00e9cnicos que as vers\u00f5es de couro tradicionais nunca poderiam oferecer aos consumidores exigentes. A lista a seguir apresenta as principais mudan\u00e7as estruturais observadas nesta nova gera\u00e7\u00e3o de acess\u00f3rios que dominam o mercado atual:<\/p>\n\n\n\n<ul class=\"wp-block-list\">\n<li><strong>Bloqueio RFID<\/strong> integrado para impedir furtos de dados pessoais por aproxima\u00e7\u00e3o mal-intencionada.<\/li>\n\n\n\n<li><strong>Rastreadores embutidos<\/strong> que s\u00e3o totalmente compat\u00edveis com as redes de localiza\u00e7\u00e3o global via sat\u00e9lite.<\/li>\n\n\n\n<li><strong>Acabamento premium<\/strong> utilizando fibra de carbono leg\u00edtima ou tit\u00e2nio aeroespacial de alta resist\u00eancia.<\/li>\n<\/ul>\n\n\n\n<p>A durabilidade superior desses materiais modernos garante que o produto mantenha o aspecto de novo por muitos anos de uso cont\u00ednuo. Diferente do couro que descasca ou deforma com a umidade, o metal e a fibra mant\u00eam a <strong>integridade estrutural<\/strong> impec\u00e1vel. Essa <strong>resist\u00eancia comprovada<\/strong> atrai investidores que buscam produtos de <strong>longa vida \u00fatil<\/strong> e baixa manuten\u00e7\u00e3o.<\/p>\n\n\n\n<figure class=\"wp-block-embed is-type-rich is-provider-pinterest wp-block-embed-pinterest\"><div class=\"wp-block-embed__wrapper\">\n<iframe loading=\"lazy\" title=\"Conhe\u00e7a a carteira masculina slim anti-furto com tecnologia RFID para proteger seus cart\u00f5es contra clonagem. Compacta, elegante e funcional, comporta at\u00e9 7 cart\u00f5es, c\u00e9dulas e possui bot\u00e3o ejetor. Perfeita para todas as ocasi\u00f5es! \ud83d\uded2www.danaly.com.br\" src=\"https:\/\/assets.pinterest.com\/ext\/embed.html?id=405253666488951966&#038;src=oembed\" height=\"899\" width=\"450\" frameborder=\"0\" scrolling=\"no\" ><\/iframe>\n<\/div><\/figure>\n\n\n\n<h2 class=\"wp-block-heading\">Seguran\u00e7a avan\u00e7ada nas carteiras inteligentes 2026<\/h2>\n\n\n\n<p>A prote\u00e7\u00e3o contra crimes digitais modernos se tornou a maior prioridade para quem utiliza as <strong>carteiras inteligentes 2026<\/strong> no cotidiano das metr\u00f3poles. Hackers oportunistas utilizam dispositivos de proximidade para clonar informa\u00e7\u00f5es banc\u00e1rias sem que a v\u00edtima perceba qualquer tipo de contato f\u00edsico suspeito. O uso estrat\u00e9gico de <strong>blindagem eletromagn\u00e9tica<\/strong> impede que esses sinais externos alcancem os seus chips e cart\u00f5es de maneira indevida.<\/p>\n\n\n\n<p>Perder o seu objeto de valor tamb\u00e9m deixou de ser um pesadelo irrepar\u00e1vel para o usu\u00e1rio tecnol\u00f3gico que preza pela organiza\u00e7\u00e3o. A integra\u00e7\u00e3o nativa com aplicativos m\u00f3veis permite que voc\u00ea receba um alerta imediato no rel\u00f3gio se o acess\u00f3rio for esquecido em algum lugar. Essa <strong>conectividade constante<\/strong> traz uma enorme <strong>paz de esp\u00edrito<\/strong> e evita preju\u00edzos financeiros que seriam significativos sem esse aux\u00edlio digital.<\/p>\n\n\n\n<p>Para voc\u00ea que gosta de se cuidar, separamos um v\u00eddeo do canal <a href=\"https:\/\/www.youtube.com\/@tech5oficial\" target=\"_blank\" rel=\"noreferrer noopener\">Tech 5 <\/a>com dicas de carteiras inteligentes para escolher:<\/p>\n\n\n\n<figure class=\"wp-block-embed is-type-video is-provider-youtube wp-block-embed-youtube wp-embed-aspect-16-9 wp-has-aspect-ratio\"><div class=\"wp-block-embed__wrapper\">\n<div class=\"jeg_video_container jeg_video_content\"><iframe loading=\"lazy\" title=\"Qual CARTEIRA INTELIGENTE Comprar em 2026? Top 5 Elegantes e Seguros \u2705\" width=\"500\" height=\"281\" src=\"https:\/\/www.youtube.com\/embed\/cM82LLgCHg0?feature=oembed\" frameborder=\"0\" allow=\"accelerometer; autoplay; clipboard-write; encrypted-media; gyroscope; picture-in-picture; web-share\" referrerpolicy=\"strict-origin-when-cross-origin\" allowfullscreen><\/iframe><\/div>\n<\/div><\/figure>\n\n\n\n<h2 class=\"wp-block-heading\">Como escolher as carteiras inteligentes 2026 ideais<\/h2>\n\n\n\n<p>Identificar a sua necessidade real de espa\u00e7o interno \u00e9 o primeiro passo fundamental antes de investir nas <strong>carteiras inteligentes 2026<\/strong> dispon\u00edveis. Alguns modelos focam exclusivamente no transporte de cart\u00f5es magn\u00e9ticos enquanto outros ainda reservam um pequeno compartimento inteligente para c\u00e9dulas emergenciais. O seu <strong>perfil de consumo<\/strong> pessoal define se voc\u00ea precisa de algo <strong>ultrafino<\/strong> ou de um modelo um pouco mais vers\u00e1til.<\/p>\n\n\n\n<p>A qualidade dos mecanismos de gatilho tamb\u00e9m influencia diretamente na sua satisfa\u00e7\u00e3o a longo prazo com o produto de luxo adquirido. Opte por marcas renomadas que oferecem sistemas de eje\u00e7\u00e3o testados milhares de vezes para evitar travamentos indesejados nos momentos mais impr\u00f3prios. Uma <strong>escolha consciente<\/strong> une perfeitamente a <strong>resist\u00eancia mec\u00e2nica<\/strong> com um visual que nunca sai de moda e atrai olhares de admira\u00e7\u00e3o.<\/p>\n\n\n\n<h2 class=\"wp-block-heading\">O futuro do seu bolso come\u00e7a agora<\/h2>\n\n\n\n<p>Simplificar drasticamente os itens que voc\u00ea carrega diariamente transforma a sua rotina de uma forma surpreendente e libertadora. Menos volume f\u00edsico no bolso significa mais conforto motor e uma apar\u00eancia muito mais profissional em qualquer ambiente corporativo. Adote a <strong>modernidade funcional<\/strong> para otimizar o seu tempo e garantir <strong>est\u00e9tica impec\u00e1vel<\/strong>.<\/p>\n\n\n\n<p>A seguran\u00e7a digital robusta n\u00e3o deve ser negligenciada em um mundo cada vez mais conectado e veloz nos processos financeiros. Proteja o seu patrim\u00f4nio duramente conquistado com as ferramentas certas que a tecnologia atual disponibiliza para todos os perfis. Invista hoje mesmo no seu <strong>bem-estar tecnol\u00f3gico<\/strong> e desfrute da <strong>liberdade digital<\/strong>.<\/p>\n","protected":false},"excerpt":{"rendered":"<p>As carteiras inteligentes 2026 surgiram na minha rotina quando percebi que carregar um peda\u00e7o pesado de couro entulhado de pap\u00e9is j\u00e1 n\u00e3o fazia mais sentido. Voc\u00ea imagina quanto tempo ainda vai demorar para que os seus acess\u00f3rios acompanhem a evolu\u00e7\u00e3o tecnol\u00f3gica do seu celular de \u00faltima gera\u00e7\u00e3o? Por que os modelos antigos est\u00e3o perdendo espa\u00e7o [&hellip;]<\/p>\n","protected":false},"author":9,"featured_media":200910,"comment_status":"open","ping_status":"open","sticky":false,"template":"","format":"standard","meta":{"jnews-multi-image_gallery":[],"jnews_single_post":{"format":"standard"},"jnews_primary_category":[],"jnews_social_meta":[],"jnews_override_counter":[],"footnotes":""},"categories":[1],"tags":[17924,1586,161],"class_list":["post-200298","post","type-post","status-publish","format-standard","has-post-thumbnail","hentry","category-noticias","tag-acessorios-masculinos","tag-seguranca-digital","tag-tecnologia"],"yoast_head":"<!-- This site is optimized with the Yoast SEO plugin v23.8 - https:\/\/yoast.com\/wordpress\/plugins\/seo\/ -->\n<title>Adeus \u00e0s carteiras tradicionais, a nova tend\u00eancia de 2026 une seguran\u00e7a tecnologia e eleg\u00e2ncia - Estado de Minas - Em foco<\/title>\n<meta name=\"robots\" content=\"index, follow, max-snippet:-1, max-image-preview:large, max-video-preview:-1\" \/>\n<link rel=\"canonical\" href=\"https:\/\/www.em.com.br\/emfoco\/2026\/04\/29\/adeus-as-carteiras-tradicionais-a-nova-tendencia-de-2026-une-seguranca-tecnologia-e-elegancia\/\" \/>\n<meta property=\"og:locale\" content=\"pt_BR\" \/>\n<meta property=\"og:type\" content=\"article\" \/>\n<meta property=\"og:title\" content=\"Adeus \u00e0s carteiras tradicionais, a nova tend\u00eancia de 2026 une seguran\u00e7a tecnologia e eleg\u00e2ncia - Estado de Minas - Em foco\" \/>\n<meta property=\"og:description\" content=\"As carteiras inteligentes 2026 surgiram na minha rotina quando percebi que carregar um peda\u00e7o pesado de couro entulhado de pap\u00e9is j\u00e1 n\u00e3o fazia mais sentido. Voc\u00ea imagina quanto tempo ainda vai demorar para que os seus acess\u00f3rios acompanhem a evolu\u00e7\u00e3o tecnol\u00f3gica do seu celular de \u00faltima gera\u00e7\u00e3o? Por que os modelos antigos est\u00e3o perdendo espa\u00e7o [&hellip;]\" \/>\n<meta property=\"og:url\" content=\"https:\/\/www.em.com.br\/emfoco\/2026\/04\/29\/adeus-as-carteiras-tradicionais-a-nova-tendencia-de-2026-une-seguranca-tecnologia-e-elegancia\/\" \/>\n<meta property=\"og:site_name\" content=\"Estado de Minas - Em foco\" \/>\n<meta property=\"article:published_time\" content=\"2026-04-29T11:15:00+00:00\" \/>\n<meta property=\"article:modified_time\" content=\"2026-04-28T16:37:16+00:00\" \/>\n<meta property=\"og:image\" content=\"https:\/\/www.em.com.br\/emfoco\/wp-content\/uploads\/2026\/04\/EmFoco_32-8.jpg\" \/>\n\t<meta property=\"og:image:width\" content=\"1280\" \/>\n\t<meta property=\"og:image:height\" content=\"720\" \/>\n\t<meta property=\"og:image:type\" content=\"image\/jpeg\" \/>\n<meta name=\"author\" content=\"Daniely Cardoso\" \/>\n<meta name=\"twitter:card\" content=\"summary_large_image\" \/>\n<meta name=\"twitter:label1\" content=\"Escrito por\" \/>\n\t<meta name=\"twitter:data1\" content=\"Daniely Cardoso\" \/>\n\t<meta name=\"twitter:label2\" content=\"Est. tempo de leitura\" \/>\n\t<meta name=\"twitter:data2\" content=\"5 minutos\" \/>\n<!-- \/ Yoast SEO plugin. -->","yoast_head_json":{"title":"Adeus \u00e0s carteiras tradicionais, a nova tend\u00eancia de 2026 une seguran\u00e7a tecnologia e eleg\u00e2ncia - Estado de Minas - Em foco","robots":{"index":"index","follow":"follow","max-snippet":"max-snippet:-1","max-image-preview":"max-image-preview:large","max-video-preview":"max-video-preview:-1"},"canonical":"https:\/\/www.em.com.br\/emfoco\/2026\/04\/29\/adeus-as-carteiras-tradicionais-a-nova-tendencia-de-2026-une-seguranca-tecnologia-e-elegancia\/","og_locale":"pt_BR","og_type":"article","og_title":"Adeus \u00e0s carteiras tradicionais, a nova tend\u00eancia de 2026 une seguran\u00e7a tecnologia e eleg\u00e2ncia - Estado de Minas - Em foco","og_description":"As carteiras inteligentes 2026 surgiram na minha rotina quando percebi que carregar um peda\u00e7o pesado de couro entulhado de pap\u00e9is j\u00e1 n\u00e3o fazia mais sentido. Voc\u00ea imagina quanto tempo ainda vai demorar para que os seus acess\u00f3rios acompanhem a evolu\u00e7\u00e3o tecnol\u00f3gica do seu celular de \u00faltima gera\u00e7\u00e3o? Por que os modelos antigos est\u00e3o perdendo espa\u00e7o [&hellip;]","og_url":"https:\/\/www.em.com.br\/emfoco\/2026\/04\/29\/adeus-as-carteiras-tradicionais-a-nova-tendencia-de-2026-une-seguranca-tecnologia-e-elegancia\/","og_site_name":"Estado de Minas - Em foco","article_published_time":"2026-04-29T11:15:00+00:00","article_modified_time":"2026-04-28T16:37:16+00:00","og_image":[{"width":1280,"height":720,"url":"https:\/\/www.em.com.br\/emfoco\/wp-content\/uploads\/2026\/04\/EmFoco_32-8.jpg","type":"image\/jpeg"}],"author":"Daniely Cardoso","twitter_card":"summary_large_image","twitter_misc":{"Escrito por":"Daniely Cardoso","Est. tempo de leitura":"5 minutos"},"schema":{"@context":"https:\/\/schema.org","@graph":[{"@type":"WebPage","@id":"https:\/\/www.em.com.br\/emfoco\/2026\/04\/29\/adeus-as-carteiras-tradicionais-a-nova-tendencia-de-2026-une-seguranca-tecnologia-e-elegancia\/","url":"https:\/\/www.em.com.br\/emfoco\/2026\/04\/29\/adeus-as-carteiras-tradicionais-a-nova-tendencia-de-2026-une-seguranca-tecnologia-e-elegancia\/","name":"Adeus \u00e0s carteiras tradicionais, a nova tend\u00eancia de 2026 une seguran\u00e7a tecnologia e eleg\u00e2ncia - Estado de Minas - Em foco","isPartOf":{"@id":"https:\/\/www.em.com.br\/emfoco\/#website"},"primaryImageOfPage":{"@id":"https:\/\/www.em.com.br\/emfoco\/2026\/04\/29\/adeus-as-carteiras-tradicionais-a-nova-tendencia-de-2026-une-seguranca-tecnologia-e-elegancia\/#primaryimage"},"image":{"@id":"https:\/\/www.em.com.br\/emfoco\/2026\/04\/29\/adeus-as-carteiras-tradicionais-a-nova-tendencia-de-2026-une-seguranca-tecnologia-e-elegancia\/#primaryimage"},"thumbnailUrl":"https:\/\/www.em.com.br\/emfoco\/wp-content\/uploads\/2026\/04\/EmFoco_32-8.jpg","datePublished":"2026-04-29T11:15:00+00:00","dateModified":"2026-04-28T16:37:16+00:00","author":{"@id":"https:\/\/www.em.com.br\/emfoco\/#\/schema\/person\/0a8186d72f2c3a5c6276d90b41f271a0"},"breadcrumb":{"@id":"https:\/\/www.em.com.br\/emfoco\/2026\/04\/29\/adeus-as-carteiras-tradicionais-a-nova-tendencia-de-2026-une-seguranca-tecnologia-e-elegancia\/#breadcrumb"},"inLanguage":"pt-BR","potentialAction":[{"@type":"ReadAction","target":["https:\/\/www.em.com.br\/emfoco\/2026\/04\/29\/adeus-as-carteiras-tradicionais-a-nova-tendencia-de-2026-une-seguranca-tecnologia-e-elegancia\/"]}]},{"@type":"ImageObject","inLanguage":"pt-BR","@id":"https:\/\/www.em.com.br\/emfoco\/2026\/04\/29\/adeus-as-carteiras-tradicionais-a-nova-tendencia-de-2026-une-seguranca-tecnologia-e-elegancia\/#primaryimage","url":"https:\/\/www.em.com.br\/emfoco\/wp-content\/uploads\/2026\/04\/EmFoco_32-8.jpg","contentUrl":"https:\/\/www.em.com.br\/emfoco\/wp-content\/uploads\/2026\/04\/EmFoco_32-8.jpg","width":1280,"height":720,"caption":"Acess\u00f3rios minimalistas com blindagem RFID e rastreamento para seguran\u00e7a financeira digital"},{"@type":"BreadcrumbList","@id":"https:\/\/www.em.com.br\/emfoco\/2026\/04\/29\/adeus-as-carteiras-tradicionais-a-nova-tendencia-de-2026-une-seguranca-tecnologia-e-elegancia\/#breadcrumb","itemListElement":[{"@type":"ListItem","position":1,"name":"In\u00edcio","item":"https:\/\/www.em.com.br\/emfoco\/"},{"@type":"ListItem","position":2,"name":"Adeus \u00e0s carteiras tradicionais, a nova tend\u00eancia de 2026 une seguran\u00e7a tecnologia e eleg\u00e2ncia"}]},{"@type":"WebSite","@id":"https:\/\/www.em.com.br\/emfoco\/#website","url":"https:\/\/www.em.com.br\/emfoco\/","name":"Estado de Minas - Em foco","description":"Acompanhe as \u00faltimas not\u00edcias e fique bem informado sobre tudo o que acontece em Minas Gerais, Brasil e no mundo.","potentialAction":[{"@type":"SearchAction","target":{"@type":"EntryPoint","urlTemplate":"https:\/\/www.em.com.br\/emfoco\/?s={search_term_string}"},"query-input":{"@type":"PropertyValueSpecification","valueRequired":true,"valueName":"search_term_string"}}],"inLanguage":"pt-BR"},{"@type":"Person","@id":"https:\/\/www.em.com.br\/emfoco\/#\/schema\/person\/0a8186d72f2c3a5c6276d90b41f271a0","name":"Daniely Cardoso","image":{"@type":"ImageObject","inLanguage":"pt-BR","@id":"https:\/\/www.em.com.br\/emfoco\/#\/schema\/person\/image\/","url":"https:\/\/secure.gravatar.com\/avatar\/4b80ddbd124d1f071b626d52d62e5dff?s=96&d=mm&r=g","contentUrl":"https:\/\/secure.gravatar.com\/avatar\/4b80ddbd124d1f071b626d52d62e5dff?s=96&d=mm&r=g","caption":"Daniely Cardoso"},"url":"https:\/\/www.em.com.br\/emfoco\/author\/danielymyth\/"}]}},"_links":{"self":[{"href":"https:\/\/www.em.com.br\/emfoco\/wp-json\/wp\/v2\/posts\/200298","targetHints":{"allow":["GET"]}}],"collection":[{"href":"https:\/\/www.em.com.br\/emfoco\/wp-json\/wp\/v2\/posts"}],"about":[{"href":"https:\/\/www.em.com.br\/emfoco\/wp-json\/wp\/v2\/types\/post"}],"author":[{"embeddable":true,"href":"https:\/\/www.em.com.br\/emfoco\/wp-json\/wp\/v2\/users\/9"}],"replies":[{"embeddable":true,"href":"https:\/\/www.em.com.br\/emfoco\/wp-json\/wp\/v2\/comments?post=200298"}],"version-history":[{"count":2,"href":"https:\/\/www.em.com.br\/emfoco\/wp-json\/wp\/v2\/posts\/200298\/revisions"}],"predecessor-version":[{"id":201073,"href":"https:\/\/www.em.com.br\/emfoco\/wp-json\/wp\/v2\/posts\/200298\/revisions\/201073"}],"wp:featuredmedia":[{"embeddable":true,"href":"https:\/\/www.em.com.br\/emfoco\/wp-json\/wp\/v2\/media\/200910"}],"wp:attachment":[{"href":"https:\/\/www.em.com.br\/emfoco\/wp-json\/wp\/v2\/media?parent=200298"}],"wp:term":[{"taxonomy":"category","embeddable":true,"href":"https:\/\/www.em.com.br\/emfoco\/wp-json\/wp\/v2\/categories?post=200298"},{"taxonomy":"post_tag","embeddable":true,"href":"https:\/\/www.em.com.br\/emfoco\/wp-json\/wp\/v2\/tags?post=200298"}],"curies":[{"name":"wp","href":"https:\/\/api.w.org\/{rel}","templated":true}]}}