{"id":200283,"date":"2026-04-28T19:45:00","date_gmt":"2026-04-28T22:45:00","guid":{"rendered":"https:\/\/www.em.com.br\/emfoco\/?p=200283"},"modified":"2026-04-27T16:24:42","modified_gmt":"2026-04-27T19:24:42","slug":"o-homem-que-mudou-a-historia-sem-escrever-uma-unica-palavra-e-ainda-assim-virou-lenda","status":"publish","type":"post","link":"https:\/\/www.em.com.br\/emfoco\/2026\/04\/28\/o-homem-que-mudou-a-historia-sem-escrever-uma-unica-palavra-e-ainda-assim-virou-lenda\/","title":{"rendered":"O homem que mudou a hist\u00f3ria sem escrever uma \u00fanica palavra e ainda assim virou lenda"},"content":{"rendered":"\n<p>No meio de uma pra\u00e7a agitada em Atenas, um homem desafiava o pensamento comum enquanto constru\u00eda <strong>O legado de S\u00f3crates<\/strong>. Como o pensador mais famoso do Ocidente conseguiu mudar o rumo da humanidade sem jamais ter escrito uma \u00fanica linha em toda sua vida?<\/p>\n\n\n\n<h2 class=\"wp-block-heading\">Por que o fil\u00f3sofo recusava registrar seus pensamentos<\/h2>\n\n\n\n<p>S\u00f3crates defendia fervorosamente que a sabedoria residia no interc\u00e2mbio vivo entre as pessoas durante as conversas profundas. Ele acreditava que o texto congelado era incapaz de responder aos questionamentos e <strong>estimular o racioc\u00ednio<\/strong> cr\u00edtico necess\u00e1rio. O mestre via na palavra falada a \u00fanica ferramenta capaz de <strong>gerar transforma\u00e7\u00f5es<\/strong> reais na alma humana.<\/p>\n\n\n\n<p>A preocupa\u00e7\u00e3o com o enfraquecimento das capacidades mentais guiava sua escolha de priorizar a <strong>transmiss\u00e3o oral<\/strong> constante. Para ele, depender de registros externos tornava as pessoas pregui\u00e7osas e incapazes de <strong>reter conhecimento<\/strong> de forma aut\u00eantica. Essa resist\u00eancia ao papel marcou profundamente a maneira como os atenienses encaravam a <strong>busca pela verdade<\/strong>.<\/p>\n\n\n<div class=\"wp-block-image\">\n<figure class=\"aligncenter size-large\"><img loading=\"lazy\" decoding=\"async\" width=\"1024\" height=\"576\" src=\"https:\/\/www.em.com.br\/emfoco\/wp-content\/uploads\/2026\/04\/O-legado-de-Socrates-1024x576.jpg\" alt=\"O legado de S\u00f3crates\" class=\"wp-image-200284\" srcset=\"https:\/\/www.em.com.br\/emfoco\/wp-content\/uploads\/2026\/04\/O-legado-de-Socrates-1024x576.jpg 1024w, https:\/\/www.em.com.br\/emfoco\/wp-content\/uploads\/2026\/04\/O-legado-de-Socrates-300x169.jpg 300w, https:\/\/www.em.com.br\/emfoco\/wp-content\/uploads\/2026\/04\/O-legado-de-Socrates-768x432.jpg 768w, https:\/\/www.em.com.br\/emfoco\/wp-content\/uploads\/2026\/04\/O-legado-de-Socrates-750x422.jpg 750w, https:\/\/www.em.com.br\/emfoco\/wp-content\/uploads\/2026\/04\/O-legado-de-Socrates-1140x641.jpg 1140w, https:\/\/www.em.com.br\/emfoco\/wp-content\/uploads\/2026\/04\/O-legado-de-Socrates.jpg 1280w\" sizes=\"auto, (max-width: 1024px) 100vw, 1024px\" \/><figcaption class=\"wp-element-caption\">A preocupa\u00e7\u00e3o com o enfraquecimento das capacidades mentais guiava sua escolha de priorizar a transmiss\u00e3o oral constante.<\/figcaption><\/figure><\/div>\n\n\n<p>Leia tamb\u00e9m: <a href=\"https:\/\/www.em.com.br\/emfoco\/2026\/04\/21\/as-tumbas-mais-misteriosas-ja-encontradas-no-egito-guardam-segredos-fascinantes\/\" target=\"_blank\" rel=\"noreferrer noopener\">As tumbas mais misteriosas j\u00e1 encontradas no Egito guardam segredos fascinantes<\/a><\/p>\n\n\n\n<h2 class=\"wp-block-heading\">Como O legado de S\u00f3crates sobreviveu sem livros<\/h2>\n\n\n\n<p>A aus\u00eancia de manuscritos autorais n\u00e3o impediu que <strong>O legado de S\u00f3crates<\/strong> se espalhasse rapidamente pelas gera\u00e7\u00f5es seguintes de alunos. Seus seguidores mais pr\u00f3ximos anotavam meticulosamente cada di\u00e1logo memor\u00e1vel ocorrido nos <strong>espa\u00e7os p\u00fablicos<\/strong> da cidade grega. Esse esfor\u00e7o coletivo permitiu que os conceitos de \u00e9tica e <strong>justi\u00e7a social<\/strong> chegassem intactos aos nossos tempos modernos.<\/p>\n\n\n\n<p>Plat\u00e3o assumiu a responsabilidade principal de imortalizar as li\u00e7\u00f5es do mestre atrav\u00e9s de suas famosas <strong>obras liter\u00e1rias<\/strong> filos\u00f3ficas. Ele utilizou o formato de di\u00e1logos para preservar a din\u00e2mica viva que tanto caracterizava o <strong>estilo de ensino<\/strong> socr\u00e1tico. Gra\u00e7as a essa dedica\u00e7\u00e3o, conseguimos acessar o <strong>conhecimento cl\u00e1ssico<\/strong> que fundamenta toda a cultura ocidental contempor\u00e2nea.<\/p>\n\n\n\n<figure class=\"wp-block-embed is-type-rich is-provider-pinterest wp-block-embed-pinterest\"><div class=\"wp-block-embed__wrapper\">\n<iframe loading=\"lazy\" title=\"S\u00f3crates | Filosofia\" src=\"https:\/\/assets.pinterest.com\/ext\/embed.html?id=943011609447357604&#038;src=oembed\" height=\"899\" width=\"450\" frameborder=\"0\" scrolling=\"no\" ><\/iframe>\n<\/div><\/figure>\n\n\n\n<h2 class=\"wp-block-heading\">Qual a import\u00e2ncia do di\u00e1logo para O legado de S\u00f3crates<\/h2>\n\n\n\n<p>O m\u00e9todo da mai\u00eautica funcionava como um parto de ideias que exigia a <strong>presen\u00e7a f\u00edsica<\/strong> e o debate constante. S\u00f3crates questionava seus interlocutores para que eles mesmos pudessem <strong>enxergar contradi\u00e7\u00f5es<\/strong> e evoluir intelectualmente de forma independente. O exerc\u00edcio da d\u00favida servia como base s\u00f3lida para construir <strong>O legado de S\u00f3crates<\/strong> em cada cidad\u00e3o.<\/p>\n\n\n\n<p>A pr\u00e1tica filos\u00f3fica acontecia de forma democr\u00e1tica nos mercados e gin\u00e1sios onde todos podiam <strong>participar livremente<\/strong> das discuss\u00f5es. V\u00e1rias caracter\u00edsticas fundamentais definiam essa abordagem pedag\u00f3gica \u00fanica que valorizava a voz humana acima de qualquer suporte f\u00edsico. A lista a seguir detalha os pilares que sustentavam a <strong>educa\u00e7\u00e3o grega<\/strong> baseada no questionamento perp\u00e9tuo e na ironia.<\/p>\n\n\n\n<ul class=\"wp-block-list\">\n<li>O reconhecimento da pr\u00f3pria ignor\u00e2ncia permite que o aluno comece a <strong>buscar sabedoria<\/strong> de forma humilde.<\/li>\n\n\n\n<li>A ironia socr\u00e1tica serve para <strong>desconstruir preconceitos<\/strong> e dogmas enraizados que impedem o crescimento mental.<\/li>\n\n\n\n<li>O debate coletivo incentiva a <strong>constru\u00e7\u00e3o da cidadania<\/strong> atrav\u00e9s da an\u00e1lise l\u00f3gica das normas morais vigentes.<\/li>\n<\/ul>\n\n\n\n<p>Para voc\u00ea que gosta de aprofundar, separamos um v\u00eddeo do canal do <a href=\"https:\/\/www.youtube.com\/c\/Hist%C3%B3riadomundoyt\" target=\"_blank\" rel=\"noreferrer noopener\">Prof. Pedro<\/a> com mais sobre o s\u00f3crates:<\/p>\n\n\n\n<figure class=\"wp-block-embed is-type-video is-provider-youtube wp-block-embed-youtube wp-embed-aspect-16-9 wp-has-aspect-ratio\"><div class=\"wp-block-embed__wrapper\">\n<div class=\"jeg_video_container jeg_video_content\"><iframe loading=\"lazy\" title=\"QUEM FOI S\u00d3CRATES? | A HIST\u00d3RIA E SEUS PENSAMENTOS\" width=\"500\" height=\"281\" src=\"https:\/\/www.youtube.com\/embed\/ctHpEaKgbEI?feature=oembed\" frameborder=\"0\" allow=\"accelerometer; autoplay; clipboard-write; encrypted-media; gyroscope; picture-in-picture; web-share\" referrerpolicy=\"strict-origin-when-cross-origin\" allowfullscreen><\/iframe><\/div>\n<\/div><\/figure>\n\n\n\n<h2 class=\"wp-block-heading\">Os disc\u00edpulos alteraram O legado de S\u00f3crates<\/h2>\n\n\n\n<p>Existe um debate hist\u00f3rico intenso sobre onde terminam os fatos e come\u00e7a a <strong>imagina\u00e7\u00e3o liter\u00e1ria<\/strong> dos autores antigos. Muitos estudiosos questionam se as palavras creditadas ao mestre refletem exatamente sua <strong>vis\u00e3o original<\/strong> ou os ideais plat\u00f4nicos. Essa incerteza acad\u00eamica adiciona uma camada de <strong>mist\u00e9rio fascinante<\/strong> sobre a verdadeira identidade do fil\u00f3sofo que n\u00e3o escrevia.<\/p>\n\n\n\n<p>Diferentes relatos de Xenofonte e outros alunos trazem perspectivas variadas que enriquecem muito <strong>O legado de S\u00f3crates<\/strong> nos dias de hoje. Cada narrador enfatizou aspectos distintos da personalidade e dos <strong>princ\u00edpios \u00e9ticos<\/strong> defendidos por aquele que foi sentenciado \u00e0 morte. Comparar essas fontes variadas ajuda a <strong>formar um mosaico<\/strong> mais completo sobre a sabedoria que mudou o mundo antigo.<\/p>\n\n\n\n<h2 class=\"wp-block-heading\">Pratique o pensamento cr\u00edtico no seu dia a dia<\/h2>\n\n\n\n<p>Valorize o poder das conversas reais para <strong>desenvolver sua mente<\/strong> de forma saud\u00e1vel e produtiva. Questione suas certezas habituais para <strong>fortalecer o intelecto<\/strong> contra as ilus\u00f5es f\u00e1ceis da vida cotidiana moderna. O exerc\u00edcio do debate <strong>promove a evolu\u00e7\u00e3o<\/strong> pessoal constante que todos n\u00f3s buscamos alcan\u00e7ar.<\/p>\n\n\n\n<p>Busque ler as obras dos disc\u00edpulos para <strong>entender a filosofia<\/strong> que moldou os nossos valores \u00e9ticos atuais. Aplique a honestidade intelectual para <strong>enfrentar desafios<\/strong> complexos com muito mais clareza e seguran\u00e7a mental agora. Mantenha a curiosidade viva para <strong>honrar o pensamento<\/strong> daqueles que ensinaram a import\u00e2ncia da d\u00favida.<\/p>\n","protected":false},"excerpt":{"rendered":"<p>No meio de uma pra\u00e7a agitada em Atenas, um homem desafiava o pensamento comum enquanto constru\u00eda O legado de S\u00f3crates. Como o pensador mais famoso do Ocidente conseguiu mudar o rumo da humanidade sem jamais ter escrito uma \u00fanica linha em toda sua vida? Por que o fil\u00f3sofo recusava registrar seus pensamentos S\u00f3crates defendia fervorosamente [&hellip;]<\/p>\n","protected":false},"author":9,"featured_media":200618,"comment_status":"open","ping_status":"open","sticky":false,"template":"","format":"standard","meta":{"jnews-multi-image_gallery":[],"jnews_single_post":{"format":"standard"},"jnews_primary_category":[],"jnews_social_meta":[],"jnews_override_counter":[],"footnotes":""},"categories":[8819,29],"tags":[28853,28855,28854],"class_list":["post-200283","post","type-post","status-publish","format-standard","has-post-thumbnail","hentry","category-curiosidades","category-entretenimento","tag-filosofia-antiga","tag-historia-da-grecia","tag-socrates-e-platao"],"yoast_head":"<!-- This site is optimized with the Yoast SEO plugin v23.8 - https:\/\/yoast.com\/wordpress\/plugins\/seo\/ -->\n<title>O homem que mudou a hist\u00f3ria sem escrever uma \u00fanica palavra e ainda assim virou lenda - Estado de Minas - Em foco<\/title>\n<meta name=\"description\" content=\"Entenda como o legado de S\u00f3crates influenciou o mundo sem o uso de livros. Conhe\u00e7a as raz\u00f5es que levaram o mestre a priorizar o di\u00e1logo vivo.\" \/>\n<meta name=\"robots\" content=\"index, follow, max-snippet:-1, max-image-preview:large, max-video-preview:-1\" \/>\n<link rel=\"canonical\" href=\"https:\/\/www.em.com.br\/emfoco\/2026\/04\/28\/o-homem-que-mudou-a-historia-sem-escrever-uma-unica-palavra-e-ainda-assim-virou-lenda\/\" \/>\n<meta property=\"og:locale\" content=\"pt_BR\" \/>\n<meta property=\"og:type\" content=\"article\" \/>\n<meta property=\"og:title\" content=\"O homem que mudou a hist\u00f3ria sem escrever uma \u00fanica palavra e ainda assim virou lenda - Estado de Minas - Em foco\" \/>\n<meta property=\"og:description\" content=\"Entenda como o legado de S\u00f3crates influenciou o mundo sem o uso de livros. Conhe\u00e7a as raz\u00f5es que levaram o mestre a priorizar o di\u00e1logo vivo.\" \/>\n<meta property=\"og:url\" content=\"https:\/\/www.em.com.br\/emfoco\/2026\/04\/28\/o-homem-que-mudou-a-historia-sem-escrever-uma-unica-palavra-e-ainda-assim-virou-lenda\/\" \/>\n<meta property=\"og:site_name\" content=\"Estado de Minas - Em foco\" \/>\n<meta property=\"article:published_time\" content=\"2026-04-28T22:45:00+00:00\" \/>\n<meta property=\"article:modified_time\" content=\"2026-04-27T19:24:42+00:00\" \/>\n<meta property=\"og:image\" content=\"https:\/\/www.em.com.br\/emfoco\/wp-content\/uploads\/2026\/04\/EmFoco_46-6.jpg\" \/>\n\t<meta property=\"og:image:width\" content=\"1280\" \/>\n\t<meta property=\"og:image:height\" content=\"720\" \/>\n\t<meta property=\"og:image:type\" content=\"image\/jpeg\" \/>\n<meta name=\"author\" content=\"Daniely Cardoso\" \/>\n<meta name=\"twitter:card\" content=\"summary_large_image\" \/>\n<meta name=\"twitter:label1\" content=\"Escrito por\" \/>\n\t<meta name=\"twitter:data1\" content=\"Daniely Cardoso\" \/>\n\t<meta name=\"twitter:label2\" content=\"Est. tempo de leitura\" \/>\n\t<meta name=\"twitter:data2\" content=\"5 minutos\" \/>\n<!-- \/ Yoast SEO plugin. -->","yoast_head_json":{"title":"O homem que mudou a hist\u00f3ria sem escrever uma \u00fanica palavra e ainda assim virou lenda - Estado de Minas - Em foco","description":"Entenda como o legado de S\u00f3crates influenciou o mundo sem o uso de livros. Conhe\u00e7a as raz\u00f5es que levaram o mestre a priorizar o di\u00e1logo vivo.","robots":{"index":"index","follow":"follow","max-snippet":"max-snippet:-1","max-image-preview":"max-image-preview:large","max-video-preview":"max-video-preview:-1"},"canonical":"https:\/\/www.em.com.br\/emfoco\/2026\/04\/28\/o-homem-que-mudou-a-historia-sem-escrever-uma-unica-palavra-e-ainda-assim-virou-lenda\/","og_locale":"pt_BR","og_type":"article","og_title":"O homem que mudou a hist\u00f3ria sem escrever uma \u00fanica palavra e ainda assim virou lenda - Estado de Minas - Em foco","og_description":"Entenda como o legado de S\u00f3crates influenciou o mundo sem o uso de livros. Conhe\u00e7a as raz\u00f5es que levaram o mestre a priorizar o di\u00e1logo vivo.","og_url":"https:\/\/www.em.com.br\/emfoco\/2026\/04\/28\/o-homem-que-mudou-a-historia-sem-escrever-uma-unica-palavra-e-ainda-assim-virou-lenda\/","og_site_name":"Estado de Minas - Em foco","article_published_time":"2026-04-28T22:45:00+00:00","article_modified_time":"2026-04-27T19:24:42+00:00","og_image":[{"width":1280,"height":720,"url":"https:\/\/www.em.com.br\/emfoco\/wp-content\/uploads\/2026\/04\/EmFoco_46-6.jpg","type":"image\/jpeg"}],"author":"Daniely Cardoso","twitter_card":"summary_large_image","twitter_misc":{"Escrito por":"Daniely Cardoso","Est. tempo de leitura":"5 minutos"},"schema":{"@context":"https:\/\/schema.org","@graph":[{"@type":"WebPage","@id":"https:\/\/www.em.com.br\/emfoco\/2026\/04\/28\/o-homem-que-mudou-a-historia-sem-escrever-uma-unica-palavra-e-ainda-assim-virou-lenda\/","url":"https:\/\/www.em.com.br\/emfoco\/2026\/04\/28\/o-homem-que-mudou-a-historia-sem-escrever-uma-unica-palavra-e-ainda-assim-virou-lenda\/","name":"O homem que mudou a hist\u00f3ria sem escrever uma \u00fanica palavra e ainda assim virou lenda - Estado de Minas - Em foco","isPartOf":{"@id":"https:\/\/www.em.com.br\/emfoco\/#website"},"primaryImageOfPage":{"@id":"https:\/\/www.em.com.br\/emfoco\/2026\/04\/28\/o-homem-que-mudou-a-historia-sem-escrever-uma-unica-palavra-e-ainda-assim-virou-lenda\/#primaryimage"},"image":{"@id":"https:\/\/www.em.com.br\/emfoco\/2026\/04\/28\/o-homem-que-mudou-a-historia-sem-escrever-uma-unica-palavra-e-ainda-assim-virou-lenda\/#primaryimage"},"thumbnailUrl":"https:\/\/www.em.com.br\/emfoco\/wp-content\/uploads\/2026\/04\/EmFoco_46-6.jpg","datePublished":"2026-04-28T22:45:00+00:00","dateModified":"2026-04-27T19:24:42+00:00","author":{"@id":"https:\/\/www.em.com.br\/emfoco\/#\/schema\/person\/0a8186d72f2c3a5c6276d90b41f271a0"},"description":"Entenda como o legado de S\u00f3crates influenciou o mundo sem o uso de livros. Conhe\u00e7a as raz\u00f5es que levaram o mestre a priorizar o di\u00e1logo vivo.","breadcrumb":{"@id":"https:\/\/www.em.com.br\/emfoco\/2026\/04\/28\/o-homem-que-mudou-a-historia-sem-escrever-uma-unica-palavra-e-ainda-assim-virou-lenda\/#breadcrumb"},"inLanguage":"pt-BR","potentialAction":[{"@type":"ReadAction","target":["https:\/\/www.em.com.br\/emfoco\/2026\/04\/28\/o-homem-que-mudou-a-historia-sem-escrever-uma-unica-palavra-e-ainda-assim-virou-lenda\/"]}]},{"@type":"ImageObject","inLanguage":"pt-BR","@id":"https:\/\/www.em.com.br\/emfoco\/2026\/04\/28\/o-homem-que-mudou-a-historia-sem-escrever-uma-unica-palavra-e-ainda-assim-virou-lenda\/#primaryimage","url":"https:\/\/www.em.com.br\/emfoco\/wp-content\/uploads\/2026\/04\/EmFoco_46-6.jpg","contentUrl":"https:\/\/www.em.com.br\/emfoco\/wp-content\/uploads\/2026\/04\/EmFoco_46-6.jpg","width":1280,"height":720,"caption":"Filosofia baseada no di\u00e1logo e questionamento moldou os valores \u00e9ticos da sociedade ocidental"},{"@type":"BreadcrumbList","@id":"https:\/\/www.em.com.br\/emfoco\/2026\/04\/28\/o-homem-que-mudou-a-historia-sem-escrever-uma-unica-palavra-e-ainda-assim-virou-lenda\/#breadcrumb","itemListElement":[{"@type":"ListItem","position":1,"name":"In\u00edcio","item":"https:\/\/www.em.com.br\/emfoco\/"},{"@type":"ListItem","position":2,"name":"O homem que mudou a hist\u00f3ria sem escrever uma \u00fanica palavra e ainda assim virou lenda"}]},{"@type":"WebSite","@id":"https:\/\/www.em.com.br\/emfoco\/#website","url":"https:\/\/www.em.com.br\/emfoco\/","name":"Estado de Minas - Em foco","description":"Acompanhe as \u00faltimas not\u00edcias e fique bem informado sobre tudo o que acontece em Minas Gerais, Brasil e no mundo.","potentialAction":[{"@type":"SearchAction","target":{"@type":"EntryPoint","urlTemplate":"https:\/\/www.em.com.br\/emfoco\/?s={search_term_string}"},"query-input":{"@type":"PropertyValueSpecification","valueRequired":true,"valueName":"search_term_string"}}],"inLanguage":"pt-BR"},{"@type":"Person","@id":"https:\/\/www.em.com.br\/emfoco\/#\/schema\/person\/0a8186d72f2c3a5c6276d90b41f271a0","name":"Daniely Cardoso","image":{"@type":"ImageObject","inLanguage":"pt-BR","@id":"https:\/\/www.em.com.br\/emfoco\/#\/schema\/person\/image\/","url":"https:\/\/secure.gravatar.com\/avatar\/4b80ddbd124d1f071b626d52d62e5dff?s=96&d=mm&r=g","contentUrl":"https:\/\/secure.gravatar.com\/avatar\/4b80ddbd124d1f071b626d52d62e5dff?s=96&d=mm&r=g","caption":"Daniely Cardoso"},"url":"https:\/\/www.em.com.br\/emfoco\/author\/danielymyth\/"}]}},"_links":{"self":[{"href":"https:\/\/www.em.com.br\/emfoco\/wp-json\/wp\/v2\/posts\/200283","targetHints":{"allow":["GET"]}}],"collection":[{"href":"https:\/\/www.em.com.br\/emfoco\/wp-json\/wp\/v2\/posts"}],"about":[{"href":"https:\/\/www.em.com.br\/emfoco\/wp-json\/wp\/v2\/types\/post"}],"author":[{"embeddable":true,"href":"https:\/\/www.em.com.br\/emfoco\/wp-json\/wp\/v2\/users\/9"}],"replies":[{"embeddable":true,"href":"https:\/\/www.em.com.br\/emfoco\/wp-json\/wp\/v2\/comments?post=200283"}],"version-history":[{"count":2,"href":"https:\/\/www.em.com.br\/emfoco\/wp-json\/wp\/v2\/posts\/200283\/revisions"}],"predecessor-version":[{"id":200673,"href":"https:\/\/www.em.com.br\/emfoco\/wp-json\/wp\/v2\/posts\/200283\/revisions\/200673"}],"wp:featuredmedia":[{"embeddable":true,"href":"https:\/\/www.em.com.br\/emfoco\/wp-json\/wp\/v2\/media\/200618"}],"wp:attachment":[{"href":"https:\/\/www.em.com.br\/emfoco\/wp-json\/wp\/v2\/media?parent=200283"}],"wp:term":[{"taxonomy":"category","embeddable":true,"href":"https:\/\/www.em.com.br\/emfoco\/wp-json\/wp\/v2\/categories?post=200283"},{"taxonomy":"post_tag","embeddable":true,"href":"https:\/\/www.em.com.br\/emfoco\/wp-json\/wp\/v2\/tags?post=200283"}],"curies":[{"name":"wp","href":"https:\/\/api.w.org\/{rel}","templated":true}]}}