{"id":200277,"date":"2026-04-28T14:35:00","date_gmt":"2026-04-28T17:35:00","guid":{"rendered":"https:\/\/www.em.com.br\/emfoco\/?p=200277"},"modified":"2026-04-27T15:56:02","modified_gmt":"2026-04-27T18:56:02","slug":"o-monstro-com-mais-de-20-metros-pode-ter-sido-o-maior-predador-dos-oceanos","status":"publish","type":"post","link":"https:\/\/www.em.com.br\/emfoco\/2026\/04\/28\/o-monstro-com-mais-de-20-metros-pode-ter-sido-o-maior-predador-dos-oceanos\/","title":{"rendered":"O monstro com mais de 20 metros pode ter sido o maior predador dos oceanos"},"content":{"rendered":"\n<p>Lucas mergulhava em \u00e1guas profundas quando come\u00e7ou a imaginar como seria encontrar um <strong>polvo gigante pr\u00e9-hist\u00f3rico<\/strong> de vinte metros de comprimento total. Ser\u00e1 que os oceanos antigos escondiam monstros reais capazes de devorar predadores marinhos colossais sem deixar qualquer rastro vis\u00edvel para a ci\u00eancia?<\/p>\n\n\n\n<h2 class=\"wp-block-heading\">Como vivia o polvo gigante pr\u00e9-hist\u00f3rico nos oceanos?<\/h2>\n\n\n\n<p>O <strong>polvo gigante pr\u00e9-hist\u00f3rico<\/strong> dominava as correntes marinhas profundas durante o per\u00edodo Cret\u00e1ceo superior com uma facilidade extrema e muito assustadora. Estes seres possu\u00edam bicos poderosos e afiados capazes de perfurar as carapa\u00e7as mais resistentes de todos os seus inimigos naturais daquela \u00e9poca distante. O ecossistema marinho antigo exigia que os <strong>predadores colossais<\/strong> desenvolvessem estrat\u00e9gias de ca\u00e7a extremamente sofisticadas e r\u00e1pidas para garantir a sobreviv\u00eancia di\u00e1ria.<\/p>\n\n\n\n<p>Pesquisadores modernos analisam f\u00f3sseis raros e fragmentados para entender como esses animais gigantescos mantinham o metabolismo sempre acelerado em \u00e1guas muito geladas. A biologia \u00fanica desses cefal\u00f3podes permitia que eles se camuflassem com perfei\u00e7\u00e3o em <strong>fendas abissais<\/strong> para surpreender presas desavisadas que passavam por perto. Este comportamento furtivo e inteligente garantia que o <strong>sucesso reprodutivo<\/strong> da esp\u00e9cie se mantivesse est\u00e1vel por milh\u00f5es de anos seguidos nos oceanos.<\/p>\n\n\n<div class=\"wp-block-image\">\n<figure class=\"aligncenter size-large\"><img loading=\"lazy\" decoding=\"async\" width=\"1024\" height=\"576\" src=\"https:\/\/www.em.com.br\/emfoco\/wp-content\/uploads\/2026\/04\/polvo-gigante-1024x576.jpg\" alt=\"polvo gigante pr\u00e9-hist\u00f3rico\" class=\"wp-image-200278\" srcset=\"https:\/\/www.em.com.br\/emfoco\/wp-content\/uploads\/2026\/04\/polvo-gigante-1024x576.jpg 1024w, https:\/\/www.em.com.br\/emfoco\/wp-content\/uploads\/2026\/04\/polvo-gigante-300x169.jpg 300w, https:\/\/www.em.com.br\/emfoco\/wp-content\/uploads\/2026\/04\/polvo-gigante-768x432.jpg 768w, https:\/\/www.em.com.br\/emfoco\/wp-content\/uploads\/2026\/04\/polvo-gigante-750x422.jpg 750w, https:\/\/www.em.com.br\/emfoco\/wp-content\/uploads\/2026\/04\/polvo-gigante-1140x641.jpg 1140w, https:\/\/www.em.com.br\/emfoco\/wp-content\/uploads\/2026\/04\/polvo-gigante.jpg 1280w\" sizes=\"auto, (max-width: 1024px) 100vw, 1024px\" \/><figcaption class=\"wp-element-caption\">O polvo gigante pr\u00e9-hist\u00f3rico dominava as correntes marinhas profundas durante o per\u00edodo Cret\u00e1ceo  <\/figcaption><\/figure><\/div>\n\n\n<p>Leia tamb\u00e9m: <a href=\"https:\/\/www.em.com.br\/emfoco\/2026\/04\/21\/as-tumbas-mais-misteriosas-ja-encontradas-no-egito-guardam-segredos-fascinantes\/\" target=\"_blank\" rel=\"noreferrer noopener\">As tumbas mais misteriosas j\u00e1 encontradas no Egito guardam segredos fascinantes<\/a><\/p>\n\n\n\n<h2 class=\"wp-block-heading\">O tamanho real do polvo gigante pr\u00e9-hist\u00f3rico impressiona?<\/h2>\n\n\n\n<p>Atingir a marca impressionante de vinte metros de comprimento transformava este animal em um pesadelo vivo para qualquer r\u00e9ptil marinho da era mesoz\u00f3ica. O <strong>polvo gigante pr\u00e9-hist\u00f3rico<\/strong> desafiava as leis conhecidas da natureza ao crescer de forma t\u00e3o acelerada e volumosa nos mares primitivos do planeta. Essa escala monumental permitia que ele enfrentasse <strong>mosassauros gigantescos<\/strong> em lutas territoriais violentas pela domin\u00e2ncia absoluta das \u00e1guas profundas e costeiras tamb\u00e9m.<\/p>\n\n\n\n<p>A estrutura corporal flex\u00edvel desses seres incr\u00edveis possu\u00eda caracter\u00edsticas f\u00edsicas \u00fanicas que facilitavam a locomo\u00e7\u00e3o r\u00e1pida mesmo com um tamanho t\u00e3o exagerado e pesado. Diversos detalhes morfol\u00f3gicos encontrados em sedimentos ajudam a explicar como essa criatura alcan\u00e7ou <strong>dimens\u00f5es \u00e9picas<\/strong> sem perder a agilidade necess\u00e1ria para o combate mortal. Abaixo detalhamos os pontos principais sobre a <strong>anatomia colossal<\/strong> deste monstro temido das profundezas do passado terrestre que desafiava a l\u00f3gica.<\/p>\n\n\n\n<ul class=\"wp-block-list\">\n<li>Os tent\u00e1culos musculosos possu\u00edam <strong>ventosas refor\u00e7adas<\/strong> que prendiam as v\u00edtimas com uma press\u00e3o esmagadora, absoluta e imposs\u00edvel de escapar rapidamente.<\/li>\n\n\n\n<li>O sistema nervoso central era <strong>altamente desenvolvido<\/strong> para coordenar ataques r\u00e1pidos e precisos contra presas que se moviam em velocidades muito altas.<\/li>\n\n\n\n<li>O corpo mole e flex\u00edvel permitia manobras de <strong>esquiva t\u00e1tica<\/strong> contra investidas frontais de grandes predadores vertebrados conhecidos do per\u00edodo Cret\u00e1ceo superior.<\/li>\n<\/ul>\n\n\n\n<figure class=\"wp-block-embed is-type-rich is-provider-pinterest wp-block-embed-pinterest\"><div class=\"wp-block-embed__wrapper\">\n<iframe loading=\"lazy\" title=\"Giant Squid\" src=\"https:\/\/assets.pinterest.com\/ext\/embed.html?id=745064332138176724&#038;src=oembed\" height=\"550\" width=\"450\" frameborder=\"0\" scrolling=\"no\" ><\/iframe>\n<\/div><\/figure>\n\n\n\n<h2 class=\"wp-block-heading\">Quais eram os h\u00e1bitos alimentares desse monstro marinho?<\/h2>\n\n\n\n<p>A dieta desses tit\u00e3s marinhos era composta quase exclusivamente por outros grandes animais que habitavam o oceano profundo, escuro e repleto de perigos. Eles utilizavam sua for\u00e7a bruta descomunal para imobilizar <strong>peixes coura\u00e7ados<\/strong> e crust\u00e1ceos colossais que vagavam lentamente pelo leito marinho arenoso das regi\u00f5es tropicais. A efic\u00e1cia letal do ataque inicial garantia uma <strong>ingest\u00e3o cal\u00f3rica<\/strong> maci\u00e7a, necess\u00e1ria para sustentar uma massa muscular t\u00e3o vasta, densa e poderosa.<\/p>\n\n\n\n<p>Muitas vezes esses polvos entravam em conflito direto e sangrento com r\u00e9pteis que buscavam as mesmas fontes de alimento nutritivo em \u00e1guas menos profundas. A capacidade natural de <strong>regenera\u00e7\u00e3o tecidual<\/strong> r\u00e1pida desses cefal\u00f3podes dava uma vantagem competitiva enorme durante as batalhas ferozes pela sobreviv\u00eancia no mar aberto. Essa resili\u00eancia biol\u00f3gica extraordin\u00e1ria permitia que eles ocupassem o <strong>topo da cadeia<\/strong> alimentar por um per\u00edodo geol\u00f3gico muito extenso e vitorioso.<\/p>\n\n\n\n<h2 class=\"wp-block-heading\">Por que o polvo gigante pr\u00e9-hist\u00f3rico desapareceu do mapa?<\/h2>\n\n\n\n<p>Mudan\u00e7as clim\u00e1ticas dr\u00e1sticas e repentinas afetaram a temperatura global dos oceanos e reduziram drasticamente a oferta de oxig\u00eanio nas camadas mais profundas. O <strong>polvo gigante pr\u00e9-hist\u00f3rico<\/strong> sofreu com a escassez severa de grandes presas que tamb\u00e9m entraram em um decl\u00ednio populacional acelerado e irrevers\u00edvel. A adapta\u00e7\u00e3o a novos ambientes hostis tornou-se uma tarefa imposs\u00edvel para uma criatura que exigia <strong>recursos abundantes<\/strong> para manter sua estrutura corporal funcionando.<\/p>\n\n\n\n<p>O registro f\u00f3ssil desses animais silencia de forma s\u00fabita por volta de setenta milh\u00f5es de anos atr\u00e1s, deixando apenas pistas fragmentadas sobre sua exist\u00eancia real. Cientistas contempor\u00e2neos buscam novas evid\u00eancias geol\u00f3gicas para confirmar se <strong>eventos catastr\u00f3ficos<\/strong> isolados aceleraram o fim definitivo desta linhagem de predadores marinhos colossais. A extin\u00e7\u00e3o desses monstros abriu um espa\u00e7o ecol\u00f3gico importante para o surgimento de <strong>novas esp\u00e9cies<\/strong> que dominariam os oceanos nos per\u00edodos geol\u00f3gicos seguintes.<\/p>\n\n\n\n<p>Para voc\u00ea que gosta de curiosidades, separamos um v\u00eddeo do canal <a href=\"https:\/\/www.youtube.com\/@CanalHistory\" target=\"_blank\" rel=\"noreferrer noopener\">Canal History Brasil<\/a> com mais sobre os polvos:<\/p>\n\n\n\n<figure class=\"wp-block-embed is-type-video is-provider-youtube wp-block-embed-youtube wp-embed-aspect-16-9 wp-has-aspect-ratio\"><div class=\"wp-block-embed__wrapper\">\n<div class=\"jeg_video_container jeg_video_content\"><iframe loading=\"lazy\" title=\"\ud83d\udc19Os polvos foram trazidos do espa\u00e7o?\ud83e\udd14| ALIEN\u00cdGENAS DO PASSADO | HISTORY\" width=\"500\" height=\"281\" src=\"https:\/\/www.youtube.com\/embed\/qRj9yiGQtUc?feature=oembed\" frameborder=\"0\" allow=\"accelerometer; autoplay; clipboard-write; encrypted-media; gyroscope; picture-in-picture; web-share\" referrerpolicy=\"strict-origin-when-cross-origin\" allowfullscreen><\/iframe><\/div>\n<\/div><\/figure>\n\n\n\n<h2 class=\"wp-block-heading\">Explore o passado misterioso das profundezas azuis<\/h2>\n\n\n\n<p>Aprender sobre os mist\u00e9rios fascinantes do oceano antigo renova nossa profunda admira\u00e7\u00e3o pela vida que floresceu no planeta Terra h\u00e1 milh\u00f5es de anos. Valorize sempre as <strong>descobertas cient\u00edficas<\/strong> recentes que iluminam o passado obscuro de criaturas magn\u00edficas que nunca teremos a chance de ver pessoalmente. Mantenha o interesse constante pelo <strong>conhecimento hist\u00f3rico<\/strong> vivo para compreender melhor a evolu\u00e7\u00e3o cont\u00ednua da nossa complexa e vasta natureza selvagem.<\/p>\n\n\n\n<p>O estudo detalhado de seres colossais ajuda a humanidade a proteger a biodiversidade marinha que ainda resta em nossos oceanos atuais e t\u00e3o fr\u00e1geis. Busque sempre <strong>fontes confi\u00e1veis<\/strong> e atualizadas para expandir seus horizontes sobre as maravilhas ocultas sob as ondas azuis profundas do nosso mundo. Compartilhe esse <strong>aprendizado fascinante<\/strong> com outras pessoas entusiastas que tamb\u00e9m amam desvendar os segredos guardados pela vida pr\u00e9-hist\u00f3rica nos sedimentos antigos.<\/p>\n","protected":false},"excerpt":{"rendered":"<p>Lucas mergulhava em \u00e1guas profundas quando come\u00e7ou a imaginar como seria encontrar um polvo gigante pr\u00e9-hist\u00f3rico de vinte metros de comprimento total. Ser\u00e1 que os oceanos antigos escondiam monstros reais capazes de devorar predadores marinhos colossais sem deixar qualquer rastro vis\u00edvel para a ci\u00eancia? Como vivia o polvo gigante pr\u00e9-hist\u00f3rico nos oceanos? O polvo gigante [&hellip;]<\/p>\n","protected":false},"author":9,"featured_media":200639,"comment_status":"open","ping_status":"open","sticky":false,"template":"","format":"standard","meta":{"jnews-multi-image_gallery":[],"jnews_single_post":{"format":"standard"},"jnews_primary_category":[],"jnews_social_meta":[],"jnews_override_counter":[],"footnotes":""},"categories":[8819,29],"tags":[27708,28852,28851],"class_list":["post-200277","post","type-post","status-publish","format-standard","has-post-thumbnail","hentry","category-curiosidades","category-entretenimento","tag-animais-pre-historicos","tag-monstros-marinhos","tag-nanaimoteuthis-haggarti"],"yoast_head":"<!-- This site is optimized with the Yoast SEO plugin v23.8 - https:\/\/yoast.com\/wordpress\/plugins\/seo\/ -->\n<title>O monstro com mais de 20 metros pode ter sido o maior predador dos oceanos - Estado de Minas - Em foco<\/title>\n<meta name=\"description\" content=\"O polvo gigante pr\u00e9-hist\u00f3rico dominou os mares antigos com seu tamanho de vinte metros. Saiba mais sobre o Nanaimoteuthis haggarti.\" \/>\n<meta name=\"robots\" content=\"index, follow, max-snippet:-1, max-image-preview:large, max-video-preview:-1\" \/>\n<link rel=\"canonical\" href=\"https:\/\/www.em.com.br\/emfoco\/2026\/04\/28\/o-monstro-com-mais-de-20-metros-pode-ter-sido-o-maior-predador-dos-oceanos\/\" \/>\n<meta property=\"og:locale\" content=\"pt_BR\" \/>\n<meta property=\"og:type\" content=\"article\" \/>\n<meta property=\"og:title\" content=\"O monstro com mais de 20 metros pode ter sido o maior predador dos oceanos - Estado de Minas - Em foco\" \/>\n<meta property=\"og:description\" content=\"O polvo gigante pr\u00e9-hist\u00f3rico dominou os mares antigos com seu tamanho de vinte metros. Saiba mais sobre o Nanaimoteuthis haggarti.\" \/>\n<meta property=\"og:url\" content=\"https:\/\/www.em.com.br\/emfoco\/2026\/04\/28\/o-monstro-com-mais-de-20-metros-pode-ter-sido-o-maior-predador-dos-oceanos\/\" \/>\n<meta property=\"og:site_name\" content=\"Estado de Minas - Em foco\" \/>\n<meta property=\"article:published_time\" content=\"2026-04-28T17:35:00+00:00\" \/>\n<meta property=\"article:modified_time\" content=\"2026-04-27T18:56:02+00:00\" \/>\n<meta property=\"og:image\" content=\"https:\/\/www.em.com.br\/emfoco\/wp-content\/uploads\/2026\/04\/EmFoco_55-6.jpg\" \/>\n\t<meta property=\"og:image:width\" content=\"1280\" \/>\n\t<meta property=\"og:image:height\" content=\"720\" \/>\n\t<meta property=\"og:image:type\" content=\"image\/jpeg\" \/>\n<meta name=\"author\" content=\"Daniely Cardoso\" \/>\n<meta name=\"twitter:card\" content=\"summary_large_image\" \/>\n<meta name=\"twitter:label1\" content=\"Escrito por\" \/>\n\t<meta name=\"twitter:data1\" content=\"Daniely Cardoso\" \/>\n\t<meta name=\"twitter:label2\" content=\"Est. tempo de leitura\" \/>\n\t<meta name=\"twitter:data2\" content=\"6 minutos\" \/>\n<!-- \/ Yoast SEO plugin. -->","yoast_head_json":{"title":"O monstro com mais de 20 metros pode ter sido o maior predador dos oceanos - Estado de Minas - Em foco","description":"O polvo gigante pr\u00e9-hist\u00f3rico dominou os mares antigos com seu tamanho de vinte metros. Saiba mais sobre o Nanaimoteuthis haggarti.","robots":{"index":"index","follow":"follow","max-snippet":"max-snippet:-1","max-image-preview":"max-image-preview:large","max-video-preview":"max-video-preview:-1"},"canonical":"https:\/\/www.em.com.br\/emfoco\/2026\/04\/28\/o-monstro-com-mais-de-20-metros-pode-ter-sido-o-maior-predador-dos-oceanos\/","og_locale":"pt_BR","og_type":"article","og_title":"O monstro com mais de 20 metros pode ter sido o maior predador dos oceanos - Estado de Minas - Em foco","og_description":"O polvo gigante pr\u00e9-hist\u00f3rico dominou os mares antigos com seu tamanho de vinte metros. Saiba mais sobre o Nanaimoteuthis haggarti.","og_url":"https:\/\/www.em.com.br\/emfoco\/2026\/04\/28\/o-monstro-com-mais-de-20-metros-pode-ter-sido-o-maior-predador-dos-oceanos\/","og_site_name":"Estado de Minas - Em foco","article_published_time":"2026-04-28T17:35:00+00:00","article_modified_time":"2026-04-27T18:56:02+00:00","og_image":[{"width":1280,"height":720,"url":"https:\/\/www.em.com.br\/emfoco\/wp-content\/uploads\/2026\/04\/EmFoco_55-6.jpg","type":"image\/jpeg"}],"author":"Daniely Cardoso","twitter_card":"summary_large_image","twitter_misc":{"Escrito por":"Daniely Cardoso","Est. tempo de leitura":"6 minutos"},"schema":{"@context":"https:\/\/schema.org","@graph":[{"@type":"WebPage","@id":"https:\/\/www.em.com.br\/emfoco\/2026\/04\/28\/o-monstro-com-mais-de-20-metros-pode-ter-sido-o-maior-predador-dos-oceanos\/","url":"https:\/\/www.em.com.br\/emfoco\/2026\/04\/28\/o-monstro-com-mais-de-20-metros-pode-ter-sido-o-maior-predador-dos-oceanos\/","name":"O monstro com mais de 20 metros pode ter sido o maior predador dos oceanos - Estado de Minas - Em foco","isPartOf":{"@id":"https:\/\/www.em.com.br\/emfoco\/#website"},"primaryImageOfPage":{"@id":"https:\/\/www.em.com.br\/emfoco\/2026\/04\/28\/o-monstro-com-mais-de-20-metros-pode-ter-sido-o-maior-predador-dos-oceanos\/#primaryimage"},"image":{"@id":"https:\/\/www.em.com.br\/emfoco\/2026\/04\/28\/o-monstro-com-mais-de-20-metros-pode-ter-sido-o-maior-predador-dos-oceanos\/#primaryimage"},"thumbnailUrl":"https:\/\/www.em.com.br\/emfoco\/wp-content\/uploads\/2026\/04\/EmFoco_55-6.jpg","datePublished":"2026-04-28T17:35:00+00:00","dateModified":"2026-04-27T18:56:02+00:00","author":{"@id":"https:\/\/www.em.com.br\/emfoco\/#\/schema\/person\/0a8186d72f2c3a5c6276d90b41f271a0"},"description":"O polvo gigante pr\u00e9-hist\u00f3rico dominou os mares antigos com seu tamanho de vinte metros. Saiba mais sobre o Nanaimoteuthis haggarti.","breadcrumb":{"@id":"https:\/\/www.em.com.br\/emfoco\/2026\/04\/28\/o-monstro-com-mais-de-20-metros-pode-ter-sido-o-maior-predador-dos-oceanos\/#breadcrumb"},"inLanguage":"pt-BR","potentialAction":[{"@type":"ReadAction","target":["https:\/\/www.em.com.br\/emfoco\/2026\/04\/28\/o-monstro-com-mais-de-20-metros-pode-ter-sido-o-maior-predador-dos-oceanos\/"]}]},{"@type":"ImageObject","inLanguage":"pt-BR","@id":"https:\/\/www.em.com.br\/emfoco\/2026\/04\/28\/o-monstro-com-mais-de-20-metros-pode-ter-sido-o-maior-predador-dos-oceanos\/#primaryimage","url":"https:\/\/www.em.com.br\/emfoco\/wp-content\/uploads\/2026\/04\/EmFoco_55-6.jpg","contentUrl":"https:\/\/www.em.com.br\/emfoco\/wp-content\/uploads\/2026\/04\/EmFoco_55-6.jpg","width":1280,"height":720,"caption":"Predador colossal de vinte metros dominava os oceanos antigos com for\u00e7a e camuflagem"},{"@type":"BreadcrumbList","@id":"https:\/\/www.em.com.br\/emfoco\/2026\/04\/28\/o-monstro-com-mais-de-20-metros-pode-ter-sido-o-maior-predador-dos-oceanos\/#breadcrumb","itemListElement":[{"@type":"ListItem","position":1,"name":"In\u00edcio","item":"https:\/\/www.em.com.br\/emfoco\/"},{"@type":"ListItem","position":2,"name":"O monstro com mais de 20 metros pode ter sido o maior predador dos oceanos"}]},{"@type":"WebSite","@id":"https:\/\/www.em.com.br\/emfoco\/#website","url":"https:\/\/www.em.com.br\/emfoco\/","name":"Estado de Minas - Em foco","description":"Acompanhe as \u00faltimas not\u00edcias e fique bem informado sobre tudo o que acontece em Minas Gerais, Brasil e no mundo.","potentialAction":[{"@type":"SearchAction","target":{"@type":"EntryPoint","urlTemplate":"https:\/\/www.em.com.br\/emfoco\/?s={search_term_string}"},"query-input":{"@type":"PropertyValueSpecification","valueRequired":true,"valueName":"search_term_string"}}],"inLanguage":"pt-BR"},{"@type":"Person","@id":"https:\/\/www.em.com.br\/emfoco\/#\/schema\/person\/0a8186d72f2c3a5c6276d90b41f271a0","name":"Daniely Cardoso","image":{"@type":"ImageObject","inLanguage":"pt-BR","@id":"https:\/\/www.em.com.br\/emfoco\/#\/schema\/person\/image\/","url":"https:\/\/secure.gravatar.com\/avatar\/4b80ddbd124d1f071b626d52d62e5dff?s=96&d=mm&r=g","contentUrl":"https:\/\/secure.gravatar.com\/avatar\/4b80ddbd124d1f071b626d52d62e5dff?s=96&d=mm&r=g","caption":"Daniely Cardoso"},"url":"https:\/\/www.em.com.br\/emfoco\/author\/danielymyth\/"}]}},"_links":{"self":[{"href":"https:\/\/www.em.com.br\/emfoco\/wp-json\/wp\/v2\/posts\/200277","targetHints":{"allow":["GET"]}}],"collection":[{"href":"https:\/\/www.em.com.br\/emfoco\/wp-json\/wp\/v2\/posts"}],"about":[{"href":"https:\/\/www.em.com.br\/emfoco\/wp-json\/wp\/v2\/types\/post"}],"author":[{"embeddable":true,"href":"https:\/\/www.em.com.br\/emfoco\/wp-json\/wp\/v2\/users\/9"}],"replies":[{"embeddable":true,"href":"https:\/\/www.em.com.br\/emfoco\/wp-json\/wp\/v2\/comments?post=200277"}],"version-history":[{"count":1,"href":"https:\/\/www.em.com.br\/emfoco\/wp-json\/wp\/v2\/posts\/200277\/revisions"}],"predecessor-version":[{"id":200280,"href":"https:\/\/www.em.com.br\/emfoco\/wp-json\/wp\/v2\/posts\/200277\/revisions\/200280"}],"wp:featuredmedia":[{"embeddable":true,"href":"https:\/\/www.em.com.br\/emfoco\/wp-json\/wp\/v2\/media\/200639"}],"wp:attachment":[{"href":"https:\/\/www.em.com.br\/emfoco\/wp-json\/wp\/v2\/media?parent=200277"}],"wp:term":[{"taxonomy":"category","embeddable":true,"href":"https:\/\/www.em.com.br\/emfoco\/wp-json\/wp\/v2\/categories?post=200277"},{"taxonomy":"post_tag","embeddable":true,"href":"https:\/\/www.em.com.br\/emfoco\/wp-json\/wp\/v2\/tags?post=200277"}],"curies":[{"name":"wp","href":"https:\/\/api.w.org\/{rel}","templated":true}]}}