{"id":200273,"date":"2026-04-28T06:55:00","date_gmt":"2026-04-28T09:55:00","guid":{"rendered":"https:\/\/www.em.com.br\/emfoco\/?p=200273"},"modified":"2026-04-27T16:03:02","modified_gmt":"2026-04-27T19:03:02","slug":"pergolado-metalico-ou-de-madeira-qual-escolher-para-o-seu-projeto","status":"publish","type":"post","link":"https:\/\/www.em.com.br\/emfoco\/2026\/04\/28\/pergolado-metalico-ou-de-madeira-qual-escolher-para-o-seu-projeto\/","title":{"rendered":"Pergolado met\u00e1lico ou de madeira: Qual escolher para o seu projeto?"},"content":{"rendered":"\n<p>Jo\u00e3o sonhava com uma \u00e1rea de lazer perfeita, mas ficou indeciso entre a tradi\u00e7\u00e3o do <strong>pergolado met\u00e1lico ou de madeira<\/strong> para a sua varanda. Ser\u00e1 que a beleza cl\u00e1ssica do material natural supera a praticidade e a resist\u00eancia das estruturas modernas em a\u00e7o ou alum\u00ednio?<\/p>\n\n\n\n<h2 class=\"wp-block-heading\">Quais as vantagens do pergolado de madeira?<\/h2>\n\n\n\n<p>A madeira \u00e9 o material preferido para quem busca criar ambientes com <strong>conforto t\u00e9rmico<\/strong> e uma est\u00e9tica acolhedora e atemporal. Ela integra-se perfeitamente em jardins e \u00e1reas verdes, proporcionando uma sensa\u00e7\u00e3o de proximidade com a natureza que outros materiais dificilmente conseguem replicar. Al\u00e9m disso, estruturas de madeira nobre, como o <strong>cumaru ou ip\u00ea<\/strong>, valorizam significativamente o im\u00f3vel devido \u00e0 sua robustez e beleza natural.<\/p>\n\n\n\n<p>No entanto, este material exige uma manuten\u00e7\u00e3o rigorosa para resistir ao sol intenso e \u00e0s chuvas constantes das esta\u00e7\u00f5es brasileiras. \u00c9 necess\u00e1rio aplicar verniz ou <strong>\u00f3leos impermeabilizantes<\/strong> anualmente para evitar o apodrecimento, o ataque de cupins e a perda da cor original. Embora o custo inicial possa ser menor com madeiras como o eucalipto, a <strong>durabilidade a longo prazo<\/strong> depende inteiramente desse cuidado preventivo constante.<\/p>\n\n\n<div class=\"wp-block-image\">\n<figure class=\"aligncenter size-large\"><img loading=\"lazy\" decoding=\"async\" width=\"1024\" height=\"576\" src=\"https:\/\/www.em.com.br\/emfoco\/wp-content\/uploads\/2026\/03\/pergolado-flor_1773855984078-1024x576.jpg\" alt=\"pergolado met\u00e1lico ou de madeira\" class=\"wp-image-182934\" srcset=\"https:\/\/www.em.com.br\/emfoco\/wp-content\/uploads\/2026\/03\/pergolado-flor_1773855984078-1024x576.jpg 1024w, https:\/\/www.em.com.br\/emfoco\/wp-content\/uploads\/2026\/03\/pergolado-flor_1773855984078-300x169.jpg 300w, https:\/\/www.em.com.br\/emfoco\/wp-content\/uploads\/2026\/03\/pergolado-flor_1773855984078-768x432.jpg 768w, https:\/\/www.em.com.br\/emfoco\/wp-content\/uploads\/2026\/03\/pergolado-flor_1773855984078-750x422.jpg 750w, https:\/\/www.em.com.br\/emfoco\/wp-content\/uploads\/2026\/03\/pergolado-flor_1773855984078-1140x641.jpg 1140w, https:\/\/www.em.com.br\/emfoco\/wp-content\/uploads\/2026\/03\/pergolado-flor_1773855984078.jpg 1280w\" sizes=\"auto, (max-width: 1024px) 100vw, 1024px\" \/><figcaption class=\"wp-element-caption\">No entanto, este material exige uma manuten\u00e7\u00e3o rigorosa para resistir ao sol intenso e \u00e0s chuvas constantes das esta\u00e7\u00f5es brasileiras.- Cr\u00e9ditos: depositphotos.com \/ elitravo<\/figcaption><\/figure><\/div>\n\n\n<p>Leia tamb\u00e9m: <a href=\"https:\/\/www.em.com.br\/emfoco\/2026\/01\/29\/receita-de-limpa-vidros-caseiro-que-substitui-produtos-caros\/\" target=\"_blank\" rel=\"noreferrer noopener\">Receita de limpa-vidros caseiro que substitui produtos caros<\/a><\/p>\n\n\n\n<h2 class=\"wp-block-heading\">Por que o pergolado met\u00e1lico \u00e9 tend\u00eancia em 2026?<\/h2>\n\n\n\n<p>As estruturas em a\u00e7o galvanizado ou alum\u00ednio dominam a arquitetura contempor\u00e2nea por oferecerem <strong>design minimalista<\/strong> e linhas muito mais finas e elegantes. O metal permite v\u00e3os maiores sem a necessidade de pilares intermedi\u00e1rios, o que cria uma sensa\u00e7\u00e3o de amplitude e modernidade para espa\u00e7os gourmet. A <strong>resist\u00eancia estrutural<\/strong> superior torna esta op\u00e7\u00e3o ideal para suportar coberturas pesadas de vidro ou sistemas de automa\u00e7\u00e3o inteligentes.<\/p>\n\n\n\n<p>A grande vantagem competitiva do metal reside na baix\u00edssima necessidade de manuten\u00e7\u00e3o ao longo das d\u00e9cadas de uso externo. Com a <strong>pintura eletrost\u00e1tica<\/strong> correta, a estrutura fica protegida contra a corros\u00e3o e mant\u00e9m a apar\u00eancia de nova por muito mais tempo que a madeira. \u00c9 a escolha perfeita para quem deseja <strong>praticidade absoluta<\/strong> e um visual industrial que combina perfeitamente com casas de estilo moderno e clean.<\/p>\n\n\n\n<figure class=\"wp-block-embed is-type-rich is-provider-pinterest wp-block-embed-pinterest\"><div class=\"wp-block-embed__wrapper\">\n<iframe loading=\"lazy\" title=\"Arquitetura Sustent\u00e1vel\" src=\"https:\/\/assets.pinterest.com\/ext\/embed.html?id=11118330325520850&#038;src=oembed\" height=\"699\" width=\"450\" frameborder=\"0\" scrolling=\"no\" ><\/iframe>\n<\/div><\/figure>\n\n\n\n<h2 class=\"wp-block-heading\">Qual o custo-benef\u00edcio entre metal e madeira?<\/h2>\n\n\n\n<p>Ao comparar os pre\u00e7os, o pergolado de madeira simples pode parecer mais barato inicialmente, mas os custos de manuten\u00e7\u00e3o elevam o gasto total. J\u00e1 o <strong>pergolado met\u00e1lico<\/strong> exige um investimento inicial maior em m\u00e3o de obra especializada e materiais, mas compensa pela economia futura em reformas. Analisar o <strong>investimento total<\/strong> ao longo de dez anos \u00e9 fundamental para decidir qual op\u00e7\u00e3o cabe melhor no seu planeamento financeiro.<\/p>\n\n\n\n<p>Para ajudar na sua decis\u00e3o, listamos os principais pontos que deve considerar antes de contratar o servi\u00e7o para a sua resid\u00eancia.<\/p>\n\n\n\n<ul class=\"wp-block-list\">\n<li>Verifique se o estilo da sua casa combina mais com o <strong>toque r\u00fastico<\/strong> da madeira ou o metal moderno.<\/li>\n\n\n\n<li>Avalie a sua disponibilidade para realizar <strong>manuten\u00e7\u00f5es anuais<\/strong> ou se prefere uma estrutura de &#8220;instalar e esquecer&#8221;.<\/li>\n\n\n\n<li>Considere o clima da sua regi\u00e3o, pois o metal pode aquecer mais em locais de <strong>calor extremo<\/strong> sem a cobertura adequada.<\/li>\n<\/ul>\n\n\n\n<p>Para voc\u00ea que gosta de aprofundar, separamos um v\u00eddeo do canal <a href=\"https:\/\/www.youtube.com\/@saraivadesignmadeiras\" target=\"_blank\" rel=\"noreferrer noopener\">SARAIVA DESIGN<\/a> com dicas para escolher entre os dois tipos de pergolados:<\/p>\n\n\n\n<figure class=\"wp-block-embed is-type-video is-provider-youtube wp-block-embed-youtube wp-embed-aspect-16-9 wp-has-aspect-ratio\"><div class=\"wp-block-embed__wrapper\">\n<div class=\"jeg_video_container jeg_video_content\"><iframe loading=\"lazy\" title=\"PERGOLADO MET\u00c1LICO OU DE MADEIRA?\" width=\"500\" height=\"281\" src=\"https:\/\/www.youtube.com\/embed\/vPEhnIYMjFI?feature=oembed\" frameborder=\"0\" allow=\"accelerometer; autoplay; clipboard-write; encrypted-media; gyroscope; picture-in-picture; web-share\" referrerpolicy=\"strict-origin-when-cross-origin\" allowfullscreen><\/iframe><\/div>\n<\/div><\/figure>\n\n\n\n<h2 class=\"wp-block-heading\">Coberturas ideais para pergolado met\u00e1lico ou de madeira<\/h2>\n\n\n\n<p>Ambos os materiais aceitam diversos tipos de fechamento, sendo o vidro temperado a escolha favorita para garantir ilumina\u00e7\u00e3o natural e prote\u00e7\u00e3o. O policarbonato surge como uma <strong>alternativa leve<\/strong> e econ\u00f3mica, funcionando muito bem tanto em estruturas de madeira quanto nas met\u00e1licas. J\u00e1 as <strong>plantas trepadeiras<\/strong>, como a glic\u00ednia, trazem sombra natural e um perfume inesquec\u00edvel para os pergolados de estilo mais tradicional.<\/p>\n\n\n\n<p>Em 2026, a integra\u00e7\u00e3o de fitas LED embutidas nas vigas met\u00e1licas tornou-se uma solu\u00e7\u00e3o de ilumina\u00e7\u00e3o sofisticada para eventos noturnos. Na madeira, a tend\u00eancia \u00e9 o uso de <strong>pain\u00e9is ripados<\/strong> laterais que oferecem privacidade sem bloquear totalmente a circula\u00e7\u00e3o de ar refrescante. Independentemente da escolha, uma boa cobertura protege a estrutura principal e <strong>aumenta a vida \u00fatil<\/strong> do seu espa\u00e7o de conviv\u00eancia externo.<\/p>\n\n\n\n<figure class=\"wp-block-embed is-type-rich is-provider-pinterest wp-block-embed-pinterest\"><div class=\"wp-block-embed__wrapper\">\n<iframe loading=\"lazy\" title=\"30 Jaw-Dropping Pergola Ideas That Will Enhance Your Landscaping Game!\" src=\"https:\/\/assets.pinterest.com\/ext\/embed.html?id=211174979175089&#038;src=oembed\" height=\"899\" width=\"450\" frameborder=\"0\" scrolling=\"no\" ><\/iframe>\n<\/div><\/figure>\n\n\n\n<h2 class=\"wp-block-heading\">Tome a decis\u00e3o certa para a sua \u00e1rea externa<\/h2>\n\n\n\n<p>Escolha o material que melhor reflete a sua personalidade e o uso que dar\u00e1 ao novo espa\u00e7o de lazer. Priorize a <strong>qualidade dos materiais<\/strong> e a experi\u00eancia dos profissionais para garantir uma montagem segura e visualmente impec\u00e1vel. Um pergolado bem projetado transforma qualquer quintal num <strong>ref\u00fagio de luxo<\/strong> e descanso para toda a sua fam\u00edlia.<\/p>\n\n\n\n<p>Aproveite a versatilidade destas estruturas para criar mem\u00f3rias inesquec\u00edveis ao ar livre com amigos e convidados especiais. Invista em <strong>m\u00f3veis resistentes<\/strong> que complementem a est\u00e9tica escolhida, seja ela industrial ou org\u00e2nica e natural. Sinta o prazer de ter um <strong>ambiente exclusivo<\/strong> que une funcionalidade, beleza e um excelente valor de mercado.<\/p>\n","protected":false},"excerpt":{"rendered":"<p>Jo\u00e3o sonhava com uma \u00e1rea de lazer perfeita, mas ficou indeciso entre a tradi\u00e7\u00e3o do pergolado met\u00e1lico ou de madeira para a sua varanda. Ser\u00e1 que a beleza cl\u00e1ssica do material natural supera a praticidade e a resist\u00eancia das estruturas modernas em a\u00e7o ou alum\u00ednio? Quais as vantagens do pergolado de madeira? A madeira \u00e9 [&hellip;]<\/p>\n","protected":false},"author":9,"featured_media":200653,"comment_status":"open","ping_status":"open","sticky":false,"template":"","format":"standard","meta":{"jnews-multi-image_gallery":[],"jnews_single_post":{"format":"standard"},"jnews_primary_category":[],"jnews_social_meta":[],"jnews_override_counter":[],"footnotes":""},"categories":[8819],"tags":[25036,28048,28850],"class_list":["post-200273","post","type-post","status-publish","format-standard","has-post-thumbnail","hentry","category-curiosidades","tag-area-externa","tag-decoracao-de-jardim","tag-tendencias-arquitetura-2026"],"yoast_head":"<!-- This site is optimized with the Yoast SEO plugin v23.8 - https:\/\/yoast.com\/wordpress\/plugins\/seo\/ -->\n<title>Pergolado met\u00e1lico ou de madeira: Qual escolher para o seu projeto? - Estado de Minas - Em foco<\/title>\n<meta name=\"description\" content=\"Descubra se o pergolado met\u00e1lico ou de madeira \u00e9 a melhor escolha para o seu jardim. Compare pre\u00e7o, durabilidade e estilo.\" \/>\n<meta name=\"robots\" content=\"index, follow, max-snippet:-1, max-image-preview:large, max-video-preview:-1\" \/>\n<link rel=\"canonical\" href=\"https:\/\/www.em.com.br\/emfoco\/2026\/04\/28\/pergolado-metalico-ou-de-madeira-qual-escolher-para-o-seu-projeto\/\" \/>\n<meta property=\"og:locale\" content=\"pt_BR\" \/>\n<meta property=\"og:type\" content=\"article\" \/>\n<meta property=\"og:title\" content=\"Pergolado met\u00e1lico ou de madeira: Qual escolher para o seu projeto? - Estado de Minas - Em foco\" \/>\n<meta property=\"og:description\" content=\"Descubra se o pergolado met\u00e1lico ou de madeira \u00e9 a melhor escolha para o seu jardim. Compare pre\u00e7o, durabilidade e estilo.\" \/>\n<meta property=\"og:url\" content=\"https:\/\/www.em.com.br\/emfoco\/2026\/04\/28\/pergolado-metalico-ou-de-madeira-qual-escolher-para-o-seu-projeto\/\" \/>\n<meta property=\"og:site_name\" content=\"Estado de Minas - Em foco\" \/>\n<meta property=\"article:published_time\" content=\"2026-04-28T09:55:00+00:00\" \/>\n<meta property=\"article:modified_time\" content=\"2026-04-27T19:03:02+00:00\" \/>\n<meta property=\"og:image\" content=\"https:\/\/www.em.com.br\/emfoco\/wp-content\/uploads\/2026\/04\/EmFoco_67-4.jpg\" \/>\n\t<meta property=\"og:image:width\" content=\"1280\" \/>\n\t<meta property=\"og:image:height\" content=\"720\" \/>\n\t<meta property=\"og:image:type\" content=\"image\/jpeg\" \/>\n<meta name=\"author\" content=\"Daniely Cardoso\" \/>\n<meta name=\"twitter:card\" content=\"summary_large_image\" \/>\n<meta name=\"twitter:label1\" content=\"Escrito por\" \/>\n\t<meta name=\"twitter:data1\" content=\"Daniely Cardoso\" \/>\n\t<meta name=\"twitter:label2\" content=\"Est. tempo de leitura\" \/>\n\t<meta name=\"twitter:data2\" content=\"5 minutos\" \/>\n<!-- \/ Yoast SEO plugin. -->","yoast_head_json":{"title":"Pergolado met\u00e1lico ou de madeira: Qual escolher para o seu projeto? - Estado de Minas - Em foco","description":"Descubra se o pergolado met\u00e1lico ou de madeira \u00e9 a melhor escolha para o seu jardim. Compare pre\u00e7o, durabilidade e estilo.","robots":{"index":"index","follow":"follow","max-snippet":"max-snippet:-1","max-image-preview":"max-image-preview:large","max-video-preview":"max-video-preview:-1"},"canonical":"https:\/\/www.em.com.br\/emfoco\/2026\/04\/28\/pergolado-metalico-ou-de-madeira-qual-escolher-para-o-seu-projeto\/","og_locale":"pt_BR","og_type":"article","og_title":"Pergolado met\u00e1lico ou de madeira: Qual escolher para o seu projeto? - Estado de Minas - Em foco","og_description":"Descubra se o pergolado met\u00e1lico ou de madeira \u00e9 a melhor escolha para o seu jardim. Compare pre\u00e7o, durabilidade e estilo.","og_url":"https:\/\/www.em.com.br\/emfoco\/2026\/04\/28\/pergolado-metalico-ou-de-madeira-qual-escolher-para-o-seu-projeto\/","og_site_name":"Estado de Minas - Em foco","article_published_time":"2026-04-28T09:55:00+00:00","article_modified_time":"2026-04-27T19:03:02+00:00","og_image":[{"width":1280,"height":720,"url":"https:\/\/www.em.com.br\/emfoco\/wp-content\/uploads\/2026\/04\/EmFoco_67-4.jpg","type":"image\/jpeg"}],"author":"Daniely Cardoso","twitter_card":"summary_large_image","twitter_misc":{"Escrito por":"Daniely Cardoso","Est. tempo de leitura":"5 minutos"},"schema":{"@context":"https:\/\/schema.org","@graph":[{"@type":"WebPage","@id":"https:\/\/www.em.com.br\/emfoco\/2026\/04\/28\/pergolado-metalico-ou-de-madeira-qual-escolher-para-o-seu-projeto\/","url":"https:\/\/www.em.com.br\/emfoco\/2026\/04\/28\/pergolado-metalico-ou-de-madeira-qual-escolher-para-o-seu-projeto\/","name":"Pergolado met\u00e1lico ou de madeira: Qual escolher para o seu projeto? - Estado de Minas - Em foco","isPartOf":{"@id":"https:\/\/www.em.com.br\/emfoco\/#website"},"primaryImageOfPage":{"@id":"https:\/\/www.em.com.br\/emfoco\/2026\/04\/28\/pergolado-metalico-ou-de-madeira-qual-escolher-para-o-seu-projeto\/#primaryimage"},"image":{"@id":"https:\/\/www.em.com.br\/emfoco\/2026\/04\/28\/pergolado-metalico-ou-de-madeira-qual-escolher-para-o-seu-projeto\/#primaryimage"},"thumbnailUrl":"https:\/\/www.em.com.br\/emfoco\/wp-content\/uploads\/2026\/04\/EmFoco_67-4.jpg","datePublished":"2026-04-28T09:55:00+00:00","dateModified":"2026-04-27T19:03:02+00:00","author":{"@id":"https:\/\/www.em.com.br\/emfoco\/#\/schema\/person\/0a8186d72f2c3a5c6276d90b41f271a0"},"description":"Descubra se o pergolado met\u00e1lico ou de madeira \u00e9 a melhor escolha para o seu jardim. Compare pre\u00e7o, durabilidade e estilo.","breadcrumb":{"@id":"https:\/\/www.em.com.br\/emfoco\/2026\/04\/28\/pergolado-metalico-ou-de-madeira-qual-escolher-para-o-seu-projeto\/#breadcrumb"},"inLanguage":"pt-BR","potentialAction":[{"@type":"ReadAction","target":["https:\/\/www.em.com.br\/emfoco\/2026\/04\/28\/pergolado-metalico-ou-de-madeira-qual-escolher-para-o-seu-projeto\/"]}]},{"@type":"ImageObject","inLanguage":"pt-BR","@id":"https:\/\/www.em.com.br\/emfoco\/2026\/04\/28\/pergolado-metalico-ou-de-madeira-qual-escolher-para-o-seu-projeto\/#primaryimage","url":"https:\/\/www.em.com.br\/emfoco\/wp-content\/uploads\/2026\/04\/EmFoco_67-4.jpg","contentUrl":"https:\/\/www.em.com.br\/emfoco\/wp-content\/uploads\/2026\/04\/EmFoco_67-4.jpg","width":1280,"height":720,"caption":"Escolha entre madeira acolhedora ou metal moderno define a est\u00e9tica e manuten\u00e7\u00e3o externa"},{"@type":"BreadcrumbList","@id":"https:\/\/www.em.com.br\/emfoco\/2026\/04\/28\/pergolado-metalico-ou-de-madeira-qual-escolher-para-o-seu-projeto\/#breadcrumb","itemListElement":[{"@type":"ListItem","position":1,"name":"In\u00edcio","item":"https:\/\/www.em.com.br\/emfoco\/"},{"@type":"ListItem","position":2,"name":"Pergolado met\u00e1lico ou de madeira: Qual escolher para o seu projeto?"}]},{"@type":"WebSite","@id":"https:\/\/www.em.com.br\/emfoco\/#website","url":"https:\/\/www.em.com.br\/emfoco\/","name":"Estado de Minas - Em foco","description":"Acompanhe as \u00faltimas not\u00edcias e fique bem informado sobre tudo o que acontece em Minas Gerais, Brasil e no mundo.","potentialAction":[{"@type":"SearchAction","target":{"@type":"EntryPoint","urlTemplate":"https:\/\/www.em.com.br\/emfoco\/?s={search_term_string}"},"query-input":{"@type":"PropertyValueSpecification","valueRequired":true,"valueName":"search_term_string"}}],"inLanguage":"pt-BR"},{"@type":"Person","@id":"https:\/\/www.em.com.br\/emfoco\/#\/schema\/person\/0a8186d72f2c3a5c6276d90b41f271a0","name":"Daniely Cardoso","image":{"@type":"ImageObject","inLanguage":"pt-BR","@id":"https:\/\/www.em.com.br\/emfoco\/#\/schema\/person\/image\/","url":"https:\/\/secure.gravatar.com\/avatar\/4b80ddbd124d1f071b626d52d62e5dff?s=96&d=mm&r=g","contentUrl":"https:\/\/secure.gravatar.com\/avatar\/4b80ddbd124d1f071b626d52d62e5dff?s=96&d=mm&r=g","caption":"Daniely Cardoso"},"url":"https:\/\/www.em.com.br\/emfoco\/author\/danielymyth\/"}]}},"_links":{"self":[{"href":"https:\/\/www.em.com.br\/emfoco\/wp-json\/wp\/v2\/posts\/200273","targetHints":{"allow":["GET"]}}],"collection":[{"href":"https:\/\/www.em.com.br\/emfoco\/wp-json\/wp\/v2\/posts"}],"about":[{"href":"https:\/\/www.em.com.br\/emfoco\/wp-json\/wp\/v2\/types\/post"}],"author":[{"embeddable":true,"href":"https:\/\/www.em.com.br\/emfoco\/wp-json\/wp\/v2\/users\/9"}],"replies":[{"embeddable":true,"href":"https:\/\/www.em.com.br\/emfoco\/wp-json\/wp\/v2\/comments?post=200273"}],"version-history":[{"count":1,"href":"https:\/\/www.em.com.br\/emfoco\/wp-json\/wp\/v2\/posts\/200273\/revisions"}],"predecessor-version":[{"id":200274,"href":"https:\/\/www.em.com.br\/emfoco\/wp-json\/wp\/v2\/posts\/200273\/revisions\/200274"}],"wp:featuredmedia":[{"embeddable":true,"href":"https:\/\/www.em.com.br\/emfoco\/wp-json\/wp\/v2\/media\/200653"}],"wp:attachment":[{"href":"https:\/\/www.em.com.br\/emfoco\/wp-json\/wp\/v2\/media?parent=200273"}],"wp:term":[{"taxonomy":"category","embeddable":true,"href":"https:\/\/www.em.com.br\/emfoco\/wp-json\/wp\/v2\/categories?post=200273"},{"taxonomy":"post_tag","embeddable":true,"href":"https:\/\/www.em.com.br\/emfoco\/wp-json\/wp\/v2\/tags?post=200273"}],"curies":[{"name":"wp","href":"https:\/\/api.w.org\/{rel}","templated":true}]}}