{"id":200268,"date":"2026-04-28T17:55:00","date_gmt":"2026-04-28T20:55:00","guid":{"rendered":"https:\/\/www.em.com.br\/emfoco\/?p=200268"},"modified":"2026-04-27T15:49:50","modified_gmt":"2026-04-27T18:49:50","slug":"chega-de-ervas-daninhas-a-receita-caseira-potente-que-limpa-o-quintal-em-apenas-duas-horas-de-sol","status":"publish","type":"post","link":"https:\/\/www.em.com.br\/emfoco\/2026\/04\/28\/chega-de-ervas-daninhas-a-receita-caseira-potente-que-limpa-o-quintal-em-apenas-duas-horas-de-sol\/","title":{"rendered":"Chega de ervas daninhas, a receita caseira potente que limpa o quintal em apenas duas horas de sol"},"content":{"rendered":"\n<p>Ricardo lutava contra as ervas daninhas persistentes na cal\u00e7ada e buscava uma forma eficiente de <strong>secar mato r\u00e1pido<\/strong> sem gastar dinheiro. Ser\u00e1 que ingredientes comuns encontrados na cozinha possuem o poder de limpar o quintal em poucos minutos de exposi\u00e7\u00e3o solar?<\/p>\n\n\n\n<h2 class=\"wp-block-heading\">Por que esta mistura funciona de verdade?<\/h2>\n\n\n\n<p>O sal refinado atua desidratando as c\u00e9lulas das plantas invasoras de maneira agressiva e imediata atrav\u00e9s do processo de osmose. O bicarbonato de s\u00f3dio altera o pH do solo superficial para impedir a sobreviv\u00eancia do vegetal indesejado por um longo per\u00edodo. Essa combina\u00e7\u00e3o qu\u00edmica natural garante que voc\u00ea consiga <strong>eliminar ervas daninhas<\/strong> com efici\u00eancia total e veja resultados em <strong>apenas duas horas<\/strong>.<\/p>\n\n\n\n<p>O detergente comum serve para quebrar a tens\u00e3o superficial da \u00e1gua e fixar a mistura nas folhas por mais tempo. Ele permite que os componentes ativos penetrem nas camadas profundas da planta sem escorrer para o ch\u00e3o rapidamente. Utilize este <strong>m\u00e9todo econ\u00f4mico<\/strong> para manter seu jardim sempre limpo e organizado sem precisar de produtos qu\u00edmicos industriais.<\/p>\n\n\n<div class=\"wp-block-image\">\n<figure class=\"aligncenter size-large\"><img loading=\"lazy\" decoding=\"async\" width=\"1024\" height=\"576\" src=\"https:\/\/www.em.com.br\/emfoco\/wp-content\/uploads\/2026\/04\/mato-seco_1777260460374-1024x576.jpg\" alt=\"secar mato r\u00e1pido\" class=\"wp-image-200269\" srcset=\"https:\/\/www.em.com.br\/emfoco\/wp-content\/uploads\/2026\/04\/mato-seco_1777260460374-1024x576.jpg 1024w, https:\/\/www.em.com.br\/emfoco\/wp-content\/uploads\/2026\/04\/mato-seco_1777260460374-300x169.jpg 300w, https:\/\/www.em.com.br\/emfoco\/wp-content\/uploads\/2026\/04\/mato-seco_1777260460374-768x432.jpg 768w, https:\/\/www.em.com.br\/emfoco\/wp-content\/uploads\/2026\/04\/mato-seco_1777260460374-750x422.jpg 750w, https:\/\/www.em.com.br\/emfoco\/wp-content\/uploads\/2026\/04\/mato-seco_1777260460374-1140x641.jpg 1140w, https:\/\/www.em.com.br\/emfoco\/wp-content\/uploads\/2026\/04\/mato-seco_1777260460374.jpg 1280w\" sizes=\"auto, (max-width: 1024px) 100vw, 1024px\" \/><figcaption class=\"wp-element-caption\">O detergente comum serve para quebrar a tens\u00e3o superficial da \u00e1gua e fixar a mistura nas folhas por mais tempo. &#8211; Cr\u00e9ditos: depositphotos.com \/ potatushkina.gmail.com<\/figcaption><\/figure><\/div>\n\n\n<p>Leia tamb\u00e9m: <a href=\"https:\/\/www.em.com.br\/emfoco\/2026\/04\/25\/5-plantas-exoticas-brasileiras-que-chamam-atencao-pelo-visual-e-mudam-o-clima-do-jardim\/\" target=\"_blank\" rel=\"noreferrer noopener\">5 plantas ex\u00f3ticas brasileiras que chamam aten\u00e7\u00e3o pelo visual e mudam o clima do jardim<\/a><\/p>\n\n\n\n<h2 class=\"wp-block-heading\">Como aplicar para secar mato r\u00e1pido sob o sol?<\/h2>\n\n\n\n<p>O calor do sol potencializa a rea\u00e7\u00e3o dos ingredientes e acelera o processo de secagem das folhas de forma vis\u00edvel. Aplique a solu\u00e7\u00e3o preferencialmente nos hor\u00e1rios de <strong>pico de calor<\/strong> para obter resultados instant\u00e2neos na sua cal\u00e7ada ou quintal. A radia\u00e7\u00e3o solar ajuda a <strong>queimar o tecido<\/strong> vegetal de forma irrevers\u00edvel e permanente em pouqu\u00edssimo tempo de contato direto.<\/p>\n\n\n\n<p>Certifique-se de que n\u00e3o h\u00e1 previs\u00e3o de chuva para as pr\u00f3ximas horas ap\u00f3s a aplica\u00e7\u00e3o da solu\u00e7\u00e3o caseira no jardim. A \u00e1gua da chuva pode diluir os componentes e reduzir drasticamente o poder de <strong>secar mato r\u00e1pido<\/strong> em \u00e1reas externas. Prepare o pulverizador com cuidado para garantir uma <strong>cobertura uniforme<\/strong> sobre toda a vegeta\u00e7\u00e3o que deve ser removida hoje.<\/p>\n\n\n\n<figure class=\"wp-block-embed is-type-rich is-provider-pinterest wp-block-embed-pinterest\"><div class=\"wp-block-embed__wrapper\">\n<iframe loading=\"lazy\" title=\"(SAIBA COMO) Este poderoso rem\u00e9dio caseiro desintoxica os pulm\u00f5es rapidamente #limparospulmoes #limparospulmao #pulmaolimpo #saude #dicasdesaude\" src=\"https:\/\/assets.pinterest.com\/ext\/embed.html?id=3307399721431844&#038;src=oembed\" height=\"899\" width=\"450\" frameborder=\"0\" scrolling=\"no\" ><\/iframe>\n<\/div><\/figure>\n\n\n\n<h2 class=\"wp-block-heading\">Quais ingredientes para secar mato r\u00e1pido em casa?<\/h2>\n\n\n\n<p>Manter o equil\u00edbrio entre os ingredientes \u00e9 fundamental para que a solu\u00e7\u00e3o n\u00e3o perca a sua for\u00e7a \u00e1cida original. A medida exata evita o desperd\u00edcio de materiais e garante uma <strong>a\u00e7\u00e3o fulminante<\/strong> contra o mato em crescimento lateral. Voc\u00ea precisa seguir o passo a passo para criar um <strong>herbicida caseiro<\/strong> realmente poderoso com itens que j\u00e1 possui.<\/p>\n\n\n\n<p>A lista de itens necess\u00e1rios para preparar esta solu\u00e7\u00e3o \u00e9 muito acess\u00edvel e custa menos de cinquenta centavos por litro preparado. Verifique se voc\u00ea j\u00e1 possui todos os componentes b\u00e1sicos na sua despensa de casa agora mesmo para come\u00e7ar o trabalho. Siga rigorosamente as <strong>quantidades indicadas<\/strong> para preparar sua mistura de limpeza com seguran\u00e7a e praticidade total.<\/p>\n\n\n\n<ul class=\"wp-block-list\">\n<li>Use um litro de \u00e1gua para servir de base para a <strong>dilui\u00e7\u00e3o completa<\/strong> de todos os componentes qu\u00edmicos.<\/li>\n\n\n\n<li>Adicione uma colher de bicarbonato para <strong>neutralizar a resist\u00eancia<\/strong> natural das plantas invasoras mais fortes do quintal.<\/li>\n\n\n\n<li>Misture duas colheres de sal para <strong>desidratar a raiz<\/strong> e matar o mato rapidamente sem esfor\u00e7o f\u00edsico.<\/li>\n<\/ul>\n\n\n\n<p>Para voc\u00ea que gosta de jardim limpo, separamos um v\u00eddeo do canal <a href=\"https:\/\/www.youtube.com\/@LoucosdasPlantas\" target=\"_blank\" rel=\"noreferrer noopener\">Loucos das Plantas<\/a> com dicas para acabar com o mato com essa receita caseira:<\/p>\n\n\n\n<figure class=\"wp-block-embed is-type-video is-provider-youtube wp-block-embed-youtube wp-embed-aspect-16-9 wp-has-aspect-ratio\"><div class=\"wp-block-embed__wrapper\">\n<div class=\"jeg_video_container jeg_video_content\"><iframe loading=\"lazy\" title=\"Misture Isso e o Mato Seca em 2 Horas! Receita Caseira por R$0,50 (Seca tudo em 2 horas)\" width=\"500\" height=\"281\" src=\"https:\/\/www.youtube.com\/embed\/4w2Y9JxSAT4?feature=oembed\" frameborder=\"0\" allow=\"accelerometer; autoplay; clipboard-write; encrypted-media; gyroscope; picture-in-picture; web-share\" referrerpolicy=\"strict-origin-when-cross-origin\" allowfullscreen><\/iframe><\/div>\n<\/div><\/figure>\n\n\n\n<h2 class=\"wp-block-heading\">Existe perigo ao secar mato r\u00e1pido com sal?<\/h2>\n\n\n\n<p>Evite aplicar a solu\u00e7\u00e3o perto de flores ou plantas ornamentais que voc\u00ea deseja preservar com vida no seu canteiro. O sal refinado permanece na terra por algum tempo e pode <strong>prejudicar o crescimento<\/strong> de futuras planta\u00e7\u00f5es no mesmo local. Use a mistura apenas em fendas de <strong>pisos ou cal\u00e7adas<\/strong> onde nenhuma vegeta\u00e7\u00e3o deve crescer para manter a est\u00e9tica.<\/p>\n\n\n\n<p>Proteja suas m\u00e3os e olhos durante o manuseio dos ingredientes para evitar irrita\u00e7\u00f5es desnecess\u00e1rias na pele sens\u00edvel ou mucosas. O uso de luvas garante que voc\u00ea realize a <strong>manuten\u00e7\u00e3o do quintal<\/strong> com total seguran\u00e7a e conforto pessoal. Mantenha os animais de estima\u00e7\u00e3o longe do local at\u00e9 que o l\u00edquido seque <strong>totalmente ao sol<\/strong> intenso da tarde.<\/p>\n\n\n\n<h2 class=\"wp-block-heading\">Mantenha seu terreno limpo com pouco esfor\u00e7o<\/h2>\n\n\n\n<p>Teste esta receita na sua casa para economizar com produtos qu\u00edmicos industriais caros e perigosos. A pr\u00e1tica constante garante um <strong>visual limpo<\/strong> e bem cuidado para sua resid\u00eancia o ano inteiro. Valorize as <strong>solu\u00e7\u00f5es inteligentes<\/strong> que respeitam o seu or\u00e7amento dom\u00e9stico e facilitam sua vida.<\/p>\n\n\n\n<p>Compartilhe esta dica com vizinhos que enfrentam dificuldades com plantas indesejadas no muro ou no port\u00e3o. Mantenha o foco na organiza\u00e7\u00e3o para ter um <strong>ambiente agrad\u00e1vel<\/strong> para sua fam\u00edlia e amigos sempre. Colha os frutos de um <strong>quintal impec\u00e1vel<\/strong> com pouco investimento financeiro e muito resultado pr\u00e1tico.<\/p>\n","protected":false},"excerpt":{"rendered":"<p>Ricardo lutava contra as ervas daninhas persistentes na cal\u00e7ada e buscava uma forma eficiente de secar mato r\u00e1pido sem gastar dinheiro. Ser\u00e1 que ingredientes comuns encontrados na cozinha possuem o poder de limpar o quintal em poucos minutos de exposi\u00e7\u00e3o solar? Por que esta mistura funciona de verdade? O sal refinado atua desidratando as c\u00e9lulas [&hellip;]<\/p>\n","protected":false},"author":9,"featured_media":200626,"comment_status":"open","ping_status":"open","sticky":false,"template":"","format":"standard","meta":{"jnews-multi-image_gallery":[],"jnews_single_post":{"format":"standard"},"jnews_primary_category":[],"jnews_social_meta":[],"jnews_override_counter":[],"footnotes":""},"categories":[8819,29],"tags":[11482,28849,4786],"class_list":["post-200268","post","type-post","status-publish","format-standard","has-post-thumbnail","hentry","category-curiosidades","category-entretenimento","tag-ervas-daninhas","tag-quintal-limpo","tag-receita-caseira"],"yoast_head":"<!-- This site is optimized with the Yoast SEO plugin v23.8 - https:\/\/yoast.com\/wordpress\/plugins\/seo\/ -->\n<title>Chega de ervas daninhas, a receita caseira potente que limpa o quintal em apenas duas horas de sol - Estado de Minas - Em foco<\/title>\n<meta name=\"description\" content=\"Aprenda como secar mato r\u00e1pido usando uma receita caseira potente por apenas cinquenta centavos. Mantenha sua cal\u00e7ada sempre limpa e bonita.\" \/>\n<meta name=\"robots\" content=\"index, follow, max-snippet:-1, max-image-preview:large, max-video-preview:-1\" \/>\n<link rel=\"canonical\" href=\"https:\/\/www.em.com.br\/emfoco\/2026\/04\/28\/chega-de-ervas-daninhas-a-receita-caseira-potente-que-limpa-o-quintal-em-apenas-duas-horas-de-sol\/\" \/>\n<meta property=\"og:locale\" content=\"pt_BR\" \/>\n<meta property=\"og:type\" content=\"article\" \/>\n<meta property=\"og:title\" content=\"Chega de ervas daninhas, a receita caseira potente que limpa o quintal em apenas duas horas de sol - Estado de Minas - Em foco\" \/>\n<meta property=\"og:description\" content=\"Aprenda como secar mato r\u00e1pido usando uma receita caseira potente por apenas cinquenta centavos. Mantenha sua cal\u00e7ada sempre limpa e bonita.\" \/>\n<meta property=\"og:url\" content=\"https:\/\/www.em.com.br\/emfoco\/2026\/04\/28\/chega-de-ervas-daninhas-a-receita-caseira-potente-que-limpa-o-quintal-em-apenas-duas-horas-de-sol\/\" \/>\n<meta property=\"og:site_name\" content=\"Estado de Minas - Em foco\" \/>\n<meta property=\"article:published_time\" content=\"2026-04-28T20:55:00+00:00\" \/>\n<meta property=\"article:modified_time\" content=\"2026-04-27T18:49:50+00:00\" \/>\n<meta property=\"og:image\" content=\"https:\/\/www.em.com.br\/emfoco\/wp-content\/uploads\/2026\/04\/EmFoco_50-7.jpg\" \/>\n\t<meta property=\"og:image:width\" content=\"1280\" \/>\n\t<meta property=\"og:image:height\" content=\"720\" \/>\n\t<meta property=\"og:image:type\" content=\"image\/jpeg\" \/>\n<meta name=\"author\" content=\"Daniely Cardoso\" \/>\n<meta name=\"twitter:card\" content=\"summary_large_image\" \/>\n<meta name=\"twitter:label1\" content=\"Escrito por\" \/>\n\t<meta name=\"twitter:data1\" content=\"Daniely Cardoso\" \/>\n\t<meta name=\"twitter:label2\" content=\"Est. tempo de leitura\" \/>\n\t<meta name=\"twitter:data2\" content=\"5 minutos\" \/>\n<!-- \/ Yoast SEO plugin. -->","yoast_head_json":{"title":"Chega de ervas daninhas, a receita caseira potente que limpa o quintal em apenas duas horas de sol - Estado de Minas - Em foco","description":"Aprenda como secar mato r\u00e1pido usando uma receita caseira potente por apenas cinquenta centavos. Mantenha sua cal\u00e7ada sempre limpa e bonita.","robots":{"index":"index","follow":"follow","max-snippet":"max-snippet:-1","max-image-preview":"max-image-preview:large","max-video-preview":"max-video-preview:-1"},"canonical":"https:\/\/www.em.com.br\/emfoco\/2026\/04\/28\/chega-de-ervas-daninhas-a-receita-caseira-potente-que-limpa-o-quintal-em-apenas-duas-horas-de-sol\/","og_locale":"pt_BR","og_type":"article","og_title":"Chega de ervas daninhas, a receita caseira potente que limpa o quintal em apenas duas horas de sol - Estado de Minas - Em foco","og_description":"Aprenda como secar mato r\u00e1pido usando uma receita caseira potente por apenas cinquenta centavos. Mantenha sua cal\u00e7ada sempre limpa e bonita.","og_url":"https:\/\/www.em.com.br\/emfoco\/2026\/04\/28\/chega-de-ervas-daninhas-a-receita-caseira-potente-que-limpa-o-quintal-em-apenas-duas-horas-de-sol\/","og_site_name":"Estado de Minas - Em foco","article_published_time":"2026-04-28T20:55:00+00:00","article_modified_time":"2026-04-27T18:49:50+00:00","og_image":[{"width":1280,"height":720,"url":"https:\/\/www.em.com.br\/emfoco\/wp-content\/uploads\/2026\/04\/EmFoco_50-7.jpg","type":"image\/jpeg"}],"author":"Daniely Cardoso","twitter_card":"summary_large_image","twitter_misc":{"Escrito por":"Daniely Cardoso","Est. tempo de leitura":"5 minutos"},"schema":{"@context":"https:\/\/schema.org","@graph":[{"@type":"WebPage","@id":"https:\/\/www.em.com.br\/emfoco\/2026\/04\/28\/chega-de-ervas-daninhas-a-receita-caseira-potente-que-limpa-o-quintal-em-apenas-duas-horas-de-sol\/","url":"https:\/\/www.em.com.br\/emfoco\/2026\/04\/28\/chega-de-ervas-daninhas-a-receita-caseira-potente-que-limpa-o-quintal-em-apenas-duas-horas-de-sol\/","name":"Chega de ervas daninhas, a receita caseira potente que limpa o quintal em apenas duas horas de sol - Estado de Minas - Em foco","isPartOf":{"@id":"https:\/\/www.em.com.br\/emfoco\/#website"},"primaryImageOfPage":{"@id":"https:\/\/www.em.com.br\/emfoco\/2026\/04\/28\/chega-de-ervas-daninhas-a-receita-caseira-potente-que-limpa-o-quintal-em-apenas-duas-horas-de-sol\/#primaryimage"},"image":{"@id":"https:\/\/www.em.com.br\/emfoco\/2026\/04\/28\/chega-de-ervas-daninhas-a-receita-caseira-potente-que-limpa-o-quintal-em-apenas-duas-horas-de-sol\/#primaryimage"},"thumbnailUrl":"https:\/\/www.em.com.br\/emfoco\/wp-content\/uploads\/2026\/04\/EmFoco_50-7.jpg","datePublished":"2026-04-28T20:55:00+00:00","dateModified":"2026-04-27T18:49:50+00:00","author":{"@id":"https:\/\/www.em.com.br\/emfoco\/#\/schema\/person\/0a8186d72f2c3a5c6276d90b41f271a0"},"description":"Aprenda como secar mato r\u00e1pido usando uma receita caseira potente por apenas cinquenta centavos. Mantenha sua cal\u00e7ada sempre limpa e bonita.","breadcrumb":{"@id":"https:\/\/www.em.com.br\/emfoco\/2026\/04\/28\/chega-de-ervas-daninhas-a-receita-caseira-potente-que-limpa-o-quintal-em-apenas-duas-horas-de-sol\/#breadcrumb"},"inLanguage":"pt-BR","potentialAction":[{"@type":"ReadAction","target":["https:\/\/www.em.com.br\/emfoco\/2026\/04\/28\/chega-de-ervas-daninhas-a-receita-caseira-potente-que-limpa-o-quintal-em-apenas-duas-horas-de-sol\/"]}]},{"@type":"ImageObject","inLanguage":"pt-BR","@id":"https:\/\/www.em.com.br\/emfoco\/2026\/04\/28\/chega-de-ervas-daninhas-a-receita-caseira-potente-que-limpa-o-quintal-em-apenas-duas-horas-de-sol\/#primaryimage","url":"https:\/\/www.em.com.br\/emfoco\/wp-content\/uploads\/2026\/04\/EmFoco_50-7.jpg","contentUrl":"https:\/\/www.em.com.br\/emfoco\/wp-content\/uploads\/2026\/04\/EmFoco_50-7.jpg","width":1280,"height":720,"caption":"Mistura caseira de sal e bicarbonato elimina ervas daninhas em poucos minutos solar"},{"@type":"BreadcrumbList","@id":"https:\/\/www.em.com.br\/emfoco\/2026\/04\/28\/chega-de-ervas-daninhas-a-receita-caseira-potente-que-limpa-o-quintal-em-apenas-duas-horas-de-sol\/#breadcrumb","itemListElement":[{"@type":"ListItem","position":1,"name":"In\u00edcio","item":"https:\/\/www.em.com.br\/emfoco\/"},{"@type":"ListItem","position":2,"name":"Chega de ervas daninhas, a receita caseira potente que limpa o quintal em apenas duas horas de sol"}]},{"@type":"WebSite","@id":"https:\/\/www.em.com.br\/emfoco\/#website","url":"https:\/\/www.em.com.br\/emfoco\/","name":"Estado de Minas - Em foco","description":"Acompanhe as \u00faltimas not\u00edcias e fique bem informado sobre tudo o que acontece em Minas Gerais, Brasil e no mundo.","potentialAction":[{"@type":"SearchAction","target":{"@type":"EntryPoint","urlTemplate":"https:\/\/www.em.com.br\/emfoco\/?s={search_term_string}"},"query-input":{"@type":"PropertyValueSpecification","valueRequired":true,"valueName":"search_term_string"}}],"inLanguage":"pt-BR"},{"@type":"Person","@id":"https:\/\/www.em.com.br\/emfoco\/#\/schema\/person\/0a8186d72f2c3a5c6276d90b41f271a0","name":"Daniely Cardoso","image":{"@type":"ImageObject","inLanguage":"pt-BR","@id":"https:\/\/www.em.com.br\/emfoco\/#\/schema\/person\/image\/","url":"https:\/\/secure.gravatar.com\/avatar\/4b80ddbd124d1f071b626d52d62e5dff?s=96&d=mm&r=g","contentUrl":"https:\/\/secure.gravatar.com\/avatar\/4b80ddbd124d1f071b626d52d62e5dff?s=96&d=mm&r=g","caption":"Daniely Cardoso"},"url":"https:\/\/www.em.com.br\/emfoco\/author\/danielymyth\/"}]}},"_links":{"self":[{"href":"https:\/\/www.em.com.br\/emfoco\/wp-json\/wp\/v2\/posts\/200268","targetHints":{"allow":["GET"]}}],"collection":[{"href":"https:\/\/www.em.com.br\/emfoco\/wp-json\/wp\/v2\/posts"}],"about":[{"href":"https:\/\/www.em.com.br\/emfoco\/wp-json\/wp\/v2\/types\/post"}],"author":[{"embeddable":true,"href":"https:\/\/www.em.com.br\/emfoco\/wp-json\/wp\/v2\/users\/9"}],"replies":[{"embeddable":true,"href":"https:\/\/www.em.com.br\/emfoco\/wp-json\/wp\/v2\/comments?post=200268"}],"version-history":[{"count":1,"href":"https:\/\/www.em.com.br\/emfoco\/wp-json\/wp\/v2\/posts\/200268\/revisions"}],"predecessor-version":[{"id":200270,"href":"https:\/\/www.em.com.br\/emfoco\/wp-json\/wp\/v2\/posts\/200268\/revisions\/200270"}],"wp:featuredmedia":[{"embeddable":true,"href":"https:\/\/www.em.com.br\/emfoco\/wp-json\/wp\/v2\/media\/200626"}],"wp:attachment":[{"href":"https:\/\/www.em.com.br\/emfoco\/wp-json\/wp\/v2\/media?parent=200268"}],"wp:term":[{"taxonomy":"category","embeddable":true,"href":"https:\/\/www.em.com.br\/emfoco\/wp-json\/wp\/v2\/categories?post=200268"},{"taxonomy":"post_tag","embeddable":true,"href":"https:\/\/www.em.com.br\/emfoco\/wp-json\/wp\/v2\/tags?post=200268"}],"curies":[{"name":"wp","href":"https:\/\/api.w.org\/{rel}","templated":true}]}}