{"id":200264,"date":"2026-04-28T22:05:00","date_gmt":"2026-04-29T01:05:00","guid":{"rendered":"https:\/\/www.em.com.br\/emfoco\/?p=200264"},"modified":"2026-04-27T15:46:23","modified_gmt":"2026-04-27T18:46:23","slug":"o-corte-para-cabelos-finos-que-rejuvenesce-e-valoriza-mulheres-depois-dos-50-anos","status":"publish","type":"post","link":"https:\/\/www.em.com.br\/emfoco\/2026\/04\/28\/o-corte-para-cabelos-finos-que-rejuvenesce-e-valoriza-mulheres-depois-dos-50-anos\/","title":{"rendered":"O corte para cabelos finos que rejuvenesce e valoriza mulheres depois dos 50 anos"},"content":{"rendered":"\n<p>Helena buscava um <strong>corte para cabelos finos<\/strong> que trouxesse de volta o balan\u00e7o e a densidade perdidos ao longo das \u00faltimas d\u00e9cadas. Seria poss\u00edvel uma mudan\u00e7a de visual estrat\u00e9gica apagar dez anos do rosto sem o uso de interven\u00e7\u00f5es est\u00e9ticas ou produtos qu\u00edmicos caros?<\/p>\n\n\n\n<h2 class=\"wp-block-heading\">Qual o poder do corte para cabelos finos?<\/h2>\n\n\n\n<p>O envelhecimento natural costuma reduzir a densidade capilar e exige t\u00e9cnicas de tesoura espec\u00edficas que criem volume imediato nas pontas desiguais e ralas. Este estilo moderno de <strong>corte para cabelos finos<\/strong> utiliza camadas graduadas em \u00e2ngulos precisos para dar a impress\u00e3o de fios muito mais densos e encorpados. Voc\u00ea sentir\u00e1 uma <strong>leveza renovada<\/strong> e uma satisfa\u00e7\u00e3o profunda ao olhar para o espelho logo ap\u00f3s finalizar o procedimento profissional no sal\u00e3o de beleza.<\/p>\n\n\n\n<p>A estrutura \u00f3ssea do rosto maduro ganha um destaque especial quando o cabelo possui movimento e balan\u00e7o estrat\u00e9gico nas laterais do semblante feminino. Pontas retas demais tendem a pesar a express\u00e3o facial e evidenciar as <strong>linhas de express\u00e3o<\/strong> que surgem naturalmente com a chegada da maturidade plena. Prefira manter o <strong>comprimento m\u00e9dio<\/strong> dos fios para garantir a praticidade e a sofistica\u00e7\u00e3o necess\u00e1rias no cotidiano feminino cada vez mais din\u00e2mico e exigente.<\/p>\n\n\n<div class=\"wp-block-image\">\n<figure class=\"aligncenter size-large\"><img loading=\"lazy\" decoding=\"async\" width=\"1024\" height=\"576\" src=\"https:\/\/www.em.com.br\/emfoco\/wp-content\/uploads\/2026\/04\/choppy-bob-1024x576.jpg\" alt=\"corte para cabelos finos\" class=\"wp-image-189846\" srcset=\"https:\/\/www.em.com.br\/emfoco\/wp-content\/uploads\/2026\/04\/choppy-bob-1024x576.jpg 1024w, https:\/\/www.em.com.br\/emfoco\/wp-content\/uploads\/2026\/04\/choppy-bob-300x169.jpg 300w, https:\/\/www.em.com.br\/emfoco\/wp-content\/uploads\/2026\/04\/choppy-bob-768x432.jpg 768w, https:\/\/www.em.com.br\/emfoco\/wp-content\/uploads\/2026\/04\/choppy-bob-750x422.jpg 750w, https:\/\/www.em.com.br\/emfoco\/wp-content\/uploads\/2026\/04\/choppy-bob-1140x641.jpg 1140w, https:\/\/www.em.com.br\/emfoco\/wp-content\/uploads\/2026\/04\/choppy-bob.jpg 1280w\" sizes=\"auto, (max-width: 1024px) 100vw, 1024px\" \/><figcaption class=\"wp-element-caption\">A estrutura \u00f3ssea do rosto maduro ganha um destaque especial quando o cabelo possui movimento e balan\u00e7o estrat\u00e9gico nas laterais do semblante femini<\/figcaption><\/figure><\/div>\n\n\n<p>Leia tamb\u00e9m: <a href=\"https:\/\/www.em.com.br\/emfoco\/2026\/02\/26\/nem-pixie-nem-chanel-conheca-o-corte-curto-que-e-a-maior-aposta-de-rejuvenescimento-para-2026\/\" target=\"_blank\" rel=\"noreferrer noopener\">Nem pixie, nem chanel: conhe\u00e7a o corte curto que \u00e9 a maior aposta de rejuvenescimento para 2026<\/a><\/p>\n\n\n\n<h2 class=\"wp-block-heading\">O Long Bob \u00e9 o melhor corte para cabelos finos?<\/h2>\n\n\n\n<p>O Long Bob com a base levemente desfiada \u00e9 a escolha favorita das celebridades internacionais que buscam um <strong>visual rejuvenescido<\/strong> de forma instant\u00e2nea. Ele projeta as mechas para frente e cria uma <strong>moldura elegante<\/strong> que valoriza o contorno da mand\u00edbula e a linha do pesco\u00e7o de maneira sutil. Este tipo de <strong>corte para cabelos finos<\/strong> funciona como um lifting natural que levanta a autoestima da mulher moderna de maneira muito r\u00e1pida e segura.<\/p>\n\n\n\n<p>Para garantir que o movimento seja o foco principal, o cabeleireiro deve realizar pequenos cortes internos que impulsionem a fibra capilar para cima. A t\u00e9cnica de <strong>desfiar as pontas<\/strong> evita o aspecto ralo e proporciona uma textura vibrante, moderna e cheia de vida para as suas madeixas. Verifique a lista de materiais importantes para cuidar desse novo estilo e manter a <strong>beleza capilar<\/strong> em casa com total facilidade e autonomia.<\/p>\n\n\n\n<ul class=\"wp-block-list\">\n<li>Use <strong>mousses leves<\/strong> para levantar a raiz e dar suporte ao volume desejado durante todo o seu dia de trabalho intenso.<\/li>\n\n\n\n<li>Aplique <strong>protetor t\u00e9rmico<\/strong> antes de utilizar o secador ou a chapinha para evitar a quebra dos fios mais sens\u00edveis e fragilizados.<\/li>\n\n\n\n<li>Invista em <strong>escovas redondas<\/strong> de cerdas naturais para modelar as camadas e destacar o movimento fluido do seu novo corte elegante.<\/li>\n<\/ul>\n\n\n\n<figure class=\"wp-block-embed is-type-rich is-provider-pinterest wp-block-embed-pinterest\"><div class=\"wp-block-embed__wrapper\">\n<iframe loading=\"lazy\" title=\" \" src=\"https:\/\/assets.pinterest.com\/ext\/embed.html?id=740560732516022530&#038;src=oembed\" height=\"899\" width=\"450\" frameborder=\"0\" scrolling=\"no\" ><\/iframe>\n<\/div><\/figure>\n\n\n\n<h2 class=\"wp-block-heading\">Como finalizar o corte para cabelos finos de forma pr\u00e1tica?<\/h2>\n\n\n\n<p>A finaliza\u00e7\u00e3o correta impede que as mechas fiquem grudadas ao couro cabeludo e percam o <strong>efeito volumoso<\/strong> conquistado com a t\u00e9cnica da tesoura. Utilize sprays de <strong>fixa\u00e7\u00e3o suave<\/strong> para manter o balan\u00e7o natural sem endurecer a fibra capilar delicada das suas pontas rec\u00e9m-cortadas e seladas. O segredo principal est\u00e1 em aplicar os produtos com os <strong>fios \u00famidos<\/strong> para selar as cut\u00edculas de forma definitiva e garantir um brilho intenso.<\/p>\n\n\n\n<p>Secar o cabelo de baixo para cima ajuda a soltar a raiz e garante um acabamento de <strong>n\u00edvel profissional<\/strong> imediato em poucos minutos. Evite o uso frequente de \u00f3leos pesados que podem pesar a estrutura e deixar o <strong>aspecto oleoso<\/strong> e sem vida no final da tarde. Mantenha as <strong>m\u00e3os longe<\/strong> das mechas para prevenir o surgimento do frizz que aparece com o atrito constante dos dedos nos fios secos.<\/p>\n\n\n\n<p>Para voc\u00ea que gosta de se cuidar, separamos um v\u00eddeo do canal da <a href=\"https:\/\/www.youtube.com\/@isasalustiano\" target=\"_blank\" rel=\"noreferrer noopener\">Isa Salustiano<\/a> com dicas de cortes para quem tem cabelo fino:<\/p>\n\n\n\n<figure class=\"wp-block-embed is-type-video is-provider-youtube wp-block-embed-youtube wp-embed-aspect-16-9 wp-has-aspect-ratio\"><div class=\"wp-block-embed__wrapper\">\n<div class=\"jeg_video_container jeg_video_content\"><iframe loading=\"lazy\" title=\"CORTES IDEIAS PARA CABELOS FINOS | Curtos e longos\" width=\"500\" height=\"281\" src=\"https:\/\/www.youtube.com\/embed\/-XefLAGZ0tU?feature=oembed\" frameborder=\"0\" allow=\"accelerometer; autoplay; clipboard-write; encrypted-media; gyroscope; picture-in-picture; web-share\" referrerpolicy=\"strict-origin-when-cross-origin\" allowfullscreen><\/iframe><\/div>\n<\/div><\/figure>\n\n\n\n<h2 class=\"wp-block-heading\">A manuten\u00e7\u00e3o constante garante o brilho do novo visual<\/h2>\n\n\n\n<p>Visitar o sal\u00e3o de confian\u00e7a a cada dois meses impede que as pontas duplas estraguem o <strong>caimento perfeito<\/strong> das camadas criadas pelo profissional. O corte constante remove a parte danificada e permite que os <strong>nutrientes circulem<\/strong> melhor por toda a extens\u00e3o capilar de maneira muito mais eficiente. Valorize o seu <strong>tempo de cuidado<\/strong> pessoal para ter um visual sempre renovado, saud\u00e1vel e muito charmoso em qualquer ocasi\u00e3o social ou profissional.<\/p>\n\n\n\n<p>Hidrata\u00e7\u00f5es semanais profundas rep\u00f5em a massa perdida e garantem que o seu cabelo tenha um <strong>brilho espelhado<\/strong> muito atraente e sedoso ao toque. Escolha m\u00e1scaras nutritivas que contenham <strong>amino\u00e1cidos vegetais<\/strong> para fortalecer a estrutura interna sem causar rigidez excessiva nos seus fios finos e delicados. A sa\u00fade dos cabelos reflete diretamente sua <strong>vitalidade interna<\/strong> e aumenta sua confian\u00e7a para enfrentar os desafios do mundo com um sorriso no rosto.<\/p>\n\n\n\n<figure class=\"wp-block-embed is-type-rich is-provider-pinterest wp-block-embed-pinterest\"><div class=\"wp-block-embed__wrapper\">\n<iframe loading=\"lazy\" title=\"PENTEADO ELSA Rotina de Cuidados Com o Cabelo\" src=\"https:\/\/assets.pinterest.com\/ext\/embed.html?id=1008736016527781632&#038;src=oembed\" height=\"899\" width=\"450\" frameborder=\"0\" scrolling=\"no\" ><\/iframe>\n<\/div><\/figure>\n\n\n\n<h2 class=\"wp-block-heading\">Valorize sua imagem com o estilo ideal para sua fase<\/h2>\n\n\n\n<p>Mude o seu visual agora mesmo para sentir todos os benef\u00edcios de uma imagem renovada, moderna e cheia de frescor juvenil. Escolha profissionais qualificados que entendam a <strong>textura capilar<\/strong> madura e saibam valorizar seus tra\u00e7os \u00fanicos com cortes precisos e elegantes na medida certa. O seu <strong>bem-estar est\u00e9tico<\/strong> deve ser a prioridade absoluta neste momento importante de transforma\u00e7\u00e3o pessoal e valoriza\u00e7\u00e3o da sua pr\u00f3pria beleza feminina.<\/p>\n\n\n\n<p>Arrisque novos comprimentos e sinta a leveza indescrit\u00edvel que um bom corte de cabelo proporciona no seu dia a dia agitado e produtivo. A maturidade \u00e9 a fase perfeita para <strong>ousar com classe<\/strong> e sofistica\u00e7\u00e3o em cada detalhe da sua apresenta\u00e7\u00e3o pessoal para a sociedade. Brilhe intensamente com a <strong>apar\u00eancia rejuvenescida<\/strong> que voc\u00ea sempre desejou conquistar atrav\u00e9s de escolhas inteligentes e cuidados constantes com sua imagem capilar.<\/p>\n","protected":false},"excerpt":{"rendered":"<p>Helena buscava um corte para cabelos finos que trouxesse de volta o balan\u00e7o e a densidade perdidos ao longo das \u00faltimas d\u00e9cadas. Seria poss\u00edvel uma mudan\u00e7a de visual estrat\u00e9gica apagar dez anos do rosto sem o uso de interven\u00e7\u00f5es est\u00e9ticas ou produtos qu\u00edmicos caros? Qual o poder do corte para cabelos finos? O envelhecimento natural [&hellip;]<\/p>\n","protected":false},"author":9,"featured_media":200624,"comment_status":"open","ping_status":"open","sticky":false,"template":"","format":"standard","meta":{"jnews-multi-image_gallery":[],"jnews_single_post":{"format":"standard"},"jnews_primary_category":[],"jnews_social_meta":[],"jnews_override_counter":[],"footnotes":""},"categories":[8691,29],"tags":[28848,27309,15335],"class_list":["post-200264","post","type-post","status-publish","format-standard","has-post-thumbnail","hentry","category-bem-estar","category-entretenimento","tag-beleza-50-anos","tag-cabelos-maduros","tag-cortes-femininos"],"yoast_head":"<!-- This site is optimized with the Yoast SEO plugin v23.8 - https:\/\/yoast.com\/wordpress\/plugins\/seo\/ -->\n<title>O corte para cabelos finos que rejuvenesce e valoriza mulheres depois dos 50 anos - Estado de Minas - Em foco<\/title>\n<meta name=\"description\" content=\"O novo corte para cabelos finos rejuvenesce o visual e traz volume para mulheres de 50 anos. Veja as melhores dicas de estilo e beleza.\" \/>\n<meta name=\"robots\" content=\"index, follow, max-snippet:-1, max-image-preview:large, max-video-preview:-1\" \/>\n<link rel=\"canonical\" href=\"https:\/\/www.em.com.br\/emfoco\/2026\/04\/28\/o-corte-para-cabelos-finos-que-rejuvenesce-e-valoriza-mulheres-depois-dos-50-anos\/\" \/>\n<meta property=\"og:locale\" content=\"pt_BR\" \/>\n<meta property=\"og:type\" content=\"article\" \/>\n<meta property=\"og:title\" content=\"O corte para cabelos finos que rejuvenesce e valoriza mulheres depois dos 50 anos - Estado de Minas - Em foco\" \/>\n<meta property=\"og:description\" content=\"O novo corte para cabelos finos rejuvenesce o visual e traz volume para mulheres de 50 anos. Veja as melhores dicas de estilo e beleza.\" \/>\n<meta property=\"og:url\" content=\"https:\/\/www.em.com.br\/emfoco\/2026\/04\/28\/o-corte-para-cabelos-finos-que-rejuvenesce-e-valoriza-mulheres-depois-dos-50-anos\/\" \/>\n<meta property=\"og:site_name\" content=\"Estado de Minas - Em foco\" \/>\n<meta property=\"article:published_time\" content=\"2026-04-29T01:05:00+00:00\" \/>\n<meta property=\"article:modified_time\" content=\"2026-04-27T18:46:23+00:00\" \/>\n<meta property=\"og:image\" content=\"https:\/\/www.em.com.br\/emfoco\/wp-content\/uploads\/2026\/04\/EmFoco_40-6.jpg\" \/>\n\t<meta property=\"og:image:width\" content=\"1280\" \/>\n\t<meta property=\"og:image:height\" content=\"720\" \/>\n\t<meta property=\"og:image:type\" content=\"image\/jpeg\" \/>\n<meta name=\"author\" content=\"Daniely Cardoso\" \/>\n<meta name=\"twitter:card\" content=\"summary_large_image\" \/>\n<meta name=\"twitter:label1\" content=\"Escrito por\" \/>\n\t<meta name=\"twitter:data1\" content=\"Daniely Cardoso\" \/>\n\t<meta name=\"twitter:label2\" content=\"Est. tempo de leitura\" \/>\n\t<meta name=\"twitter:data2\" content=\"6 minutos\" \/>\n<!-- \/ Yoast SEO plugin. -->","yoast_head_json":{"title":"O corte para cabelos finos que rejuvenesce e valoriza mulheres depois dos 50 anos - Estado de Minas - Em foco","description":"O novo corte para cabelos finos rejuvenesce o visual e traz volume para mulheres de 50 anos. Veja as melhores dicas de estilo e beleza.","robots":{"index":"index","follow":"follow","max-snippet":"max-snippet:-1","max-image-preview":"max-image-preview:large","max-video-preview":"max-video-preview:-1"},"canonical":"https:\/\/www.em.com.br\/emfoco\/2026\/04\/28\/o-corte-para-cabelos-finos-que-rejuvenesce-e-valoriza-mulheres-depois-dos-50-anos\/","og_locale":"pt_BR","og_type":"article","og_title":"O corte para cabelos finos que rejuvenesce e valoriza mulheres depois dos 50 anos - Estado de Minas - Em foco","og_description":"O novo corte para cabelos finos rejuvenesce o visual e traz volume para mulheres de 50 anos. Veja as melhores dicas de estilo e beleza.","og_url":"https:\/\/www.em.com.br\/emfoco\/2026\/04\/28\/o-corte-para-cabelos-finos-que-rejuvenesce-e-valoriza-mulheres-depois-dos-50-anos\/","og_site_name":"Estado de Minas - Em foco","article_published_time":"2026-04-29T01:05:00+00:00","article_modified_time":"2026-04-27T18:46:23+00:00","og_image":[{"width":1280,"height":720,"url":"https:\/\/www.em.com.br\/emfoco\/wp-content\/uploads\/2026\/04\/EmFoco_40-6.jpg","type":"image\/jpeg"}],"author":"Daniely Cardoso","twitter_card":"summary_large_image","twitter_misc":{"Escrito por":"Daniely Cardoso","Est. tempo de leitura":"6 minutos"},"schema":{"@context":"https:\/\/schema.org","@graph":[{"@type":"WebPage","@id":"https:\/\/www.em.com.br\/emfoco\/2026\/04\/28\/o-corte-para-cabelos-finos-que-rejuvenesce-e-valoriza-mulheres-depois-dos-50-anos\/","url":"https:\/\/www.em.com.br\/emfoco\/2026\/04\/28\/o-corte-para-cabelos-finos-que-rejuvenesce-e-valoriza-mulheres-depois-dos-50-anos\/","name":"O corte para cabelos finos que rejuvenesce e valoriza mulheres depois dos 50 anos - Estado de Minas - Em foco","isPartOf":{"@id":"https:\/\/www.em.com.br\/emfoco\/#website"},"primaryImageOfPage":{"@id":"https:\/\/www.em.com.br\/emfoco\/2026\/04\/28\/o-corte-para-cabelos-finos-que-rejuvenesce-e-valoriza-mulheres-depois-dos-50-anos\/#primaryimage"},"image":{"@id":"https:\/\/www.em.com.br\/emfoco\/2026\/04\/28\/o-corte-para-cabelos-finos-que-rejuvenesce-e-valoriza-mulheres-depois-dos-50-anos\/#primaryimage"},"thumbnailUrl":"https:\/\/www.em.com.br\/emfoco\/wp-content\/uploads\/2026\/04\/EmFoco_40-6.jpg","datePublished":"2026-04-29T01:05:00+00:00","dateModified":"2026-04-27T18:46:23+00:00","author":{"@id":"https:\/\/www.em.com.br\/emfoco\/#\/schema\/person\/0a8186d72f2c3a5c6276d90b41f271a0"},"description":"O novo corte para cabelos finos rejuvenesce o visual e traz volume para mulheres de 50 anos. Veja as melhores dicas de estilo e beleza.","breadcrumb":{"@id":"https:\/\/www.em.com.br\/emfoco\/2026\/04\/28\/o-corte-para-cabelos-finos-que-rejuvenesce-e-valoriza-mulheres-depois-dos-50-anos\/#breadcrumb"},"inLanguage":"pt-BR","potentialAction":[{"@type":"ReadAction","target":["https:\/\/www.em.com.br\/emfoco\/2026\/04\/28\/o-corte-para-cabelos-finos-que-rejuvenesce-e-valoriza-mulheres-depois-dos-50-anos\/"]}]},{"@type":"ImageObject","inLanguage":"pt-BR","@id":"https:\/\/www.em.com.br\/emfoco\/2026\/04\/28\/o-corte-para-cabelos-finos-que-rejuvenesce-e-valoriza-mulheres-depois-dos-50-anos\/#primaryimage","url":"https:\/\/www.em.com.br\/emfoco\/wp-content\/uploads\/2026\/04\/EmFoco_40-6.jpg","contentUrl":"https:\/\/www.em.com.br\/emfoco\/wp-content\/uploads\/2026\/04\/EmFoco_40-6.jpg","width":1280,"height":720,"caption":"Cortes estrat\u00e9gicos em camadas garantem volume imediato e rejuvenescem o visual feminino"},{"@type":"BreadcrumbList","@id":"https:\/\/www.em.com.br\/emfoco\/2026\/04\/28\/o-corte-para-cabelos-finos-que-rejuvenesce-e-valoriza-mulheres-depois-dos-50-anos\/#breadcrumb","itemListElement":[{"@type":"ListItem","position":1,"name":"In\u00edcio","item":"https:\/\/www.em.com.br\/emfoco\/"},{"@type":"ListItem","position":2,"name":"O corte para cabelos finos que rejuvenesce e valoriza mulheres depois dos 50 anos"}]},{"@type":"WebSite","@id":"https:\/\/www.em.com.br\/emfoco\/#website","url":"https:\/\/www.em.com.br\/emfoco\/","name":"Estado de Minas - Em foco","description":"Acompanhe as \u00faltimas not\u00edcias e fique bem informado sobre tudo o que acontece em Minas Gerais, Brasil e no mundo.","potentialAction":[{"@type":"SearchAction","target":{"@type":"EntryPoint","urlTemplate":"https:\/\/www.em.com.br\/emfoco\/?s={search_term_string}"},"query-input":{"@type":"PropertyValueSpecification","valueRequired":true,"valueName":"search_term_string"}}],"inLanguage":"pt-BR"},{"@type":"Person","@id":"https:\/\/www.em.com.br\/emfoco\/#\/schema\/person\/0a8186d72f2c3a5c6276d90b41f271a0","name":"Daniely Cardoso","image":{"@type":"ImageObject","inLanguage":"pt-BR","@id":"https:\/\/www.em.com.br\/emfoco\/#\/schema\/person\/image\/","url":"https:\/\/secure.gravatar.com\/avatar\/4b80ddbd124d1f071b626d52d62e5dff?s=96&d=mm&r=g","contentUrl":"https:\/\/secure.gravatar.com\/avatar\/4b80ddbd124d1f071b626d52d62e5dff?s=96&d=mm&r=g","caption":"Daniely Cardoso"},"url":"https:\/\/www.em.com.br\/emfoco\/author\/danielymyth\/"}]}},"_links":{"self":[{"href":"https:\/\/www.em.com.br\/emfoco\/wp-json\/wp\/v2\/posts\/200264","targetHints":{"allow":["GET"]}}],"collection":[{"href":"https:\/\/www.em.com.br\/emfoco\/wp-json\/wp\/v2\/posts"}],"about":[{"href":"https:\/\/www.em.com.br\/emfoco\/wp-json\/wp\/v2\/types\/post"}],"author":[{"embeddable":true,"href":"https:\/\/www.em.com.br\/emfoco\/wp-json\/wp\/v2\/users\/9"}],"replies":[{"embeddable":true,"href":"https:\/\/www.em.com.br\/emfoco\/wp-json\/wp\/v2\/comments?post=200264"}],"version-history":[{"count":1,"href":"https:\/\/www.em.com.br\/emfoco\/wp-json\/wp\/v2\/posts\/200264\/revisions"}],"predecessor-version":[{"id":200265,"href":"https:\/\/www.em.com.br\/emfoco\/wp-json\/wp\/v2\/posts\/200264\/revisions\/200265"}],"wp:featuredmedia":[{"embeddable":true,"href":"https:\/\/www.em.com.br\/emfoco\/wp-json\/wp\/v2\/media\/200624"}],"wp:attachment":[{"href":"https:\/\/www.em.com.br\/emfoco\/wp-json\/wp\/v2\/media?parent=200264"}],"wp:term":[{"taxonomy":"category","embeddable":true,"href":"https:\/\/www.em.com.br\/emfoco\/wp-json\/wp\/v2\/categories?post=200264"},{"taxonomy":"post_tag","embeddable":true,"href":"https:\/\/www.em.com.br\/emfoco\/wp-json\/wp\/v2\/tags?post=200264"}],"curies":[{"name":"wp","href":"https:\/\/api.w.org\/{rel}","templated":true}]}}