{"id":200259,"date":"2026-04-28T20:45:00","date_gmt":"2026-04-28T23:45:00","guid":{"rendered":"https:\/\/www.em.com.br\/emfoco\/?p=200259"},"modified":"2026-04-27T15:46:57","modified_gmt":"2026-04-27T18:46:57","slug":"como-evitar-dores-de-cabeca-constantes-durante-o-trabalho-no-computador","status":"publish","type":"post","link":"https:\/\/www.em.com.br\/emfoco\/2026\/04\/28\/como-evitar-dores-de-cabeca-constantes-durante-o-trabalho-no-computador\/","title":{"rendered":"Como evitar dores de cabe\u00e7a constantes durante o trabalho no computador"},"content":{"rendered":"\n<p>Paula fechou os olhos cansada e sentiu aquelas <strong>dores de cabe\u00e7a<\/strong> pulsantes ap\u00f3s finalizar mais uma planilha complexa. Ser\u00e1 que existe um ajuste simples capaz de interromper esse ciclo de desconforto di\u00e1rio sem precisar abandonar o escrit\u00f3rio?<\/p>\n\n\n\n<h2 class=\"wp-block-heading\">Por que as dores de cabe\u00e7a surgem no escrit\u00f3rio?<\/h2>\n\n\n\n<p>O brilho excessivo da tela for\u00e7a a musculatura ocular de maneira exaustiva e causa uma tens\u00e3o acumulada muito desagrad\u00e1vel na regi\u00e3o frontal do cr\u00e2nio. Manter a mesma postura r\u00edgida por longas jornadas de produtividade prejudica severamente a <strong>circula\u00e7\u00e3o sangu\u00ednea<\/strong> na regi\u00e3o do pesco\u00e7o e dos ombros. Essa combina\u00e7\u00e3o complexa de fatores biol\u00f3gicos resulta em <strong>dores de cabe\u00e7a<\/strong> frequentes que prejudicam o seu rendimento profissional e o bem-estar f\u00edsico geral.<\/p>\n\n\n\n<p>A luz azul emitida pelos dispositivos eletr\u00f4nicos modernos interfere diretamente na produ\u00e7\u00e3o equilibrada de melatonina durante o per\u00edodo noturno e atrapalha o descanso reparador. Voc\u00ea sente a vista muito cansada ao final do expediente e percebe uma dificuldade maior para manter o <strong>foco nas tarefas<\/strong> mais detalhadas. Ajustar o contraste do monitor e utilizar filtros de tela alivia a <strong>press\u00e3o visual<\/strong> de forma imediata e muito eficaz para o trabalhador.<\/p>\n\n\n<div class=\"wp-block-image\">\n<figure class=\"aligncenter size-large\"><img loading=\"lazy\" decoding=\"async\" width=\"1024\" height=\"576\" src=\"https:\/\/www.em.com.br\/emfoco\/wp-content\/uploads\/2026\/04\/dor-de-cabeca_1777258330531-1024x576.jpg\" alt=\"dores de cabe\u00e7a\" class=\"wp-image-200260\" srcset=\"https:\/\/www.em.com.br\/emfoco\/wp-content\/uploads\/2026\/04\/dor-de-cabeca_1777258330531-1024x576.jpg 1024w, https:\/\/www.em.com.br\/emfoco\/wp-content\/uploads\/2026\/04\/dor-de-cabeca_1777258330531-300x169.jpg 300w, https:\/\/www.em.com.br\/emfoco\/wp-content\/uploads\/2026\/04\/dor-de-cabeca_1777258330531-768x432.jpg 768w, https:\/\/www.em.com.br\/emfoco\/wp-content\/uploads\/2026\/04\/dor-de-cabeca_1777258330531-750x422.jpg 750w, https:\/\/www.em.com.br\/emfoco\/wp-content\/uploads\/2026\/04\/dor-de-cabeca_1777258330531-1140x641.jpg 1140w, https:\/\/www.em.com.br\/emfoco\/wp-content\/uploads\/2026\/04\/dor-de-cabeca_1777258330531.jpg 1280w\" sizes=\"auto, (max-width: 1024px) 100vw, 1024px\" \/><figcaption class=\"wp-element-caption\">O brilho excessivo da tela for\u00e7a a musculatura ocular de maneira exaustiva e causa uma tens\u00e3o acumulada muito desagrad\u00e1vel na regi\u00e3o frontal do cr\u00e2nio &#8211; Cr\u00e9ditos: depositphotos.com \/ AllaSerebrina<\/figcaption><\/figure><\/div>\n\n\n<p>Leia tamb\u00e9m: <a href=\"https:\/\/www.em.com.br\/emfoco\/2026\/04\/26\/estes-5-minutos-de-autocuidado-no-banho-podem-transformar-a-autoestima-da-mulher-40-no-dia-a-dia\/\" target=\"_blank\" rel=\"noreferrer noopener\">Estes 5 minutos de autocuidado no banho podem transformar a autoestima da mulher 40+ no dia a dia<\/a><\/p>\n\n\n\n<h2 class=\"wp-block-heading\">Como a ergonomia previne dores de cabe\u00e7a intensas?<\/h2>\n\n\n\n<p>Posicionar o monitor na altura correta dos olhos evita que voc\u00ea incline a cabe\u00e7a para frente ou para baixo constantemente. Essa inclina\u00e7\u00e3o inadequada gera um <strong>peso extra<\/strong> sobre a coluna cervical e tenciona os nervos sens\u00edveis que sobem para a face. Uma postura alinhada garante que as <strong>dores de cabe\u00e7a<\/strong> fiquem bem longe da sua rotina produtiva e aumentem sua qualidade de vida.<\/p>\n\n\n\n<p>Apoiar os p\u00e9s firmemente no ch\u00e3o ajuda a distribuir o peso corporal de maneira equilibrada e saud\u00e1vel durante as horas de digita\u00e7\u00e3o. Use uma cadeira que suporte a <strong>curvatura lombar<\/strong> com firmeza para evitar compensa\u00e7\u00f5es musculares perigosas no tronco superior e nos bra\u00e7os. Pequenos ajustes ergon\u00f4micos no mobili\u00e1rio promovem um <strong>bem-estar duradouro<\/strong> e reduzem a fadiga f\u00edsica ao longo de todo o expediente de trabalho intenso.<\/p>\n\n\n\n<figure class=\"wp-block-embed is-type-rich is-provider-pinterest wp-block-embed-pinterest\"><div class=\"wp-block-embed__wrapper\">\n<iframe loading=\"lazy\" title=\"Bora acabar com essa dor nas costas e no pesco\u00e7o ? Gostou das dicas ? Curte o v\u00eddeo, manda para aquela pessoa que anda toda travada por conta do home office e me segue para mais conte\u00fados que v\u00e3o melhorar o seu ambiente e a sua sa\u00fade. #homeoffice #homeofficeergon\u00f4mico #dicasdehomeoffice #reforma #constru\u00e7\u00e3odecasas\" src=\"https:\/\/assets.pinterest.com\/ext\/embed.html?id=992058624195702104&#038;src=oembed\" height=\"898\" width=\"450\" frameborder=\"0\" scrolling=\"no\" ><\/iframe>\n<\/div><\/figure>\n\n\n\n<h2 class=\"wp-block-heading\">Qual o papel das pausas durante o dia?<\/h2>\n\n\n\n<p>Levantar da cadeira a cada hora permite que o corpo realize uma <strong>drenagem natural<\/strong> das tens\u00f5es f\u00edsicas acumuladas pelo sedentarismo for\u00e7ado. Desviar o olhar para um ponto distante relaxa o cristalino e descansa a <strong>musculatura interna<\/strong> dos seus olhos de forma eficiente. Essa pr\u00e1tica simples interrompe o processo de fadiga sensorial que costuma gerar crises de enxaqueca chatas e recorrentes no ambiente corporativo.<\/p>\n\n\n\n<p>Beber \u00e1gua regularmente mant\u00e9m o c\u00e9rebro hidratado e facilita o <strong>transporte de oxig\u00eanio<\/strong> necess\u00e1rio pelas c\u00e9lulas nervosas para o bom funcionamento cognitivo. A desidrata\u00e7\u00e3o leve \u00e9 uma das causas principais para o surgimento de pontadas inc\u00f4modas na regi\u00e3o das t\u00eamporas durante a tarde. Estabele\u00e7a um cronograma de <strong>pequenos intervalos<\/strong> para garantir que seu organismo funcione em total harmonia e com a energia totalmente renovada.<\/p>\n\n\n\n<p>Para voc\u00ea que gosta de se cuidar, separamos um v\u00eddeo do canal do <a href=\"https:\/\/www.youtube.com\/@professorpiccini\" target=\"_blank\" rel=\"noreferrer noopener\">Professor Piccini<\/a> com dicas para evitar as dores de cabe\u00e7a:<\/p>\n\n\n\n<figure class=\"wp-block-embed is-type-video is-provider-youtube wp-block-embed-youtube wp-embed-aspect-16-9 wp-has-aspect-ratio\"><div class=\"wp-block-embed__wrapper\">\n<div class=\"jeg_video_container jeg_video_content\"><iframe loading=\"lazy\" title=\"DOR DE CABE\u00c7A NA HORA DE ESTUDAR (Fa\u00e7a Isso Para Resolver) - Professor Piccini Responde\" width=\"500\" height=\"281\" src=\"https:\/\/www.youtube.com\/embed\/fcgQ5ENg3Hc?feature=oembed\" frameborder=\"0\" allow=\"accelerometer; autoplay; clipboard-write; encrypted-media; gyroscope; picture-in-picture; web-share\" referrerpolicy=\"strict-origin-when-cross-origin\" allowfullscreen><\/iframe><\/div>\n<\/div><\/figure>\n\n\n\n<h2 class=\"wp-block-heading\">Exerc\u00edcios simples ajudam com as dores de cabe\u00e7a?<\/h2>\n\n\n\n<p>Alongar o pesco\u00e7o suavemente para os lados libera os pontos de gatilho que causam o <strong>tensionamento da nuca<\/strong> e da base craniana. Rotacionar os ombros para tr\u00e1s abre a caixa tor\u00e1cica e melhora significativamente a <strong>qualidade da respira\u00e7\u00e3o<\/strong> profunda em momentos de estresse. Essas a\u00e7\u00f5es preventivas combatem as <strong>dores de cabe\u00e7a<\/strong> antes mesmo que elas iniciem seu ciclo doloroso e paralisante na sua jornada di\u00e1ria.<\/p>\n\n\n\n<p>Para obter os melhores resultados no combate ao cansa\u00e7o visual voc\u00ea deve seguir alguns movimentos pr\u00e1ticos durante o seu expediente produtivo.<\/p>\n\n\n\n<ul class=\"wp-block-list\">\n<li>Gire o pesco\u00e7o lentamente para <strong>aliviar a tens\u00e3o<\/strong> acumulada na base do cr\u00e2nio.<\/li>\n\n\n\n<li>Feche os olhos por trinta segundos para <strong>descansar a retina<\/strong> da luz artificial intensa.<\/li>\n\n\n\n<li>Estique os bra\u00e7os para cima para <strong>estimular a circula\u00e7\u00e3o<\/strong> nas extremidades do corpo.<\/li>\n<\/ul>\n\n\n\n<h2 class=\"wp-block-heading\">Melhore seu ambiente de forma estrat\u00e9gica<\/h2>\n\n\n\n<p>Invista em uma ilumina\u00e7\u00e3o indireta que n\u00e3o cause reflexos indesejados na superf\u00edcie do seu monitor. Regule o brilho da tela conforme a <strong>luz natural externa<\/strong> entra pela sua janela lateral. Mantenha seu local de <strong>trabalho sempre organizado<\/strong> e livre de distra\u00e7\u00f5es visuais excessivas.<\/p>\n\n\n\n<p>Priorize sua sa\u00fade ocular fazendo pausas conscientes para respirar fundo e relaxar os seus ombros. Adote h\u00e1bitos que tragam <strong>conforto imediato<\/strong> para sua jornada profissional di\u00e1ria no computador de casa. Valorize sua qualidade de vida e proteja sua <strong>mente contra tens\u00f5es<\/strong> desnecess\u00e1rias.<\/p>\n","protected":false},"excerpt":{"rendered":"<p>Paula fechou os olhos cansada e sentiu aquelas dores de cabe\u00e7a pulsantes ap\u00f3s finalizar mais uma planilha complexa. Ser\u00e1 que existe um ajuste simples capaz de interromper esse ciclo de desconforto di\u00e1rio sem precisar abandonar o escrit\u00f3rio? Por que as dores de cabe\u00e7a surgem no escrit\u00f3rio? O brilho excessivo da tela for\u00e7a a musculatura ocular [&hellip;]<\/p>\n","protected":false},"author":9,"featured_media":200620,"comment_status":"open","ping_status":"open","sticky":false,"template":"","format":"standard","meta":{"jnews-multi-image_gallery":[],"jnews_single_post":{"format":"standard"},"jnews_primary_category":[],"jnews_social_meta":[],"jnews_override_counter":[],"footnotes":""},"categories":[8691,29],"tags":[22953,28394,14362],"class_list":["post-200259","post","type-post","status-publish","format-standard","has-post-thumbnail","hentry","category-bem-estar","category-entretenimento","tag-bem-estar-diario","tag-ergonomia-digital","tag-saude-no-trabalho"],"yoast_head":"<!-- This site is optimized with the Yoast SEO plugin v23.8 - https:\/\/yoast.com\/wordpress\/plugins\/seo\/ -->\n<title>Como evitar dores de cabe\u00e7a constantes durante o trabalho no computador - Estado de Minas - Em foco<\/title>\n<meta name=\"description\" content=\"Aprenda a evitar dores de cabe\u00e7a constantes durante o trabalho no computador. Veja dicas de ergonomia e pausas para ter mais sa\u00fade em 2026.\" \/>\n<meta name=\"robots\" content=\"index, follow, max-snippet:-1, max-image-preview:large, max-video-preview:-1\" \/>\n<link rel=\"canonical\" href=\"https:\/\/www.em.com.br\/emfoco\/2026\/04\/28\/como-evitar-dores-de-cabeca-constantes-durante-o-trabalho-no-computador\/\" \/>\n<meta property=\"og:locale\" content=\"pt_BR\" \/>\n<meta property=\"og:type\" content=\"article\" \/>\n<meta property=\"og:title\" content=\"Como evitar dores de cabe\u00e7a constantes durante o trabalho no computador - Estado de Minas - Em foco\" \/>\n<meta property=\"og:description\" content=\"Aprenda a evitar dores de cabe\u00e7a constantes durante o trabalho no computador. Veja dicas de ergonomia e pausas para ter mais sa\u00fade em 2026.\" \/>\n<meta property=\"og:url\" content=\"https:\/\/www.em.com.br\/emfoco\/2026\/04\/28\/como-evitar-dores-de-cabeca-constantes-durante-o-trabalho-no-computador\/\" \/>\n<meta property=\"og:site_name\" content=\"Estado de Minas - Em foco\" \/>\n<meta property=\"article:published_time\" content=\"2026-04-28T23:45:00+00:00\" \/>\n<meta property=\"article:modified_time\" content=\"2026-04-27T18:46:57+00:00\" \/>\n<meta property=\"og:image\" content=\"https:\/\/www.em.com.br\/emfoco\/wp-content\/uploads\/2026\/04\/EmFoco_44-6.jpg\" \/>\n\t<meta property=\"og:image:width\" content=\"1280\" \/>\n\t<meta property=\"og:image:height\" content=\"720\" \/>\n\t<meta property=\"og:image:type\" content=\"image\/jpeg\" \/>\n<meta name=\"author\" content=\"Daniely Cardoso\" \/>\n<meta name=\"twitter:card\" content=\"summary_large_image\" \/>\n<meta name=\"twitter:label1\" content=\"Escrito por\" \/>\n\t<meta name=\"twitter:data1\" content=\"Daniely Cardoso\" \/>\n\t<meta name=\"twitter:label2\" content=\"Est. tempo de leitura\" \/>\n\t<meta name=\"twitter:data2\" content=\"5 minutos\" \/>\n<!-- \/ Yoast SEO plugin. -->","yoast_head_json":{"title":"Como evitar dores de cabe\u00e7a constantes durante o trabalho no computador - Estado de Minas - Em foco","description":"Aprenda a evitar dores de cabe\u00e7a constantes durante o trabalho no computador. Veja dicas de ergonomia e pausas para ter mais sa\u00fade em 2026.","robots":{"index":"index","follow":"follow","max-snippet":"max-snippet:-1","max-image-preview":"max-image-preview:large","max-video-preview":"max-video-preview:-1"},"canonical":"https:\/\/www.em.com.br\/emfoco\/2026\/04\/28\/como-evitar-dores-de-cabeca-constantes-durante-o-trabalho-no-computador\/","og_locale":"pt_BR","og_type":"article","og_title":"Como evitar dores de cabe\u00e7a constantes durante o trabalho no computador - Estado de Minas - Em foco","og_description":"Aprenda a evitar dores de cabe\u00e7a constantes durante o trabalho no computador. Veja dicas de ergonomia e pausas para ter mais sa\u00fade em 2026.","og_url":"https:\/\/www.em.com.br\/emfoco\/2026\/04\/28\/como-evitar-dores-de-cabeca-constantes-durante-o-trabalho-no-computador\/","og_site_name":"Estado de Minas - Em foco","article_published_time":"2026-04-28T23:45:00+00:00","article_modified_time":"2026-04-27T18:46:57+00:00","og_image":[{"width":1280,"height":720,"url":"https:\/\/www.em.com.br\/emfoco\/wp-content\/uploads\/2026\/04\/EmFoco_44-6.jpg","type":"image\/jpeg"}],"author":"Daniely Cardoso","twitter_card":"summary_large_image","twitter_misc":{"Escrito por":"Daniely Cardoso","Est. tempo de leitura":"5 minutos"},"schema":{"@context":"https:\/\/schema.org","@graph":[{"@type":"WebPage","@id":"https:\/\/www.em.com.br\/emfoco\/2026\/04\/28\/como-evitar-dores-de-cabeca-constantes-durante-o-trabalho-no-computador\/","url":"https:\/\/www.em.com.br\/emfoco\/2026\/04\/28\/como-evitar-dores-de-cabeca-constantes-durante-o-trabalho-no-computador\/","name":"Como evitar dores de cabe\u00e7a constantes durante o trabalho no computador - Estado de Minas - Em foco","isPartOf":{"@id":"https:\/\/www.em.com.br\/emfoco\/#website"},"primaryImageOfPage":{"@id":"https:\/\/www.em.com.br\/emfoco\/2026\/04\/28\/como-evitar-dores-de-cabeca-constantes-durante-o-trabalho-no-computador\/#primaryimage"},"image":{"@id":"https:\/\/www.em.com.br\/emfoco\/2026\/04\/28\/como-evitar-dores-de-cabeca-constantes-durante-o-trabalho-no-computador\/#primaryimage"},"thumbnailUrl":"https:\/\/www.em.com.br\/emfoco\/wp-content\/uploads\/2026\/04\/EmFoco_44-6.jpg","datePublished":"2026-04-28T23:45:00+00:00","dateModified":"2026-04-27T18:46:57+00:00","author":{"@id":"https:\/\/www.em.com.br\/emfoco\/#\/schema\/person\/0a8186d72f2c3a5c6276d90b41f271a0"},"description":"Aprenda a evitar dores de cabe\u00e7a constantes durante o trabalho no computador. Veja dicas de ergonomia e pausas para ter mais sa\u00fade em 2026.","breadcrumb":{"@id":"https:\/\/www.em.com.br\/emfoco\/2026\/04\/28\/como-evitar-dores-de-cabeca-constantes-durante-o-trabalho-no-computador\/#breadcrumb"},"inLanguage":"pt-BR","potentialAction":[{"@type":"ReadAction","target":["https:\/\/www.em.com.br\/emfoco\/2026\/04\/28\/como-evitar-dores-de-cabeca-constantes-durante-o-trabalho-no-computador\/"]}]},{"@type":"ImageObject","inLanguage":"pt-BR","@id":"https:\/\/www.em.com.br\/emfoco\/2026\/04\/28\/como-evitar-dores-de-cabeca-constantes-durante-o-trabalho-no-computador\/#primaryimage","url":"https:\/\/www.em.com.br\/emfoco\/wp-content\/uploads\/2026\/04\/EmFoco_44-6.jpg","contentUrl":"https:\/\/www.em.com.br\/emfoco\/wp-content\/uploads\/2026\/04\/EmFoco_44-6.jpg","width":1280,"height":720,"caption":"Ajustes ergon\u00f4micos e pausas visuais previnem tens\u00f5es musculares e dores de cabe\u00e7a intensas"},{"@type":"BreadcrumbList","@id":"https:\/\/www.em.com.br\/emfoco\/2026\/04\/28\/como-evitar-dores-de-cabeca-constantes-durante-o-trabalho-no-computador\/#breadcrumb","itemListElement":[{"@type":"ListItem","position":1,"name":"In\u00edcio","item":"https:\/\/www.em.com.br\/emfoco\/"},{"@type":"ListItem","position":2,"name":"Como evitar dores de cabe\u00e7a constantes durante o trabalho no computador"}]},{"@type":"WebSite","@id":"https:\/\/www.em.com.br\/emfoco\/#website","url":"https:\/\/www.em.com.br\/emfoco\/","name":"Estado de Minas - Em foco","description":"Acompanhe as \u00faltimas not\u00edcias e fique bem informado sobre tudo o que acontece em Minas Gerais, Brasil e no mundo.","potentialAction":[{"@type":"SearchAction","target":{"@type":"EntryPoint","urlTemplate":"https:\/\/www.em.com.br\/emfoco\/?s={search_term_string}"},"query-input":{"@type":"PropertyValueSpecification","valueRequired":true,"valueName":"search_term_string"}}],"inLanguage":"pt-BR"},{"@type":"Person","@id":"https:\/\/www.em.com.br\/emfoco\/#\/schema\/person\/0a8186d72f2c3a5c6276d90b41f271a0","name":"Daniely Cardoso","image":{"@type":"ImageObject","inLanguage":"pt-BR","@id":"https:\/\/www.em.com.br\/emfoco\/#\/schema\/person\/image\/","url":"https:\/\/secure.gravatar.com\/avatar\/4b80ddbd124d1f071b626d52d62e5dff?s=96&d=mm&r=g","contentUrl":"https:\/\/secure.gravatar.com\/avatar\/4b80ddbd124d1f071b626d52d62e5dff?s=96&d=mm&r=g","caption":"Daniely Cardoso"},"url":"https:\/\/www.em.com.br\/emfoco\/author\/danielymyth\/"}]}},"_links":{"self":[{"href":"https:\/\/www.em.com.br\/emfoco\/wp-json\/wp\/v2\/posts\/200259","targetHints":{"allow":["GET"]}}],"collection":[{"href":"https:\/\/www.em.com.br\/emfoco\/wp-json\/wp\/v2\/posts"}],"about":[{"href":"https:\/\/www.em.com.br\/emfoco\/wp-json\/wp\/v2\/types\/post"}],"author":[{"embeddable":true,"href":"https:\/\/www.em.com.br\/emfoco\/wp-json\/wp\/v2\/users\/9"}],"replies":[{"embeddable":true,"href":"https:\/\/www.em.com.br\/emfoco\/wp-json\/wp\/v2\/comments?post=200259"}],"version-history":[{"count":1,"href":"https:\/\/www.em.com.br\/emfoco\/wp-json\/wp\/v2\/posts\/200259\/revisions"}],"predecessor-version":[{"id":200261,"href":"https:\/\/www.em.com.br\/emfoco\/wp-json\/wp\/v2\/posts\/200259\/revisions\/200261"}],"wp:featuredmedia":[{"embeddable":true,"href":"https:\/\/www.em.com.br\/emfoco\/wp-json\/wp\/v2\/media\/200620"}],"wp:attachment":[{"href":"https:\/\/www.em.com.br\/emfoco\/wp-json\/wp\/v2\/media?parent=200259"}],"wp:term":[{"taxonomy":"category","embeddable":true,"href":"https:\/\/www.em.com.br\/emfoco\/wp-json\/wp\/v2\/categories?post=200259"},{"taxonomy":"post_tag","embeddable":true,"href":"https:\/\/www.em.com.br\/emfoco\/wp-json\/wp\/v2\/tags?post=200259"}],"curies":[{"name":"wp","href":"https:\/\/api.w.org\/{rel}","templated":true}]}}