{"id":200254,"date":"2026-04-28T19:15:00","date_gmt":"2026-04-28T22:15:00","guid":{"rendered":"https:\/\/www.em.com.br\/emfoco\/?p=200254"},"modified":"2026-04-27T15:47:23","modified_gmt":"2026-04-27T18:47:23","slug":"nem-apenas-preto-nem-marrom-a-cor-estrategica-que-ilumina-o-seu-look-com-elegancia-e-estilo","status":"publish","type":"post","link":"https:\/\/www.em.com.br\/emfoco\/2026\/04\/28\/nem-apenas-preto-nem-marrom-a-cor-estrategica-que-ilumina-o-seu-look-com-elegancia-e-estilo\/","title":{"rendered":"Nem apenas preto nem marrom, a cor estrat\u00e9gica que ilumina o seu look com eleg\u00e2ncia e estilo"},"content":{"rendered":"\n<p>Mariana olhou para o seu guarda-roupa de inverno e percebeu que faltava um toque de aud\u00e1cia para enfrentar os dias cinzentos com seus <strong>sapatos vermelhos<\/strong>. Como \u00e9 que uma cor t\u00e3o vibrante consegue transformar instantaneamente uma combina\u00e7\u00e3o comum numa produ\u00e7\u00e3o digna de passarela internacional?<\/p>\n\n\n\n<h2 class=\"wp-block-heading\">Por que os sapatos vermelhos dominam o outono?<\/h2>\n\n\n\n<p>O vermelho \u00e9 a tonalidade estrat\u00e9gica para quebrar a monotonia das cores s\u00f3brias e pesadas que costumam aparecer durante a esta\u00e7\u00e3o das folhas secas. A escolha de um cal\u00e7ado nesta cor atua como um <strong>ponto focal<\/strong> poderoso que eleva o n\u00edvel de sofistica\u00e7\u00e3o de qualquer conjunto feminino. Utilizar tons vibrantes nos p\u00e9s transmite uma <strong>personalidade decidida<\/strong> e atenta \u00e0s tend\u00eancias globais de moda que valorizam a eleg\u00e2ncia pr\u00e1tica.<\/p>\n\n\n\n<p>Nesta temporada, o design foca-se em linhas mais limpas e modelos <em>slim<\/em> que proporcionam uma leveza visual necess\u00e1ria para equilibrar as camadas de roupa. Sapatos de bico fino ou modelos estilo Mary Jane garantem um <strong>acabamento polido<\/strong> que transita perfeitamente entre o escrit\u00f3rio e um jantar sofisticado. O segredo reside na capacidade desta cor de <strong>iluminar o caminhar<\/strong> e trazer vivacidade para os materiais mais densos do outono.<\/p>\n\n\n<div class=\"wp-block-image\">\n<figure class=\"aligncenter size-large\"><img loading=\"lazy\" decoding=\"async\" width=\"1024\" height=\"576\" src=\"https:\/\/www.em.com.br\/emfoco\/wp-content\/uploads\/2026\/04\/sapatos-vermelhos_1777258036394-1024x576.jpg\" alt=\"sapatos vermelhos\" class=\"wp-image-200255\" srcset=\"https:\/\/www.em.com.br\/emfoco\/wp-content\/uploads\/2026\/04\/sapatos-vermelhos_1777258036394-1024x576.jpg 1024w, https:\/\/www.em.com.br\/emfoco\/wp-content\/uploads\/2026\/04\/sapatos-vermelhos_1777258036394-300x169.jpg 300w, https:\/\/www.em.com.br\/emfoco\/wp-content\/uploads\/2026\/04\/sapatos-vermelhos_1777258036394-768x432.jpg 768w, https:\/\/www.em.com.br\/emfoco\/wp-content\/uploads\/2026\/04\/sapatos-vermelhos_1777258036394-750x422.jpg 750w, https:\/\/www.em.com.br\/emfoco\/wp-content\/uploads\/2026\/04\/sapatos-vermelhos_1777258036394-1140x641.jpg 1140w, https:\/\/www.em.com.br\/emfoco\/wp-content\/uploads\/2026\/04\/sapatos-vermelhos_1777258036394.jpg 1280w\" sizes=\"auto, (max-width: 1024px) 100vw, 1024px\" \/><figcaption class=\"wp-element-caption\">Nesta temporada, o design foca-se em linhas mais limpas e modelos slim que proporcionam uma leveza visual necess\u00e1ria para equilibrar as camadas de roupa &#8211; Cr\u00e9ditos: depositphotos.com \/ grinvalds<\/figcaption><\/figure><\/div>\n\n\n<p>Leia tamb\u00e9m: <a href=\"https:\/\/www.em.com.br\/emfoco\/2026\/01\/03\/o-acessorio-estiloso-que-virou-aposta-do-verao-e-transforma-o-look-em-segundos\/\" target=\"_blank\" rel=\"noreferrer noopener\">O acess\u00f3rio estiloso que virou aposta do ver\u00e3o e transforma o look em segundos<\/a><\/p>\n\n\n\n<h2 class=\"wp-block-heading\">Como combinar sapatos vermelhos com cal\u00e7as jeans?<\/h2>\n\n\n\n<p>A dupla composta por ganga e cal\u00e7ado escarlate \u00e9 uma das combina\u00e7\u00f5es mais seguras e charmosas para quem busca um visual casual chic. Escolha cal\u00e7as de corte reto ou estilo <em>boyfriend<\/em> com a barra ligeiramente dobrada para deixar o <strong>sapato em evid\u00eancia<\/strong> total. Esta proposta cria um <strong>contraste moderno<\/strong> que rejuvenesce o visual e mant\u00e9m o conforto necess\u00e1rio para a agita\u00e7\u00e3o do quotidiano urbano.<\/p>\n\n\n\n<p>Para elevar ainda mais a produ\u00e7\u00e3o, adicione uma camisa branca de tecido nobre ou um blazer de alfaiataria em tons de azul-marinho profundo. O vermelho complementa a frieza do jeans de forma magistral e proporciona uma <strong>harmonia crom\u00e1tica<\/strong> que \u00e9 visualmente agrad\u00e1vel para todos. Abaixo, listamos algumas dicas essenciais para acertar na composi\u00e7\u00e3o com diferentes estilos de cal\u00e7as e garantir um <strong>look impec\u00e1vel<\/strong>.<\/p>\n\n\n\n<ul class=\"wp-block-list\">\n<li>Use sapatilhas vermelhas com jeans <em>skinny<\/em> para um visual <strong>estilo parisiense<\/strong> cl\u00e1ssico e muito feminino.<\/li>\n\n\n\n<li>Combine sapatos de salto com cal\u00e7as de veludo cotel\u00ea para adicionar uma <strong>textura rica<\/strong> e quentinha ao conjunto.<\/li>\n\n\n\n<li>Aposte no combo total <em>denim<\/em> com o sapato vermelho para criar um <strong>ponto de luz<\/strong> fashionista e audaz.<\/li>\n<\/ul>\n\n\n\n<figure class=\"wp-block-embed is-type-rich is-provider-pinterest wp-block-embed-pinterest\"><div class=\"wp-block-embed__wrapper\">\n<iframe loading=\"lazy\" title=\"early fall uniform \ud83d\udc8c\ud83c\udf53\ud83e\udda2 flowy top + denim + cherry red shoes \ud83c\udf52\ud83e\udd0d what\u2019s yours?\" src=\"https:\/\/assets.pinterest.com\/ext\/embed.html?id=754986325072264517&#038;src=oembed\" height=\"699\" width=\"450\" frameborder=\"0\" scrolling=\"no\" ><\/iframe>\n<\/div><\/figure>\n\n\n\n<h2 class=\"wp-block-heading\">O charme das saias elegantes com cal\u00e7ado vibrante<\/h2>\n\n\n\n<p>As saias midi de tecidos fluidos ou em cortes estruturados ganham um novo f\u00f4lego quando acompanhadas por sapatos de cores intensas. Cores s\u00f3lidas como o preto, o cinza-m\u00e9dio e o caramelo funcionam como a <strong>base perfeita<\/strong> para que o vermelho brilhe sem competi\u00e7\u00f5es visuais. Esta combina\u00e7\u00e3o valoriza a silhueta e confere um <strong>ar de luxo<\/strong> discreto que \u00e9 a grande marca da moda para 2026.<\/p>\n\n\n\n<p>Se preferir estampas, opte por padr\u00f5es cl\u00e1ssicos como o xadrez ou listras que contenham pequenos apontamentos na mesma tonalidade do cal\u00e7ado escolhido. Esta repeti\u00e7\u00e3o inteligente de cor ajuda a <strong>unificar o visual<\/strong> e demonstra um cuidado especial com os detalhes da sua produ\u00e7\u00e3o di\u00e1ria. O resultado \u00e9 uma composi\u00e7\u00e3o que <strong>exala seguran\u00e7a<\/strong> e um conhecimento profundo sobre as novas regras da est\u00e9tica contempor\u00e2nea.<\/p>\n\n\n\n<p>Para voc\u00ea que gosta de se cuidar, separamos um v\u00eddeo do canal da <a href=\"https:\/\/www.youtube.com\/@LucianeCachinski\" target=\"_blank\" rel=\"noreferrer noopener\">Luciane Cachinski<\/a> com dicas de como usar e combinar os sapatos vermelhos nos seus looks:<\/p>\n\n\n\n<figure class=\"wp-block-embed is-type-video is-provider-youtube wp-block-embed-youtube wp-embed-aspect-16-9 wp-has-aspect-ratio\"><div class=\"wp-block-embed__wrapper\">\n<div class=\"jeg_video_container jeg_video_content\"><iframe loading=\"lazy\" title=\"LOOKS COM SAPATO VERMELHO | Moda\" width=\"500\" height=\"281\" src=\"https:\/\/www.youtube.com\/embed\/SoJ2Sl42yVM?feature=oembed\" frameborder=\"0\" allow=\"accelerometer; autoplay; clipboard-write; encrypted-media; gyroscope; picture-in-picture; web-share\" referrerpolicy=\"strict-origin-when-cross-origin\" allowfullscreen><\/iframe><\/div>\n<\/div><\/figure>\n\n\n\n<h2 class=\"wp-block-heading\">Acess\u00f3rios que potenciam o visual de outono<\/h2>\n\n\n\n<p>Finalizar o look com acess\u00f3rios dourados ou em banho de ouro envelhecido adiciona uma camada extra de sofistica\u00e7\u00e3o ao visual completo da mulher. Len\u00e7os com toques de carmim podem ser amarrados na mala para criar uma <strong>liga\u00e7\u00e3o visual<\/strong> inteligente e muito charmosa com os seus sapatos. Estes pequenos detalhes s\u00e3o fundamentais para <strong>manter a eleg\u00e2ncia<\/strong> sem precisar de grandes esfor\u00e7os ou de pe\u00e7as excessivamente extravagantes.<\/p>\n\n\n\n<p>Mantenha a maquilhagem num tom mais natural para que o foco principal permane\u00e7a na cor estrat\u00e9gica que escolheu para os seus p\u00e9s. Uma carteira de estrutura r\u00edgida em tons neutros ajuda a <strong>equilibrar a intensidade<\/strong> do vermelho e garante um visual profissional e muito polido. A consist\u00eancia nos acess\u00f3rios <strong>refor\u00e7a a autoridade<\/strong> est\u00e9tica e permite que se sinta preparada para qualquer compromisso social importante.<\/p>\n\n\n\n<figure class=\"wp-block-embed is-type-rich is-provider-pinterest wp-block-embed-pinterest\"><div class=\"wp-block-embed__wrapper\">\n<iframe loading=\"lazy\" title=\" \" src=\"https:\/\/assets.pinterest.com\/ext\/embed.html?id=839217711850163848&#038;src=oembed\" height=\"899\" width=\"450\" frameborder=\"0\" scrolling=\"no\" ><\/iframe>\n<\/div><\/figure>\n\n\n\n<h2 class=\"wp-block-heading\">Caminhe com confian\u00e7a e estilo renovado<\/h2>\n\n\n\n<p>Aproveite a versatilidade das cores profundas para renovar a sua forma de vestir nesta esta\u00e7\u00e3o de transi\u00e7\u00e3o e frio suave. Escolha modelos que respeitem o <strong>formato dos p\u00e9s<\/strong> e ofere\u00e7am uma durabilidade excelente para enfrentar as cal\u00e7adas h\u00famidas com total seguran\u00e7a. Valorize a sua <strong>express\u00e3o individual<\/strong> atrav\u00e9s de escolhas crom\u00e1ticas que comunicam a sua for\u00e7a interna.<\/p>\n\n\n\n<p>Sinta o prazer de vestir algo que a faz sentir-se bonita e integrada nas melhores tend\u00eancias da moda internacional de luxo. A moda deve ser uma ferramenta de <strong>autoestima poderosa<\/strong> para celebrar a sua trajet\u00f3ria e o seu estilo \u00fanico em cada passo. Brilhe intensamente no outono com a <strong>vibrante eleg\u00e2ncia<\/strong> de um par de sapatos vermelhos inesquec\u00edveis.<\/p>\n","protected":false},"excerpt":{"rendered":"<p>Mariana olhou para o seu guarda-roupa de inverno e percebeu que faltava um toque de aud\u00e1cia para enfrentar os dias cinzentos com seus sapatos vermelhos. Como \u00e9 que uma cor t\u00e3o vibrante consegue transformar instantaneamente uma combina\u00e7\u00e3o comum numa produ\u00e7\u00e3o digna de passarela internacional? Por que os sapatos vermelhos dominam o outono? O vermelho \u00e9 [&hellip;]<\/p>\n","protected":false},"author":9,"featured_media":200617,"comment_status":"open","ping_status":"open","sticky":false,"template":"","format":"standard","meta":{"jnews-multi-image_gallery":[],"jnews_single_post":{"format":"standard"},"jnews_primary_category":[],"jnews_social_meta":[],"jnews_override_counter":[],"footnotes":""},"categories":[8691,29],"tags":[26432,25995,28382],"class_list":["post-200254","post","type-post","status-publish","format-standard","has-post-thumbnail","hentry","category-bem-estar","category-entretenimento","tag-looks-elegantes","tag-moda-outono-2026","tag-tendencias-de-calcados"],"yoast_head":"<!-- This site is optimized with the Yoast SEO plugin v23.8 - https:\/\/yoast.com\/wordpress\/plugins\/seo\/ -->\n<title>Nem apenas preto nem marrom, a cor estrat\u00e9gica que ilumina o seu look com eleg\u00e2ncia e estilo - Estado de Minas - Em foco<\/title>\n<meta name=\"description\" content=\"Os sapatos vermelhos dominam o outono com muita eleg\u00e2ncia. Aprenda a combinar esta cor vibrante com jeans e saias para um visual de luxo.\" \/>\n<meta name=\"robots\" content=\"index, follow, max-snippet:-1, max-image-preview:large, max-video-preview:-1\" \/>\n<link rel=\"canonical\" href=\"https:\/\/www.em.com.br\/emfoco\/2026\/04\/28\/nem-apenas-preto-nem-marrom-a-cor-estrategica-que-ilumina-o-seu-look-com-elegancia-e-estilo\/\" \/>\n<meta property=\"og:locale\" content=\"pt_BR\" \/>\n<meta property=\"og:type\" content=\"article\" \/>\n<meta property=\"og:title\" content=\"Nem apenas preto nem marrom, a cor estrat\u00e9gica que ilumina o seu look com eleg\u00e2ncia e estilo - Estado de Minas - Em foco\" \/>\n<meta property=\"og:description\" content=\"Os sapatos vermelhos dominam o outono com muita eleg\u00e2ncia. Aprenda a combinar esta cor vibrante com jeans e saias para um visual de luxo.\" \/>\n<meta property=\"og:url\" content=\"https:\/\/www.em.com.br\/emfoco\/2026\/04\/28\/nem-apenas-preto-nem-marrom-a-cor-estrategica-que-ilumina-o-seu-look-com-elegancia-e-estilo\/\" \/>\n<meta property=\"og:site_name\" content=\"Estado de Minas - Em foco\" \/>\n<meta property=\"article:published_time\" content=\"2026-04-28T22:15:00+00:00\" \/>\n<meta property=\"article:modified_time\" content=\"2026-04-27T18:47:23+00:00\" \/>\n<meta property=\"og:image\" content=\"https:\/\/www.em.com.br\/emfoco\/wp-content\/uploads\/2026\/04\/EmFoco_47-7.jpg\" \/>\n\t<meta property=\"og:image:width\" content=\"1280\" \/>\n\t<meta property=\"og:image:height\" content=\"720\" \/>\n\t<meta property=\"og:image:type\" content=\"image\/jpeg\" \/>\n<meta name=\"author\" content=\"Daniely Cardoso\" \/>\n<meta name=\"twitter:card\" content=\"summary_large_image\" \/>\n<meta name=\"twitter:label1\" content=\"Escrito por\" \/>\n\t<meta name=\"twitter:data1\" content=\"Daniely Cardoso\" \/>\n\t<meta name=\"twitter:label2\" content=\"Est. tempo de leitura\" \/>\n\t<meta name=\"twitter:data2\" content=\"5 minutos\" \/>\n<!-- \/ Yoast SEO plugin. -->","yoast_head_json":{"title":"Nem apenas preto nem marrom, a cor estrat\u00e9gica que ilumina o seu look com eleg\u00e2ncia e estilo - Estado de Minas - Em foco","description":"Os sapatos vermelhos dominam o outono com muita eleg\u00e2ncia. Aprenda a combinar esta cor vibrante com jeans e saias para um visual de luxo.","robots":{"index":"index","follow":"follow","max-snippet":"max-snippet:-1","max-image-preview":"max-image-preview:large","max-video-preview":"max-video-preview:-1"},"canonical":"https:\/\/www.em.com.br\/emfoco\/2026\/04\/28\/nem-apenas-preto-nem-marrom-a-cor-estrategica-que-ilumina-o-seu-look-com-elegancia-e-estilo\/","og_locale":"pt_BR","og_type":"article","og_title":"Nem apenas preto nem marrom, a cor estrat\u00e9gica que ilumina o seu look com eleg\u00e2ncia e estilo - Estado de Minas - Em foco","og_description":"Os sapatos vermelhos dominam o outono com muita eleg\u00e2ncia. Aprenda a combinar esta cor vibrante com jeans e saias para um visual de luxo.","og_url":"https:\/\/www.em.com.br\/emfoco\/2026\/04\/28\/nem-apenas-preto-nem-marrom-a-cor-estrategica-que-ilumina-o-seu-look-com-elegancia-e-estilo\/","og_site_name":"Estado de Minas - Em foco","article_published_time":"2026-04-28T22:15:00+00:00","article_modified_time":"2026-04-27T18:47:23+00:00","og_image":[{"width":1280,"height":720,"url":"https:\/\/www.em.com.br\/emfoco\/wp-content\/uploads\/2026\/04\/EmFoco_47-7.jpg","type":"image\/jpeg"}],"author":"Daniely Cardoso","twitter_card":"summary_large_image","twitter_misc":{"Escrito por":"Daniely Cardoso","Est. tempo de leitura":"5 minutos"},"schema":{"@context":"https:\/\/schema.org","@graph":[{"@type":"WebPage","@id":"https:\/\/www.em.com.br\/emfoco\/2026\/04\/28\/nem-apenas-preto-nem-marrom-a-cor-estrategica-que-ilumina-o-seu-look-com-elegancia-e-estilo\/","url":"https:\/\/www.em.com.br\/emfoco\/2026\/04\/28\/nem-apenas-preto-nem-marrom-a-cor-estrategica-que-ilumina-o-seu-look-com-elegancia-e-estilo\/","name":"Nem apenas preto nem marrom, a cor estrat\u00e9gica que ilumina o seu look com eleg\u00e2ncia e estilo - Estado de Minas - Em foco","isPartOf":{"@id":"https:\/\/www.em.com.br\/emfoco\/#website"},"primaryImageOfPage":{"@id":"https:\/\/www.em.com.br\/emfoco\/2026\/04\/28\/nem-apenas-preto-nem-marrom-a-cor-estrategica-que-ilumina-o-seu-look-com-elegancia-e-estilo\/#primaryimage"},"image":{"@id":"https:\/\/www.em.com.br\/emfoco\/2026\/04\/28\/nem-apenas-preto-nem-marrom-a-cor-estrategica-que-ilumina-o-seu-look-com-elegancia-e-estilo\/#primaryimage"},"thumbnailUrl":"https:\/\/www.em.com.br\/emfoco\/wp-content\/uploads\/2026\/04\/EmFoco_47-7.jpg","datePublished":"2026-04-28T22:15:00+00:00","dateModified":"2026-04-27T18:47:23+00:00","author":{"@id":"https:\/\/www.em.com.br\/emfoco\/#\/schema\/person\/0a8186d72f2c3a5c6276d90b41f271a0"},"description":"Os sapatos vermelhos dominam o outono com muita eleg\u00e2ncia. Aprenda a combinar esta cor vibrante com jeans e saias para um visual de luxo.","breadcrumb":{"@id":"https:\/\/www.em.com.br\/emfoco\/2026\/04\/28\/nem-apenas-preto-nem-marrom-a-cor-estrategica-que-ilumina-o-seu-look-com-elegancia-e-estilo\/#breadcrumb"},"inLanguage":"pt-BR","potentialAction":[{"@type":"ReadAction","target":["https:\/\/www.em.com.br\/emfoco\/2026\/04\/28\/nem-apenas-preto-nem-marrom-a-cor-estrategica-que-ilumina-o-seu-look-com-elegancia-e-estilo\/"]}]},{"@type":"ImageObject","inLanguage":"pt-BR","@id":"https:\/\/www.em.com.br\/emfoco\/2026\/04\/28\/nem-apenas-preto-nem-marrom-a-cor-estrategica-que-ilumina-o-seu-look-com-elegancia-e-estilo\/#primaryimage","url":"https:\/\/www.em.com.br\/emfoco\/wp-content\/uploads\/2026\/04\/EmFoco_47-7.jpg","contentUrl":"https:\/\/www.em.com.br\/emfoco\/wp-content\/uploads\/2026\/04\/EmFoco_47-7.jpg","width":1280,"height":720,"caption":"Cal\u00e7ados vibrantes elevam a sofistica\u00e7\u00e3o de visuais b\u00e1sicos durante as esta\u00e7\u00f5es frias"},{"@type":"BreadcrumbList","@id":"https:\/\/www.em.com.br\/emfoco\/2026\/04\/28\/nem-apenas-preto-nem-marrom-a-cor-estrategica-que-ilumina-o-seu-look-com-elegancia-e-estilo\/#breadcrumb","itemListElement":[{"@type":"ListItem","position":1,"name":"In\u00edcio","item":"https:\/\/www.em.com.br\/emfoco\/"},{"@type":"ListItem","position":2,"name":"Nem apenas preto nem marrom, a cor estrat\u00e9gica que ilumina o seu look com eleg\u00e2ncia e estilo"}]},{"@type":"WebSite","@id":"https:\/\/www.em.com.br\/emfoco\/#website","url":"https:\/\/www.em.com.br\/emfoco\/","name":"Estado de Minas - Em foco","description":"Acompanhe as \u00faltimas not\u00edcias e fique bem informado sobre tudo o que acontece em Minas Gerais, Brasil e no mundo.","potentialAction":[{"@type":"SearchAction","target":{"@type":"EntryPoint","urlTemplate":"https:\/\/www.em.com.br\/emfoco\/?s={search_term_string}"},"query-input":{"@type":"PropertyValueSpecification","valueRequired":true,"valueName":"search_term_string"}}],"inLanguage":"pt-BR"},{"@type":"Person","@id":"https:\/\/www.em.com.br\/emfoco\/#\/schema\/person\/0a8186d72f2c3a5c6276d90b41f271a0","name":"Daniely Cardoso","image":{"@type":"ImageObject","inLanguage":"pt-BR","@id":"https:\/\/www.em.com.br\/emfoco\/#\/schema\/person\/image\/","url":"https:\/\/secure.gravatar.com\/avatar\/4b80ddbd124d1f071b626d52d62e5dff?s=96&d=mm&r=g","contentUrl":"https:\/\/secure.gravatar.com\/avatar\/4b80ddbd124d1f071b626d52d62e5dff?s=96&d=mm&r=g","caption":"Daniely Cardoso"},"url":"https:\/\/www.em.com.br\/emfoco\/author\/danielymyth\/"}]}},"_links":{"self":[{"href":"https:\/\/www.em.com.br\/emfoco\/wp-json\/wp\/v2\/posts\/200254","targetHints":{"allow":["GET"]}}],"collection":[{"href":"https:\/\/www.em.com.br\/emfoco\/wp-json\/wp\/v2\/posts"}],"about":[{"href":"https:\/\/www.em.com.br\/emfoco\/wp-json\/wp\/v2\/types\/post"}],"author":[{"embeddable":true,"href":"https:\/\/www.em.com.br\/emfoco\/wp-json\/wp\/v2\/users\/9"}],"replies":[{"embeddable":true,"href":"https:\/\/www.em.com.br\/emfoco\/wp-json\/wp\/v2\/comments?post=200254"}],"version-history":[{"count":1,"href":"https:\/\/www.em.com.br\/emfoco\/wp-json\/wp\/v2\/posts\/200254\/revisions"}],"predecessor-version":[{"id":200256,"href":"https:\/\/www.em.com.br\/emfoco\/wp-json\/wp\/v2\/posts\/200254\/revisions\/200256"}],"wp:featuredmedia":[{"embeddable":true,"href":"https:\/\/www.em.com.br\/emfoco\/wp-json\/wp\/v2\/media\/200617"}],"wp:attachment":[{"href":"https:\/\/www.em.com.br\/emfoco\/wp-json\/wp\/v2\/media?parent=200254"}],"wp:term":[{"taxonomy":"category","embeddable":true,"href":"https:\/\/www.em.com.br\/emfoco\/wp-json\/wp\/v2\/categories?post=200254"},{"taxonomy":"post_tag","embeddable":true,"href":"https:\/\/www.em.com.br\/emfoco\/wp-json\/wp\/v2\/tags?post=200254"}],"curies":[{"name":"wp","href":"https:\/\/api.w.org\/{rel}","templated":true}]}}