{"id":200246,"date":"2026-04-28T16:35:00","date_gmt":"2026-04-28T19:35:00","guid":{"rendered":"https:\/\/www.em.com.br\/emfoco\/?p=200246"},"modified":"2026-04-27T15:57:09","modified_gmt":"2026-04-27T18:57:09","slug":"adeus-ao-terninho-tradicional-a-tendencia-de-look-que-esta-dominando-o-outono","status":"publish","type":"post","link":"https:\/\/www.em.com.br\/emfoco\/2026\/04\/28\/adeus-ao-terninho-tradicional-a-tendencia-de-look-que-esta-dominando-o-outono\/","title":{"rendered":"Adeus ao terninho tradicional: a tend\u00eancia de look que est\u00e1 dominando o outono"},"content":{"rendered":"\n<p>Helena abriu o guarda-roupa em uma manh\u00e3 gelada e percebeu que o seu <strong>look monocrom\u00e1tico<\/strong> poderia salvar o dia com extrema eleg\u00e2ncia. Ser\u00e1 que uma \u00fanica cor \u00e9 realmente capaz de transmitir tanto poder e sofistica\u00e7\u00e3o sem parecer um uniforme sem gra\u00e7a?<\/p>\n\n\n\n<h2 class=\"wp-block-heading\">Por que o look monocrom\u00e1tico domina as ruas agora<\/h2>\n\n\n\n<p>A est\u00e9tica de cor \u00fanica simplifica a escolha do visual di\u00e1rio e consegue alongar a silhueta feminina de forma instant\u00e2nea e muito natural. Mulheres modernas buscam <strong>praticidade elegante<\/strong> para enfrentar a rotina agitada das grandes cidades brasileiras com muito estilo e personalidade pr\u00f3pria. O uso de <strong>tons s\u00f3brios<\/strong> transmite uma imagem de autoridade e confian\u00e7a em qualquer ambiente corporativo ou social de alto n\u00edvel.<\/p>\n\n\n\n<p>Esta tend\u00eancia substitui os conjuntos r\u00edgidos de antigamente por pe\u00e7as fluidas que priorizam o <strong>conforto t\u00e9rmico<\/strong> ideal para os dias mais frescos. O outono exige camadas que sejam funcionais mas que mantenham a <strong>harmonia visual<\/strong> impec\u00e1vel da cabe\u00e7a aos p\u00e9s durante toda a jornada. Voc\u00ea consegue <strong>demonstrar estilo<\/strong> pr\u00f3prio sem precisar de acess\u00f3rios muito chamativos ou estampas exageradas que cansam a vis\u00e3o alheia.<\/p>\n\n\n<div class=\"wp-block-image\">\n<figure class=\"aligncenter size-large\"><img loading=\"lazy\" decoding=\"async\" width=\"1024\" height=\"576\" src=\"https:\/\/www.em.com.br\/emfoco\/wp-content\/uploads\/2026\/03\/Gemini_Generated_Image_xa7p8oxa7p8oxa7p-2-1024x576.png\" alt=\"look monocrom\u00e1tico\" class=\"wp-image-179817\" srcset=\"https:\/\/www.em.com.br\/emfoco\/wp-content\/uploads\/2026\/03\/Gemini_Generated_Image_xa7p8oxa7p8oxa7p-2-1024x576.png 1024w, https:\/\/www.em.com.br\/emfoco\/wp-content\/uploads\/2026\/03\/Gemini_Generated_Image_xa7p8oxa7p8oxa7p-2-300x169.png 300w, https:\/\/www.em.com.br\/emfoco\/wp-content\/uploads\/2026\/03\/Gemini_Generated_Image_xa7p8oxa7p8oxa7p-2-768x432.png 768w, https:\/\/www.em.com.br\/emfoco\/wp-content\/uploads\/2026\/03\/Gemini_Generated_Image_xa7p8oxa7p8oxa7p-2-750x422.png 750w, https:\/\/www.em.com.br\/emfoco\/wp-content\/uploads\/2026\/03\/Gemini_Generated_Image_xa7p8oxa7p8oxa7p-2-1140x641.png 1140w, https:\/\/www.em.com.br\/emfoco\/wp-content\/uploads\/2026\/03\/Gemini_Generated_Image_xa7p8oxa7p8oxa7p-2.png 1280w\" sizes=\"auto, (max-width: 1024px) 100vw, 1024px\" \/><figcaption class=\"wp-element-caption\">Esta tend\u00eancia substitui os conjuntos r\u00edgidos de antigamente por pe\u00e7as fluidas que priorizam o conforto t\u00e9rmico ideal para os dias mais frescos.<\/figcaption><\/figure><\/div>\n\n\n<p>Leia tamb\u00e9m: <a href=\"https:\/\/www.em.com.br\/emfoco\/2026\/03\/06\/esqueca-os-tenis-brancos-simples-a-nova-aposta-que-esta-dominando-os-looks-com-jeans-e-jaquetas\/\" target=\"_blank\" rel=\"noreferrer noopener\">Esque\u00e7a os t\u00eanis brancos simples: a nova aposta que est\u00e1 dominando os looks com jeans e jaquetas<\/a><\/p>\n\n\n\n<h2 class=\"wp-block-heading\">Quais as cores mais elegantes para este outono<\/h2>\n\n\n\n<p>O marrom chocolate e o cinza azulado surgem como os grandes protagonistas das vitrines internacionais mais famosas neste ano de transi\u00e7\u00f5es fashion. Essas tonalidades profundas <strong>valorizam a pele<\/strong> e trazem um ar de sofistica\u00e7\u00e3o imediata para o cotidiano de mulheres extremamente exigentes e antenadas. Escolher uma cor que <strong>realce sua beleza<\/strong> natural facilita a montagem de combina\u00e7\u00f5es duradouras em qualquer guarda-roupa inteligente e muito bem planejado.<\/p>\n\n\n\n<figure class=\"wp-block-embed is-type-rich is-provider-pinterest wp-block-embed-pinterest\"><div class=\"wp-block-embed__wrapper\">\n<iframe loading=\"lazy\" title=\" \" src=\"https:\/\/assets.pinterest.com\/ext\/embed.html?id=905927281277398592&#038;src=oembed\" height=\"873\" width=\"450\" frameborder=\"0\" scrolling=\"no\" ><\/iframe>\n<\/div><\/figure>\n\n\n\n<p>A mistura de materiais diferentes ajuda a quebrar a monotonia visual e adiciona uma textura muito interessante ao visual completo desta temporada. Veja abaixo os tons espec\u00edficos que prometem <strong>renovar seu arm\u00e1rio<\/strong> e garantir um visual de alto luxo com pouco esfor\u00e7o di\u00e1rio. Essas op\u00e7\u00f5es garantem <strong>muita versatilidade<\/strong> para quem deseja transitar entre compromissos profissionais e eventos casuais com total seguran\u00e7a.<\/p>\n\n\n\n<ul class=\"wp-block-list\">\n<li>Vinho borgonha para transmitir <strong>poder e paix\u00e3o<\/strong> de forma muito discreta e extremamente refinada em jantares.<\/li>\n\n\n\n<li>Verde floresta que traz uma <strong>conex\u00e3o profunda<\/strong> com a natureza e exala uma eleg\u00e2ncia totalmente atemporal e chique.<\/li>\n\n\n\n<li>Bege areia para criar um <strong>visual leve<\/strong> e iluminado que funciona perfeitamente para reuni\u00f5es importantes durante o dia.<\/li>\n<\/ul>\n\n\n\n<figure class=\"wp-block-embed is-type-rich is-provider-pinterest wp-block-embed-pinterest\"><div class=\"wp-block-embed__wrapper\">\n<iframe loading=\"lazy\" title=\"Monocrom\u00e1tico Marrom Alfaiataria\" src=\"https:\/\/assets.pinterest.com\/ext\/embed.html?id=734086808044424996&#038;src=oembed\" height=\"899\" width=\"450\" frameborder=\"0\" scrolling=\"no\" ><\/iframe>\n<\/div><\/figure>\n\n\n\n<h2 class=\"wp-block-heading\">Como montar um look monocrom\u00e1tico sem erro<\/h2>\n\n\n\n<p>O segredo para um <strong>look monocrom\u00e1tico<\/strong> de sucesso reside na varia\u00e7\u00e3o inteligente das texturas dos tecidos escolhidos para a sua composi\u00e7\u00e3o final. Misture a leveza da seda com o peso do couro leg\u00edtimo para criar um <strong>contraste sofisticado<\/strong> e moderno que chame a aten\u00e7\u00e3o. Essa t\u00e9cnica impede que o visual pare\u00e7a chapado e adiciona <strong>dimens\u00e3o extra<\/strong> para sua imagem pessoal em qualquer ocasi\u00e3o especial.<\/p>\n\n\n\n<p>Mantenha os acess\u00f3rios na mesma cartela de cores escolhida para refor\u00e7ar a <strong>unidade visual<\/strong> da sua produ\u00e7\u00e3o outonal com muito crit\u00e9rio. Escolha sapatos e bolsas que possuam <strong>acabamentos premium<\/strong> para elevar o status da sua composi\u00e7\u00e3o final de forma r\u00e1pida e eficiente. A simplicidade planejada <strong>gera impacto<\/strong> positivo imediato em reuni\u00f5es de neg\u00f3cios importantes ou em encontros sociais mais descontra\u00eddos e alegres.<\/p>\n\n\n\n<p>Para voc\u00ea que gosta de se vestir bem, separamos um v\u00eddeo do canal <a href=\"https:\/\/www.youtube.com\/@katelles_bloem\" target=\"_blank\" rel=\"noreferrer noopener\">Consultoria de imagem<\/a> com dicas para usar looks monocrom\u00e1ticos:<\/p>\n\n\n\n<figure class=\"wp-block-embed is-type-video is-provider-youtube wp-block-embed-youtube wp-embed-aspect-16-9 wp-has-aspect-ratio\"><div class=\"wp-block-embed__wrapper\">\n<div class=\"jeg_video_container jeg_video_content\"><iframe loading=\"lazy\" title=\"O que \u00e9 e como usar looks monocrom\u00e1ticos\" width=\"500\" height=\"281\" src=\"https:\/\/www.youtube.com\/embed\/e7s3cmB536Q?feature=oembed\" frameborder=\"0\" allow=\"accelerometer; autoplay; clipboard-write; encrypted-media; gyroscope; picture-in-picture; web-share\" referrerpolicy=\"strict-origin-when-cross-origin\" allowfullscreen><\/iframe><\/div>\n<\/div><\/figure>\n\n\n\n<h2 class=\"wp-block-heading\">Onde usar o seu look monocrom\u00e1tico favorito<\/h2>\n\n\n\n<p>Ambientes corporativos exigem uma postura firme que o <strong>look monocrom\u00e1tico<\/strong> entrega com total maestria, leveza e um toque de modernidade urbana. Voc\u00ea pode transitar do escrit\u00f3rio diretamente para um coquetel apenas <strong>ajustando os detalhes<\/strong> finais da sua maquiagem ou do seu penteado. Esta versatilidade garante que voc\u00ea esteja sempre <strong>bem vestida<\/strong> e pronta para qualquer compromisso social que surgir de \u00faltima hora.<\/p>\n\n\n\n<p>Eventos ao ar livre tamb\u00e9m ganham um charme especial quando utilizamos cores s\u00f3lidas que harmonizam com o cen\u00e1rio alaranjado da esta\u00e7\u00e3o atual. Aposte em <strong>pe\u00e7as fluidas<\/strong> que permitam movimento livre e tragam uma sensa\u00e7\u00e3o de liberdade para o seu corpo durante os passeios. A <strong>eleg\u00e2ncia atemporal<\/strong> desta tend\u00eancia marcante conquista olhares admirados por onde voc\u00ea passar com total seguran\u00e7a e muito brilho pr\u00f3prio.<\/p>\n\n\n\n<figure class=\"wp-block-embed is-type-rich is-provider-pinterest wp-block-embed-pinterest\"><div class=\"wp-block-embed__wrapper\">\n<iframe loading=\"lazy\" title=\"Cal\u00e7a pantalona verde de seda\" src=\"https:\/\/assets.pinterest.com\/ext\/embed.html?id=786511522465129708&#038;src=oembed\" height=\"899\" width=\"450\" frameborder=\"0\" scrolling=\"no\" ><\/iframe>\n<\/div><\/figure>\n\n\n\n<h2 class=\"wp-block-heading\">Invista na sua imagem com cores s\u00f3lidas<\/h2>\n\n\n\n<p>Aproveite a mudan\u00e7a de esta\u00e7\u00e3o para testar novas combina\u00e7\u00f5es crom\u00e1ticas que reflitam sua <strong>personalidade \u00fanica<\/strong> e aut\u00eantica em todos os momentos. Escolha tecidos que ofere\u00e7am <strong>caimento perfeito<\/strong> e uma durabilidade excelente para suportar o seu uso di\u00e1rio intenso e produtivo. Valorize o seu <strong>bem-estar est\u00e9tico<\/strong> com escolhas conscientes que elevem sua autoestima todos os dias.<\/p>\n\n\n\n<p>A moda deve ser uma ferramenta de <strong>autoexpress\u00e3o potente<\/strong> para fortalecer sua confian\u00e7a interna diante dos desafios do mundo contempor\u00e2neo. Use o espelho como seu maior aliado na busca constante pela <strong>harmonia visual<\/strong> desejada para sua nova fase de vida. Sinta-se <strong>maravilhosa e poderosa<\/strong> ao adotar tonalidades que comunicam sua for\u00e7a e sua eleg\u00e2ncia natural para todos.<\/p>\n\n\n\n<p><\/p>\n","protected":false},"excerpt":{"rendered":"<p>Helena abriu o guarda-roupa em uma manh\u00e3 gelada e percebeu que o seu look monocrom\u00e1tico poderia salvar o dia com extrema eleg\u00e2ncia. Ser\u00e1 que uma \u00fanica cor \u00e9 realmente capaz de transmitir tanto poder e sofistica\u00e7\u00e3o sem parecer um uniforme sem gra\u00e7a? Por que o look monocrom\u00e1tico domina as ruas agora A est\u00e9tica de cor [&hellip;]<\/p>\n","protected":false},"author":9,"featured_media":200644,"comment_status":"open","ping_status":"open","sticky":false,"template":"","format":"standard","meta":{"jnews-multi-image_gallery":[],"jnews_single_post":{"format":"standard"},"jnews_primary_category":[],"jnews_social_meta":[],"jnews_override_counter":[],"footnotes":""},"categories":[8691,29],"tags":[28175,8036,18034],"class_list":["post-200246","post","type-post","status-publish","format-standard","has-post-thumbnail","hentry","category-bem-estar","category-entretenimento","tag-estilo-elegante","tag-moda-outono","tag-tendencia-2026-2"],"yoast_head":"<!-- This site is optimized with the Yoast SEO plugin v23.8 - https:\/\/yoast.com\/wordpress\/plugins\/seo\/ -->\n<title>Adeus ao terninho tradicional: a tend\u00eancia de look que est\u00e1 dominando o outono - Estado de Minas - Em foco<\/title>\n<meta name=\"description\" content=\"O look monocrom\u00e1tico domina as vitrines do outono com muita eleg\u00e2ncia e poder. Aprenda a montar produ\u00e7\u00f5es incr\u00edveis com esta tend\u00eancia atual.\" \/>\n<meta name=\"robots\" content=\"index, follow, max-snippet:-1, max-image-preview:large, max-video-preview:-1\" \/>\n<link rel=\"canonical\" href=\"https:\/\/www.em.com.br\/emfoco\/2026\/04\/28\/adeus-ao-terninho-tradicional-a-tendencia-de-look-que-esta-dominando-o-outono\/\" \/>\n<meta property=\"og:locale\" content=\"pt_BR\" \/>\n<meta property=\"og:type\" content=\"article\" \/>\n<meta property=\"og:title\" content=\"Adeus ao terninho tradicional: a tend\u00eancia de look que est\u00e1 dominando o outono - Estado de Minas - Em foco\" \/>\n<meta property=\"og:description\" content=\"O look monocrom\u00e1tico domina as vitrines do outono com muita eleg\u00e2ncia e poder. Aprenda a montar produ\u00e7\u00f5es incr\u00edveis com esta tend\u00eancia atual.\" \/>\n<meta property=\"og:url\" content=\"https:\/\/www.em.com.br\/emfoco\/2026\/04\/28\/adeus-ao-terninho-tradicional-a-tendencia-de-look-que-esta-dominando-o-outono\/\" \/>\n<meta property=\"og:site_name\" content=\"Estado de Minas - Em foco\" \/>\n<meta property=\"article:published_time\" content=\"2026-04-28T19:35:00+00:00\" \/>\n<meta property=\"article:modified_time\" content=\"2026-04-27T18:57:09+00:00\" \/>\n<meta property=\"og:image\" content=\"https:\/\/www.em.com.br\/emfoco\/wp-content\/uploads\/2026\/04\/EmFoco_61-4.jpg\" \/>\n\t<meta property=\"og:image:width\" content=\"1280\" \/>\n\t<meta property=\"og:image:height\" content=\"720\" \/>\n\t<meta property=\"og:image:type\" content=\"image\/jpeg\" \/>\n<meta name=\"author\" content=\"Daniely Cardoso\" \/>\n<meta name=\"twitter:card\" content=\"summary_large_image\" \/>\n<meta name=\"twitter:label1\" content=\"Escrito por\" \/>\n\t<meta name=\"twitter:data1\" content=\"Daniely Cardoso\" \/>\n\t<meta name=\"twitter:label2\" content=\"Est. tempo de leitura\" \/>\n\t<meta name=\"twitter:data2\" content=\"5 minutos\" \/>\n<!-- \/ Yoast SEO plugin. -->","yoast_head_json":{"title":"Adeus ao terninho tradicional: a tend\u00eancia de look que est\u00e1 dominando o outono - Estado de Minas - Em foco","description":"O look monocrom\u00e1tico domina as vitrines do outono com muita eleg\u00e2ncia e poder. Aprenda a montar produ\u00e7\u00f5es incr\u00edveis com esta tend\u00eancia atual.","robots":{"index":"index","follow":"follow","max-snippet":"max-snippet:-1","max-image-preview":"max-image-preview:large","max-video-preview":"max-video-preview:-1"},"canonical":"https:\/\/www.em.com.br\/emfoco\/2026\/04\/28\/adeus-ao-terninho-tradicional-a-tendencia-de-look-que-esta-dominando-o-outono\/","og_locale":"pt_BR","og_type":"article","og_title":"Adeus ao terninho tradicional: a tend\u00eancia de look que est\u00e1 dominando o outono - Estado de Minas - Em foco","og_description":"O look monocrom\u00e1tico domina as vitrines do outono com muita eleg\u00e2ncia e poder. Aprenda a montar produ\u00e7\u00f5es incr\u00edveis com esta tend\u00eancia atual.","og_url":"https:\/\/www.em.com.br\/emfoco\/2026\/04\/28\/adeus-ao-terninho-tradicional-a-tendencia-de-look-que-esta-dominando-o-outono\/","og_site_name":"Estado de Minas - Em foco","article_published_time":"2026-04-28T19:35:00+00:00","article_modified_time":"2026-04-27T18:57:09+00:00","og_image":[{"width":1280,"height":720,"url":"https:\/\/www.em.com.br\/emfoco\/wp-content\/uploads\/2026\/04\/EmFoco_61-4.jpg","type":"image\/jpeg"}],"author":"Daniely Cardoso","twitter_card":"summary_large_image","twitter_misc":{"Escrito por":"Daniely Cardoso","Est. tempo de leitura":"5 minutos"},"schema":{"@context":"https:\/\/schema.org","@graph":[{"@type":"WebPage","@id":"https:\/\/www.em.com.br\/emfoco\/2026\/04\/28\/adeus-ao-terninho-tradicional-a-tendencia-de-look-que-esta-dominando-o-outono\/","url":"https:\/\/www.em.com.br\/emfoco\/2026\/04\/28\/adeus-ao-terninho-tradicional-a-tendencia-de-look-que-esta-dominando-o-outono\/","name":"Adeus ao terninho tradicional: a tend\u00eancia de look que est\u00e1 dominando o outono - Estado de Minas - Em foco","isPartOf":{"@id":"https:\/\/www.em.com.br\/emfoco\/#website"},"primaryImageOfPage":{"@id":"https:\/\/www.em.com.br\/emfoco\/2026\/04\/28\/adeus-ao-terninho-tradicional-a-tendencia-de-look-que-esta-dominando-o-outono\/#primaryimage"},"image":{"@id":"https:\/\/www.em.com.br\/emfoco\/2026\/04\/28\/adeus-ao-terninho-tradicional-a-tendencia-de-look-que-esta-dominando-o-outono\/#primaryimage"},"thumbnailUrl":"https:\/\/www.em.com.br\/emfoco\/wp-content\/uploads\/2026\/04\/EmFoco_61-4.jpg","datePublished":"2026-04-28T19:35:00+00:00","dateModified":"2026-04-27T18:57:09+00:00","author":{"@id":"https:\/\/www.em.com.br\/emfoco\/#\/schema\/person\/0a8186d72f2c3a5c6276d90b41f271a0"},"description":"O look monocrom\u00e1tico domina as vitrines do outono com muita eleg\u00e2ncia e poder. Aprenda a montar produ\u00e7\u00f5es incr\u00edveis com esta tend\u00eancia atual.","breadcrumb":{"@id":"https:\/\/www.em.com.br\/emfoco\/2026\/04\/28\/adeus-ao-terninho-tradicional-a-tendencia-de-look-que-esta-dominando-o-outono\/#breadcrumb"},"inLanguage":"pt-BR","potentialAction":[{"@type":"ReadAction","target":["https:\/\/www.em.com.br\/emfoco\/2026\/04\/28\/adeus-ao-terninho-tradicional-a-tendencia-de-look-que-esta-dominando-o-outono\/"]}]},{"@type":"ImageObject","inLanguage":"pt-BR","@id":"https:\/\/www.em.com.br\/emfoco\/2026\/04\/28\/adeus-ao-terninho-tradicional-a-tendencia-de-look-que-esta-dominando-o-outono\/#primaryimage","url":"https:\/\/www.em.com.br\/emfoco\/wp-content\/uploads\/2026\/04\/EmFoco_61-4.jpg","contentUrl":"https:\/\/www.em.com.br\/emfoco\/wp-content\/uploads\/2026\/04\/EmFoco_61-4.jpg","width":1280,"height":720,"caption":"Varia\u00e7\u00e3o de texturas em uma \u00fanica cor transmite poder e eleg\u00e2ncia no outono"},{"@type":"BreadcrumbList","@id":"https:\/\/www.em.com.br\/emfoco\/2026\/04\/28\/adeus-ao-terninho-tradicional-a-tendencia-de-look-que-esta-dominando-o-outono\/#breadcrumb","itemListElement":[{"@type":"ListItem","position":1,"name":"In\u00edcio","item":"https:\/\/www.em.com.br\/emfoco\/"},{"@type":"ListItem","position":2,"name":"Adeus ao terninho tradicional: a tend\u00eancia de look que est\u00e1 dominando o outono"}]},{"@type":"WebSite","@id":"https:\/\/www.em.com.br\/emfoco\/#website","url":"https:\/\/www.em.com.br\/emfoco\/","name":"Estado de Minas - Em foco","description":"Acompanhe as \u00faltimas not\u00edcias e fique bem informado sobre tudo o que acontece em Minas Gerais, Brasil e no mundo.","potentialAction":[{"@type":"SearchAction","target":{"@type":"EntryPoint","urlTemplate":"https:\/\/www.em.com.br\/emfoco\/?s={search_term_string}"},"query-input":{"@type":"PropertyValueSpecification","valueRequired":true,"valueName":"search_term_string"}}],"inLanguage":"pt-BR"},{"@type":"Person","@id":"https:\/\/www.em.com.br\/emfoco\/#\/schema\/person\/0a8186d72f2c3a5c6276d90b41f271a0","name":"Daniely Cardoso","image":{"@type":"ImageObject","inLanguage":"pt-BR","@id":"https:\/\/www.em.com.br\/emfoco\/#\/schema\/person\/image\/","url":"https:\/\/secure.gravatar.com\/avatar\/4b80ddbd124d1f071b626d52d62e5dff?s=96&d=mm&r=g","contentUrl":"https:\/\/secure.gravatar.com\/avatar\/4b80ddbd124d1f071b626d52d62e5dff?s=96&d=mm&r=g","caption":"Daniely Cardoso"},"url":"https:\/\/www.em.com.br\/emfoco\/author\/danielymyth\/"}]}},"_links":{"self":[{"href":"https:\/\/www.em.com.br\/emfoco\/wp-json\/wp\/v2\/posts\/200246","targetHints":{"allow":["GET"]}}],"collection":[{"href":"https:\/\/www.em.com.br\/emfoco\/wp-json\/wp\/v2\/posts"}],"about":[{"href":"https:\/\/www.em.com.br\/emfoco\/wp-json\/wp\/v2\/types\/post"}],"author":[{"embeddable":true,"href":"https:\/\/www.em.com.br\/emfoco\/wp-json\/wp\/v2\/users\/9"}],"replies":[{"embeddable":true,"href":"https:\/\/www.em.com.br\/emfoco\/wp-json\/wp\/v2\/comments?post=200246"}],"version-history":[{"count":1,"href":"https:\/\/www.em.com.br\/emfoco\/wp-json\/wp\/v2\/posts\/200246\/revisions"}],"predecessor-version":[{"id":200247,"href":"https:\/\/www.em.com.br\/emfoco\/wp-json\/wp\/v2\/posts\/200246\/revisions\/200247"}],"wp:featuredmedia":[{"embeddable":true,"href":"https:\/\/www.em.com.br\/emfoco\/wp-json\/wp\/v2\/media\/200644"}],"wp:attachment":[{"href":"https:\/\/www.em.com.br\/emfoco\/wp-json\/wp\/v2\/media?parent=200246"}],"wp:term":[{"taxonomy":"category","embeddable":true,"href":"https:\/\/www.em.com.br\/emfoco\/wp-json\/wp\/v2\/categories?post=200246"},{"taxonomy":"post_tag","embeddable":true,"href":"https:\/\/www.em.com.br\/emfoco\/wp-json\/wp\/v2\/tags?post=200246"}],"curies":[{"name":"wp","href":"https:\/\/api.w.org\/{rel}","templated":true}]}}