{"id":200242,"date":"2026-04-28T15:25:00","date_gmt":"2026-04-28T18:25:00","guid":{"rendered":"https:\/\/www.em.com.br\/emfoco\/?p=200242"},"modified":"2026-04-27T16:23:12","modified_gmt":"2026-04-27T19:23:12","slug":"adeus-aos-cabelos-ralos-e-sem-vida-a-receita-que-usa-oleo-de-ricino-para-recuperar-o-volume-dos-fios","status":"publish","type":"post","link":"https:\/\/www.em.com.br\/emfoco\/2026\/04\/28\/adeus-aos-cabelos-ralos-e-sem-vida-a-receita-que-usa-oleo-de-ricino-para-recuperar-o-volume-dos-fios\/","title":{"rendered":"Adeus aos cabelos ralos e sem vida, a receita que usa \u00f3leo de r\u00edcino para recuperar o volume dos fios"},"content":{"rendered":"\n<p>Dona Rosa sempre cuidava do jardim enquanto explicava como o <strong>\u00f3leo de r\u00edcino<\/strong> mantinha suas tran\u00e7as longas e brilhantes mesmo com o passar dos anos. Como um produto t\u00e3o simples e barato consegue recuperar a densidade capilar que os cosm\u00e9ticos caros muitas vezes falham em entregar?<\/p>\n\n\n\n<h2 class=\"wp-block-heading\">Como o \u00f3leo de r\u00edcino atua na fibra capilar?<\/h2>\n\n\n\n<p>O \u00e1cido ricinoleico presente na composi\u00e7\u00e3o estimula a circula\u00e7\u00e3o sangu\u00ednea no couro cabeludo de forma natural e muito potente. Este processo biol\u00f3gico garante que os fol\u00edculos recebam mais <strong>oxig\u00eanio e nutrientes<\/strong> vitais para o crescimento saud\u00e1vel de cada fio. A aplica\u00e7\u00e3o constante promove um <strong>ambiente saud\u00e1vel<\/strong> para que novos fios nas\u00e7am com muito mais resist\u00eancia e for\u00e7a desde a raiz.<\/p>\n\n\n\n<p>A estrutura do cabelo fino ganha uma barreira protetora que impede a perda de \u00e1gua durante o dia ensolarado. Essa blindagem externa reduz drasticamente a <strong>quebra excessiva<\/strong> causada pelo uso constante de pentes ou aparelhos de calor intenso. Seus fios ficam <strong>visivelmente mais grossos<\/strong> e protegidos contra as agress\u00f5es externas do clima seco ou da polui\u00e7\u00e3o urbana.<\/p>\n\n\n\n<figure class=\"wp-block-image size-large\"><img loading=\"lazy\" decoding=\"async\" width=\"1024\" height=\"576\" src=\"https:\/\/www.em.com.br\/emfoco\/wp-content\/uploads\/2026\/03\/corte-elegante-de-cabelo-1024x576.jpg\" alt=\"\u00f3leo de r\u00edcino\" class=\"wp-image-186813\" srcset=\"https:\/\/www.em.com.br\/emfoco\/wp-content\/uploads\/2026\/03\/corte-elegante-de-cabelo-1024x576.jpg 1024w, https:\/\/www.em.com.br\/emfoco\/wp-content\/uploads\/2026\/03\/corte-elegante-de-cabelo-300x169.jpg 300w, https:\/\/www.em.com.br\/emfoco\/wp-content\/uploads\/2026\/03\/corte-elegante-de-cabelo-768x432.jpg 768w, https:\/\/www.em.com.br\/emfoco\/wp-content\/uploads\/2026\/03\/corte-elegante-de-cabelo-750x422.jpg 750w, https:\/\/www.em.com.br\/emfoco\/wp-content\/uploads\/2026\/03\/corte-elegante-de-cabelo-1140x641.jpg 1140w, https:\/\/www.em.com.br\/emfoco\/wp-content\/uploads\/2026\/03\/corte-elegante-de-cabelo.jpg 1280w\" sizes=\"auto, (max-width: 1024px) 100vw, 1024px\" \/><figcaption class=\"wp-element-caption\">O \u00e1cido ricinoleico presente na composi\u00e7\u00e3o estimula a circula\u00e7\u00e3o sangu\u00ednea no couro cabeludo de forma natural e muito potente<\/figcaption><\/figure>\n\n\n\n<p>Leia tamb\u00e9m: <a href=\"https:\/\/www.em.com.br\/emfoco\/2026\/02\/28\/apos-os-50-anos-aposte-nesses-cortes-de-cabelo-que-rejuvenescem-o-rosto-e-valorizam-a-expressao\/\" target=\"_blank\" rel=\"noreferrer noopener\">Ap\u00f3s os 50 anos, aposte nesses cortes de cabelo que rejuvenescem o rosto e valorizam a express\u00e3o<\/a><\/p>\n\n\n\n<h2 class=\"wp-block-heading\">Qual o segredo da nutri\u00e7\u00e3o profunda das vov\u00f3s?<\/h2>\n\n\n\n<p>Antigamente as mulheres utilizavam gorduras naturais para manter a beleza sem precisar recorrer a qu\u00edmicas pesadas e agressivas. Esse m\u00e9todo tradicional foca na <strong>sa\u00fade real<\/strong> da haste capilar em vez de apenas mascarar danos superficiais com silicones baratos. Os resultados aparecem atrav\u00e9s da <strong>persist\u00eancia semanal<\/strong> e do carinho com o pr\u00f3prio autocuidado realizado no conforto do lar.<\/p>\n\n\n\n<p>O brilho intenso que notamos nas fotos antigas vinha da pureza dos ingredientes extra\u00eddos diretamente da natureza generosa. \u00d3leos vegetais puros conseguem <strong>penetrar no c\u00f3rtex<\/strong> e repor a massa perdida por processos mec\u00e2nicos e qu\u00edmicos cotidianos. Manter esse h\u00e1bito cl\u00e1ssico traz uma <strong>apar\u00eancia rejuvenescida<\/strong> para quem sofre com o raleamento capilar e a falta de brilho natural.<\/p>\n\n\n\n<figure class=\"wp-block-embed is-type-rich is-provider-pinterest wp-block-embed-pinterest\"><div class=\"wp-block-embed__wrapper\">\n<iframe loading=\"lazy\" title=\"H\u00e1bitos que v\u00e3o engrossar o seu cabelo alisado\u2728\" src=\"https:\/\/assets.pinterest.com\/ext\/embed.html?id=944700459376061941&#038;src=oembed\" height=\"899\" width=\"450\" frameborder=\"0\" scrolling=\"no\" ><\/iframe>\n<\/div><\/figure>\n\n\n\n<h2 class=\"wp-block-heading\">Maneiras corretas de usar \u00f3leo de r\u00edcino nos fios<\/h2>\n\n\n\n<p>Voc\u00ea deve aplicar o <strong>\u00f3leo de r\u00edcino<\/strong> diretamente na raiz com a ponta dos dedos em movimentos circulares e firmes. A massagem suave ajuda a <strong>desobstruir os poros<\/strong> e facilita a absor\u00e7\u00e3o completa das propriedades nutritivas do produto natural escolhido. Deixe agir por algumas horas para que a <strong>nutri\u00e7\u00e3o intensa<\/strong> fa\u00e7a efeito profundo antes da lavagem comum com seu shampoo.<\/p>\n\n\n\n<p>Para facilitar o enx\u00e1gue posterior voc\u00ea pode misturar o produto em uma m\u00e1scara de hidrata\u00e7\u00e3o leve e muito cheirosa. Esta t\u00e9cnica evita que o cabelo fique com <strong>aspecto pesado<\/strong> ou oleoso demais ap\u00f3s o tratamento caseiro de recupera\u00e7\u00e3o. Algumas ferramentas simples ajudam a espalhar o produto de forma <strong>totalmente uniforme<\/strong> por toda a extens\u00e3o da sua cabeleira.<\/p>\n\n\n\n<p>O uso correto exige aten\u00e7\u00e3o a pequenos detalhes t\u00e9cnicos que fazem toda a diferen\u00e7a na sa\u00fade dos seus fios maduros.<\/p>\n\n\n\n<ul class=\"wp-block-list\">\n<li>Use um pincel para alcan\u00e7ar \u00e1reas com <strong>pouco volume<\/strong> ou falhas aparentes no couro cabeludo.<\/li>\n\n\n\n<li>Aque\u00e7a o \u00f3leo levemente para <strong>abrir as cut\u00edculas<\/strong> e melhorar a performance de absor\u00e7\u00e3o dos nutrientes.<\/li>\n\n\n\n<li>Lave bem com shampoo neutro para remover todo o <strong>res\u00edduo gorduroso<\/strong> final ap\u00f3s o tempo de pausa.\/<\/li>\n<\/ul>\n\n\n\n<p>Para voce que gosta de se cuidar, separamos um v\u00eddeo do canal da <a href=\"https:\/\/www.youtube.com\/@DraMarinaHayashida\" target=\"_blank\" rel=\"noreferrer noopener\">Dra. Marina Hayashida<\/a> com dicas para engrossar seus fios:<\/p>\n\n\n\n<figure class=\"wp-block-embed is-type-video is-provider-youtube wp-block-embed-youtube wp-embed-aspect-16-9 wp-has-aspect-ratio\"><div class=\"wp-block-embed__wrapper\">\n<div class=\"jeg_video_container jeg_video_content\"><iframe loading=\"lazy\" title=\"O QUE REALMENTE DEIXA OS FIOS DE CABELO MAIS GROSSOS E CHEIOS!\" width=\"500\" height=\"281\" src=\"https:\/\/www.youtube.com\/embed\/FcZNtIYhmh0?feature=oembed\" frameborder=\"0\" allow=\"accelerometer; autoplay; clipboard-write; encrypted-media; gyroscope; picture-in-picture; web-share\" referrerpolicy=\"strict-origin-when-cross-origin\" allowfullscreen><\/iframe><\/div>\n<\/div><\/figure>\n\n\n\n<h2 class=\"wp-block-heading\">Por que escolher o \u00f3leo de r\u00edcino para volume?<\/h2>\n\n\n\n<p>Muitas pessoas buscam o <strong>\u00f3leo de r\u00edcino<\/strong> para resolver o problema inc\u00f4modo da falta de volume em fios ralos e sem vida. A densidade aumenta conforme o fio absorve as <strong>prote\u00ednas vegetais<\/strong> e as vitaminas presentes nesta poderosa extra\u00e7\u00e3o natural milenar. O uso cont\u00ednuo preenche as lacunas da cut\u00edcula e proporciona um <strong>efeito encorpado<\/strong> imediato logo ap\u00f3s a secagem completa.<\/p>\n\n\n\n<p>Ao contr\u00e1rio de produtos sint\u00e9ticos este \u00f3leo vegetal n\u00e3o cont\u00e9m silicones que apenas acumulam sujeira e peso morto nos fios. A leveza da estrutura capilar tratada permite um <strong>movimento natural<\/strong> e um balan\u00e7o muito mais bonito e atraente. Ter cabelos volumosos exige <strong>escolhas inteligentes<\/strong> que respeitem a biologia do seu couro cabeludo sempre limpo e saud\u00e1vel.<\/p>\n\n\n\n<figure class=\"wp-block-embed is-type-rich is-provider-pinterest wp-block-embed-pinterest\"><div class=\"wp-block-embed__wrapper\">\n<iframe loading=\"lazy\" title=\"Conhe\u00e7a o segredo para ter um cabelo encorpado com essas dicas fundamentais para quem est\u00e1 em processo de encorpar as pontas \ud83d\udc9c #dicas #cabelos #crescimentocapilar #dicasdebeleza\" src=\"https:\/\/assets.pinterest.com\/ext\/embed.html?id=754634481331043768&#038;src=oembed\" height=\"899\" width=\"450\" frameborder=\"0\" scrolling=\"no\" ><\/iframe>\n<\/div><\/figure>\n\n\n\n<h2 class=\"wp-block-heading\">Comece sua jornada de fortalecimento capilar hoje<\/h2>\n\n\n\n<p>Inicie o tratamento agora mesmo para notar os primeiros sinais de for\u00e7a e brilho intenso nos seus cabelos. A const\u00e2ncia no cuidado di\u00e1rio garante que seu <strong>resultado final<\/strong> seja duradouro e realmente muito satisfat\u00f3rio para sua autoestima. Valorize os m\u00e9todos antigos para conquistar uma <strong>est\u00e9tica impec\u00e1vel<\/strong> de forma totalmente natural e segura.<\/p>\n\n\n\n<p>Sinta a diferen\u00e7a na textura dos fios logo nas primeiras semanas de aplica\u00e7\u00e3o cuidadosa e massagens regulares. Compartilhe essa dica cl\u00e1ssica com amigas que buscam <strong>solu\u00e7\u00f5es eficientes<\/strong> e baratas para manter a beleza sempre em dia. Invista tempo no seu <strong>bem-estar pessoal<\/strong> com muita dedica\u00e7\u00e3o e carinho constante com sua imagem.<\/p>\n","protected":false},"excerpt":{"rendered":"<p>Dona Rosa sempre cuidava do jardim enquanto explicava como o \u00f3leo de r\u00edcino mantinha suas tran\u00e7as longas e brilhantes mesmo com o passar dos anos. Como um produto t\u00e3o simples e barato consegue recuperar a densidade capilar que os cosm\u00e9ticos caros muitas vezes falham em entregar? Como o \u00f3leo de r\u00edcino atua na fibra capilar? [&hellip;]<\/p>\n","protected":false},"author":9,"featured_media":200640,"comment_status":"open","ping_status":"open","sticky":false,"template":"","format":"standard","meta":{"jnews-multi-image_gallery":[],"jnews_single_post":{"format":"standard"},"jnews_primary_category":[],"jnews_social_meta":[],"jnews_override_counter":[],"footnotes":""},"categories":[8691,29],"tags":[28847,28846,6396],"class_list":["post-200242","post","type-post","status-publish","format-standard","has-post-thumbnail","hentry","category-bem-estar","category-entretenimento","tag-crescer-cabelo","tag-fios-fortes","tag-tratamento-natural"],"yoast_head":"<!-- This site is optimized with the Yoast SEO plugin v23.8 - https:\/\/yoast.com\/wordpress\/plugins\/seo\/ -->\n<title>Adeus aos cabelos ralos e sem vida, a receita que usa \u00f3leo de r\u00edcino para recuperar o volume dos fios - Estado de Minas - Em foco<\/title>\n<meta name=\"description\" content=\"Use o \u00f3leo de r\u00edcino para fortalecer cabelos finos e ter volume. Saiba como aplicar este segredo antigo para ter fios muito encorpados.\" \/>\n<meta name=\"robots\" content=\"index, follow, max-snippet:-1, max-image-preview:large, max-video-preview:-1\" \/>\n<link rel=\"canonical\" href=\"https:\/\/www.em.com.br\/emfoco\/2026\/04\/28\/adeus-aos-cabelos-ralos-e-sem-vida-a-receita-que-usa-oleo-de-ricino-para-recuperar-o-volume-dos-fios\/\" \/>\n<meta property=\"og:locale\" content=\"pt_BR\" \/>\n<meta property=\"og:type\" content=\"article\" \/>\n<meta property=\"og:title\" content=\"Adeus aos cabelos ralos e sem vida, a receita que usa \u00f3leo de r\u00edcino para recuperar o volume dos fios - Estado de Minas - Em foco\" \/>\n<meta property=\"og:description\" content=\"Use o \u00f3leo de r\u00edcino para fortalecer cabelos finos e ter volume. Saiba como aplicar este segredo antigo para ter fios muito encorpados.\" \/>\n<meta property=\"og:url\" content=\"https:\/\/www.em.com.br\/emfoco\/2026\/04\/28\/adeus-aos-cabelos-ralos-e-sem-vida-a-receita-que-usa-oleo-de-ricino-para-recuperar-o-volume-dos-fios\/\" \/>\n<meta property=\"og:site_name\" content=\"Estado de Minas - Em foco\" \/>\n<meta property=\"article:published_time\" content=\"2026-04-28T18:25:00+00:00\" \/>\n<meta property=\"article:modified_time\" content=\"2026-04-27T19:23:12+00:00\" \/>\n<meta property=\"og:image\" content=\"https:\/\/www.em.com.br\/emfoco\/wp-content\/uploads\/2026\/04\/EmFoco_54-6.jpg\" \/>\n\t<meta property=\"og:image:width\" content=\"1280\" \/>\n\t<meta property=\"og:image:height\" content=\"720\" \/>\n\t<meta property=\"og:image:type\" content=\"image\/jpeg\" \/>\n<meta name=\"author\" content=\"Daniely Cardoso\" \/>\n<meta name=\"twitter:card\" content=\"summary_large_image\" \/>\n<meta name=\"twitter:label1\" content=\"Escrito por\" \/>\n\t<meta name=\"twitter:data1\" content=\"Daniely Cardoso\" \/>\n\t<meta name=\"twitter:label2\" content=\"Est. tempo de leitura\" \/>\n\t<meta name=\"twitter:data2\" content=\"5 minutos\" \/>\n<!-- \/ Yoast SEO plugin. -->","yoast_head_json":{"title":"Adeus aos cabelos ralos e sem vida, a receita que usa \u00f3leo de r\u00edcino para recuperar o volume dos fios - Estado de Minas - Em foco","description":"Use o \u00f3leo de r\u00edcino para fortalecer cabelos finos e ter volume. Saiba como aplicar este segredo antigo para ter fios muito encorpados.","robots":{"index":"index","follow":"follow","max-snippet":"max-snippet:-1","max-image-preview":"max-image-preview:large","max-video-preview":"max-video-preview:-1"},"canonical":"https:\/\/www.em.com.br\/emfoco\/2026\/04\/28\/adeus-aos-cabelos-ralos-e-sem-vida-a-receita-que-usa-oleo-de-ricino-para-recuperar-o-volume-dos-fios\/","og_locale":"pt_BR","og_type":"article","og_title":"Adeus aos cabelos ralos e sem vida, a receita que usa \u00f3leo de r\u00edcino para recuperar o volume dos fios - Estado de Minas - Em foco","og_description":"Use o \u00f3leo de r\u00edcino para fortalecer cabelos finos e ter volume. Saiba como aplicar este segredo antigo para ter fios muito encorpados.","og_url":"https:\/\/www.em.com.br\/emfoco\/2026\/04\/28\/adeus-aos-cabelos-ralos-e-sem-vida-a-receita-que-usa-oleo-de-ricino-para-recuperar-o-volume-dos-fios\/","og_site_name":"Estado de Minas - Em foco","article_published_time":"2026-04-28T18:25:00+00:00","article_modified_time":"2026-04-27T19:23:12+00:00","og_image":[{"width":1280,"height":720,"url":"https:\/\/www.em.com.br\/emfoco\/wp-content\/uploads\/2026\/04\/EmFoco_54-6.jpg","type":"image\/jpeg"}],"author":"Daniely Cardoso","twitter_card":"summary_large_image","twitter_misc":{"Escrito por":"Daniely Cardoso","Est. tempo de leitura":"5 minutos"},"schema":{"@context":"https:\/\/schema.org","@graph":[{"@type":"WebPage","@id":"https:\/\/www.em.com.br\/emfoco\/2026\/04\/28\/adeus-aos-cabelos-ralos-e-sem-vida-a-receita-que-usa-oleo-de-ricino-para-recuperar-o-volume-dos-fios\/","url":"https:\/\/www.em.com.br\/emfoco\/2026\/04\/28\/adeus-aos-cabelos-ralos-e-sem-vida-a-receita-que-usa-oleo-de-ricino-para-recuperar-o-volume-dos-fios\/","name":"Adeus aos cabelos ralos e sem vida, a receita que usa \u00f3leo de r\u00edcino para recuperar o volume dos fios - Estado de Minas - Em foco","isPartOf":{"@id":"https:\/\/www.em.com.br\/emfoco\/#website"},"primaryImageOfPage":{"@id":"https:\/\/www.em.com.br\/emfoco\/2026\/04\/28\/adeus-aos-cabelos-ralos-e-sem-vida-a-receita-que-usa-oleo-de-ricino-para-recuperar-o-volume-dos-fios\/#primaryimage"},"image":{"@id":"https:\/\/www.em.com.br\/emfoco\/2026\/04\/28\/adeus-aos-cabelos-ralos-e-sem-vida-a-receita-que-usa-oleo-de-ricino-para-recuperar-o-volume-dos-fios\/#primaryimage"},"thumbnailUrl":"https:\/\/www.em.com.br\/emfoco\/wp-content\/uploads\/2026\/04\/EmFoco_54-6.jpg","datePublished":"2026-04-28T18:25:00+00:00","dateModified":"2026-04-27T19:23:12+00:00","author":{"@id":"https:\/\/www.em.com.br\/emfoco\/#\/schema\/person\/0a8186d72f2c3a5c6276d90b41f271a0"},"description":"Use o \u00f3leo de r\u00edcino para fortalecer cabelos finos e ter volume. Saiba como aplicar este segredo antigo para ter fios muito encorpados.","breadcrumb":{"@id":"https:\/\/www.em.com.br\/emfoco\/2026\/04\/28\/adeus-aos-cabelos-ralos-e-sem-vida-a-receita-que-usa-oleo-de-ricino-para-recuperar-o-volume-dos-fios\/#breadcrumb"},"inLanguage":"pt-BR","potentialAction":[{"@type":"ReadAction","target":["https:\/\/www.em.com.br\/emfoco\/2026\/04\/28\/adeus-aos-cabelos-ralos-e-sem-vida-a-receita-que-usa-oleo-de-ricino-para-recuperar-o-volume-dos-fios\/"]}]},{"@type":"ImageObject","inLanguage":"pt-BR","@id":"https:\/\/www.em.com.br\/emfoco\/2026\/04\/28\/adeus-aos-cabelos-ralos-e-sem-vida-a-receita-que-usa-oleo-de-ricino-para-recuperar-o-volume-dos-fios\/#primaryimage","url":"https:\/\/www.em.com.br\/emfoco\/wp-content\/uploads\/2026\/04\/EmFoco_54-6.jpg","contentUrl":"https:\/\/www.em.com.br\/emfoco\/wp-content\/uploads\/2026\/04\/EmFoco_54-6.jpg","width":1280,"height":720,"caption":"\u00c1cido ricinoleico estimula o crescimento e devolve a densidade aos fios finos e ralos"},{"@type":"BreadcrumbList","@id":"https:\/\/www.em.com.br\/emfoco\/2026\/04\/28\/adeus-aos-cabelos-ralos-e-sem-vida-a-receita-que-usa-oleo-de-ricino-para-recuperar-o-volume-dos-fios\/#breadcrumb","itemListElement":[{"@type":"ListItem","position":1,"name":"In\u00edcio","item":"https:\/\/www.em.com.br\/emfoco\/"},{"@type":"ListItem","position":2,"name":"Adeus aos cabelos ralos e sem vida, a receita que usa \u00f3leo de r\u00edcino para recuperar o volume dos fios"}]},{"@type":"WebSite","@id":"https:\/\/www.em.com.br\/emfoco\/#website","url":"https:\/\/www.em.com.br\/emfoco\/","name":"Estado de Minas - Em foco","description":"Acompanhe as \u00faltimas not\u00edcias e fique bem informado sobre tudo o que acontece em Minas Gerais, Brasil e no mundo.","potentialAction":[{"@type":"SearchAction","target":{"@type":"EntryPoint","urlTemplate":"https:\/\/www.em.com.br\/emfoco\/?s={search_term_string}"},"query-input":{"@type":"PropertyValueSpecification","valueRequired":true,"valueName":"search_term_string"}}],"inLanguage":"pt-BR"},{"@type":"Person","@id":"https:\/\/www.em.com.br\/emfoco\/#\/schema\/person\/0a8186d72f2c3a5c6276d90b41f271a0","name":"Daniely Cardoso","image":{"@type":"ImageObject","inLanguage":"pt-BR","@id":"https:\/\/www.em.com.br\/emfoco\/#\/schema\/person\/image\/","url":"https:\/\/secure.gravatar.com\/avatar\/4b80ddbd124d1f071b626d52d62e5dff?s=96&d=mm&r=g","contentUrl":"https:\/\/secure.gravatar.com\/avatar\/4b80ddbd124d1f071b626d52d62e5dff?s=96&d=mm&r=g","caption":"Daniely Cardoso"},"url":"https:\/\/www.em.com.br\/emfoco\/author\/danielymyth\/"}]}},"_links":{"self":[{"href":"https:\/\/www.em.com.br\/emfoco\/wp-json\/wp\/v2\/posts\/200242","targetHints":{"allow":["GET"]}}],"collection":[{"href":"https:\/\/www.em.com.br\/emfoco\/wp-json\/wp\/v2\/posts"}],"about":[{"href":"https:\/\/www.em.com.br\/emfoco\/wp-json\/wp\/v2\/types\/post"}],"author":[{"embeddable":true,"href":"https:\/\/www.em.com.br\/emfoco\/wp-json\/wp\/v2\/users\/9"}],"replies":[{"embeddable":true,"href":"https:\/\/www.em.com.br\/emfoco\/wp-json\/wp\/v2\/comments?post=200242"}],"version-history":[{"count":2,"href":"https:\/\/www.em.com.br\/emfoco\/wp-json\/wp\/v2\/posts\/200242\/revisions"}],"predecessor-version":[{"id":200672,"href":"https:\/\/www.em.com.br\/emfoco\/wp-json\/wp\/v2\/posts\/200242\/revisions\/200672"}],"wp:featuredmedia":[{"embeddable":true,"href":"https:\/\/www.em.com.br\/emfoco\/wp-json\/wp\/v2\/media\/200640"}],"wp:attachment":[{"href":"https:\/\/www.em.com.br\/emfoco\/wp-json\/wp\/v2\/media?parent=200242"}],"wp:term":[{"taxonomy":"category","embeddable":true,"href":"https:\/\/www.em.com.br\/emfoco\/wp-json\/wp\/v2\/categories?post=200242"},{"taxonomy":"post_tag","embeddable":true,"href":"https:\/\/www.em.com.br\/emfoco\/wp-json\/wp\/v2\/tags?post=200242"}],"curies":[{"name":"wp","href":"https:\/\/api.w.org\/{rel}","templated":true}]}}