{"id":200238,"date":"2026-04-28T14:25:00","date_gmt":"2026-04-28T17:25:00","guid":{"rendered":"https:\/\/www.em.com.br\/emfoco\/?p=200238"},"modified":"2026-04-27T15:56:13","modified_gmt":"2026-04-27T18:56:13","slug":"o-fim-do-preto-absoluto-essas-sao-as-novas-cores-com-cara-de-luxo-em-2026","status":"publish","type":"post","link":"https:\/\/www.em.com.br\/emfoco\/2026\/04\/28\/o-fim-do-preto-absoluto-essas-sao-as-novas-cores-com-cara-de-luxo-em-2026\/","title":{"rendered":"O fim do preto absoluto, essas s\u00e3o as novas cores com cara de luxo em 2026"},"content":{"rendered":"\n<p>Helena abriu seu guarda-roupa repleto de vestidos escuros e percebeu que precisava renovar seu estilo com as novas <strong>cores do luxo<\/strong>. Quais tons inusitados est\u00e3o substituindo o cl\u00e1ssico pretinho b\u00e1sico nas passarelas mais prestigiadas deste ano?<\/p>\n\n\n\n<h2 class=\"wp-block-heading\">Como as cores do luxo mudaram o mercado<\/h2>\n\n\n\n<p>O movimento minimalista agora abra\u00e7a <strong>tonalidades profundas<\/strong> que transmitem uma sofistica\u00e7\u00e3o muito mais org\u00e2nica e acolhedora. Designers renomados abandonaram o contraste r\u00edgido para explorar matizes de <strong>marrom chocolate<\/strong> e cinza azulado nas cole\u00e7\u00f5es atuais. Essa transi\u00e7\u00e3o visual reflete uma busca global por autenticidade e <strong>conex\u00e3o<\/strong> com elementos naturais e terrosos.<\/p>\n\n\n\n<p>A ind\u00fastria t\u00eaxtil desenvolveu pigmentos exclusivos que garantem uma profundidade visual impressionante em diferentes tipos de tecidos nobres. Essas novas escolhas crom\u00e1ticas <strong>valorizam a silhueta<\/strong> feminina sem o peso visual que o tom negro carregava antigamente. Muitos especialistas afirmam que essa mudan\u00e7a sinaliza o <strong>fortalecimento da eleg\u00e2ncia<\/strong> discreta e extremamente refinada.<\/p>\n\n\n<div class=\"wp-block-image\">\n<figure class=\"aligncenter size-large\"><img loading=\"lazy\" decoding=\"async\" width=\"1024\" height=\"576\" src=\"https:\/\/www.em.com.br\/emfoco\/wp-content\/uploads\/2026\/02\/Gemini_Generated_Image_7w080s7w080s7w08-1-1024x576.png\" alt=\"Cores do luxo\" class=\"wp-image-172202\" srcset=\"https:\/\/www.em.com.br\/emfoco\/wp-content\/uploads\/2026\/02\/Gemini_Generated_Image_7w080s7w080s7w08-1-1024x576.png 1024w, https:\/\/www.em.com.br\/emfoco\/wp-content\/uploads\/2026\/02\/Gemini_Generated_Image_7w080s7w080s7w08-1-300x169.png 300w, https:\/\/www.em.com.br\/emfoco\/wp-content\/uploads\/2026\/02\/Gemini_Generated_Image_7w080s7w080s7w08-1-768x432.png 768w, https:\/\/www.em.com.br\/emfoco\/wp-content\/uploads\/2026\/02\/Gemini_Generated_Image_7w080s7w080s7w08-1-750x422.png 750w, https:\/\/www.em.com.br\/emfoco\/wp-content\/uploads\/2026\/02\/Gemini_Generated_Image_7w080s7w080s7w08-1-1140x641.png 1140w, https:\/\/www.em.com.br\/emfoco\/wp-content\/uploads\/2026\/02\/Gemini_Generated_Image_7w080s7w080s7w08-1.png 1280w\" sizes=\"auto, (max-width: 1024px) 100vw, 1024px\" \/><figcaption class=\"wp-element-caption\">O movimento minimalista agora abra\u00e7a tonalidades profundas que transmitem uma sofistica\u00e7\u00e3o muito mais org\u00e2nica e acolhedora<\/figcaption><\/figure><\/div>\n\n\n<p>Leia tamb\u00e9m: <a href=\"https:\/\/www.em.com.br\/emfoco\/2026\/03\/13\/nova-tendencia-de-2026-aposta-em-calca-jeans-azul-combinada-com-uma-cor-proibida-surpreendente\/\" target=\"_blank\" rel=\"noreferrer noopener\">Nova tend\u00eancia de 2026 aposta em cal\u00e7a jeans azul combinada com uma \u201ccor proibida\u201d surpreendente<\/a><\/p>\n\n\n\n<h2 class=\"wp-block-heading\">Quais as principais cores do luxo atuais<\/h2>\n\n\n\n<p>O azul meia-noite surge como uma alternativa poderosa para quem deseja manter a sobriedade em eventos formais noturnos. Ele proporciona um <strong>contraste suave<\/strong> com a pele e ilumina o rosto de maneira muito mais natural e jovial. O uso de acess\u00f3rios met\u00e1licos em ouro ou prata <strong>potencializa o brilho<\/strong> sutil presente nessas novas tramas luxuosas.<\/p>\n\n\n\n<p>Outras <strong>varia\u00e7\u00f5es crom\u00e1ticas<\/strong> est\u00e3o ganhando espa\u00e7o nos arm\u00e1rios mais sofisticados e exigentes do cen\u00e1rio fashion mundial atual. O par\u00e1grafo seguinte detalha os tons que prometem dominar as vitrines internacionais com muito <strong>estilo e personalidade<\/strong>. Essas sugest\u00f5es pr\u00e1ticas auxiliam na constru\u00e7\u00e3o de um <strong>visual moderno<\/strong> e extremamente equilibrado.<\/p>\n\n\n\n<ul class=\"wp-block-list\">\n<li>Verde floresta profundo para transmitir uma sensa\u00e7\u00e3o de <strong>poder sereno<\/strong> e sofistica\u00e7\u00e3o natural.<\/li>\n\n\n\n<li>Vinho borgonha intenso que garante uma <strong>apar\u00eancia sofisticada<\/strong> e atemporal em qualquer pe\u00e7a.<\/li>\n\n\n\n<li>Bege areia molhada para criar looks monocrom\u00e1ticos que <strong>exalam riqueza<\/strong> de forma muito discreta.<\/li>\n<\/ul>\n\n\n\n<figure class=\"wp-block-embed is-type-rich is-provider-pinterest wp-block-embed-pinterest\"><div class=\"wp-block-embed__wrapper\">\n<iframe loading=\"lazy\" title=\" \" src=\"https:\/\/assets.pinterest.com\/ext\/embed.html?id=2533343537730049&#038;src=oembed\" height=\"930\" width=\"450\" frameborder=\"0\" scrolling=\"no\" ><\/iframe>\n<\/div><\/figure>\n\n\n\n<h2 class=\"wp-block-heading\">O impacto das texturas na percep\u00e7\u00e3o visual<\/h2>\n\n\n\n<p>A forma como a luz reflete nos tecidos altera completamente a percep\u00e7\u00e3o de profundidade das novas tonalidades de 2026. Veludos e sedas pesadas ganham uma <strong>dimens\u00e3o extra<\/strong> quando tingidos com esses pigmentos modernos e tecnol\u00f3gicos de alta performance. O acabamento fosco ou acetinado <strong>define o n\u00edvel<\/strong> de luxo que a pe\u00e7a transmite ao olhar atento.<\/p>\n\n\n\n<p>Misturar diferentes materiais dentro da mesma paleta crom\u00e1tica cria um visual rico em detalhes e camadas interessantes. Essa t\u00e9cnica permite que voc\u00ea <strong>demonstre autoridade<\/strong> atrav\u00e9s da moda sem precisar recorrer a logotipos grandes ou chamativos. O segredo reside na escolha de <strong>cortes precisos<\/strong> que valorizam cada nuance de cor aplicada no vestu\u00e1rio.<\/p>\n\n\n\n<p>Para voc\u00ea que gosta de se vestir bem, separamos um v\u00eddeo do canal <a href=\"https:\/\/www.youtube.com\/@renunes\" target=\"_blank\" rel=\"noreferrer noopener\">Re Nunes<\/a> com dicas de moda para o inverno de 2026:<\/p>\n\n\n\n<figure class=\"wp-block-embed is-type-video is-provider-youtube wp-block-embed-youtube wp-embed-aspect-16-9 wp-has-aspect-ratio\"><div class=\"wp-block-embed__wrapper\">\n<div class=\"jeg_video_container jeg_video_content\"><iframe loading=\"lazy\" title=\"10 TEND\u00caNCIAS de MODA do INVERNO 2026 para usar J\u00e1! (muitas pe\u00e7as est\u00e3o no seu arm\u00e1rio)\" width=\"500\" height=\"281\" src=\"https:\/\/www.youtube.com\/embed\/RhKK-FEVRQo?feature=oembed\" frameborder=\"0\" allow=\"accelerometer; autoplay; clipboard-write; encrypted-media; gyroscope; picture-in-picture; web-share\" referrerpolicy=\"strict-origin-when-cross-origin\" allowfullscreen><\/iframe><\/div>\n<\/div><\/figure>\n\n\n\n<h2 class=\"wp-block-heading\">Por que investir nas cores do luxo agora<\/h2>\n\n\n\n<p>Ter um guarda-roupa baseado em tons vers\u00e1teis facilita a montagem de combina\u00e7\u00f5es inteligentes para diversas ocasi\u00f5es do cotidiano. Voc\u00ea consegue <strong>economizar tempo<\/strong> matinal ao escolher pe\u00e7as que harmonizam entre si de maneira autom\u00e1tica e fluida. As <strong>cores do luxo<\/strong> permitem que suas roupas permane\u00e7am atuais por muitas temporadas seguidas sem perder o apelo.<\/p>\n\n\n\n<p>A durabilidade das pe\u00e7as de alta qualidade justifica o investimento inicial em itens que realmente elevam sua imagem pessoal. Procure tecidos que possuam um <strong>caimento perfeito<\/strong> e uma resist\u00eancia superior ao desgaste causado pelo uso frequente di\u00e1rio. Valorize sua <strong>autoestima est\u00e9tica<\/strong> selecionando matizes que real\u00e7am seus tra\u00e7os f\u00edsicos de forma elegante e harmoniosa.<\/p>\n\n\n\n<figure class=\"wp-block-embed is-type-rich is-provider-pinterest wp-block-embed-pinterest\"><div class=\"wp-block-embed__wrapper\">\n<iframe loading=\"lazy\" title=\" \" src=\"https:\/\/assets.pinterest.com\/ext\/embed.html?id=492649954791494&#038;src=oembed\" height=\"911\" width=\"450\" frameborder=\"0\" scrolling=\"no\" ><\/iframe>\n<\/div><\/figure>\n\n\n\n<h2 class=\"wp-block-heading\">Adote a nova paleta no seu cotidiano<\/h2>\n\n\n\n<p>Comece substituindo pequenas pe\u00e7as do seu arm\u00e1rio por tons de marrom ou azul profundo gradualmente. Observe como essas mudan\u00e7as <strong>iluminam seu rosto<\/strong> e trazem um frescor imediato para sua imagem atual. Valorize o <strong>seu estilo<\/strong> \u00fanico acima de qualquer tend\u00eancia passageira ou ef\u00eamera da internet.<\/p>\n\n\n\n<p>Invista em acess\u00f3rios que complementem essa nova est\u00e9tica de forma sutil e muito harmoniosa. Pequenos detalhes crom\u00e1ticos conseguem <strong>renovar looks<\/strong> antigos sem a necessidade de gastar fortunas em roupas novas. Sinta a <strong>confian\u00e7a renovada<\/strong> ao vestir cores que comunicam sua sofistica\u00e7\u00e3o para o mundo.<\/p>\n","protected":false},"excerpt":{"rendered":"<p>Helena abriu seu guarda-roupa repleto de vestidos escuros e percebeu que precisava renovar seu estilo com as novas cores do luxo. Quais tons inusitados est\u00e3o substituindo o cl\u00e1ssico pretinho b\u00e1sico nas passarelas mais prestigiadas deste ano? Como as cores do luxo mudaram o mercado O movimento minimalista agora abra\u00e7a tonalidades profundas que transmitem uma sofistica\u00e7\u00e3o [&hellip;]<\/p>\n","protected":false},"author":9,"featured_media":200638,"comment_status":"open","ping_status":"open","sticky":false,"template":"","format":"standard","meta":{"jnews-multi-image_gallery":[],"jnews_single_post":{"format":"standard"},"jnews_primary_category":[],"jnews_social_meta":[],"jnews_override_counter":[],"footnotes":""},"categories":[8691,29],"tags":[28845,23557,15217],"class_list":["post-200238","post","type-post","status-publish","format-standard","has-post-thumbnail","hentry","category-bem-estar","category-entretenimento","tag-moda-elegante","tag-paleta-de-cores","tag-tendencias-2026"],"yoast_head":"<!-- This site is optimized with the Yoast SEO plugin v23.8 - https:\/\/yoast.com\/wordpress\/plugins\/seo\/ -->\n<title>O fim do preto absoluto, essas s\u00e3o as novas cores com cara de luxo em 2026 - Estado de Minas - Em foco<\/title>\n<meta name=\"description\" content=\"As novas cores do luxo substituem o preto e transformam a moda. Saiba como usar tons terrosos e azul profundo para ter mais eleg\u00e2ncia.\" \/>\n<meta name=\"robots\" content=\"index, follow, max-snippet:-1, max-image-preview:large, max-video-preview:-1\" \/>\n<link rel=\"canonical\" href=\"https:\/\/www.em.com.br\/emfoco\/2026\/04\/28\/o-fim-do-preto-absoluto-essas-sao-as-novas-cores-com-cara-de-luxo-em-2026\/\" \/>\n<meta property=\"og:locale\" content=\"pt_BR\" \/>\n<meta property=\"og:type\" content=\"article\" \/>\n<meta property=\"og:title\" content=\"O fim do preto absoluto, essas s\u00e3o as novas cores com cara de luxo em 2026 - Estado de Minas - Em foco\" \/>\n<meta property=\"og:description\" content=\"As novas cores do luxo substituem o preto e transformam a moda. Saiba como usar tons terrosos e azul profundo para ter mais eleg\u00e2ncia.\" \/>\n<meta property=\"og:url\" content=\"https:\/\/www.em.com.br\/emfoco\/2026\/04\/28\/o-fim-do-preto-absoluto-essas-sao-as-novas-cores-com-cara-de-luxo-em-2026\/\" \/>\n<meta property=\"og:site_name\" content=\"Estado de Minas - Em foco\" \/>\n<meta property=\"article:published_time\" content=\"2026-04-28T17:25:00+00:00\" \/>\n<meta property=\"article:modified_time\" content=\"2026-04-27T18:56:13+00:00\" \/>\n<meta property=\"og:image\" content=\"https:\/\/www.em.com.br\/emfoco\/wp-content\/uploads\/2026\/04\/EmFoco_56-7.jpg\" \/>\n\t<meta property=\"og:image:width\" content=\"1280\" \/>\n\t<meta property=\"og:image:height\" content=\"720\" \/>\n\t<meta property=\"og:image:type\" content=\"image\/jpeg\" \/>\n<meta name=\"author\" content=\"Daniely Cardoso\" \/>\n<meta name=\"twitter:card\" content=\"summary_large_image\" \/>\n<meta name=\"twitter:label1\" content=\"Escrito por\" \/>\n\t<meta name=\"twitter:data1\" content=\"Daniely Cardoso\" \/>\n\t<meta name=\"twitter:label2\" content=\"Est. tempo de leitura\" \/>\n\t<meta name=\"twitter:data2\" content=\"4 minutos\" \/>\n<!-- \/ Yoast SEO plugin. -->","yoast_head_json":{"title":"O fim do preto absoluto, essas s\u00e3o as novas cores com cara de luxo em 2026 - Estado de Minas - Em foco","description":"As novas cores do luxo substituem o preto e transformam a moda. Saiba como usar tons terrosos e azul profundo para ter mais eleg\u00e2ncia.","robots":{"index":"index","follow":"follow","max-snippet":"max-snippet:-1","max-image-preview":"max-image-preview:large","max-video-preview":"max-video-preview:-1"},"canonical":"https:\/\/www.em.com.br\/emfoco\/2026\/04\/28\/o-fim-do-preto-absoluto-essas-sao-as-novas-cores-com-cara-de-luxo-em-2026\/","og_locale":"pt_BR","og_type":"article","og_title":"O fim do preto absoluto, essas s\u00e3o as novas cores com cara de luxo em 2026 - Estado de Minas - Em foco","og_description":"As novas cores do luxo substituem o preto e transformam a moda. Saiba como usar tons terrosos e azul profundo para ter mais eleg\u00e2ncia.","og_url":"https:\/\/www.em.com.br\/emfoco\/2026\/04\/28\/o-fim-do-preto-absoluto-essas-sao-as-novas-cores-com-cara-de-luxo-em-2026\/","og_site_name":"Estado de Minas - Em foco","article_published_time":"2026-04-28T17:25:00+00:00","article_modified_time":"2026-04-27T18:56:13+00:00","og_image":[{"width":1280,"height":720,"url":"https:\/\/www.em.com.br\/emfoco\/wp-content\/uploads\/2026\/04\/EmFoco_56-7.jpg","type":"image\/jpeg"}],"author":"Daniely Cardoso","twitter_card":"summary_large_image","twitter_misc":{"Escrito por":"Daniely Cardoso","Est. tempo de leitura":"4 minutos"},"schema":{"@context":"https:\/\/schema.org","@graph":[{"@type":"WebPage","@id":"https:\/\/www.em.com.br\/emfoco\/2026\/04\/28\/o-fim-do-preto-absoluto-essas-sao-as-novas-cores-com-cara-de-luxo-em-2026\/","url":"https:\/\/www.em.com.br\/emfoco\/2026\/04\/28\/o-fim-do-preto-absoluto-essas-sao-as-novas-cores-com-cara-de-luxo-em-2026\/","name":"O fim do preto absoluto, essas s\u00e3o as novas cores com cara de luxo em 2026 - Estado de Minas - Em foco","isPartOf":{"@id":"https:\/\/www.em.com.br\/emfoco\/#website"},"primaryImageOfPage":{"@id":"https:\/\/www.em.com.br\/emfoco\/2026\/04\/28\/o-fim-do-preto-absoluto-essas-sao-as-novas-cores-com-cara-de-luxo-em-2026\/#primaryimage"},"image":{"@id":"https:\/\/www.em.com.br\/emfoco\/2026\/04\/28\/o-fim-do-preto-absoluto-essas-sao-as-novas-cores-com-cara-de-luxo-em-2026\/#primaryimage"},"thumbnailUrl":"https:\/\/www.em.com.br\/emfoco\/wp-content\/uploads\/2026\/04\/EmFoco_56-7.jpg","datePublished":"2026-04-28T17:25:00+00:00","dateModified":"2026-04-27T18:56:13+00:00","author":{"@id":"https:\/\/www.em.com.br\/emfoco\/#\/schema\/person\/0a8186d72f2c3a5c6276d90b41f271a0"},"description":"As novas cores do luxo substituem o preto e transformam a moda. Saiba como usar tons terrosos e azul profundo para ter mais eleg\u00e2ncia.","breadcrumb":{"@id":"https:\/\/www.em.com.br\/emfoco\/2026\/04\/28\/o-fim-do-preto-absoluto-essas-sao-as-novas-cores-com-cara-de-luxo-em-2026\/#breadcrumb"},"inLanguage":"pt-BR","potentialAction":[{"@type":"ReadAction","target":["https:\/\/www.em.com.br\/emfoco\/2026\/04\/28\/o-fim-do-preto-absoluto-essas-sao-as-novas-cores-com-cara-de-luxo-em-2026\/"]}]},{"@type":"ImageObject","inLanguage":"pt-BR","@id":"https:\/\/www.em.com.br\/emfoco\/2026\/04\/28\/o-fim-do-preto-absoluto-essas-sao-as-novas-cores-com-cara-de-luxo-em-2026\/#primaryimage","url":"https:\/\/www.em.com.br\/emfoco\/wp-content\/uploads\/2026\/04\/EmFoco_56-7.jpg","contentUrl":"https:\/\/www.em.com.br\/emfoco\/wp-content\/uploads\/2026\/04\/EmFoco_56-7.jpg","width":1280,"height":720,"caption":"Tons profundos como marrom e azul substituem o preto na sofistica\u00e7\u00e3o da moda atual"},{"@type":"BreadcrumbList","@id":"https:\/\/www.em.com.br\/emfoco\/2026\/04\/28\/o-fim-do-preto-absoluto-essas-sao-as-novas-cores-com-cara-de-luxo-em-2026\/#breadcrumb","itemListElement":[{"@type":"ListItem","position":1,"name":"In\u00edcio","item":"https:\/\/www.em.com.br\/emfoco\/"},{"@type":"ListItem","position":2,"name":"O fim do preto absoluto, essas s\u00e3o as novas cores com cara de luxo em 2026"}]},{"@type":"WebSite","@id":"https:\/\/www.em.com.br\/emfoco\/#website","url":"https:\/\/www.em.com.br\/emfoco\/","name":"Estado de Minas - Em foco","description":"Acompanhe as \u00faltimas not\u00edcias e fique bem informado sobre tudo o que acontece em Minas Gerais, Brasil e no mundo.","potentialAction":[{"@type":"SearchAction","target":{"@type":"EntryPoint","urlTemplate":"https:\/\/www.em.com.br\/emfoco\/?s={search_term_string}"},"query-input":{"@type":"PropertyValueSpecification","valueRequired":true,"valueName":"search_term_string"}}],"inLanguage":"pt-BR"},{"@type":"Person","@id":"https:\/\/www.em.com.br\/emfoco\/#\/schema\/person\/0a8186d72f2c3a5c6276d90b41f271a0","name":"Daniely Cardoso","image":{"@type":"ImageObject","inLanguage":"pt-BR","@id":"https:\/\/www.em.com.br\/emfoco\/#\/schema\/person\/image\/","url":"https:\/\/secure.gravatar.com\/avatar\/4b80ddbd124d1f071b626d52d62e5dff?s=96&d=mm&r=g","contentUrl":"https:\/\/secure.gravatar.com\/avatar\/4b80ddbd124d1f071b626d52d62e5dff?s=96&d=mm&r=g","caption":"Daniely Cardoso"},"url":"https:\/\/www.em.com.br\/emfoco\/author\/danielymyth\/"}]}},"_links":{"self":[{"href":"https:\/\/www.em.com.br\/emfoco\/wp-json\/wp\/v2\/posts\/200238","targetHints":{"allow":["GET"]}}],"collection":[{"href":"https:\/\/www.em.com.br\/emfoco\/wp-json\/wp\/v2\/posts"}],"about":[{"href":"https:\/\/www.em.com.br\/emfoco\/wp-json\/wp\/v2\/types\/post"}],"author":[{"embeddable":true,"href":"https:\/\/www.em.com.br\/emfoco\/wp-json\/wp\/v2\/users\/9"}],"replies":[{"embeddable":true,"href":"https:\/\/www.em.com.br\/emfoco\/wp-json\/wp\/v2\/comments?post=200238"}],"version-history":[{"count":1,"href":"https:\/\/www.em.com.br\/emfoco\/wp-json\/wp\/v2\/posts\/200238\/revisions"}],"predecessor-version":[{"id":200239,"href":"https:\/\/www.em.com.br\/emfoco\/wp-json\/wp\/v2\/posts\/200238\/revisions\/200239"}],"wp:featuredmedia":[{"embeddable":true,"href":"https:\/\/www.em.com.br\/emfoco\/wp-json\/wp\/v2\/media\/200638"}],"wp:attachment":[{"href":"https:\/\/www.em.com.br\/emfoco\/wp-json\/wp\/v2\/media?parent=200238"}],"wp:term":[{"taxonomy":"category","embeddable":true,"href":"https:\/\/www.em.com.br\/emfoco\/wp-json\/wp\/v2\/categories?post=200238"},{"taxonomy":"post_tag","embeddable":true,"href":"https:\/\/www.em.com.br\/emfoco\/wp-json\/wp\/v2\/tags?post=200238"}],"curies":[{"name":"wp","href":"https:\/\/api.w.org\/{rel}","templated":true}]}}