{"id":200236,"date":"2026-04-28T13:15:00","date_gmt":"2026-04-28T16:15:00","guid":{"rendered":"https:\/\/www.em.com.br\/emfoco\/?p=200236"},"modified":"2026-04-27T15:56:20","modified_gmt":"2026-04-27T18:56:20","slug":"mito-de-cinema-a-ciencia-por-tras-do-pepino-nos-olhos-que-reduz-o-inchaco-matinal","status":"publish","type":"post","link":"https:\/\/www.em.com.br\/emfoco\/2026\/04\/28\/mito-de-cinema-a-ciencia-por-tras-do-pepino-nos-olhos-que-reduz-o-inchaco-matinal\/","title":{"rendered":"Mito de cinema? A ci\u00eancia por tr\u00e1s do pepino nos olhos que reduz o incha\u00e7o matinal"},"content":{"rendered":"\n<p>Juliana acordou com marcas escuras no rosto e buscou imediatamente fatias geladas de <strong>pepino para olheiras<\/strong>. Ser\u00e1 que esse m\u00e9todo caseiro cl\u00e1ssico realmente possui algum poder biol\u00f3gico real de tratamento est\u00e9tico?<\/p>\n\n\n\n<h2 class=\"wp-block-heading\">O pepino para olheiras tem efeito real?<\/h2>\n\n\n\n<p>O resfriamento provocado pelo vegetal gelado causa uma contra\u00e7\u00e3o imediata dos vasos sangu\u00edneos localizados na regi\u00e3o dos olhos cansados. Essa rea\u00e7\u00e3o t\u00e9rmica ajuda a diminuir o incha\u00e7o matinal provocado pela reten\u00e7\u00e3o de l\u00edquidos que ocorre durante o repouso noturno prolongado. Voc\u00ea sentir\u00e1 um <strong>al\u00edvio refrescante<\/strong> que melhora a apar\u00eancia da face cansada logo ap\u00f3s os primeiros minutos de contato direto.<\/p>\n\n\n\n<p>Al\u00e9m do resfriamento, o vegetal possui propriedades hidratantes que ajudam a manter a pele sens\u00edvel muito mais macia e vi\u00e7osa. O \u00e1cido asc\u00f3rbico presente na polpa atua como um <strong>agente calmante<\/strong> natural que reduz a vermelhid\u00e3o superficial da derme irritada. Esse processo nutritivo proporciona uma <strong>sensa\u00e7\u00e3o de bem-estar<\/strong> imediata para quem enfrenta jornadas de trabalho exaustivas e noites mal dormidas.<\/p>\n\n\n<div class=\"wp-block-image\">\n<figure class=\"aligncenter size-large\"><img loading=\"lazy\" decoding=\"async\" width=\"1024\" height=\"576\" src=\"https:\/\/www.em.com.br\/emfoco\/wp-content\/uploads\/2026\/04\/pepino-no-olho_1774988952620-1024x576.jpg\" alt=\"Pepino para olheiras\" class=\"wp-image-187865\" srcset=\"https:\/\/www.em.com.br\/emfoco\/wp-content\/uploads\/2026\/04\/pepino-no-olho_1774988952620-1024x576.jpg 1024w, https:\/\/www.em.com.br\/emfoco\/wp-content\/uploads\/2026\/04\/pepino-no-olho_1774988952620-300x169.jpg 300w, https:\/\/www.em.com.br\/emfoco\/wp-content\/uploads\/2026\/04\/pepino-no-olho_1774988952620-768x432.jpg 768w, https:\/\/www.em.com.br\/emfoco\/wp-content\/uploads\/2026\/04\/pepino-no-olho_1774988952620-750x422.jpg 750w, https:\/\/www.em.com.br\/emfoco\/wp-content\/uploads\/2026\/04\/pepino-no-olho_1774988952620-1140x641.jpg 1140w, https:\/\/www.em.com.br\/emfoco\/wp-content\/uploads\/2026\/04\/pepino-no-olho_1774988952620.jpg 1280w\" sizes=\"auto, (max-width: 1024px) 100vw, 1024px\" \/><figcaption class=\"wp-element-caption\">Para que o pepino para olheiras apresente resultados vis\u00edveis, a temperatura do vegetal deve estar gelada no momento da aplica\u00e7\u00e3o t\u00f3pica. &#8211; Cr\u00e9ditos: depositphotos.com \/ solosana<\/figcaption><\/figure><\/div>\n\n\n<p>Leia tamb\u00e9m: <a href=\"https:\/\/www.em.com.br\/emfoco\/2026\/04\/26\/estes-5-minutos-de-autocuidado-no-banho-podem-transformar-a-autoestima-da-mulher-40-no-dia-a-dia\/\" target=\"_blank\" rel=\"noreferrer noopener\">Estes 5 minutos de autocuidado no banho podem transformar a autoestima da mulher 40+ no dia a dia<\/a><\/p>\n\n\n\n<h2 class=\"wp-block-heading\">Como usar o pepino para olheiras corretamente?<\/h2>\n\n\n\n<p>Corte duas rodelas m\u00e9dias e coloque no congelador por alguns minutos para que elas atinjam a temperatura ideal de aplica\u00e7\u00e3o. Deite em um local confort\u00e1vel e mantenha os olhos fechados enquanto as fatias repousam sobre as p\u00e1lpebras por dez minutos. Essa pr\u00e1tica garante que os <strong>compostos ativos<\/strong> vegetais penetrem profundamente na pele sem causar nenhum tipo de alergia ou irrita\u00e7\u00e3o.<\/p>\n\n\n\n<p>A higieniza\u00e7\u00e3o pr\u00e9via do rosto \u00e9 fundamental para remover impurezas e restos de maquiagem que podem bloquear a absor\u00e7\u00e3o dos nutrientes. Lave a face com <strong>sab\u00e3o neutro<\/strong> e utilize \u00e1gua fria para preparar os poros para receberem o tratamento caseiro hidratante. Finalizar o ritual com uma <strong>massagem circular<\/strong> leve potencializa a drenagem linf\u00e1tica e deixa o olhar muito mais iluminado e descansado.<\/p>\n\n\n\n<figure class=\"wp-block-embed is-type-rich is-provider-pinterest wp-block-embed-pinterest\"><div class=\"wp-block-embed__wrapper\">\n<iframe loading=\"lazy\" title=\"Manter a pele perfeita requer alguns passos a passos, e fazer sua m\u00e1scara de pepino nao poderia ficar de fora, j\u00e1 que o pepino \u00e9 rico em \u00e1gua e ajuda a manter uma pele hidratada e macia. Al\u00e9m de conter antioxidantes, como a vitamina C, que ajudam a combater os danos causados \u200b\u200bpelos radicais livres, eliminando as olheiras. Sigam para mais dicas!\" src=\"https:\/\/assets.pinterest.com\/ext\/embed.html?id=1033787289442330850&#038;src=oembed\" height=\"899\" width=\"450\" frameborder=\"0\" scrolling=\"no\" ><\/iframe>\n<\/div><\/figure>\n\n\n\n<h2 class=\"wp-block-heading\">Qual o benef\u00edcio do pepino para olheiras?<\/h2>\n\n\n\n<p>O uso frequente deste ingrediente natural auxilia na regenera\u00e7\u00e3o da barreira cut\u00e2nea fina que protege a cavidade ocular contra agentes externos. Ele atua como um potente <strong>antioxidante natural<\/strong> que combate os radicais livres respons\u00e1veis pelo envelhecimento precoce das c\u00e9lulas do nosso rosto. Manter a regi\u00e3o hidratada impede o surgimento de <strong>linhas de express\u00e3o<\/strong> finas que costumam aparecer com o passar dos anos de exposi\u00e7\u00e3o.<\/p>\n\n\n\n<p>Embora n\u00e3o remova o pigmento gen\u00e9tico profundo, o m\u00e9todo funciona como uma excelente ferramenta de manuten\u00e7\u00e3o di\u00e1ria para o seu visual. O equil\u00edbrio entre o descanso adequado e a aplica\u00e7\u00e3o de <strong>t\u00e9cnicas caseiras<\/strong> eficientes promove uma sa\u00fade dermatol\u00f3gica vis\u00edvel e duradoura. Aproveite as propriedades da natureza para manter sua <strong>autoestima elevada<\/strong> sem precisar gastar fortunas com procedimentos est\u00e9ticos complexos e invasivos.<\/p>\n\n\n\n<p>Para voc\u00ea que gosta de se cuidar, separamos um v\u00eddeo do canal da <a href=\"https:\/\/www.youtube.com\/@PatriciaElias\" target=\"_blank\" rel=\"noreferrer noopener\">Patricia Elias<\/a> com dicas para tratar as olheiras:<\/p>\n\n\n\n<figure class=\"wp-block-embed is-type-video is-provider-youtube wp-block-embed-youtube wp-embed-aspect-16-9 wp-has-aspect-ratio\"><div class=\"wp-block-embed__wrapper\">\n<div class=\"jeg_video_container jeg_video_content\"><iframe loading=\"lazy\" title=\"ACABE com as OLHEIRAS - Guia Completo Para Tratar em Casa\" width=\"500\" height=\"281\" src=\"https:\/\/www.youtube.com\/embed\/T8_xAj58b-Q?start=315&#038;feature=oembed\" frameborder=\"0\" allow=\"accelerometer; autoplay; clipboard-write; encrypted-media; gyroscope; picture-in-picture; web-share\" referrerpolicy=\"strict-origin-when-cross-origin\" allowfullscreen><\/iframe><\/div>\n<\/div><\/figure>\n\n\n\n<h2 class=\"wp-block-heading\">Alimentos que ajudam a clarear o olhar<\/h2>\n\n\n\n<p>Manter uma alimenta\u00e7\u00e3o rica em nutrientes espec\u00edficos ajuda a fortalecer a parede dos vasos sangu\u00edneos e reduz o tom arroxeado. O consumo de frutas c\u00edtricas melhora a <strong>s\u00edntese de col\u00e1geno<\/strong> e garante que a pele ao redor dos olhos permane\u00e7a firme. Voc\u00ea deve priorizar itens que tragam <strong>vitaminas vitais<\/strong> para que o corpo consiga realizar o reparo tecidual necess\u00e1rio durante o sono.<\/p>\n\n\n\n<p>Alguns ingredientes possuem propriedades que complementam a a\u00e7\u00e3o externa do vegetal e trazem resultados muito mais r\u00e1pidos e satisfat\u00f3rios para todos. A escolha consciente do que ingerir reflete diretamente na <strong>sa\u00fade cut\u00e2nea<\/strong> e na redu\u00e7\u00e3o das bolsas volumosas que incomodam tanto.<\/p>\n\n\n\n<ul class=\"wp-block-list\">\n<li>O mirtilo possui <strong>antocianinas potentes<\/strong> que melhoram a microcircula\u00e7\u00e3o perif\u00e9rica da face de maneira bastante eficaz.<\/li>\n\n\n\n<li>A cenoura oferece <strong>betacaroteno puro<\/strong> que auxilia na renova\u00e7\u00e3o celular constante e protege contra os danos solares.<\/li>\n\n\n\n<li>O espinafre cont\u00e9m <strong>vitamina K<\/strong> que ajuda na coagula\u00e7\u00e3o sangu\u00ednea e evita o escurecimento excessivo da p\u00e1lpebra.<\/li>\n<\/ul>\n\n\n\n<figure class=\"wp-block-embed is-type-rich is-provider-pinterest wp-block-embed-pinterest\"><div class=\"wp-block-embed__wrapper\">\n<iframe loading=\"lazy\" title=\"Diga adeus as olheiras e ol\u00e1 para uma pele renovada e iluminada! Experimente o poder revitalizante do suco de pepino caseiro para combater as olheiras e deixar sua pele brilhando de sa\u00fade. Com ingredientes naturais e frescos, este suco \u00e9 a escolha perfeita para aqueles que buscam um estilo de vida saud\u00e1vel e uma pele radiante. Siga nosso perfil para receber mais dicas!\" src=\"https:\/\/assets.pinterest.com\/ext\/embed.html?id=616993217719909769&#038;src=oembed\" height=\"899\" width=\"450\" frameborder=\"0\" scrolling=\"no\" ><\/iframe>\n<\/div><\/figure>\n\n\n\n<h2 class=\"wp-block-heading\">Cuide da sua pele diariamente<\/h2>\n\n\n\n<p>Mantenha sua rotina de hidrata\u00e7\u00e3o sempre atualizada com produtos de boa qualidade e proced\u00eancia. Beba muita \u00e1gua para favorecer a <strong>elimina\u00e7\u00e3o de toxinas<\/strong> e garantir um brilho natural saud\u00e1vel. O autocuidado di\u00e1rio traz <strong>resultados vis\u00edveis<\/strong> e duradouros para sua imagem pessoal.<\/p>\n\n\n\n<p>Evite dormir com maquiagem ou produtos pesados que obstruam a respira\u00e7\u00e3o celular da sua derme sens\u00edvel. Procure relaxar a mente para diminuir os <strong>n\u00edveis de estresse<\/strong> que prejudicam a beleza do seu rosto. Valorize seu tempo de descanso e cultive <strong>h\u00e1bitos positivos<\/strong> para sua longevidade.<\/p>\n\n\n\n<p><\/p>\n","protected":false},"excerpt":{"rendered":"<p>Juliana acordou com marcas escuras no rosto e buscou imediatamente fatias geladas de pepino para olheiras. Ser\u00e1 que esse m\u00e9todo caseiro cl\u00e1ssico realmente possui algum poder biol\u00f3gico real de tratamento est\u00e9tico? O pepino para olheiras tem efeito real? O resfriamento provocado pelo vegetal gelado causa uma contra\u00e7\u00e3o imediata dos vasos sangu\u00edneos localizados na regi\u00e3o dos [&hellip;]<\/p>\n","protected":false},"author":9,"featured_media":200637,"comment_status":"open","ping_status":"open","sticky":false,"template":"","format":"standard","meta":{"jnews-multi-image_gallery":[],"jnews_single_post":{"format":"standard"},"jnews_primary_category":[],"jnews_social_meta":[],"jnews_override_counter":[],"footnotes":""},"categories":[8691,29],"tags":[6394,27118,20632],"class_list":["post-200236","post","type-post","status-publish","format-standard","has-post-thumbnail","hentry","category-bem-estar","category-entretenimento","tag-cuidado-com-a-pele","tag-estetica-facial","tag-remedio-caseiro"],"yoast_head":"<!-- This site is optimized with the Yoast SEO plugin v23.8 - https:\/\/yoast.com\/wordpress\/plugins\/seo\/ -->\n<title>Mito de cinema? A ci\u00eancia por tr\u00e1s do pepino nos olhos que reduz o incha\u00e7o matinal - Estado de Minas - Em foco<\/title>\n<meta name=\"description\" content=\"Saiba se o uso de pepino para olheiras funciona ou se \u00e9 mito. Veja dicas pr\u00e1ticas para reduzir o incha\u00e7o e clarear seu olhar naturalmente.\" \/>\n<meta name=\"robots\" content=\"index, follow, max-snippet:-1, max-image-preview:large, max-video-preview:-1\" \/>\n<link rel=\"canonical\" href=\"https:\/\/www.em.com.br\/emfoco\/2026\/04\/28\/mito-de-cinema-a-ciencia-por-tras-do-pepino-nos-olhos-que-reduz-o-inchaco-matinal\/\" \/>\n<meta property=\"og:locale\" content=\"pt_BR\" \/>\n<meta property=\"og:type\" content=\"article\" \/>\n<meta property=\"og:title\" content=\"Mito de cinema? A ci\u00eancia por tr\u00e1s do pepino nos olhos que reduz o incha\u00e7o matinal - Estado de Minas - Em foco\" \/>\n<meta property=\"og:description\" content=\"Saiba se o uso de pepino para olheiras funciona ou se \u00e9 mito. Veja dicas pr\u00e1ticas para reduzir o incha\u00e7o e clarear seu olhar naturalmente.\" \/>\n<meta property=\"og:url\" content=\"https:\/\/www.em.com.br\/emfoco\/2026\/04\/28\/mito-de-cinema-a-ciencia-por-tras-do-pepino-nos-olhos-que-reduz-o-inchaco-matinal\/\" \/>\n<meta property=\"og:site_name\" content=\"Estado de Minas - Em foco\" \/>\n<meta property=\"article:published_time\" content=\"2026-04-28T16:15:00+00:00\" \/>\n<meta property=\"article:modified_time\" content=\"2026-04-27T18:56:20+00:00\" \/>\n<meta property=\"og:image\" content=\"https:\/\/www.em.com.br\/emfoco\/wp-content\/uploads\/2026\/04\/EmFoco_57-7.jpg\" \/>\n\t<meta property=\"og:image:width\" content=\"1280\" \/>\n\t<meta property=\"og:image:height\" content=\"720\" \/>\n\t<meta property=\"og:image:type\" content=\"image\/jpeg\" \/>\n<meta name=\"author\" content=\"Daniely Cardoso\" \/>\n<meta name=\"twitter:card\" content=\"summary_large_image\" \/>\n<meta name=\"twitter:label1\" content=\"Escrito por\" \/>\n\t<meta name=\"twitter:data1\" content=\"Daniely Cardoso\" \/>\n\t<meta name=\"twitter:label2\" content=\"Est. tempo de leitura\" \/>\n\t<meta name=\"twitter:data2\" content=\"5 minutos\" \/>\n<!-- \/ Yoast SEO plugin. -->","yoast_head_json":{"title":"Mito de cinema? A ci\u00eancia por tr\u00e1s do pepino nos olhos que reduz o incha\u00e7o matinal - Estado de Minas - Em foco","description":"Saiba se o uso de pepino para olheiras funciona ou se \u00e9 mito. Veja dicas pr\u00e1ticas para reduzir o incha\u00e7o e clarear seu olhar naturalmente.","robots":{"index":"index","follow":"follow","max-snippet":"max-snippet:-1","max-image-preview":"max-image-preview:large","max-video-preview":"max-video-preview:-1"},"canonical":"https:\/\/www.em.com.br\/emfoco\/2026\/04\/28\/mito-de-cinema-a-ciencia-por-tras-do-pepino-nos-olhos-que-reduz-o-inchaco-matinal\/","og_locale":"pt_BR","og_type":"article","og_title":"Mito de cinema? A ci\u00eancia por tr\u00e1s do pepino nos olhos que reduz o incha\u00e7o matinal - Estado de Minas - Em foco","og_description":"Saiba se o uso de pepino para olheiras funciona ou se \u00e9 mito. Veja dicas pr\u00e1ticas para reduzir o incha\u00e7o e clarear seu olhar naturalmente.","og_url":"https:\/\/www.em.com.br\/emfoco\/2026\/04\/28\/mito-de-cinema-a-ciencia-por-tras-do-pepino-nos-olhos-que-reduz-o-inchaco-matinal\/","og_site_name":"Estado de Minas - Em foco","article_published_time":"2026-04-28T16:15:00+00:00","article_modified_time":"2026-04-27T18:56:20+00:00","og_image":[{"width":1280,"height":720,"url":"https:\/\/www.em.com.br\/emfoco\/wp-content\/uploads\/2026\/04\/EmFoco_57-7.jpg","type":"image\/jpeg"}],"author":"Daniely Cardoso","twitter_card":"summary_large_image","twitter_misc":{"Escrito por":"Daniely Cardoso","Est. tempo de leitura":"5 minutos"},"schema":{"@context":"https:\/\/schema.org","@graph":[{"@type":"WebPage","@id":"https:\/\/www.em.com.br\/emfoco\/2026\/04\/28\/mito-de-cinema-a-ciencia-por-tras-do-pepino-nos-olhos-que-reduz-o-inchaco-matinal\/","url":"https:\/\/www.em.com.br\/emfoco\/2026\/04\/28\/mito-de-cinema-a-ciencia-por-tras-do-pepino-nos-olhos-que-reduz-o-inchaco-matinal\/","name":"Mito de cinema? A ci\u00eancia por tr\u00e1s do pepino nos olhos que reduz o incha\u00e7o matinal - Estado de Minas - Em foco","isPartOf":{"@id":"https:\/\/www.em.com.br\/emfoco\/#website"},"primaryImageOfPage":{"@id":"https:\/\/www.em.com.br\/emfoco\/2026\/04\/28\/mito-de-cinema-a-ciencia-por-tras-do-pepino-nos-olhos-que-reduz-o-inchaco-matinal\/#primaryimage"},"image":{"@id":"https:\/\/www.em.com.br\/emfoco\/2026\/04\/28\/mito-de-cinema-a-ciencia-por-tras-do-pepino-nos-olhos-que-reduz-o-inchaco-matinal\/#primaryimage"},"thumbnailUrl":"https:\/\/www.em.com.br\/emfoco\/wp-content\/uploads\/2026\/04\/EmFoco_57-7.jpg","datePublished":"2026-04-28T16:15:00+00:00","dateModified":"2026-04-27T18:56:20+00:00","author":{"@id":"https:\/\/www.em.com.br\/emfoco\/#\/schema\/person\/0a8186d72f2c3a5c6276d90b41f271a0"},"description":"Saiba se o uso de pepino para olheiras funciona ou se \u00e9 mito. Veja dicas pr\u00e1ticas para reduzir o incha\u00e7o e clarear seu olhar naturalmente.","breadcrumb":{"@id":"https:\/\/www.em.com.br\/emfoco\/2026\/04\/28\/mito-de-cinema-a-ciencia-por-tras-do-pepino-nos-olhos-que-reduz-o-inchaco-matinal\/#breadcrumb"},"inLanguage":"pt-BR","potentialAction":[{"@type":"ReadAction","target":["https:\/\/www.em.com.br\/emfoco\/2026\/04\/28\/mito-de-cinema-a-ciencia-por-tras-do-pepino-nos-olhos-que-reduz-o-inchaco-matinal\/"]}]},{"@type":"ImageObject","inLanguage":"pt-BR","@id":"https:\/\/www.em.com.br\/emfoco\/2026\/04\/28\/mito-de-cinema-a-ciencia-por-tras-do-pepino-nos-olhos-que-reduz-o-inchaco-matinal\/#primaryimage","url":"https:\/\/www.em.com.br\/emfoco\/wp-content\/uploads\/2026\/04\/EmFoco_57-7.jpg","contentUrl":"https:\/\/www.em.com.br\/emfoco\/wp-content\/uploads\/2026\/04\/EmFoco_57-7.jpg","width":1280,"height":720,"caption":"A\u00e7\u00e3o t\u00e9rmica do vegetal gelado reduz o incha\u00e7o e hidrata a \u00e1rea dos olhos"},{"@type":"BreadcrumbList","@id":"https:\/\/www.em.com.br\/emfoco\/2026\/04\/28\/mito-de-cinema-a-ciencia-por-tras-do-pepino-nos-olhos-que-reduz-o-inchaco-matinal\/#breadcrumb","itemListElement":[{"@type":"ListItem","position":1,"name":"In\u00edcio","item":"https:\/\/www.em.com.br\/emfoco\/"},{"@type":"ListItem","position":2,"name":"Mito de cinema? A ci\u00eancia por tr\u00e1s do pepino nos olhos que reduz o incha\u00e7o matinal"}]},{"@type":"WebSite","@id":"https:\/\/www.em.com.br\/emfoco\/#website","url":"https:\/\/www.em.com.br\/emfoco\/","name":"Estado de Minas - Em foco","description":"Acompanhe as \u00faltimas not\u00edcias e fique bem informado sobre tudo o que acontece em Minas Gerais, Brasil e no mundo.","potentialAction":[{"@type":"SearchAction","target":{"@type":"EntryPoint","urlTemplate":"https:\/\/www.em.com.br\/emfoco\/?s={search_term_string}"},"query-input":{"@type":"PropertyValueSpecification","valueRequired":true,"valueName":"search_term_string"}}],"inLanguage":"pt-BR"},{"@type":"Person","@id":"https:\/\/www.em.com.br\/emfoco\/#\/schema\/person\/0a8186d72f2c3a5c6276d90b41f271a0","name":"Daniely Cardoso","image":{"@type":"ImageObject","inLanguage":"pt-BR","@id":"https:\/\/www.em.com.br\/emfoco\/#\/schema\/person\/image\/","url":"https:\/\/secure.gravatar.com\/avatar\/4b80ddbd124d1f071b626d52d62e5dff?s=96&d=mm&r=g","contentUrl":"https:\/\/secure.gravatar.com\/avatar\/4b80ddbd124d1f071b626d52d62e5dff?s=96&d=mm&r=g","caption":"Daniely Cardoso"},"url":"https:\/\/www.em.com.br\/emfoco\/author\/danielymyth\/"}]}},"_links":{"self":[{"href":"https:\/\/www.em.com.br\/emfoco\/wp-json\/wp\/v2\/posts\/200236","targetHints":{"allow":["GET"]}}],"collection":[{"href":"https:\/\/www.em.com.br\/emfoco\/wp-json\/wp\/v2\/posts"}],"about":[{"href":"https:\/\/www.em.com.br\/emfoco\/wp-json\/wp\/v2\/types\/post"}],"author":[{"embeddable":true,"href":"https:\/\/www.em.com.br\/emfoco\/wp-json\/wp\/v2\/users\/9"}],"replies":[{"embeddable":true,"href":"https:\/\/www.em.com.br\/emfoco\/wp-json\/wp\/v2\/comments?post=200236"}],"version-history":[{"count":1,"href":"https:\/\/www.em.com.br\/emfoco\/wp-json\/wp\/v2\/posts\/200236\/revisions"}],"predecessor-version":[{"id":200237,"href":"https:\/\/www.em.com.br\/emfoco\/wp-json\/wp\/v2\/posts\/200236\/revisions\/200237"}],"wp:featuredmedia":[{"embeddable":true,"href":"https:\/\/www.em.com.br\/emfoco\/wp-json\/wp\/v2\/media\/200637"}],"wp:attachment":[{"href":"https:\/\/www.em.com.br\/emfoco\/wp-json\/wp\/v2\/media?parent=200236"}],"wp:term":[{"taxonomy":"category","embeddable":true,"href":"https:\/\/www.em.com.br\/emfoco\/wp-json\/wp\/v2\/categories?post=200236"},{"taxonomy":"post_tag","embeddable":true,"href":"https:\/\/www.em.com.br\/emfoco\/wp-json\/wp\/v2\/tags?post=200236"}],"curies":[{"name":"wp","href":"https:\/\/api.w.org\/{rel}","templated":true}]}}