{"id":200232,"date":"2026-04-28T12:55:00","date_gmt":"2026-04-28T15:55:00","guid":{"rendered":"https:\/\/www.em.com.br\/emfoco\/?p=200232"},"modified":"2026-04-27T15:56:44","modified_gmt":"2026-04-27T18:56:44","slug":"adeus-ao-biquini-basico-a-nova-tendencia-que-esta-dominando-a-moda-praia","status":"publish","type":"post","link":"https:\/\/www.em.com.br\/emfoco\/2026\/04\/28\/adeus-ao-biquini-basico-a-nova-tendencia-que-esta-dominando-a-moda-praia\/","title":{"rendered":"Adeus ao biqu\u00edni b\u00e1sico: a nova tend\u00eancia que est\u00e1 dominando a moda praia"},"content":{"rendered":"\n<p>Clara organizava sua mala de viagem e percebeu que a <strong>moda praia 2026<\/strong> transformou pe\u00e7as simples em joias de luxo para o ver\u00e3o. Qual seria o segredo por tr\u00e1s dos cortes assim\u00e9tricos que prometem dominar as areias mais famosas do pa\u00eds nesta temporada?<\/p>\n\n\n\n<h2 class=\"wp-block-heading\">O que define o biqu\u00edni elegante nesta temporada?<\/h2>\n\n\n\n<p>O design minimalista deu lugar a detalhes estruturados que valorizam o corpo feminino com uma sofistica\u00e7\u00e3o jamais vista anteriormente. As pe\u00e7as atuais fogem do \u00f3bvio ao integrar elementos de alfaiataria fina em tecidos que suportam a <strong>\u00e1gua salgada<\/strong> perfeitamente durante todo o dia. Designers renomados focam em <strong>pe\u00e7as vers\u00e1teis<\/strong> que transitam entre a areia e eventos sociais luxuosos ao p\u00f4r do sol de forma org\u00e2nica.<\/p>\n\n\n\n<p>As cores neutras agora dividem espa\u00e7o com tons terrosos profundos que real\u00e7am o bronzeado de forma muito natural e elegante em qualquer pele. Esse novo conceito de vestu\u00e1rio prioriza <strong>materiais tecnol\u00f3gicos<\/strong> capazes de garantir durabilidade extrema mesmo sob a radia\u00e7\u00e3o solar mais forte do meio-dia. O luxo silencioso dita as regras para quem busca <strong>beleza atemporal<\/strong> sem precisar recorrer a estampas chamativas ou logos evidentes em excesso.<\/p>\n\n\n<div class=\"wp-block-image\">\n<figure class=\"aligncenter size-large\"><img loading=\"lazy\" decoding=\"async\" width=\"1024\" height=\"576\" src=\"https:\/\/www.em.com.br\/emfoco\/wp-content\/uploads\/2025\/12\/Gemini_Generated_Image_o6uaito6uaito6ua-1-1024x576.png\" alt=\"moda praia 2026\" class=\"wp-image-141421\" srcset=\"https:\/\/www.em.com.br\/emfoco\/wp-content\/uploads\/2025\/12\/Gemini_Generated_Image_o6uaito6uaito6ua-1-1024x576.png 1024w, https:\/\/www.em.com.br\/emfoco\/wp-content\/uploads\/2025\/12\/Gemini_Generated_Image_o6uaito6uaito6ua-1-300x169.png 300w, https:\/\/www.em.com.br\/emfoco\/wp-content\/uploads\/2025\/12\/Gemini_Generated_Image_o6uaito6uaito6ua-1-768x432.png 768w, https:\/\/www.em.com.br\/emfoco\/wp-content\/uploads\/2025\/12\/Gemini_Generated_Image_o6uaito6uaito6ua-1-750x422.png 750w, https:\/\/www.em.com.br\/emfoco\/wp-content\/uploads\/2025\/12\/Gemini_Generated_Image_o6uaito6uaito6ua-1-1140x641.png 1140w, https:\/\/www.em.com.br\/emfoco\/wp-content\/uploads\/2025\/12\/Gemini_Generated_Image_o6uaito6uaito6ua-1.png 1280w\" sizes=\"auto, (max-width: 1024px) 100vw, 1024px\" \/><figcaption class=\"wp-element-caption\">O design minimalista deu lugar a detalhes estruturados que valorizam o corpo feminino com uma sofistica\u00e7\u00e3o jamais vista anteriormente<\/figcaption><\/figure><\/div>\n\n\n<p>Leia tambpem: <a href=\"https:\/\/www.em.com.br\/emfoco\/2026\/01\/01\/gigante-da-moda-fecha-136-lojas-e-aposta-tudo-em-superlojas-digitais\/\" target=\"_blank\" rel=\"noreferrer noopener\">Gigante da moda fecha 136 lojas e aposta tudo em superlojas digitais<\/a><\/p>\n\n\n\n<h2 class=\"wp-block-heading\">Quais as texturas da moda praia 2026?<\/h2>\n\n\n\n<p>O toque sensorial dos novos materiais \u00e9 o grande protagonista que dita o ritmo das cole\u00e7\u00f5es de <strong>moda praia 2026<\/strong> atuais e inovadoras. O jacquard e o tric\u00f4 trabalhado aparecem com for\u00e7a total para criar um <strong>efeito visual<\/strong> tridimensional que valoriza todas as curvas de maneira suave. Essas ricas texturas disfar\u00e7am pequenas imperfei\u00e7\u00f5es e proporcionam um <strong>caimento impec\u00e1vel<\/strong> para diversos biotipos de mulheres modernas que buscam qualidade superior no guarda-roupa.<\/p>\n\n\n\n<p>A busca por exclusividade absoluta motivou o retorno de t\u00e9cnicas artesanais que elevam o status de qualquer conjunto de banho tradicional de ver\u00e3o. O mercado oferece agora <strong>op\u00e7\u00f5es sustent\u00e1veis<\/strong> fabricadas a partir de fibras recicladas que apresentam uma performance t\u00e9cnica muito superior aos tecidos sint\u00e9ticos comuns. A lista a seguir detalha as principais escolhas t\u00eaxteis para quem deseja estar alinhada com os <strong>padr\u00f5es est\u00e9ticos<\/strong> internacionais de alto luxo.<\/p>\n\n\n\n<ul class=\"wp-block-list\">\n<li>Tric\u00f4 com <strong>fios met\u00e1licos<\/strong> para um brilho sofisticado e discreto durante as festas de fim de tarde no iate.<\/li>\n\n\n\n<li>Lycra com <strong>toque aveludado<\/strong> que oferece maciez incompar\u00e1vel para a pele sens\u00edvel e um conforto t\u00e9rmico excelente sob o sol.<\/li>\n\n\n\n<li>Tramas caneladas que auxiliam na <strong>compress\u00e3o estrat\u00e9gica<\/strong> e modelagem suave do abd\u00f4men sem causar nenhum tipo de desconforto f\u00edsico.<\/li>\n<\/ul>\n\n\n\n<figure class=\"wp-block-embed is-type-rich is-provider-pinterest wp-block-embed-pinterest\"><div class=\"wp-block-embed__wrapper\">\n<iframe loading=\"lazy\" title=\"@jadedlondon\" src=\"https:\/\/assets.pinterest.com\/ext\/embed.html?id=563018698587678&#038;src=oembed\" height=\"579\" width=\"450\" frameborder=\"0\" scrolling=\"no\" ><\/iframe>\n<\/div><\/figure>\n\n\n\n<h2 class=\"wp-block-heading\">Como os acess\u00f3rios valorizam a moda praia 2026?<\/h2>\n\n\n\n<p>Complementar o conjunto com elementos met\u00e1licos fixos traz um ar de modernidade instant\u00e2nea para qualquer produ\u00e7\u00e3o de <strong>moda praia 2026<\/strong> requintada e atual. Fivelas de resina de alta qualidade e aros banhados a metais nobres transformam o biqu\u00edni b\u00e1sico em um <strong>item de luxo<\/strong> completo. Esses detalhes foram minuciosamente projetados para resistir \u00e0 <strong>a\u00e7\u00e3o corrosiva<\/strong> do sal marinho e manter a est\u00e9tica brilhante por muito tempo de uso.<\/p>\n\n\n\n<p>O uso de sa\u00eddas de banho longas e fluidas completa o visual com uma harmonia visual impressionante para caminhar pela orla com classe. Escolha chap\u00e9us de palha com <strong>tramas densas<\/strong> para adicionar um toque de mist\u00e9rio e garantir uma prote\u00e7\u00e3o facial muito mais eficiente no calor. O objetivo principal \u00e9 criar <strong>combina\u00e7\u00f5es inteligentes<\/strong> que funcionam bem em resorts luxuosos ou em clubes privativos durante as t\u00e3o esperadas f\u00e9rias.<\/p>\n\n\n\n<p>Para voc\u00ea que gosta de se vestir bem, separamos um v\u00eddeo do canal da <a href=\"https:\/\/www.youtube.com\/@SuelenNickel\" target=\"_blank\" rel=\"noreferrer noopener\">Suelen Nickel <\/a>com dicas para moda praia 2026:<\/p>\n\n\n\n<figure class=\"wp-block-embed is-type-video is-provider-youtube wp-block-embed-youtube wp-embed-aspect-16-9 wp-has-aspect-ratio\"><div class=\"wp-block-embed__wrapper\">\n<div class=\"jeg_video_container jeg_video_content\"><iframe loading=\"lazy\" title=\"Vamos falar de Moda Praia 2026?!\" width=\"500\" height=\"281\" src=\"https:\/\/www.youtube.com\/embed\/NtIcjNz0aOc?feature=oembed\" frameborder=\"0\" allow=\"accelerometer; autoplay; clipboard-write; encrypted-media; gyroscope; picture-in-picture; web-share\" referrerpolicy=\"strict-origin-when-cross-origin\" allowfullscreen><\/iframe><\/div>\n<\/div><\/figure>\n\n\n\n<h2 class=\"wp-block-heading\">Por que a moda praia 2026 prioriza o conforto?<\/h2>\n\n\n\n<p>A modelagem de cintura alta retorna com for\u00e7a atrav\u00e9s de recortes laterais que ajudam a alongar a silhueta da <strong>moda praia 2026<\/strong> contempor\u00e2nea global. Muitos modelos inovadores apresentam <strong>al\u00e7as remov\u00edveis<\/strong> que permitem diferentes tipos de amarra\u00e7\u00f5es criativas para variar o visual todos os dias da viagem. Aproveite a imensa variedade de cortes dispon\u00edveis para encontrar aquele modelo espec\u00edfico que proporciona <strong>seguran\u00e7a absoluta<\/strong> durante os seus mergulhos recreativos.<\/p>\n\n\n\n<p>Investir em pe\u00e7as de alta qualidade garante que voc\u00ea ter\u00e1 um guarda-roupa de ver\u00e3o funcional e extremamente duradouro por muitos anos seguidos. A ind\u00fastria foca agora na valoriza\u00e7\u00e3o da <strong>produ\u00e7\u00e3o \u00e9tica<\/strong> e em tecidos nobres que n\u00e3o desbotam facilmente com o uso constante de cloro. Ter pe\u00e7as com <strong>acabamento premium<\/strong> facilita a montagem de looks r\u00e1pidos e sofisticados para aproveitar cada minuto de sol radiante nas f\u00e9rias.<\/p>\n\n\n\n<figure class=\"wp-block-embed is-type-rich is-provider-pinterest wp-block-embed-pinterest\"><div class=\"wp-block-embed__wrapper\">\n<iframe loading=\"lazy\" title=\" \" src=\"https:\/\/assets.pinterest.com\/ext\/embed.html?id=211174977966846&#038;src=oembed\" height=\"775\" width=\"450\" frameborder=\"0\" scrolling=\"no\" ><\/iframe>\n<\/div><\/figure>\n\n\n\n<h2 class=\"wp-block-heading\">Viva o ver\u00e3o com sofistica\u00e7\u00e3o e estilo<\/h2>\n\n\n\n<p>Escolha modelos que reflitam sua personalidade \u00fanica e tragam conforto real para os seus momentos de lazer preferidos no litoral brasileiro. Priorize marcas que investem em <strong>costuras invis\u00edveis<\/strong> para evitar marcas indesejadas na pele ap\u00f3s o banho de mar longo e relaxante. Pequenos ajustes na escolha do modelo fazem <strong>grande diferen\u00e7a<\/strong> na sua percep\u00e7\u00e3o de autoestima e eleg\u00e2ncia em qualquer ambiente p\u00fablico.<\/p>\n\n\n\n<p>Mantenha suas pe\u00e7as sempre bem higienizadas para preservar a elasticidade original das fibras por muitos ver\u00f5es seguidos e produtivos em fam\u00edlia. Experimente novas combina\u00e7\u00f5es de acess\u00f3rios para criar um <strong>estilo aut\u00eantico<\/strong> que fuja totalmente do b\u00e1sico ou do visual comum de sempre. Valorize o seu corpo e aproveite o <strong>clima tropical<\/strong> com muita classe e uma sofistica\u00e7\u00e3o sempre presente em seus dias de sol.<\/p>\n","protected":false},"excerpt":{"rendered":"<p>Clara organizava sua mala de viagem e percebeu que a moda praia 2026 transformou pe\u00e7as simples em joias de luxo para o ver\u00e3o. Qual seria o segredo por tr\u00e1s dos cortes assim\u00e9tricos que prometem dominar as areias mais famosas do pa\u00eds nesta temporada? O que define o biqu\u00edni elegante nesta temporada? O design minimalista deu [&hellip;]<\/p>\n","protected":false},"author":9,"featured_media":200635,"comment_status":"open","ping_status":"open","sticky":false,"template":"","format":"standard","meta":{"jnews-multi-image_gallery":[],"jnews_single_post":{"format":"standard"},"jnews_primary_category":[],"jnews_social_meta":[],"jnews_override_counter":[],"footnotes":""},"categories":[8691,29],"tags":[28843,28844,7991],"class_list":["post-200232","post","type-post","status-publish","format-standard","has-post-thumbnail","hentry","category-bem-estar","category-entretenimento","tag-biquini-elegante","tag-luxo-na-praia","tag-tendencias-de-verao"],"yoast_head":"<!-- This site is optimized with the Yoast SEO plugin v23.8 - https:\/\/yoast.com\/wordpress\/plugins\/seo\/ -->\n<title>Adeus ao biqu\u00edni b\u00e1sico: a nova tend\u00eancia que est\u00e1 dominando a moda praia - Estado de Minas - Em foco<\/title>\n<meta name=\"description\" content=\"As novas tend\u00eancias da moda praia 2026 trazem eleg\u00e2ncia e sofistica\u00e7\u00e3o para o ver\u00e3o. Saiba quais biqu\u00ednis prometem dominar as areias.\" \/>\n<meta name=\"robots\" content=\"index, follow, max-snippet:-1, max-image-preview:large, max-video-preview:-1\" \/>\n<link rel=\"canonical\" href=\"https:\/\/www.em.com.br\/emfoco\/2026\/04\/28\/adeus-ao-biquini-basico-a-nova-tendencia-que-esta-dominando-a-moda-praia\/\" \/>\n<meta property=\"og:locale\" content=\"pt_BR\" \/>\n<meta property=\"og:type\" content=\"article\" \/>\n<meta property=\"og:title\" content=\"Adeus ao biqu\u00edni b\u00e1sico: a nova tend\u00eancia que est\u00e1 dominando a moda praia - Estado de Minas - Em foco\" \/>\n<meta property=\"og:description\" content=\"As novas tend\u00eancias da moda praia 2026 trazem eleg\u00e2ncia e sofistica\u00e7\u00e3o para o ver\u00e3o. Saiba quais biqu\u00ednis prometem dominar as areias.\" \/>\n<meta property=\"og:url\" content=\"https:\/\/www.em.com.br\/emfoco\/2026\/04\/28\/adeus-ao-biquini-basico-a-nova-tendencia-que-esta-dominando-a-moda-praia\/\" \/>\n<meta property=\"og:site_name\" content=\"Estado de Minas - Em foco\" \/>\n<meta property=\"article:published_time\" content=\"2026-04-28T15:55:00+00:00\" \/>\n<meta property=\"article:modified_time\" content=\"2026-04-27T18:56:44+00:00\" \/>\n<meta property=\"og:image\" content=\"https:\/\/www.em.com.br\/emfoco\/wp-content\/uploads\/2026\/04\/EmFoco_59-6.jpg\" \/>\n\t<meta property=\"og:image:width\" content=\"1280\" \/>\n\t<meta property=\"og:image:height\" content=\"720\" \/>\n\t<meta property=\"og:image:type\" content=\"image\/jpeg\" \/>\n<meta name=\"author\" content=\"Daniely Cardoso\" \/>\n<meta name=\"twitter:card\" content=\"summary_large_image\" \/>\n<meta name=\"twitter:label1\" content=\"Escrito por\" \/>\n\t<meta name=\"twitter:data1\" content=\"Daniely Cardoso\" \/>\n\t<meta name=\"twitter:label2\" content=\"Est. tempo de leitura\" \/>\n\t<meta name=\"twitter:data2\" content=\"6 minutos\" \/>\n<!-- \/ Yoast SEO plugin. -->","yoast_head_json":{"title":"Adeus ao biqu\u00edni b\u00e1sico: a nova tend\u00eancia que est\u00e1 dominando a moda praia - Estado de Minas - Em foco","description":"As novas tend\u00eancias da moda praia 2026 trazem eleg\u00e2ncia e sofistica\u00e7\u00e3o para o ver\u00e3o. Saiba quais biqu\u00ednis prometem dominar as areias.","robots":{"index":"index","follow":"follow","max-snippet":"max-snippet:-1","max-image-preview":"max-image-preview:large","max-video-preview":"max-video-preview:-1"},"canonical":"https:\/\/www.em.com.br\/emfoco\/2026\/04\/28\/adeus-ao-biquini-basico-a-nova-tendencia-que-esta-dominando-a-moda-praia\/","og_locale":"pt_BR","og_type":"article","og_title":"Adeus ao biqu\u00edni b\u00e1sico: a nova tend\u00eancia que est\u00e1 dominando a moda praia - Estado de Minas - Em foco","og_description":"As novas tend\u00eancias da moda praia 2026 trazem eleg\u00e2ncia e sofistica\u00e7\u00e3o para o ver\u00e3o. Saiba quais biqu\u00ednis prometem dominar as areias.","og_url":"https:\/\/www.em.com.br\/emfoco\/2026\/04\/28\/adeus-ao-biquini-basico-a-nova-tendencia-que-esta-dominando-a-moda-praia\/","og_site_name":"Estado de Minas - Em foco","article_published_time":"2026-04-28T15:55:00+00:00","article_modified_time":"2026-04-27T18:56:44+00:00","og_image":[{"width":1280,"height":720,"url":"https:\/\/www.em.com.br\/emfoco\/wp-content\/uploads\/2026\/04\/EmFoco_59-6.jpg","type":"image\/jpeg"}],"author":"Daniely Cardoso","twitter_card":"summary_large_image","twitter_misc":{"Escrito por":"Daniely Cardoso","Est. tempo de leitura":"6 minutos"},"schema":{"@context":"https:\/\/schema.org","@graph":[{"@type":"WebPage","@id":"https:\/\/www.em.com.br\/emfoco\/2026\/04\/28\/adeus-ao-biquini-basico-a-nova-tendencia-que-esta-dominando-a-moda-praia\/","url":"https:\/\/www.em.com.br\/emfoco\/2026\/04\/28\/adeus-ao-biquini-basico-a-nova-tendencia-que-esta-dominando-a-moda-praia\/","name":"Adeus ao biqu\u00edni b\u00e1sico: a nova tend\u00eancia que est\u00e1 dominando a moda praia - Estado de Minas - Em foco","isPartOf":{"@id":"https:\/\/www.em.com.br\/emfoco\/#website"},"primaryImageOfPage":{"@id":"https:\/\/www.em.com.br\/emfoco\/2026\/04\/28\/adeus-ao-biquini-basico-a-nova-tendencia-que-esta-dominando-a-moda-praia\/#primaryimage"},"image":{"@id":"https:\/\/www.em.com.br\/emfoco\/2026\/04\/28\/adeus-ao-biquini-basico-a-nova-tendencia-que-esta-dominando-a-moda-praia\/#primaryimage"},"thumbnailUrl":"https:\/\/www.em.com.br\/emfoco\/wp-content\/uploads\/2026\/04\/EmFoco_59-6.jpg","datePublished":"2026-04-28T15:55:00+00:00","dateModified":"2026-04-27T18:56:44+00:00","author":{"@id":"https:\/\/www.em.com.br\/emfoco\/#\/schema\/person\/0a8186d72f2c3a5c6276d90b41f271a0"},"description":"As novas tend\u00eancias da moda praia 2026 trazem eleg\u00e2ncia e sofistica\u00e7\u00e3o para o ver\u00e3o. Saiba quais biqu\u00ednis prometem dominar as areias.","breadcrumb":{"@id":"https:\/\/www.em.com.br\/emfoco\/2026\/04\/28\/adeus-ao-biquini-basico-a-nova-tendencia-que-esta-dominando-a-moda-praia\/#breadcrumb"},"inLanguage":"pt-BR","potentialAction":[{"@type":"ReadAction","target":["https:\/\/www.em.com.br\/emfoco\/2026\/04\/28\/adeus-ao-biquini-basico-a-nova-tendencia-que-esta-dominando-a-moda-praia\/"]}]},{"@type":"ImageObject","inLanguage":"pt-BR","@id":"https:\/\/www.em.com.br\/emfoco\/2026\/04\/28\/adeus-ao-biquini-basico-a-nova-tendencia-que-esta-dominando-a-moda-praia\/#primaryimage","url":"https:\/\/www.em.com.br\/emfoco\/wp-content\/uploads\/2026\/04\/EmFoco_59-6.jpg","contentUrl":"https:\/\/www.em.com.br\/emfoco\/wp-content\/uploads\/2026\/04\/EmFoco_59-6.jpg","width":1280,"height":720,"caption":"Cortes assim\u00e9tricos e tecidos tecnol\u00f3gicos com texturas elevam o biqu\u00edni ao status de luxo"},{"@type":"BreadcrumbList","@id":"https:\/\/www.em.com.br\/emfoco\/2026\/04\/28\/adeus-ao-biquini-basico-a-nova-tendencia-que-esta-dominando-a-moda-praia\/#breadcrumb","itemListElement":[{"@type":"ListItem","position":1,"name":"In\u00edcio","item":"https:\/\/www.em.com.br\/emfoco\/"},{"@type":"ListItem","position":2,"name":"Adeus ao biqu\u00edni b\u00e1sico: a nova tend\u00eancia que est\u00e1 dominando a moda praia"}]},{"@type":"WebSite","@id":"https:\/\/www.em.com.br\/emfoco\/#website","url":"https:\/\/www.em.com.br\/emfoco\/","name":"Estado de Minas - Em foco","description":"Acompanhe as \u00faltimas not\u00edcias e fique bem informado sobre tudo o que acontece em Minas Gerais, Brasil e no mundo.","potentialAction":[{"@type":"SearchAction","target":{"@type":"EntryPoint","urlTemplate":"https:\/\/www.em.com.br\/emfoco\/?s={search_term_string}"},"query-input":{"@type":"PropertyValueSpecification","valueRequired":true,"valueName":"search_term_string"}}],"inLanguage":"pt-BR"},{"@type":"Person","@id":"https:\/\/www.em.com.br\/emfoco\/#\/schema\/person\/0a8186d72f2c3a5c6276d90b41f271a0","name":"Daniely Cardoso","image":{"@type":"ImageObject","inLanguage":"pt-BR","@id":"https:\/\/www.em.com.br\/emfoco\/#\/schema\/person\/image\/","url":"https:\/\/secure.gravatar.com\/avatar\/4b80ddbd124d1f071b626d52d62e5dff?s=96&d=mm&r=g","contentUrl":"https:\/\/secure.gravatar.com\/avatar\/4b80ddbd124d1f071b626d52d62e5dff?s=96&d=mm&r=g","caption":"Daniely Cardoso"},"url":"https:\/\/www.em.com.br\/emfoco\/author\/danielymyth\/"}]}},"_links":{"self":[{"href":"https:\/\/www.em.com.br\/emfoco\/wp-json\/wp\/v2\/posts\/200232","targetHints":{"allow":["GET"]}}],"collection":[{"href":"https:\/\/www.em.com.br\/emfoco\/wp-json\/wp\/v2\/posts"}],"about":[{"href":"https:\/\/www.em.com.br\/emfoco\/wp-json\/wp\/v2\/types\/post"}],"author":[{"embeddable":true,"href":"https:\/\/www.em.com.br\/emfoco\/wp-json\/wp\/v2\/users\/9"}],"replies":[{"embeddable":true,"href":"https:\/\/www.em.com.br\/emfoco\/wp-json\/wp\/v2\/comments?post=200232"}],"version-history":[{"count":1,"href":"https:\/\/www.em.com.br\/emfoco\/wp-json\/wp\/v2\/posts\/200232\/revisions"}],"predecessor-version":[{"id":200233,"href":"https:\/\/www.em.com.br\/emfoco\/wp-json\/wp\/v2\/posts\/200232\/revisions\/200233"}],"wp:featuredmedia":[{"embeddable":true,"href":"https:\/\/www.em.com.br\/emfoco\/wp-json\/wp\/v2\/media\/200635"}],"wp:attachment":[{"href":"https:\/\/www.em.com.br\/emfoco\/wp-json\/wp\/v2\/media?parent=200232"}],"wp:term":[{"taxonomy":"category","embeddable":true,"href":"https:\/\/www.em.com.br\/emfoco\/wp-json\/wp\/v2\/categories?post=200232"},{"taxonomy":"post_tag","embeddable":true,"href":"https:\/\/www.em.com.br\/emfoco\/wp-json\/wp\/v2\/tags?post=200232"}],"curies":[{"name":"wp","href":"https:\/\/api.w.org\/{rel}","templated":true}]}}