{"id":200228,"date":"2026-04-28T10:45:00","date_gmt":"2026-04-28T13:45:00","guid":{"rendered":"https:\/\/www.em.com.br\/emfoco\/?p=200228"},"modified":"2026-04-27T16:02:26","modified_gmt":"2026-04-27T19:02:26","slug":"olhar-cansado-pelas-olheiras-os-cuidados-certos-para-clarear-as-olheiras-com-uma-rotina-de-5-minutos","status":"publish","type":"post","link":"https:\/\/www.em.com.br\/emfoco\/2026\/04\/28\/olhar-cansado-pelas-olheiras-os-cuidados-certos-para-clarear-as-olheiras-com-uma-rotina-de-5-minutos\/","title":{"rendered":"Olhar cansado pelas olheiras? Os cuidados certos para clarear as olheiras com uma rotina de 5 minutos"},"content":{"rendered":"\n<p>Helena se olhou no espelho cansada e percebeu que precisava de novos h\u00e1bitos para <strong>eliminar as olheiras fundas<\/strong>. O <strong>reflexo matinal<\/strong> pode esconder segredos de <strong>rejuvenescimento<\/strong> que v\u00e3o muito al\u00e9m da simples maquiagem corretiva?<\/p>\n\n\n\n<h2 class=\"wp-block-heading\">Como eliminar as olheiras fundas com hidrata\u00e7\u00e3o?<\/h2>\n\n\n\n<p>Beber a quantidade correta de \u00e1gua mant\u00e9m a pele ao redor dos olhos firme e muito el\u00e1stica. O preenchimento natural acontece quando as c\u00e9lulas est\u00e3o bem hidratadas e livres de <strong>toxinas acumuladas<\/strong>. Carregue uma garrafa sempre por perto para garantir o <strong>fluxo h\u00eddrico<\/strong> necess\u00e1rio durante todo o dia.<\/p>\n\n\n\n<p>O uso de cremes espec\u00edficos com \u00e1cido hialur\u00f4nico ajuda a reter a umidade na derme mais sens\u00edvel. Essa pr\u00e1tica di\u00e1ria evita que a regi\u00e3o apresente aquele aspecto <strong>murcho e escuro<\/strong> t\u00e3o comum ap\u00f3s os quarenta anos. Massageie suavemente a \u00e1rea para estimular a <strong>microcircula\u00e7\u00e3o local<\/strong> e melhorar a apar\u00eancia do rosto.<\/p>\n\n\n<div class=\"wp-block-image\">\n<figure class=\"aligncenter size-large\"><img loading=\"lazy\" decoding=\"async\" width=\"1024\" height=\"576\" src=\"https:\/\/www.em.com.br\/emfoco\/wp-content\/uploads\/2026\/01\/Gemini_Generated_Image_grtxn8grtxn8grtx-1-1024x576.png\" alt=\"eliminar as olheiras fundas\" class=\"wp-image-151919\" srcset=\"https:\/\/www.em.com.br\/emfoco\/wp-content\/uploads\/2026\/01\/Gemini_Generated_Image_grtxn8grtxn8grtx-1-1024x576.png 1024w, https:\/\/www.em.com.br\/emfoco\/wp-content\/uploads\/2026\/01\/Gemini_Generated_Image_grtxn8grtxn8grtx-1-300x169.png 300w, https:\/\/www.em.com.br\/emfoco\/wp-content\/uploads\/2026\/01\/Gemini_Generated_Image_grtxn8grtxn8grtx-1-768x432.png 768w, https:\/\/www.em.com.br\/emfoco\/wp-content\/uploads\/2026\/01\/Gemini_Generated_Image_grtxn8grtxn8grtx-1-750x422.png 750w, https:\/\/www.em.com.br\/emfoco\/wp-content\/uploads\/2026\/01\/Gemini_Generated_Image_grtxn8grtxn8grtx-1-1140x641.png 1140w, https:\/\/www.em.com.br\/emfoco\/wp-content\/uploads\/2026\/01\/Gemini_Generated_Image_grtxn8grtxn8grtx-1.png 1280w\" sizes=\"auto, (max-width: 1024px) 100vw, 1024px\" \/><figcaption class=\"wp-element-caption\">O uso de cremes espec\u00edficos com \u00e1cido hialur\u00f4nico ajuda a reter a umidade na derme mais sens\u00edvel.<\/figcaption><\/figure><\/div>\n\n\n<p>Leia tamb\u00e9m: <a href=\"https:\/\/www.em.com.br\/emfoco\/2025\/09\/04\/como-hidratar-os-labios-corretamente-e-evitar-rachaduras\/\" target=\"_blank\" rel=\"noreferrer noopener\">Como hidratar os l\u00e1bios corretamente e evitar rachaduras<\/a><\/p>\n\n\n\n<h2 class=\"wp-block-heading\">Quais alimentos ajudam a eliminar as olheiras fundas?<\/h2>\n\n\n\n<p>Vitaminas ricas em antioxidantes combatem o envelhecimento precoce e fortalecem os vasos sangu\u00edneos delicados da face. Frutas vermelhas e vegetais escuros fornecem nutrientes que impedem a <strong>pigmenta\u00e7\u00e3o excessiva<\/strong> da pele madura. Priorize ingredientes frescos que tragam <strong>benef\u00edcios reais<\/strong> para a regenera\u00e7\u00e3o celular durante as suas refei\u00e7\u00f5es di\u00e1rias.<\/p>\n\n\n\n<p>Algumas escolhas inteligentes no card\u00e1pio facilitam a redu\u00e7\u00e3o do incha\u00e7o matinal que tanto incomoda as mulheres maduras. Veja a lista de itens poderosos que transformam o seu olhar de dentro para fora com <strong>muita efic\u00e1cia<\/strong>. Consuma esses produtos diariamente para notar uma <strong>mudan\u00e7a visual<\/strong> significativa na tonalidade da sua pele.<\/p>\n\n\n\n<ul class=\"wp-block-list\">\n<li>Laranja para aumentar o <strong>aporte de vitamina C<\/strong> e clarear a regi\u00e3o dos olhos.<\/li>\n\n\n\n<li>Castanhas que oferecem <strong>vitamina E<\/strong> para proteger a elasticidade natural da derme.<\/li>\n\n\n\n<li>Espinafre para melhorar a <strong>oxigena\u00e7\u00e3o sangu\u00ednea<\/strong> e reduzir o tom arroxeado profundo.<\/li>\n<\/ul>\n\n\n\n<figure class=\"wp-block-embed is-type-rich is-provider-pinterest wp-block-embed-pinterest\"><div class=\"wp-block-embed__wrapper\">\n<iframe loading=\"lazy\" title=\"Kit Renovadores Faciais Kokeshi Creme Facial Pele Porcelana Renova\u00e7\u00e3o Contornos Dos Olhos De Gueixa\" src=\"https:\/\/assets.pinterest.com\/ext\/embed.html?id=1138214505852966760&#038;src=oembed\" height=\"899\" width=\"450\" frameborder=\"0\" scrolling=\"no\" ><\/iframe>\n<\/div><\/figure>\n\n\n\n<h2 class=\"wp-block-heading\">O sono de qualidade protege o olhar maduro<\/h2>\n\n\n\n<p>Dormir pelo menos sete horas por noite permite que o corpo realize o reparo tecidual completo e necess\u00e1rio. O repouso profundo evita a dilata\u00e7\u00e3o dos vasos que causa aquela sombra escura e <strong>aspecto de fadiga<\/strong>. Mantenha o quarto escuro para favorecer a <strong>produ\u00e7\u00e3o de melatonina<\/strong> que \u00e9 o horm\u00f4nio do descanso reparador.<\/p>\n\n\n\n<p>A posi\u00e7\u00e3o ao deitar tamb\u00e9m influencia na drenagem dos l\u00edquidos que ficam parados na face durante a madrugada. Use um travesseiro extra para manter a cabe\u00e7a levemente elevada e evitar o <strong>incha\u00e7o palpebral<\/strong>. Essa pequena mudan\u00e7a de h\u00e1bito promove um <strong>acordar revigorado<\/strong> com a pele muito mais descansada e clara.<\/p>\n\n\n\n<p>Para voc\u00ea que gosta de cuidar, separamos um v\u00eddeo do canal da <a href=\"https:\/\/www.youtube.com\/@DraMarinaHayashida\" target=\"_blank\" rel=\"noreferrer noopener\">Dra. Marina Hayashida<\/a> com dicas para tratar o olhar cansado pelas olheiras:<\/p>\n\n\n\n<figure class=\"wp-block-embed is-type-video is-provider-youtube wp-block-embed-youtube wp-embed-aspect-16-9 wp-has-aspect-ratio\"><div class=\"wp-block-embed__wrapper\">\n<div class=\"jeg_video_container jeg_video_content\"><iframe loading=\"lazy\" title=\"Melhores TRATAMENTOS para OLHEIRAS escuras e profundas!\" width=\"500\" height=\"281\" src=\"https:\/\/www.youtube.com\/embed\/ttPvR5dD2oA?start=10&#038;feature=oembed\" frameborder=\"0\" allow=\"accelerometer; autoplay; clipboard-write; encrypted-media; gyroscope; picture-in-picture; web-share\" referrerpolicy=\"strict-origin-when-cross-origin\" allowfullscreen><\/iframe><\/div>\n<\/div><\/figure>\n\n\n\n<h2 class=\"wp-block-heading\">Exerc\u00edcios faciais ajudam a eliminar as olheiras fundas?<\/h2>\n\n\n\n<p>Fortalecer a musculatura orbicular dos olhos sustenta melhor a pele e diminui a profundidade do sulco lacrimal. Movimentos suaves de gin\u00e1stica facial aumentam o <strong>t\u00f4nus muscular<\/strong> e combatem a flacidez t\u00edpica do envelhecimento natural. Dedique cinco minutos do seu dia para praticar <strong>t\u00e9cnicas de relaxamento<\/strong> muscular que rejuvenescem o seu olhar.<\/p>\n\n\n\n<p>A drenagem linf\u00e1tica manual feita com a ponta dos dedos remove o excesso de linfa retida no rosto. Deslize as m\u00e3os suavemente do centro para as laterais para <strong>desinchar a face<\/strong> de forma imediata e natural. O h\u00e1bito da massagem constante proporciona um <strong>efeito lifting<\/strong> caseiro que valoriza a express\u00e3o feminina sem procedimentos invasivos.<\/p>\n\n\n\n<figure class=\"wp-block-embed is-type-rich is-provider-pinterest wp-block-embed-pinterest\"><div class=\"wp-block-embed__wrapper\">\n<iframe loading=\"lazy\" title=\"COMPRE AQUI\" src=\"https:\/\/assets.pinterest.com\/ext\/embed.html?id=1146588386406677935&#038;src=oembed\" height=\"899\" width=\"450\" frameborder=\"0\" scrolling=\"no\" ><\/iframe>\n<\/div><\/figure>\n\n\n\n<h2 class=\"wp-block-heading\">Mantenha a const\u00e2ncia nos seus cuidados di\u00e1rios<\/h2>\n\n\n\n<p>Adote essas pr\u00e1ticas como um ritual de carinho com sua pr\u00f3pria imagem e sa\u00fade. Os resultados aparecem conforme voc\u00ea mant\u00e9m a <strong>disciplina di\u00e1ria<\/strong> nos hor\u00e1rios de descanso e alimenta\u00e7\u00e3o. Valorize cada pequeno avan\u00e7o na <strong>tonalidade da pele<\/strong> para seguir motivada na sua jornada pessoal.<\/p>\n\n\n\n<p>O tempo \u00e9 o melhor aliado de quem escolhe h\u00e1bitos conscientes e saud\u00e1veis para a vida. Compartilhe essas dicas com outras mulheres que buscam <strong>autoestima renovada<\/strong> e um olhar muito mais brilhante. Viva a maturidade com <strong>plenitude e vigor<\/strong> em todos os momentos do seu dia.<\/p>\n","protected":false},"excerpt":{"rendered":"<p>Helena se olhou no espelho cansada e percebeu que precisava de novos h\u00e1bitos para eliminar as olheiras fundas. O reflexo matinal pode esconder segredos de rejuvenescimento que v\u00e3o muito al\u00e9m da simples maquiagem corretiva? Como eliminar as olheiras fundas com hidrata\u00e7\u00e3o? Beber a quantidade correta de \u00e1gua mant\u00e9m a pele ao redor dos olhos firme [&hellip;]<\/p>\n","protected":false},"author":9,"featured_media":200657,"comment_status":"open","ping_status":"open","sticky":false,"template":"","format":"standard","meta":{"jnews-multi-image_gallery":[],"jnews_single_post":{"format":"standard"},"jnews_primary_category":[],"jnews_social_meta":[],"jnews_override_counter":[],"footnotes":""},"categories":[8691,29],"tags":[10794,6394,6126],"class_list":["post-200228","post","type-post","status-publish","format-standard","has-post-thumbnail","hentry","category-bem-estar","category-entretenimento","tag-beleza-madura","tag-cuidado-com-a-pele","tag-saude-feminina"],"yoast_head":"<!-- This site is optimized with the Yoast SEO plugin v23.8 - https:\/\/yoast.com\/wordpress\/plugins\/seo\/ -->\n<title>Olhar cansado pelas olheiras? Os cuidados certos para clarear as olheiras com uma rotina de 5 minutos - Estado de Minas - Em foco<\/title>\n<meta name=\"description\" content=\"Aprenda como eliminar as olheiras fundas com h\u00e1bitos simples e eficazes para mulheres maduras. Recupere o brilho do olhar com dicas reais.\" \/>\n<meta name=\"robots\" content=\"index, follow, max-snippet:-1, max-image-preview:large, max-video-preview:-1\" \/>\n<link rel=\"canonical\" href=\"https:\/\/www.em.com.br\/emfoco\/2026\/04\/28\/olhar-cansado-pelas-olheiras-os-cuidados-certos-para-clarear-as-olheiras-com-uma-rotina-de-5-minutos\/\" \/>\n<meta property=\"og:locale\" content=\"pt_BR\" \/>\n<meta property=\"og:type\" content=\"article\" \/>\n<meta property=\"og:title\" content=\"Olhar cansado pelas olheiras? Os cuidados certos para clarear as olheiras com uma rotina de 5 minutos - Estado de Minas - Em foco\" \/>\n<meta property=\"og:description\" content=\"Aprenda como eliminar as olheiras fundas com h\u00e1bitos simples e eficazes para mulheres maduras. Recupere o brilho do olhar com dicas reais.\" \/>\n<meta property=\"og:url\" content=\"https:\/\/www.em.com.br\/emfoco\/2026\/04\/28\/olhar-cansado-pelas-olheiras-os-cuidados-certos-para-clarear-as-olheiras-com-uma-rotina-de-5-minutos\/\" \/>\n<meta property=\"og:site_name\" content=\"Estado de Minas - Em foco\" \/>\n<meta property=\"article:published_time\" content=\"2026-04-28T13:45:00+00:00\" \/>\n<meta property=\"article:modified_time\" content=\"2026-04-27T19:02:26+00:00\" \/>\n<meta property=\"og:image\" content=\"https:\/\/www.em.com.br\/emfoco\/wp-content\/uploads\/2026\/04\/EmFoco_63-3.jpg\" \/>\n\t<meta property=\"og:image:width\" content=\"1280\" \/>\n\t<meta property=\"og:image:height\" content=\"720\" \/>\n\t<meta property=\"og:image:type\" content=\"image\/jpeg\" \/>\n<meta name=\"author\" content=\"Daniely Cardoso\" \/>\n<meta name=\"twitter:card\" content=\"summary_large_image\" \/>\n<meta name=\"twitter:label1\" content=\"Escrito por\" \/>\n\t<meta name=\"twitter:data1\" content=\"Daniely Cardoso\" \/>\n\t<meta name=\"twitter:label2\" content=\"Est. tempo de leitura\" \/>\n\t<meta name=\"twitter:data2\" content=\"4 minutos\" \/>\n<!-- \/ Yoast SEO plugin. -->","yoast_head_json":{"title":"Olhar cansado pelas olheiras? Os cuidados certos para clarear as olheiras com uma rotina de 5 minutos - Estado de Minas - Em foco","description":"Aprenda como eliminar as olheiras fundas com h\u00e1bitos simples e eficazes para mulheres maduras. Recupere o brilho do olhar com dicas reais.","robots":{"index":"index","follow":"follow","max-snippet":"max-snippet:-1","max-image-preview":"max-image-preview:large","max-video-preview":"max-video-preview:-1"},"canonical":"https:\/\/www.em.com.br\/emfoco\/2026\/04\/28\/olhar-cansado-pelas-olheiras-os-cuidados-certos-para-clarear-as-olheiras-com-uma-rotina-de-5-minutos\/","og_locale":"pt_BR","og_type":"article","og_title":"Olhar cansado pelas olheiras? Os cuidados certos para clarear as olheiras com uma rotina de 5 minutos - Estado de Minas - Em foco","og_description":"Aprenda como eliminar as olheiras fundas com h\u00e1bitos simples e eficazes para mulheres maduras. Recupere o brilho do olhar com dicas reais.","og_url":"https:\/\/www.em.com.br\/emfoco\/2026\/04\/28\/olhar-cansado-pelas-olheiras-os-cuidados-certos-para-clarear-as-olheiras-com-uma-rotina-de-5-minutos\/","og_site_name":"Estado de Minas - Em foco","article_published_time":"2026-04-28T13:45:00+00:00","article_modified_time":"2026-04-27T19:02:26+00:00","og_image":[{"width":1280,"height":720,"url":"https:\/\/www.em.com.br\/emfoco\/wp-content\/uploads\/2026\/04\/EmFoco_63-3.jpg","type":"image\/jpeg"}],"author":"Daniely Cardoso","twitter_card":"summary_large_image","twitter_misc":{"Escrito por":"Daniely Cardoso","Est. tempo de leitura":"4 minutos"},"schema":{"@context":"https:\/\/schema.org","@graph":[{"@type":"WebPage","@id":"https:\/\/www.em.com.br\/emfoco\/2026\/04\/28\/olhar-cansado-pelas-olheiras-os-cuidados-certos-para-clarear-as-olheiras-com-uma-rotina-de-5-minutos\/","url":"https:\/\/www.em.com.br\/emfoco\/2026\/04\/28\/olhar-cansado-pelas-olheiras-os-cuidados-certos-para-clarear-as-olheiras-com-uma-rotina-de-5-minutos\/","name":"Olhar cansado pelas olheiras? Os cuidados certos para clarear as olheiras com uma rotina de 5 minutos - Estado de Minas - Em foco","isPartOf":{"@id":"https:\/\/www.em.com.br\/emfoco\/#website"},"primaryImageOfPage":{"@id":"https:\/\/www.em.com.br\/emfoco\/2026\/04\/28\/olhar-cansado-pelas-olheiras-os-cuidados-certos-para-clarear-as-olheiras-com-uma-rotina-de-5-minutos\/#primaryimage"},"image":{"@id":"https:\/\/www.em.com.br\/emfoco\/2026\/04\/28\/olhar-cansado-pelas-olheiras-os-cuidados-certos-para-clarear-as-olheiras-com-uma-rotina-de-5-minutos\/#primaryimage"},"thumbnailUrl":"https:\/\/www.em.com.br\/emfoco\/wp-content\/uploads\/2026\/04\/EmFoco_63-3.jpg","datePublished":"2026-04-28T13:45:00+00:00","dateModified":"2026-04-27T19:02:26+00:00","author":{"@id":"https:\/\/www.em.com.br\/emfoco\/#\/schema\/person\/0a8186d72f2c3a5c6276d90b41f271a0"},"description":"Aprenda como eliminar as olheiras fundas com h\u00e1bitos simples e eficazes para mulheres maduras. Recupere o brilho do olhar com dicas reais.","breadcrumb":{"@id":"https:\/\/www.em.com.br\/emfoco\/2026\/04\/28\/olhar-cansado-pelas-olheiras-os-cuidados-certos-para-clarear-as-olheiras-com-uma-rotina-de-5-minutos\/#breadcrumb"},"inLanguage":"pt-BR","potentialAction":[{"@type":"ReadAction","target":["https:\/\/www.em.com.br\/emfoco\/2026\/04\/28\/olhar-cansado-pelas-olheiras-os-cuidados-certos-para-clarear-as-olheiras-com-uma-rotina-de-5-minutos\/"]}]},{"@type":"ImageObject","inLanguage":"pt-BR","@id":"https:\/\/www.em.com.br\/emfoco\/2026\/04\/28\/olhar-cansado-pelas-olheiras-os-cuidados-certos-para-clarear-as-olheiras-com-uma-rotina-de-5-minutos\/#primaryimage","url":"https:\/\/www.em.com.br\/emfoco\/wp-content\/uploads\/2026\/04\/EmFoco_63-3.jpg","contentUrl":"https:\/\/www.em.com.br\/emfoco\/wp-content\/uploads\/2026\/04\/EmFoco_63-3.jpg","width":1280,"height":720,"caption":"Hidrata\u00e7\u00e3o profunda e sono de qualidade rejuvenescem o olhar e reduzem olheiras"},{"@type":"BreadcrumbList","@id":"https:\/\/www.em.com.br\/emfoco\/2026\/04\/28\/olhar-cansado-pelas-olheiras-os-cuidados-certos-para-clarear-as-olheiras-com-uma-rotina-de-5-minutos\/#breadcrumb","itemListElement":[{"@type":"ListItem","position":1,"name":"In\u00edcio","item":"https:\/\/www.em.com.br\/emfoco\/"},{"@type":"ListItem","position":2,"name":"Olhar cansado pelas olheiras? Os cuidados certos para clarear as olheiras com uma rotina de 5 minutos"}]},{"@type":"WebSite","@id":"https:\/\/www.em.com.br\/emfoco\/#website","url":"https:\/\/www.em.com.br\/emfoco\/","name":"Estado de Minas - Em foco","description":"Acompanhe as \u00faltimas not\u00edcias e fique bem informado sobre tudo o que acontece em Minas Gerais, Brasil e no mundo.","potentialAction":[{"@type":"SearchAction","target":{"@type":"EntryPoint","urlTemplate":"https:\/\/www.em.com.br\/emfoco\/?s={search_term_string}"},"query-input":{"@type":"PropertyValueSpecification","valueRequired":true,"valueName":"search_term_string"}}],"inLanguage":"pt-BR"},{"@type":"Person","@id":"https:\/\/www.em.com.br\/emfoco\/#\/schema\/person\/0a8186d72f2c3a5c6276d90b41f271a0","name":"Daniely Cardoso","image":{"@type":"ImageObject","inLanguage":"pt-BR","@id":"https:\/\/www.em.com.br\/emfoco\/#\/schema\/person\/image\/","url":"https:\/\/secure.gravatar.com\/avatar\/4b80ddbd124d1f071b626d52d62e5dff?s=96&d=mm&r=g","contentUrl":"https:\/\/secure.gravatar.com\/avatar\/4b80ddbd124d1f071b626d52d62e5dff?s=96&d=mm&r=g","caption":"Daniely Cardoso"},"url":"https:\/\/www.em.com.br\/emfoco\/author\/danielymyth\/"}]}},"_links":{"self":[{"href":"https:\/\/www.em.com.br\/emfoco\/wp-json\/wp\/v2\/posts\/200228","targetHints":{"allow":["GET"]}}],"collection":[{"href":"https:\/\/www.em.com.br\/emfoco\/wp-json\/wp\/v2\/posts"}],"about":[{"href":"https:\/\/www.em.com.br\/emfoco\/wp-json\/wp\/v2\/types\/post"}],"author":[{"embeddable":true,"href":"https:\/\/www.em.com.br\/emfoco\/wp-json\/wp\/v2\/users\/9"}],"replies":[{"embeddable":true,"href":"https:\/\/www.em.com.br\/emfoco\/wp-json\/wp\/v2\/comments?post=200228"}],"version-history":[{"count":1,"href":"https:\/\/www.em.com.br\/emfoco\/wp-json\/wp\/v2\/posts\/200228\/revisions"}],"predecessor-version":[{"id":200229,"href":"https:\/\/www.em.com.br\/emfoco\/wp-json\/wp\/v2\/posts\/200228\/revisions\/200229"}],"wp:featuredmedia":[{"embeddable":true,"href":"https:\/\/www.em.com.br\/emfoco\/wp-json\/wp\/v2\/media\/200657"}],"wp:attachment":[{"href":"https:\/\/www.em.com.br\/emfoco\/wp-json\/wp\/v2\/media?parent=200228"}],"wp:term":[{"taxonomy":"category","embeddable":true,"href":"https:\/\/www.em.com.br\/emfoco\/wp-json\/wp\/v2\/categories?post=200228"},{"taxonomy":"post_tag","embeddable":true,"href":"https:\/\/www.em.com.br\/emfoco\/wp-json\/wp\/v2\/tags?post=200228"}],"curies":[{"name":"wp","href":"https:\/\/api.w.org\/{rel}","templated":true}]}}