{"id":200224,"date":"2026-04-28T08:15:00","date_gmt":"2026-04-28T11:15:00","guid":{"rendered":"https:\/\/www.em.com.br\/emfoco\/?p=200224"},"modified":"2026-04-27T16:02:43","modified_gmt":"2026-04-27T19:02:43","slug":"entenda-finalmente-para-que-serve-o-oleo-finalizador-na-hora-de-definir-seus-cachos","status":"publish","type":"post","link":"https:\/\/www.em.com.br\/emfoco\/2026\/04\/28\/entenda-finalmente-para-que-serve-o-oleo-finalizador-na-hora-de-definir-seus-cachos\/","title":{"rendered":"Entenda finalmente para que serve o \u00f3leo finalizador na hora de definir seus cachos"},"content":{"rendered":"\n<p>Julia sempre perdia horas na frente do espelho tentando <strong>finalizar seus cachos<\/strong> sem obter o resultado esperado no dia seguinte. J\u00e1 imaginou conquistar uma defini\u00e7\u00e3o perfeita em poucos minutos apenas ajustando a forma como voc\u00ea aplica o creme de pentear?<\/p>\n\n\n\n<h2 class=\"wp-block-heading\">Por que \u00e9 importante saber finalizar seus cachos com t\u00e9cnica?<\/h2>\n\n\n\n<p>O segredo para manter o volume e a forma est\u00e1 no modo como voc\u00ea manipula os fios \u00famidos logo ap\u00f3s a lavagem. Aplicar produtos adequados imediatamente ap\u00f3s o banho garante que a <strong>hidrata\u00e7\u00e3o profunda<\/strong> permane\u00e7a selada dentro da fibra capilar. Essa etapa fundamental impede que o vento ou o calor intenso causem aquele <strong>frizz indesejado<\/strong> que estraga o visual.<\/p>\n\n\n\n<p>Muitos cabelos perdem a curvatura natural por falta de uma t\u00e9cnica de fixa\u00e7\u00e3o que seja leve e eficiente. Entender a densidade real do seu cabelo ajuda voc\u00ea a escolher entre cremes densos ou <strong>gelatinas modeladoras<\/strong> suaves. O resultado final de um penteado impec\u00e1vel depende diretamente do <strong>cuidado minucioso<\/strong> realizado com paci\u00eancia e dedica\u00e7\u00e3o di\u00e1ria.<\/p>\n\n\n<div class=\"wp-block-image\">\n<figure class=\"aligncenter size-large\"><img loading=\"lazy\" decoding=\"async\" width=\"1024\" height=\"576\" src=\"https:\/\/www.em.com.br\/emfoco\/wp-content\/uploads\/2026\/04\/cachos-1-1024x576.jpg\" alt=\"finalizar seus cachos\" class=\"wp-image-191478\" srcset=\"https:\/\/www.em.com.br\/emfoco\/wp-content\/uploads\/2026\/04\/cachos-1-1024x576.jpg 1024w, https:\/\/www.em.com.br\/emfoco\/wp-content\/uploads\/2026\/04\/cachos-1-300x169.jpg 300w, https:\/\/www.em.com.br\/emfoco\/wp-content\/uploads\/2026\/04\/cachos-1-768x432.jpg 768w, https:\/\/www.em.com.br\/emfoco\/wp-content\/uploads\/2026\/04\/cachos-1-750x422.jpg 750w, https:\/\/www.em.com.br\/emfoco\/wp-content\/uploads\/2026\/04\/cachos-1-1140x641.jpg 1140w, https:\/\/www.em.com.br\/emfoco\/wp-content\/uploads\/2026\/04\/cachos-1.jpg 1280w\" sizes=\"auto, (max-width: 1024px) 100vw, 1024px\" \/><figcaption class=\"wp-element-caption\">Muitos cabelos perdem a curvatura natural por falta de uma t\u00e9cnica de fixa\u00e7\u00e3o que seja leve e eficiente.<\/figcaption><\/figure><\/div>\n\n\n<p>Leia tamb\u00e9m: <a href=\"https:\/\/www.em.com.br\/emfoco\/2026\/04\/25\/os-cortes-que-favorecem-cabelos-grossos-independentemente-da-textura-ou-comprimento\/\" target=\"_blank\" rel=\"noreferrer noopener\">Os cortes que favorecem cabelos grossos, independentemente da textura ou comprimento<\/a><\/p>\n\n\n\n<h2 class=\"wp-block-heading\">Qual a melhor t\u00e9cnica para finalizar seus cachos hoje?<\/h2>\n\n\n\n<p>A fitagem continua sendo a escolha favorita de quem busca fios super definidos e com o volume controlado. Separe o cabelo em se\u00e7\u00f5es pequenas e espalhe o seu <strong>creme de pentear<\/strong> favorito de maneira uniforme da raiz. Use os seus pr\u00f3prios dedos como se fossem um pente largo para criar <strong>fitas bem finas<\/strong> e organizadas.<\/p>\n\n\n\n<p>Logo ap\u00f3s passar o produto em todas as mechas, voc\u00ea deve realizar o movimento firme de apertar os fios. Esse gesto simples ajuda a <strong>ativar a mem\u00f3ria<\/strong> natural do cacho e remove o excesso de \u00e1gua acumulada. Para garantir que esse processo funcione bem, utilize os <strong>acess\u00f3rios corretos<\/strong> que listamos abaixo agora mesmo para voc\u00ea.<\/p>\n\n\n\n<ul class=\"wp-block-list\">\n<li>Pente de dentes bem largos para desembara\u00e7ar os fios \u00famidos com <strong>m\u00e1xima delicadeza<\/strong> e seguran\u00e7a.<\/li>\n\n\n\n<li>Toalha de microfibra para <strong>retirar a umidade<\/strong> excessiva sem causar atrito ou quebra na fibra sens\u00edvel.<\/li>\n\n\n\n<li>\u00d3leo finalizador leve para <strong>selar as cut\u00edculas<\/strong> e proporcionar um brilho espelhado que dura o dia todo.<\/li>\n<\/ul>\n\n\n\n<figure class=\"wp-block-embed is-type-rich is-provider-pinterest wp-block-embed-pinterest\"><div class=\"wp-block-embed__wrapper\">\n<iframe loading=\"lazy\" title=\"essa \u00e9 a finaliza\u00e7\u00e3o que taaanto me perguntam \ud83e\udef6\ud83c\udffb   #curlyhair #cachos #cacheada #cachosperfeitos #curly #cachostratados #finalizacaodecachos #finaliza\u00e7\u00e3o\" src=\"https:\/\/assets.pinterest.com\/ext\/embed.html?id=740560732519641417&#038;src=oembed\" height=\"898\" width=\"450\" frameborder=\"0\" scrolling=\"no\" ><\/iframe>\n<\/div><\/figure>\n\n\n\n<h2 class=\"wp-block-heading\">Como manter o brilho intenso ao finalizar seus cachos?<\/h2>\n\n\n\n<p>O uso estrat\u00e9gico de \u00f3leos finalizadores no final do processo cria uma barreira f\u00edsica de prote\u00e7\u00e3o contra a umidade. Aplique apenas algumas gotas pequenas nas palmas das m\u00e3os e amasse o cabelo para <strong>quebrar o durinho<\/strong> seco. Isso proporciona um <strong>toque muito macio<\/strong> e garante um aspecto muito mais natural para o visual desejado.<\/p>\n\n\n\n<p>Manter o cronograma capilar em dia com m\u00e1scaras de nutri\u00e7\u00e3o fortalece os fios contra as agress\u00f5es externas do clima. Cabelos saud\u00e1veis respondem melhor aos produtos de finaliza\u00e7\u00e3o e mant\u00eam a <strong>curvatura definida<\/strong> por muito mais tempo. Invista em <strong>ingredientes nutritivos<\/strong> como o \u00f3leo de coco para nutrir as pontas ressecadas de forma cont\u00ednua hoje.<\/p>\n\n\n\n<p>Para voc\u00ea que gosta de se cuidar, separamos um v\u00eddeo do canal da <a href=\"https:\/\/www.youtube.com\/@byesterlima\" target=\"_blank\" rel=\"noreferrer noopener\">Ester Lima<\/a> com dicas e cuidados apra finalizar seu cabelo:<\/p>\n\n\n\n<figure class=\"wp-block-embed is-type-video is-provider-youtube wp-block-embed-youtube wp-embed-aspect-16-9 wp-has-aspect-ratio\"><div class=\"wp-block-embed__wrapper\">\n<div class=\"jeg_video_container jeg_video_content\"><iframe loading=\"lazy\" title=\"ROTINA CAPILAR *cachos* lavagem, finaliza\u00e7\u00e3o, dicas, produtos Widi Care\ud83c\udf80\" width=\"500\" height=\"281\" src=\"https:\/\/www.youtube.com\/embed\/9-XzqyXH63A?feature=oembed\" frameborder=\"0\" allow=\"accelerometer; autoplay; clipboard-write; encrypted-media; gyroscope; picture-in-picture; web-share\" referrerpolicy=\"strict-origin-when-cross-origin\" allowfullscreen><\/iframe><\/div>\n<\/div><\/figure>\n\n\n\n<h2 class=\"wp-block-heading\">Quais erros comuns podem estragar o visual do seu cabelo?<\/h2>\n\n\n\n<p>Evite aplicar grandes quantidades de \u00f3leos diretamente no couro cabeludo para n\u00e3o obstruir os poros e causar oleosidade. O ac\u00famulo excessivo de res\u00edduos qu\u00edmicos pode prejudicar o <strong>crescimento saud\u00e1vel<\/strong> dos novos fios em seu couro cabeludo. Priorize sempre o <strong>comprimento e as pontas<\/strong> durante a aplica\u00e7\u00e3o de qualquer tipo de ativador de cachos potente.<\/p>\n\n\n\n<p>Jamais tente desembara\u00e7ar o seu cabelo cacheado enquanto ele estiver totalmente seco ou sem nenhum produto lubrificante espec\u00edfico. Esse erro comum causa o <strong>rompimento da fibra<\/strong> capilar e gera aquele aspecto de palha sem brilho imediato. Mantenha os fios <strong>sempre bem \u00famidos<\/strong> para garantir que o processo de estiliza\u00e7\u00e3o ocorra sem danos estruturais permanentes.<\/p>\n\n\n\n<figure class=\"wp-block-embed is-type-rich is-provider-pinterest wp-block-embed-pinterest\"><div class=\"wp-block-embed__wrapper\">\n<iframe loading=\"lazy\" title=\"Finaliza\u00e7\u00e3o cachos\" src=\"https:\/\/assets.pinterest.com\/ext\/embed.html?id=334533078595649161&#038;src=oembed\" height=\"899\" width=\"450\" frameborder=\"0\" scrolling=\"no\" ><\/iframe>\n<\/div><\/figure>\n\n\n\n<h2 class=\"wp-block-heading\">Pratique a finaliza\u00e7\u00e3o ideal para sua rotina di\u00e1ria<\/h2>\n\n\n\n<p>Experimente diferentes misturas de produtos para encontrar a combina\u00e7\u00e3o que valoriza sua beleza natural. A pr\u00e1tica constante desse ritual traz <strong>agilidade e precis\u00e3o<\/strong> para o seu momento de cuidado pessoal. Cuide dos seus fios com <strong>carinho e dedica\u00e7\u00e3o<\/strong> todos os dias para colher resultados incr\u00edveis.<\/p>\n\n\n\n<p>Acredite no poder de transforma\u00e7\u00e3o que um visual bem cuidado proporciona para sua autoestima e confian\u00e7a. Use itens que respeitem a <strong>natureza do fio<\/strong> e evite procedimentos qu\u00edmicos agressivos. Sinta-se plenamente bem com seu <strong>estilo aut\u00eantico<\/strong> e aproveite o movimento dos seus cachos.<\/p>\n","protected":false},"excerpt":{"rendered":"<p>Julia sempre perdia horas na frente do espelho tentando finalizar seus cachos sem obter o resultado esperado no dia seguinte. J\u00e1 imaginou conquistar uma defini\u00e7\u00e3o perfeita em poucos minutos apenas ajustando a forma como voc\u00ea aplica o creme de pentear? Por que \u00e9 importante saber finalizar seus cachos com t\u00e9cnica? O segredo para manter o [&hellip;]<\/p>\n","protected":false},"author":9,"featured_media":200655,"comment_status":"open","ping_status":"open","sticky":false,"template":"","format":"standard","meta":{"jnews-multi-image_gallery":[],"jnews_single_post":{"format":"standard"},"jnews_primary_category":[],"jnews_social_meta":[],"jnews_override_counter":[],"footnotes":""},"categories":[8691,29],"tags":[4886,5906,23341],"class_list":["post-200224","post","type-post","status-publish","format-standard","has-post-thumbnail","hentry","category-bem-estar","category-entretenimento","tag-cabelos-cacheados","tag-definicao-de-cachos","tag-fitagem"],"yoast_head":"<!-- This site is optimized with the Yoast SEO plugin v23.8 - https:\/\/yoast.com\/wordpress\/plugins\/seo\/ -->\n<title>Entenda finalmente para que serve o \u00f3leo finalizador na hora de definir seus cachos - Estado de Minas - Em foco<\/title>\n<meta name=\"description\" content=\"Aprenda como finalizar seus cachos com dicas pr\u00e1ticas para ter defini\u00e7\u00e3o e brilho. Veja t\u00e9cnicas f\u00e1ceis para manter o visual lindo o dia todo\" \/>\n<meta name=\"robots\" content=\"index, follow, max-snippet:-1, max-image-preview:large, max-video-preview:-1\" \/>\n<link rel=\"canonical\" href=\"https:\/\/www.em.com.br\/emfoco\/2026\/04\/28\/entenda-finalmente-para-que-serve-o-oleo-finalizador-na-hora-de-definir-seus-cachos\/\" \/>\n<meta property=\"og:locale\" content=\"pt_BR\" \/>\n<meta property=\"og:type\" content=\"article\" \/>\n<meta property=\"og:title\" content=\"Entenda finalmente para que serve o \u00f3leo finalizador na hora de definir seus cachos - Estado de Minas - Em foco\" \/>\n<meta property=\"og:description\" content=\"Aprenda como finalizar seus cachos com dicas pr\u00e1ticas para ter defini\u00e7\u00e3o e brilho. Veja t\u00e9cnicas f\u00e1ceis para manter o visual lindo o dia todo\" \/>\n<meta property=\"og:url\" content=\"https:\/\/www.em.com.br\/emfoco\/2026\/04\/28\/entenda-finalmente-para-que-serve-o-oleo-finalizador-na-hora-de-definir-seus-cachos\/\" \/>\n<meta property=\"og:site_name\" content=\"Estado de Minas - Em foco\" \/>\n<meta property=\"article:published_time\" content=\"2026-04-28T11:15:00+00:00\" \/>\n<meta property=\"article:modified_time\" content=\"2026-04-27T19:02:43+00:00\" \/>\n<meta property=\"og:image\" content=\"https:\/\/www.em.com.br\/emfoco\/wp-content\/uploads\/2026\/04\/EmFoco_65-4.jpg\" \/>\n\t<meta property=\"og:image:width\" content=\"1280\" \/>\n\t<meta property=\"og:image:height\" content=\"720\" \/>\n\t<meta property=\"og:image:type\" content=\"image\/jpeg\" \/>\n<meta name=\"author\" content=\"Daniely Cardoso\" \/>\n<meta name=\"twitter:card\" content=\"summary_large_image\" \/>\n<meta name=\"twitter:label1\" content=\"Escrito por\" \/>\n\t<meta name=\"twitter:data1\" content=\"Daniely Cardoso\" \/>\n\t<meta name=\"twitter:label2\" content=\"Est. tempo de leitura\" \/>\n\t<meta name=\"twitter:data2\" content=\"5 minutos\" \/>\n<!-- \/ Yoast SEO plugin. -->","yoast_head_json":{"title":"Entenda finalmente para que serve o \u00f3leo finalizador na hora de definir seus cachos - Estado de Minas - Em foco","description":"Aprenda como finalizar seus cachos com dicas pr\u00e1ticas para ter defini\u00e7\u00e3o e brilho. Veja t\u00e9cnicas f\u00e1ceis para manter o visual lindo o dia todo","robots":{"index":"index","follow":"follow","max-snippet":"max-snippet:-1","max-image-preview":"max-image-preview:large","max-video-preview":"max-video-preview:-1"},"canonical":"https:\/\/www.em.com.br\/emfoco\/2026\/04\/28\/entenda-finalmente-para-que-serve-o-oleo-finalizador-na-hora-de-definir-seus-cachos\/","og_locale":"pt_BR","og_type":"article","og_title":"Entenda finalmente para que serve o \u00f3leo finalizador na hora de definir seus cachos - Estado de Minas - Em foco","og_description":"Aprenda como finalizar seus cachos com dicas pr\u00e1ticas para ter defini\u00e7\u00e3o e brilho. Veja t\u00e9cnicas f\u00e1ceis para manter o visual lindo o dia todo","og_url":"https:\/\/www.em.com.br\/emfoco\/2026\/04\/28\/entenda-finalmente-para-que-serve-o-oleo-finalizador-na-hora-de-definir-seus-cachos\/","og_site_name":"Estado de Minas - Em foco","article_published_time":"2026-04-28T11:15:00+00:00","article_modified_time":"2026-04-27T19:02:43+00:00","og_image":[{"width":1280,"height":720,"url":"https:\/\/www.em.com.br\/emfoco\/wp-content\/uploads\/2026\/04\/EmFoco_65-4.jpg","type":"image\/jpeg"}],"author":"Daniely Cardoso","twitter_card":"summary_large_image","twitter_misc":{"Escrito por":"Daniely Cardoso","Est. tempo de leitura":"5 minutos"},"schema":{"@context":"https:\/\/schema.org","@graph":[{"@type":"WebPage","@id":"https:\/\/www.em.com.br\/emfoco\/2026\/04\/28\/entenda-finalmente-para-que-serve-o-oleo-finalizador-na-hora-de-definir-seus-cachos\/","url":"https:\/\/www.em.com.br\/emfoco\/2026\/04\/28\/entenda-finalmente-para-que-serve-o-oleo-finalizador-na-hora-de-definir-seus-cachos\/","name":"Entenda finalmente para que serve o \u00f3leo finalizador na hora de definir seus cachos - Estado de Minas - Em foco","isPartOf":{"@id":"https:\/\/www.em.com.br\/emfoco\/#website"},"primaryImageOfPage":{"@id":"https:\/\/www.em.com.br\/emfoco\/2026\/04\/28\/entenda-finalmente-para-que-serve-o-oleo-finalizador-na-hora-de-definir-seus-cachos\/#primaryimage"},"image":{"@id":"https:\/\/www.em.com.br\/emfoco\/2026\/04\/28\/entenda-finalmente-para-que-serve-o-oleo-finalizador-na-hora-de-definir-seus-cachos\/#primaryimage"},"thumbnailUrl":"https:\/\/www.em.com.br\/emfoco\/wp-content\/uploads\/2026\/04\/EmFoco_65-4.jpg","datePublished":"2026-04-28T11:15:00+00:00","dateModified":"2026-04-27T19:02:43+00:00","author":{"@id":"https:\/\/www.em.com.br\/emfoco\/#\/schema\/person\/0a8186d72f2c3a5c6276d90b41f271a0"},"description":"Aprenda como finalizar seus cachos com dicas pr\u00e1ticas para ter defini\u00e7\u00e3o e brilho. Veja t\u00e9cnicas f\u00e1ceis para manter o visual lindo o dia todo","breadcrumb":{"@id":"https:\/\/www.em.com.br\/emfoco\/2026\/04\/28\/entenda-finalmente-para-que-serve-o-oleo-finalizador-na-hora-de-definir-seus-cachos\/#breadcrumb"},"inLanguage":"pt-BR","potentialAction":[{"@type":"ReadAction","target":["https:\/\/www.em.com.br\/emfoco\/2026\/04\/28\/entenda-finalmente-para-que-serve-o-oleo-finalizador-na-hora-de-definir-seus-cachos\/"]}]},{"@type":"ImageObject","inLanguage":"pt-BR","@id":"https:\/\/www.em.com.br\/emfoco\/2026\/04\/28\/entenda-finalmente-para-que-serve-o-oleo-finalizador-na-hora-de-definir-seus-cachos\/#primaryimage","url":"https:\/\/www.em.com.br\/emfoco\/wp-content\/uploads\/2026\/04\/EmFoco_65-4.jpg","contentUrl":"https:\/\/www.em.com.br\/emfoco\/wp-content\/uploads\/2026\/04\/EmFoco_65-4.jpg","width":1280,"height":720,"caption":"T\u00e9cnicas de fitagem e produtos adequados garantem defini\u00e7\u00e3o perfeita e volume aos cachos"},{"@type":"BreadcrumbList","@id":"https:\/\/www.em.com.br\/emfoco\/2026\/04\/28\/entenda-finalmente-para-que-serve-o-oleo-finalizador-na-hora-de-definir-seus-cachos\/#breadcrumb","itemListElement":[{"@type":"ListItem","position":1,"name":"In\u00edcio","item":"https:\/\/www.em.com.br\/emfoco\/"},{"@type":"ListItem","position":2,"name":"Entenda finalmente para que serve o \u00f3leo finalizador na hora de definir seus cachos"}]},{"@type":"WebSite","@id":"https:\/\/www.em.com.br\/emfoco\/#website","url":"https:\/\/www.em.com.br\/emfoco\/","name":"Estado de Minas - Em foco","description":"Acompanhe as \u00faltimas not\u00edcias e fique bem informado sobre tudo o que acontece em Minas Gerais, Brasil e no mundo.","potentialAction":[{"@type":"SearchAction","target":{"@type":"EntryPoint","urlTemplate":"https:\/\/www.em.com.br\/emfoco\/?s={search_term_string}"},"query-input":{"@type":"PropertyValueSpecification","valueRequired":true,"valueName":"search_term_string"}}],"inLanguage":"pt-BR"},{"@type":"Person","@id":"https:\/\/www.em.com.br\/emfoco\/#\/schema\/person\/0a8186d72f2c3a5c6276d90b41f271a0","name":"Daniely Cardoso","image":{"@type":"ImageObject","inLanguage":"pt-BR","@id":"https:\/\/www.em.com.br\/emfoco\/#\/schema\/person\/image\/","url":"https:\/\/secure.gravatar.com\/avatar\/4b80ddbd124d1f071b626d52d62e5dff?s=96&d=mm&r=g","contentUrl":"https:\/\/secure.gravatar.com\/avatar\/4b80ddbd124d1f071b626d52d62e5dff?s=96&d=mm&r=g","caption":"Daniely Cardoso"},"url":"https:\/\/www.em.com.br\/emfoco\/author\/danielymyth\/"}]}},"_links":{"self":[{"href":"https:\/\/www.em.com.br\/emfoco\/wp-json\/wp\/v2\/posts\/200224","targetHints":{"allow":["GET"]}}],"collection":[{"href":"https:\/\/www.em.com.br\/emfoco\/wp-json\/wp\/v2\/posts"}],"about":[{"href":"https:\/\/www.em.com.br\/emfoco\/wp-json\/wp\/v2\/types\/post"}],"author":[{"embeddable":true,"href":"https:\/\/www.em.com.br\/emfoco\/wp-json\/wp\/v2\/users\/9"}],"replies":[{"embeddable":true,"href":"https:\/\/www.em.com.br\/emfoco\/wp-json\/wp\/v2\/comments?post=200224"}],"version-history":[{"count":1,"href":"https:\/\/www.em.com.br\/emfoco\/wp-json\/wp\/v2\/posts\/200224\/revisions"}],"predecessor-version":[{"id":200225,"href":"https:\/\/www.em.com.br\/emfoco\/wp-json\/wp\/v2\/posts\/200224\/revisions\/200225"}],"wp:featuredmedia":[{"embeddable":true,"href":"https:\/\/www.em.com.br\/emfoco\/wp-json\/wp\/v2\/media\/200655"}],"wp:attachment":[{"href":"https:\/\/www.em.com.br\/emfoco\/wp-json\/wp\/v2\/media?parent=200224"}],"wp:term":[{"taxonomy":"category","embeddable":true,"href":"https:\/\/www.em.com.br\/emfoco\/wp-json\/wp\/v2\/categories?post=200224"},{"taxonomy":"post_tag","embeddable":true,"href":"https:\/\/www.em.com.br\/emfoco\/wp-json\/wp\/v2\/tags?post=200224"}],"curies":[{"name":"wp","href":"https:\/\/api.w.org\/{rel}","templated":true}]}}