{"id":200208,"date":"2026-04-28T21:25:00","date_gmt":"2026-04-29T00:25:00","guid":{"rendered":"https:\/\/www.em.com.br\/emfoco\/?p=200208"},"modified":"2026-04-27T16:26:31","modified_gmt":"2026-04-27T19:26:31","slug":"como-montar-uma-horta-vertical-caseira-em-espacos-pequenos-sem-gastar-muito","status":"publish","type":"post","link":"https:\/\/www.em.com.br\/emfoco\/2026\/04\/28\/como-montar-uma-horta-vertical-caseira-em-espacos-pequenos-sem-gastar-muito\/","title":{"rendered":"Como montar uma horta vertical caseira em espa\u00e7os pequenos sem gastar muito"},"content":{"rendered":"\n<p>Marina olhou para o pequeno corredor do seu apartamento e decidiu que era hora de iniciar uma <strong>horta vertical caseira<\/strong>. Ser\u00e1 que existe um m\u00e9todo simples para cultivar temperos frescos em espa\u00e7os reduzidos sem gastar muito dinheiro com estruturas complexas?<\/p>\n\n\n\n<h2 class=\"wp-block-heading\">Por onde come\u00e7ar sua horta vertical caseira?<\/h2>\n\n\n\n<p>Para iniciar o projeto \u00e9 necess\u00e1rio escolher uma parede que receba luz solar por algumas horas todos os dias. O uso de garrafas pet ou vasos de cer\u00e2mica fixados em estrados de madeira facilita a montagem da <strong>estrutura inicial<\/strong> robusta. Procure organizar os recipientes de forma que a <strong>irriga\u00e7\u00e3o manual<\/strong> seja pr\u00e1tica e n\u00e3o cause sujeira excessiva no ch\u00e3o.<\/p>\n\n\n\n<p>A drenagem correta em cada vaso impede que a umidade acumulada apodre\u00e7a as ra\u00edzes das plantas jovens. Utilize uma mistura de terra vegetal e adubo org\u00e2nico para garantir que o <strong>desenvolvimento vegetal<\/strong> ocorra de maneira saud\u00e1vel. Escolher o local certo define o sucesso da sua <strong>produ\u00e7\u00e3o dom\u00e9stica<\/strong> de temperos frescos e ervas medicinais.<\/p>\n\n\n<div class=\"wp-block-image\">\n<figure class=\"aligncenter size-large\"><img loading=\"lazy\" decoding=\"async\" width=\"1024\" height=\"576\" src=\"https:\/\/www.em.com.br\/emfoco\/wp-content\/uploads\/2026\/03\/jardim-vertical-1024x576.jpg\" alt=\"\" class=\"wp-image-185302\" srcset=\"https:\/\/www.em.com.br\/emfoco\/wp-content\/uploads\/2026\/03\/jardim-vertical-1024x576.jpg 1024w, https:\/\/www.em.com.br\/emfoco\/wp-content\/uploads\/2026\/03\/jardim-vertical-300x169.jpg 300w, https:\/\/www.em.com.br\/emfoco\/wp-content\/uploads\/2026\/03\/jardim-vertical-768x432.jpg 768w, https:\/\/www.em.com.br\/emfoco\/wp-content\/uploads\/2026\/03\/jardim-vertical-750x422.jpg 750w, https:\/\/www.em.com.br\/emfoco\/wp-content\/uploads\/2026\/03\/jardim-vertical-1140x641.jpg 1140w, https:\/\/www.em.com.br\/emfoco\/wp-content\/uploads\/2026\/03\/jardim-vertical.jpg 1280w\" sizes=\"auto, (max-width: 1024px) 100vw, 1024px\" \/><figcaption class=\"wp-element-caption\">O primeiro passo para montar um jardim em espa\u00e7os pequenos \u00e9 medir o local com aten\u00e7\u00e3o e observar como ele<\/figcaption><\/figure><\/div>\n\n\n<p>Leia tamb\u00e9m: <a href=\"https:\/\/www.em.com.br\/emfoco\/2026\/04\/11\/aprenda-a-como-plantar-cravo-da-india-e-cultivar-flores-aromaticas-em-casa\/\" target=\"_blank\" rel=\"noreferrer noopener\">Aprenda a como plantar cravo-da-\u00edndia e cultivar flores arom\u00e1ticas em casa<\/a><\/p>\n\n\n\n<h2 class=\"wp-block-heading\">Quais as vantagens de uma horta vertical caseira?<\/h2>\n\n\n\n<p>Cultivar o pr\u00f3prio alimento traz uma satisfa\u00e7\u00e3o enorme e melhora a qualidade das refei\u00e7\u00f5es preparadas na cozinha. Ter temperos frescos ao alcance das m\u00e3os economiza dinheiro e evita o consumo de <strong>agrot\u00f3xicos prejudiciais<\/strong> \u00e0 sa\u00fade da fam\u00edlia. O contato com a terra funciona como uma terapia natural para reduzir o <strong>estresse di\u00e1rio<\/strong> acumulado no trabalho.<\/p>\n\n\n\n<p>A est\u00e9tica do ambiente tamb\u00e9m ganha um toque verde e moderno com a presen\u00e7a de folhagens vibrantes nas paredes. Esse sistema de cultivo otimiza o uso da \u00e1rea dispon\u00edvel em im\u00f3veis pequenos e <strong>purifica o ar<\/strong> do ambiente interno. Veja abaixo as melhores op\u00e7\u00f5es para quem deseja praticidade e colheitas r\u00e1pidas em pouco tempo de cuidado.<\/p>\n\n\n\n<ul class=\"wp-block-list\">\n<li>O manjeric\u00e3o cresce r\u00e1pido e exige <strong>muito sol<\/strong> para liberar seu aroma caracter\u00edstico nos pratos.<\/li>\n\n\n\n<li>A hortel\u00e3 prefere solos \u00famidos e deve ser plantada em <strong>vasos isolados<\/strong> para n\u00e3o invadir outros espa\u00e7os.<\/li>\n\n\n\n<li>O alecrim suporta per\u00edodos de seca e precisa de <strong>pouca manuten\u00e7\u00e3o<\/strong> para se manter vi\u00e7oso o ano todo.<\/li>\n<\/ul>\n\n\n\n<figure class=\"wp-block-embed is-type-rich is-provider-pinterest wp-block-embed-pinterest\"><div class=\"wp-block-embed__wrapper\">\n<iframe loading=\"lazy\" title=\"Save this vertical pallet garden if you want to grow more with less space. Potted herbs and flowers fit neatly into a pallet frame, adding charm and color. Save this pin to remember this easy vertical pallet garden idea.\u00a0#VerticalPalletGarden #SmallSpaceGardening #HerbGarden\" src=\"https:\/\/assets.pinterest.com\/ext\/embed.html?id=1008313804089216151&#038;src=oembed\" height=\"899\" width=\"450\" frameborder=\"0\" scrolling=\"no\" ><\/iframe>\n<\/div><\/figure>\n\n\n\n<h2 class=\"wp-block-heading\">Como manter a horta vertical caseira produtiva?<\/h2>\n\n\n\n<p>As regas devem ser feitas preferencialmente no in\u00edcio da manh\u00e3 para que as plantas aproveitem a \u00e1gua durante o calor. Evite molhar as folhas diretamente para n\u00e3o atrair fungos ou causar <strong>queimaduras solares<\/strong> indesejadas no tecido vegetal. Acompanhe a umidade do solo com o dedo e adicione \u00e1gua apenas quando sentir a <strong>superf\u00edcie seca<\/strong> ao toque.<\/p>\n\n\n\n<p>Adicionar nutrientes extras a cada trinta dias garante que as ervas continuem brotando com for\u00e7a e vigor total. Use adubos l\u00edquidos ou torta de mamona para manter a <strong>terra f\u00e9rtil<\/strong> e cheia de vida microsc\u00f3pica ben\u00e9fica. A poda regular dos galhos mais altos estimula o <strong>crescimento lateral<\/strong> e deixa os vasos com apar\u00eancia muito mais cheia.<\/p>\n\n\n\n<p>Para voc\u00ea que gosta de plantar, separamos um v\u00eddeo do canal <a href=\"https:\/\/www.youtube.com\/@MinhasPlantas\" target=\"_blank\" rel=\"noreferrer noopener\">Minhas Plantas<\/a> com dicas de plantas para jardim vertical:<\/p>\n\n\n\n<figure class=\"wp-block-embed is-type-video is-provider-youtube wp-block-embed-youtube wp-embed-aspect-16-9 wp-has-aspect-ratio\"><div class=\"wp-block-embed__wrapper\">\n<div class=\"jeg_video_container jeg_video_content\"><iframe loading=\"lazy\" title=\"JARDIM VERTICAL: 35 PLANTAS pra sua PAREDE VERDE\" width=\"500\" height=\"281\" src=\"https:\/\/www.youtube.com\/embed\/F85I1FJmQVc?start=7&#038;feature=oembed\" frameborder=\"0\" allow=\"accelerometer; autoplay; clipboard-write; encrypted-media; gyroscope; picture-in-picture; web-share\" referrerpolicy=\"strict-origin-when-cross-origin\" allowfullscreen><\/iframe><\/div>\n<\/div><\/figure>\n\n\n\n<h2 class=\"wp-block-heading\">Qual o melhor suporte para as plantas?<\/h2>\n\n\n\n<p>Paletes de madeira reciclada s\u00e3o op\u00e7\u00f5es baratas e muito resistentes para sustentar o peso dos vasos carregados de terra. Fixe os suportes com parafusos refor\u00e7ados para evitar acidentes causados pelo <strong>excesso de peso<\/strong> ap\u00f3s as regas constantes. O material escolhido deve harmonizar com a decora\u00e7\u00e3o do lar e oferecer <strong>seguran\u00e7a total<\/strong> para as ra\u00edzes em crescimento.<\/p>\n\n\n\n<p>Telas met\u00e1licas tamb\u00e9m funcionam bem para pendurar recipientes menores e criar um visual industrial moderno e clean. Certifique-se de que o material recebeu tratamento contra corros\u00e3o para suportar a <strong>umidade di\u00e1ria<\/strong> do jardim suspenso. Um suporte bem planejado facilita a <strong>troca de plantas<\/strong> conforme a esta\u00e7\u00e3o do ano e as suas necessidades culin\u00e1rias.<\/p>\n\n\n\n<h2 class=\"wp-block-heading\">Colha temperos frescos todos os dias<\/h2>\n\n\n\n<p>Aproveite os benef\u00edcios de ter temperos org\u00e2nicos sempre dispon\u00edveis na sua pr\u00f3pria parede. Dedique alguns minutos para cuidar da sua <strong>planta\u00e7\u00e3o urbana<\/strong> e relaxar a mente. Os resultados aparecem rapidamente com <strong>dedica\u00e7\u00e3o constante<\/strong> e simples.<\/p>\n\n\n\n<p>Inicie seu cultivo com ervas f\u00e1ceis e ganhe confian\u00e7a para testar novas esp\u00e9cies vegetais. Compartilhe sua experi\u00eancia com amigos e incentive o <strong>consumo consciente<\/strong> de alimentos. Tenha uma vida muito mais <strong>saud\u00e1vel e verde<\/strong> agora.<\/p>\n","protected":false},"excerpt":{"rendered":"<p>Marina olhou para o pequeno corredor do seu apartamento e decidiu que era hora de iniciar uma horta vertical caseira. Ser\u00e1 que existe um m\u00e9todo simples para cultivar temperos frescos em espa\u00e7os reduzidos sem gastar muito dinheiro com estruturas complexas? Por onde come\u00e7ar sua horta vertical caseira? Para iniciar o projeto \u00e9 necess\u00e1rio escolher uma [&hellip;]<\/p>\n","protected":false},"author":9,"featured_media":200623,"comment_status":"open","ping_status":"open","sticky":false,"template":"","format":"standard","meta":{"jnews-multi-image_gallery":[],"jnews_single_post":{"format":"standard"},"jnews_primary_category":[],"jnews_social_meta":[],"jnews_override_counter":[],"footnotes":""},"categories":[8691,29],"tags":[5465,13159,28842],"class_list":["post-200208","post","type-post","status-publish","format-standard","has-post-thumbnail","hentry","category-bem-estar","category-entretenimento","tag-cultivo-organico","tag-horta-no-apartamento","tag-temperos-frescos-2"],"yoast_head":"<!-- This site is optimized with the Yoast SEO plugin v23.8 - https:\/\/yoast.com\/wordpress\/plugins\/seo\/ -->\n<title>Como montar uma horta vertical caseira em espa\u00e7os pequenos sem gastar muito - Estado de Minas - Em foco<\/title>\n<meta name=\"description\" content=\"Monte uma horta vertical caseira em seu apartamento com dicas simples de cultivo. Saiba quais temperos crescem melhor em pequenos espa\u00e7os.\" \/>\n<meta name=\"robots\" content=\"index, follow, max-snippet:-1, max-image-preview:large, max-video-preview:-1\" \/>\n<link rel=\"canonical\" href=\"https:\/\/www.em.com.br\/emfoco\/2026\/04\/28\/como-montar-uma-horta-vertical-caseira-em-espacos-pequenos-sem-gastar-muito\/\" \/>\n<meta property=\"og:locale\" content=\"pt_BR\" \/>\n<meta property=\"og:type\" content=\"article\" \/>\n<meta property=\"og:title\" content=\"Como montar uma horta vertical caseira em espa\u00e7os pequenos sem gastar muito - Estado de Minas - Em foco\" \/>\n<meta property=\"og:description\" content=\"Monte uma horta vertical caseira em seu apartamento com dicas simples de cultivo. Saiba quais temperos crescem melhor em pequenos espa\u00e7os.\" \/>\n<meta property=\"og:url\" content=\"https:\/\/www.em.com.br\/emfoco\/2026\/04\/28\/como-montar-uma-horta-vertical-caseira-em-espacos-pequenos-sem-gastar-muito\/\" \/>\n<meta property=\"og:site_name\" content=\"Estado de Minas - Em foco\" \/>\n<meta property=\"article:published_time\" content=\"2026-04-29T00:25:00+00:00\" \/>\n<meta property=\"article:modified_time\" content=\"2026-04-27T19:26:31+00:00\" \/>\n<meta property=\"og:image\" content=\"https:\/\/www.em.com.br\/emfoco\/wp-content\/uploads\/2026\/04\/EmFoco_41-6.jpg\" \/>\n\t<meta property=\"og:image:width\" content=\"1280\" \/>\n\t<meta property=\"og:image:height\" content=\"720\" \/>\n\t<meta property=\"og:image:type\" content=\"image\/jpeg\" \/>\n<meta name=\"author\" content=\"Daniely Cardoso\" \/>\n<meta name=\"twitter:card\" content=\"summary_large_image\" \/>\n<meta name=\"twitter:label1\" content=\"Escrito por\" \/>\n\t<meta name=\"twitter:data1\" content=\"Daniely Cardoso\" \/>\n\t<meta name=\"twitter:label2\" content=\"Est. tempo de leitura\" \/>\n\t<meta name=\"twitter:data2\" content=\"5 minutos\" \/>\n<!-- \/ Yoast SEO plugin. -->","yoast_head_json":{"title":"Como montar uma horta vertical caseira em espa\u00e7os pequenos sem gastar muito - Estado de Minas - Em foco","description":"Monte uma horta vertical caseira em seu apartamento com dicas simples de cultivo. Saiba quais temperos crescem melhor em pequenos espa\u00e7os.","robots":{"index":"index","follow":"follow","max-snippet":"max-snippet:-1","max-image-preview":"max-image-preview:large","max-video-preview":"max-video-preview:-1"},"canonical":"https:\/\/www.em.com.br\/emfoco\/2026\/04\/28\/como-montar-uma-horta-vertical-caseira-em-espacos-pequenos-sem-gastar-muito\/","og_locale":"pt_BR","og_type":"article","og_title":"Como montar uma horta vertical caseira em espa\u00e7os pequenos sem gastar muito - Estado de Minas - Em foco","og_description":"Monte uma horta vertical caseira em seu apartamento com dicas simples de cultivo. Saiba quais temperos crescem melhor em pequenos espa\u00e7os.","og_url":"https:\/\/www.em.com.br\/emfoco\/2026\/04\/28\/como-montar-uma-horta-vertical-caseira-em-espacos-pequenos-sem-gastar-muito\/","og_site_name":"Estado de Minas - Em foco","article_published_time":"2026-04-29T00:25:00+00:00","article_modified_time":"2026-04-27T19:26:31+00:00","og_image":[{"width":1280,"height":720,"url":"https:\/\/www.em.com.br\/emfoco\/wp-content\/uploads\/2026\/04\/EmFoco_41-6.jpg","type":"image\/jpeg"}],"author":"Daniely Cardoso","twitter_card":"summary_large_image","twitter_misc":{"Escrito por":"Daniely Cardoso","Est. tempo de leitura":"5 minutos"},"schema":{"@context":"https:\/\/schema.org","@graph":[{"@type":"WebPage","@id":"https:\/\/www.em.com.br\/emfoco\/2026\/04\/28\/como-montar-uma-horta-vertical-caseira-em-espacos-pequenos-sem-gastar-muito\/","url":"https:\/\/www.em.com.br\/emfoco\/2026\/04\/28\/como-montar-uma-horta-vertical-caseira-em-espacos-pequenos-sem-gastar-muito\/","name":"Como montar uma horta vertical caseira em espa\u00e7os pequenos sem gastar muito - Estado de Minas - Em foco","isPartOf":{"@id":"https:\/\/www.em.com.br\/emfoco\/#website"},"primaryImageOfPage":{"@id":"https:\/\/www.em.com.br\/emfoco\/2026\/04\/28\/como-montar-uma-horta-vertical-caseira-em-espacos-pequenos-sem-gastar-muito\/#primaryimage"},"image":{"@id":"https:\/\/www.em.com.br\/emfoco\/2026\/04\/28\/como-montar-uma-horta-vertical-caseira-em-espacos-pequenos-sem-gastar-muito\/#primaryimage"},"thumbnailUrl":"https:\/\/www.em.com.br\/emfoco\/wp-content\/uploads\/2026\/04\/EmFoco_41-6.jpg","datePublished":"2026-04-29T00:25:00+00:00","dateModified":"2026-04-27T19:26:31+00:00","author":{"@id":"https:\/\/www.em.com.br\/emfoco\/#\/schema\/person\/0a8186d72f2c3a5c6276d90b41f271a0"},"description":"Monte uma horta vertical caseira em seu apartamento com dicas simples de cultivo. Saiba quais temperos crescem melhor em pequenos espa\u00e7os.","breadcrumb":{"@id":"https:\/\/www.em.com.br\/emfoco\/2026\/04\/28\/como-montar-uma-horta-vertical-caseira-em-espacos-pequenos-sem-gastar-muito\/#breadcrumb"},"inLanguage":"pt-BR","potentialAction":[{"@type":"ReadAction","target":["https:\/\/www.em.com.br\/emfoco\/2026\/04\/28\/como-montar-uma-horta-vertical-caseira-em-espacos-pequenos-sem-gastar-muito\/"]}]},{"@type":"ImageObject","inLanguage":"pt-BR","@id":"https:\/\/www.em.com.br\/emfoco\/2026\/04\/28\/como-montar-uma-horta-vertical-caseira-em-espacos-pequenos-sem-gastar-muito\/#primaryimage","url":"https:\/\/www.em.com.br\/emfoco\/wp-content\/uploads\/2026\/04\/EmFoco_41-6.jpg","contentUrl":"https:\/\/www.em.com.br\/emfoco\/wp-content\/uploads\/2026\/04\/EmFoco_41-6.jpg","width":1280,"height":720,"caption":"Estruturas verticais otimizam espa\u00e7os pequenos e garantem temperos frescos e org\u00e2nicos diariamente"},{"@type":"BreadcrumbList","@id":"https:\/\/www.em.com.br\/emfoco\/2026\/04\/28\/como-montar-uma-horta-vertical-caseira-em-espacos-pequenos-sem-gastar-muito\/#breadcrumb","itemListElement":[{"@type":"ListItem","position":1,"name":"In\u00edcio","item":"https:\/\/www.em.com.br\/emfoco\/"},{"@type":"ListItem","position":2,"name":"Como montar uma horta vertical caseira em espa\u00e7os pequenos sem gastar muito"}]},{"@type":"WebSite","@id":"https:\/\/www.em.com.br\/emfoco\/#website","url":"https:\/\/www.em.com.br\/emfoco\/","name":"Estado de Minas - Em foco","description":"Acompanhe as \u00faltimas not\u00edcias e fique bem informado sobre tudo o que acontece em Minas Gerais, Brasil e no mundo.","potentialAction":[{"@type":"SearchAction","target":{"@type":"EntryPoint","urlTemplate":"https:\/\/www.em.com.br\/emfoco\/?s={search_term_string}"},"query-input":{"@type":"PropertyValueSpecification","valueRequired":true,"valueName":"search_term_string"}}],"inLanguage":"pt-BR"},{"@type":"Person","@id":"https:\/\/www.em.com.br\/emfoco\/#\/schema\/person\/0a8186d72f2c3a5c6276d90b41f271a0","name":"Daniely Cardoso","image":{"@type":"ImageObject","inLanguage":"pt-BR","@id":"https:\/\/www.em.com.br\/emfoco\/#\/schema\/person\/image\/","url":"https:\/\/secure.gravatar.com\/avatar\/4b80ddbd124d1f071b626d52d62e5dff?s=96&d=mm&r=g","contentUrl":"https:\/\/secure.gravatar.com\/avatar\/4b80ddbd124d1f071b626d52d62e5dff?s=96&d=mm&r=g","caption":"Daniely Cardoso"},"url":"https:\/\/www.em.com.br\/emfoco\/author\/danielymyth\/"}]}},"_links":{"self":[{"href":"https:\/\/www.em.com.br\/emfoco\/wp-json\/wp\/v2\/posts\/200208","targetHints":{"allow":["GET"]}}],"collection":[{"href":"https:\/\/www.em.com.br\/emfoco\/wp-json\/wp\/v2\/posts"}],"about":[{"href":"https:\/\/www.em.com.br\/emfoco\/wp-json\/wp\/v2\/types\/post"}],"author":[{"embeddable":true,"href":"https:\/\/www.em.com.br\/emfoco\/wp-json\/wp\/v2\/users\/9"}],"replies":[{"embeddable":true,"href":"https:\/\/www.em.com.br\/emfoco\/wp-json\/wp\/v2\/comments?post=200208"}],"version-history":[{"count":2,"href":"https:\/\/www.em.com.br\/emfoco\/wp-json\/wp\/v2\/posts\/200208\/revisions"}],"predecessor-version":[{"id":200675,"href":"https:\/\/www.em.com.br\/emfoco\/wp-json\/wp\/v2\/posts\/200208\/revisions\/200675"}],"wp:featuredmedia":[{"embeddable":true,"href":"https:\/\/www.em.com.br\/emfoco\/wp-json\/wp\/v2\/media\/200623"}],"wp:attachment":[{"href":"https:\/\/www.em.com.br\/emfoco\/wp-json\/wp\/v2\/media?parent=200208"}],"wp:term":[{"taxonomy":"category","embeddable":true,"href":"https:\/\/www.em.com.br\/emfoco\/wp-json\/wp\/v2\/categories?post=200208"},{"taxonomy":"post_tag","embeddable":true,"href":"https:\/\/www.em.com.br\/emfoco\/wp-json\/wp\/v2\/tags?post=200208"}],"curies":[{"name":"wp","href":"https:\/\/api.w.org\/{rel}","templated":true}]}}