{"id":200199,"date":"2026-04-28T20:05:00","date_gmt":"2026-04-28T23:05:00","guid":{"rendered":"https:\/\/www.em.com.br\/emfoco\/?p=200199"},"modified":"2026-04-27T16:25:14","modified_gmt":"2026-04-27T19:25:14","slug":"a-bebida-natural-que-pode-substituir-o-cafe-e-manter-sua-energia-sem-causar-agitacao","status":"publish","type":"post","link":"https:\/\/www.em.com.br\/emfoco\/2026\/04\/28\/a-bebida-natural-que-pode-substituir-o-cafe-e-manter-sua-energia-sem-causar-agitacao\/","title":{"rendered":"A bebida natural que pode substituir o caf\u00e9 e manter sua energia sem causar agita\u00e7\u00e3o"},"content":{"rendered":"\n<p>Ricardo acordava cansado e sentia que dependia de v\u00e1rias x\u00edcaras de <strong>substituir o caf\u00e9<\/strong> para conseguir iniciar suas tarefas profissionais. Ser\u00e1 que existe uma bebida natural capaz de despertar o organismo com a mesma intensidade mas sem causar aquela agita\u00e7\u00e3o excessiva e desconfort\u00e1vel?<\/p>\n\n\n\n<h2 class=\"wp-block-heading\">Por que buscar ch\u00e1s para substituir o caf\u00e9 matinal?<\/h2>\n\n\n\n<p>Muitos profissionais buscam formas naturais de manter o rendimento sem depender de estimulantes qu\u00edmicos pesados logo ao acordar. A decis\u00e3o de <strong>substituir o caf\u00e9<\/strong> pode surgir da necessidade latente de reduzir o nervosismo constante que prejudica as tarefas importantes. O organismo humano responde positivamente a infus\u00f5es que promovem um <strong>despertar equilibrado<\/strong> e sustent\u00e1vel durante as primeiras horas da manh\u00e3 produtiva.<\/p>\n\n\n\n<p>As ervas medicinais oferecem compostos bioativos que auxiliam na concentra\u00e7\u00e3o mental e na resist\u00eancia f\u00edsica de maneira muito segura. Iniciar o dia com nutrientes antioxidantes ajuda a proteger as c\u00e9lulas contra o <strong>estresse oxidativo<\/strong> causado pela polui\u00e7\u00e3o urbana di\u00e1ria. Voc\u00ea notar\u00e1 que o <strong>foco produtivo<\/strong> permanece est\u00e1vel por muito mais tempo sem as quedas repentinas de energia comuns do a\u00e7\u00facar.<\/p>\n\n\n<div class=\"wp-block-image\">\n<figure class=\"aligncenter size-large\"><img loading=\"lazy\" decoding=\"async\" width=\"1024\" height=\"576\" src=\"https:\/\/www.em.com.br\/emfoco\/wp-content\/uploads\/2025\/10\/cha-de-gengibre-com-mel_1759415847448-1024x576.jpg\" alt=\"substituir o caf\u00e9\" class=\"wp-image-110715\" srcset=\"https:\/\/www.em.com.br\/emfoco\/wp-content\/uploads\/2025\/10\/cha-de-gengibre-com-mel_1759415847448-1024x576.jpg 1024w, https:\/\/www.em.com.br\/emfoco\/wp-content\/uploads\/2025\/10\/cha-de-gengibre-com-mel_1759415847448-300x169.jpg 300w, https:\/\/www.em.com.br\/emfoco\/wp-content\/uploads\/2025\/10\/cha-de-gengibre-com-mel_1759415847448-768x432.jpg 768w, https:\/\/www.em.com.br\/emfoco\/wp-content\/uploads\/2025\/10\/cha-de-gengibre-com-mel_1759415847448-750x422.jpg 750w, https:\/\/www.em.com.br\/emfoco\/wp-content\/uploads\/2025\/10\/cha-de-gengibre-com-mel_1759415847448-1140x641.jpg 1140w, https:\/\/www.em.com.br\/emfoco\/wp-content\/uploads\/2025\/10\/cha-de-gengibre-com-mel_1759415847448.jpg 1280w\" sizes=\"auto, (max-width: 1024px) 100vw, 1024px\" \/><figcaption class=\"wp-element-caption\">O ch\u00e1 de gengibre com mel auxilia no al\u00edvio da garganta irritada &#8211; Cr\u00e9ditos: depositphotos.com \/ Olivka888<\/figcaption><\/figure><\/div>\n\n\n<p>Leia tamb\u00e9m: <a href=\"https:\/\/www.em.com.br\/emfoco\/2026\/04\/04\/a-folha-dessa-fruta-pode-aliviar-ondas-de-calor-e-ajudar-mulheres-na-menopausa-2\/\" target=\"_blank\" rel=\"noreferrer noopener\">Adeus calor! Os benef\u00edcios da folha de amora na menopausa para um auto cuidado simples<\/a><\/p>\n\n\n\n<h2 class=\"wp-block-heading\">Quais as melhores op\u00e7\u00f5es para substituir o caf\u00e9 com sa\u00fade?<\/h2>\n\n\n\n<p>O ch\u00e1 verde aparece como uma das alternativas mais famosas devido ao seu alto teor de flavonoides e catequinas potentes. Ele fornece uma dose moderada de energia que mant\u00e9m a <strong>mente alerta<\/strong> sem gerar a tremedeira causada pela cafe\u00edna tradicional em excesso. Busque sempre por folhas de <strong>proced\u00eancia org\u00e2nica<\/strong> para garantir que todos os nutrientes originais da planta sejam preservados na x\u00edcara.<\/p>\n\n\n\n<p>Algumas combina\u00e7\u00f5es espec\u00edficas possuem propriedades termog\u00eanicas que ajudam a acelerar o metabolismo basal de forma natural e bastante eficiente. Selecionamos op\u00e7\u00f5es que trazem resultados r\u00e1pidos para quem deseja manter a <strong>vitalidade elevada<\/strong> durante todo o expediente de trabalho intenso. Veja abaixo as alternativas ideais para preencher sua rotina matinal com <strong>nutrientes fundamentais<\/strong> para o bom funcionamento do c\u00e9rebro.<\/p>\n\n\n\n<ul class=\"wp-block-list\">\n<li>Ch\u00e1 de gengibre com canela para aumentar a <strong>termog\u00eanese natural<\/strong> e aquecer o corpo internamente nas manh\u00e3s frias.<\/li>\n\n\n\n<li>Ch\u00e1 mate tostado por ser rico em polifen\u00f3is que proporcionam <strong>resist\u00eancia f\u00edsica<\/strong> prolongada para quem pratica atividades esportivas.<\/li>\n\n\n\n<li>Matcha concentrado que entrega um <strong>efeito revigorante<\/strong> enquanto estimula a clareza mental nas tarefas cognitivas mais pesadas.<\/li>\n<\/ul>\n\n\n\n<figure class=\"wp-block-embed is-type-rich is-provider-pinterest wp-block-embed-pinterest\"><div class=\"wp-block-embed__wrapper\">\n<iframe loading=\"lazy\" title=\"Ch\u00e1 mate com lim\u00e3o\" src=\"https:\/\/assets.pinterest.com\/ext\/embed.html?id=437201076336921348&#038;src=oembed\" height=\"899\" width=\"450\" frameborder=\"0\" scrolling=\"no\" ><\/iframe>\n<\/div><\/figure>\n\n\n\n<h2 class=\"wp-block-heading\">Como preparar a infus\u00e3o para substituir o caf\u00e9 perfeitamente?<\/h2>\n\n\n\n<p>A temperatura da \u00e1gua deve ser observada com rigor t\u00e9cnico para n\u00e3o queimar as folhas delicadas e deixar o sabor amargo. Evite ferver o l\u00edquido intensamente e prefira desligar o fogo assim que as <strong>primeiras bolhas<\/strong> aparecerem no fundo do recipiente. Esse cuidado garante que o <strong>perfil arom\u00e1tico<\/strong> da bebida seja agrad\u00e1vel e f\u00e1cil de consumir sem a necessidade de ado\u00e7antes.<\/p>\n\n\n\n<p>Deixar a erva em repouso por exatos cinco minutos permite a libera\u00e7\u00e3o completa dos \u00f3leos essenciais e minerais importantes para o corpo. Use recipientes de vidro ou cer\u00e2mica para evitar que <strong>res\u00edduos qu\u00edmicos<\/strong> contaminem sua bebida saud\u00e1vel logo nas primeiras horas do dia. Apreciar o aroma suave antes de beber ajuda o sistema nervoso a entender o <strong>momento de pausa<\/strong> e autocuidado.<\/p>\n\n\n\n<p>Para voc\u00ea que gosta de se cuidar, separamos um v\u00eddeo do canal <a href=\"https:\/\/www.youtube.com\/@pensandoaocontrario\" target=\"_blank\" rel=\"noreferrer noopener\">pensandoaocontrario<\/a> com dicas de ch\u00e1s para substituir o caf\u00e9:<\/p>\n\n\n\n<figure class=\"wp-block-embed is-type-video is-provider-youtube wp-block-embed-youtube wp-embed-aspect-16-9 wp-has-aspect-ratio\"><div class=\"wp-block-embed__wrapper\">\n<div class=\"jeg_video_container jeg_video_content\"><iframe loading=\"lazy\" title=\"5 INCR\u00cdVEIS substitutos SEM CAFE\u00cdNA PARA O CAF\u00c9 ! Com Dicas de caf\u00e9 sustent\u00e1vel\" width=\"500\" height=\"281\" src=\"https:\/\/www.youtube.com\/embed\/OH8hfkj-rk8?start=82&#038;feature=oembed\" frameborder=\"0\" allow=\"accelerometer; autoplay; clipboard-write; encrypted-media; gyroscope; picture-in-picture; web-share\" referrerpolicy=\"strict-origin-when-cross-origin\" allowfullscreen><\/iframe><\/div>\n<\/div><\/figure>\n\n\n\n<h2 class=\"wp-block-heading\">Os efeitos positivos na disposi\u00e7\u00e3o f\u00edsica e mental<\/h2>\n\n\n\n<p>Beber essas infus\u00f5es naturais garante que o seu n\u00edvel de alerta permane\u00e7a est\u00e1vel sem causar o nervosismo t\u00edpico de outras bebidas. Voc\u00ea vai perceber que a <strong>concentra\u00e7\u00e3o mental<\/strong> aumenta gradualmente conforme o organismo se livra das subst\u00e2ncias qu\u00edmicas artificiais presentes em produtos processados. O uso constante dessas plantas ricas em nutrientes promove uma <strong>limpeza profunda<\/strong> que reflete diretamente na apar\u00eancia da pele e na energia.<\/p>\n\n\n\n<p>Aumentar a ingest\u00e3o de ingredientes naturais ajuda a potencializar os efeitos revigorantes das novas misturas escolhidas para seu caf\u00e9 da manh\u00e3. Mantenha uma alimenta\u00e7\u00e3o balanceada para que os <strong>compostos vegetais<\/strong> trabalhem em harmonia com seu novo estilo de vida consciente e saud\u00e1vel. A persist\u00eancia inicial na troca traz <strong>benef\u00edcios duradouros<\/strong> para sua longevidade e disposi\u00e7\u00e3o para enfrentar os desafios do cotidiano moderno.<\/p>\n\n\n\n<h2 class=\"wp-block-heading\">Transforme sua rotina matinal com novas escolhas<\/h2>\n\n\n\n<p>Escolha sua erva favorita e comece a mudan\u00e7a hoje mesmo. A const\u00e2ncia no preparo cria um ritual de <strong>bem-estar f\u00edsico<\/strong> \u00fanico. Sinta a diferen\u00e7a real no seu <strong>equil\u00edbrio mental<\/strong> di\u00e1rio.<\/p>\n\n\n\n<p>Valorize o tempo dedicado para cuidar da sua pr\u00f3pria sa\u00fade. Novas infus\u00f5es trazem sabores frescos e <strong>vitalidade pura<\/strong> para sua vida. Aproveite cada x\u00edcara para <strong>renovar suas energias<\/strong>.<\/p>\n","protected":false},"excerpt":{"rendered":"<p>Ricardo acordava cansado e sentia que dependia de v\u00e1rias x\u00edcaras de substituir o caf\u00e9 para conseguir iniciar suas tarefas profissionais. Ser\u00e1 que existe uma bebida natural capaz de despertar o organismo com a mesma intensidade mas sem causar aquela agita\u00e7\u00e3o excessiva e desconfort\u00e1vel? Por que buscar ch\u00e1s para substituir o caf\u00e9 matinal? Muitos profissionais buscam [&hellip;]<\/p>\n","protected":false},"author":9,"featured_media":200619,"comment_status":"open","ping_status":"open","sticky":false,"template":"","format":"standard","meta":{"jnews-multi-image_gallery":[],"jnews_single_post":{"format":"standard"},"jnews_primary_category":[],"jnews_social_meta":[],"jnews_override_counter":[],"footnotes":""},"categories":[8691,29],"tags":[28841,28840,8378],"class_list":["post-200199","post","type-post","status-publish","format-standard","has-post-thumbnail","hentry","category-bem-estar","category-entretenimento","tag-chas-matinais","tag-energia-natural","tag-vida-saudavel"],"yoast_head":"<!-- This site is optimized with the Yoast SEO plugin v23.8 - https:\/\/yoast.com\/wordpress\/plugins\/seo\/ -->\n<title>A bebida natural que pode substituir o caf\u00e9 e manter sua energia sem causar agita\u00e7\u00e3o - Estado de Minas - Em foco<\/title>\n<meta name=\"description\" content=\"Saiba como substituir o caf\u00e9 com 3 ch\u00e1s poderosos para ter energia o dia todo. Tenha mais vitalidade e foco com essas \u00f3timas dicas saud\u00e1veis.\" \/>\n<meta name=\"robots\" content=\"index, follow, max-snippet:-1, max-image-preview:large, max-video-preview:-1\" \/>\n<link rel=\"canonical\" href=\"https:\/\/www.em.com.br\/emfoco\/2026\/04\/28\/a-bebida-natural-que-pode-substituir-o-cafe-e-manter-sua-energia-sem-causar-agitacao\/\" \/>\n<meta property=\"og:locale\" content=\"pt_BR\" \/>\n<meta property=\"og:type\" content=\"article\" \/>\n<meta property=\"og:title\" content=\"A bebida natural que pode substituir o caf\u00e9 e manter sua energia sem causar agita\u00e7\u00e3o - Estado de Minas - Em foco\" \/>\n<meta property=\"og:description\" content=\"Saiba como substituir o caf\u00e9 com 3 ch\u00e1s poderosos para ter energia o dia todo. Tenha mais vitalidade e foco com essas \u00f3timas dicas saud\u00e1veis.\" \/>\n<meta property=\"og:url\" content=\"https:\/\/www.em.com.br\/emfoco\/2026\/04\/28\/a-bebida-natural-que-pode-substituir-o-cafe-e-manter-sua-energia-sem-causar-agitacao\/\" \/>\n<meta property=\"og:site_name\" content=\"Estado de Minas - Em foco\" \/>\n<meta property=\"article:published_time\" content=\"2026-04-28T23:05:00+00:00\" \/>\n<meta property=\"article:modified_time\" content=\"2026-04-27T19:25:14+00:00\" \/>\n<meta property=\"og:image\" content=\"https:\/\/www.em.com.br\/emfoco\/wp-content\/uploads\/2026\/04\/EmFoco_45-6.jpg\" \/>\n\t<meta property=\"og:image:width\" content=\"1280\" \/>\n\t<meta property=\"og:image:height\" content=\"720\" \/>\n\t<meta property=\"og:image:type\" content=\"image\/jpeg\" \/>\n<meta name=\"author\" content=\"Daniely Cardoso\" \/>\n<meta name=\"twitter:card\" content=\"summary_large_image\" \/>\n<meta name=\"twitter:label1\" content=\"Escrito por\" \/>\n\t<meta name=\"twitter:data1\" content=\"Daniely Cardoso\" \/>\n\t<meta name=\"twitter:label2\" content=\"Est. tempo de leitura\" \/>\n\t<meta name=\"twitter:data2\" content=\"5 minutos\" \/>\n<!-- \/ Yoast SEO plugin. -->","yoast_head_json":{"title":"A bebida natural que pode substituir o caf\u00e9 e manter sua energia sem causar agita\u00e7\u00e3o - Estado de Minas - Em foco","description":"Saiba como substituir o caf\u00e9 com 3 ch\u00e1s poderosos para ter energia o dia todo. Tenha mais vitalidade e foco com essas \u00f3timas dicas saud\u00e1veis.","robots":{"index":"index","follow":"follow","max-snippet":"max-snippet:-1","max-image-preview":"max-image-preview:large","max-video-preview":"max-video-preview:-1"},"canonical":"https:\/\/www.em.com.br\/emfoco\/2026\/04\/28\/a-bebida-natural-que-pode-substituir-o-cafe-e-manter-sua-energia-sem-causar-agitacao\/","og_locale":"pt_BR","og_type":"article","og_title":"A bebida natural que pode substituir o caf\u00e9 e manter sua energia sem causar agita\u00e7\u00e3o - Estado de Minas - Em foco","og_description":"Saiba como substituir o caf\u00e9 com 3 ch\u00e1s poderosos para ter energia o dia todo. Tenha mais vitalidade e foco com essas \u00f3timas dicas saud\u00e1veis.","og_url":"https:\/\/www.em.com.br\/emfoco\/2026\/04\/28\/a-bebida-natural-que-pode-substituir-o-cafe-e-manter-sua-energia-sem-causar-agitacao\/","og_site_name":"Estado de Minas - Em foco","article_published_time":"2026-04-28T23:05:00+00:00","article_modified_time":"2026-04-27T19:25:14+00:00","og_image":[{"width":1280,"height":720,"url":"https:\/\/www.em.com.br\/emfoco\/wp-content\/uploads\/2026\/04\/EmFoco_45-6.jpg","type":"image\/jpeg"}],"author":"Daniely Cardoso","twitter_card":"summary_large_image","twitter_misc":{"Escrito por":"Daniely Cardoso","Est. tempo de leitura":"5 minutos"},"schema":{"@context":"https:\/\/schema.org","@graph":[{"@type":"WebPage","@id":"https:\/\/www.em.com.br\/emfoco\/2026\/04\/28\/a-bebida-natural-que-pode-substituir-o-cafe-e-manter-sua-energia-sem-causar-agitacao\/","url":"https:\/\/www.em.com.br\/emfoco\/2026\/04\/28\/a-bebida-natural-que-pode-substituir-o-cafe-e-manter-sua-energia-sem-causar-agitacao\/","name":"A bebida natural que pode substituir o caf\u00e9 e manter sua energia sem causar agita\u00e7\u00e3o - Estado de Minas - Em foco","isPartOf":{"@id":"https:\/\/www.em.com.br\/emfoco\/#website"},"primaryImageOfPage":{"@id":"https:\/\/www.em.com.br\/emfoco\/2026\/04\/28\/a-bebida-natural-que-pode-substituir-o-cafe-e-manter-sua-energia-sem-causar-agitacao\/#primaryimage"},"image":{"@id":"https:\/\/www.em.com.br\/emfoco\/2026\/04\/28\/a-bebida-natural-que-pode-substituir-o-cafe-e-manter-sua-energia-sem-causar-agitacao\/#primaryimage"},"thumbnailUrl":"https:\/\/www.em.com.br\/emfoco\/wp-content\/uploads\/2026\/04\/EmFoco_45-6.jpg","datePublished":"2026-04-28T23:05:00+00:00","dateModified":"2026-04-27T19:25:14+00:00","author":{"@id":"https:\/\/www.em.com.br\/emfoco\/#\/schema\/person\/0a8186d72f2c3a5c6276d90b41f271a0"},"description":"Saiba como substituir o caf\u00e9 com 3 ch\u00e1s poderosos para ter energia o dia todo. Tenha mais vitalidade e foco com essas \u00f3timas dicas saud\u00e1veis.","breadcrumb":{"@id":"https:\/\/www.em.com.br\/emfoco\/2026\/04\/28\/a-bebida-natural-que-pode-substituir-o-cafe-e-manter-sua-energia-sem-causar-agitacao\/#breadcrumb"},"inLanguage":"pt-BR","potentialAction":[{"@type":"ReadAction","target":["https:\/\/www.em.com.br\/emfoco\/2026\/04\/28\/a-bebida-natural-que-pode-substituir-o-cafe-e-manter-sua-energia-sem-causar-agitacao\/"]}]},{"@type":"ImageObject","inLanguage":"pt-BR","@id":"https:\/\/www.em.com.br\/emfoco\/2026\/04\/28\/a-bebida-natural-que-pode-substituir-o-cafe-e-manter-sua-energia-sem-causar-agitacao\/#primaryimage","url":"https:\/\/www.em.com.br\/emfoco\/wp-content\/uploads\/2026\/04\/EmFoco_45-6.jpg","contentUrl":"https:\/\/www.em.com.br\/emfoco\/wp-content\/uploads\/2026\/04\/EmFoco_45-6.jpg","width":1280,"height":720,"caption":"Infus\u00f5es naturais como ch\u00e1 verde e matcha despertam o organismo com energia est\u00e1vel"},{"@type":"BreadcrumbList","@id":"https:\/\/www.em.com.br\/emfoco\/2026\/04\/28\/a-bebida-natural-que-pode-substituir-o-cafe-e-manter-sua-energia-sem-causar-agitacao\/#breadcrumb","itemListElement":[{"@type":"ListItem","position":1,"name":"In\u00edcio","item":"https:\/\/www.em.com.br\/emfoco\/"},{"@type":"ListItem","position":2,"name":"A bebida natural que pode substituir o caf\u00e9 e manter sua energia sem causar agita\u00e7\u00e3o"}]},{"@type":"WebSite","@id":"https:\/\/www.em.com.br\/emfoco\/#website","url":"https:\/\/www.em.com.br\/emfoco\/","name":"Estado de Minas - Em foco","description":"Acompanhe as \u00faltimas not\u00edcias e fique bem informado sobre tudo o que acontece em Minas Gerais, Brasil e no mundo.","potentialAction":[{"@type":"SearchAction","target":{"@type":"EntryPoint","urlTemplate":"https:\/\/www.em.com.br\/emfoco\/?s={search_term_string}"},"query-input":{"@type":"PropertyValueSpecification","valueRequired":true,"valueName":"search_term_string"}}],"inLanguage":"pt-BR"},{"@type":"Person","@id":"https:\/\/www.em.com.br\/emfoco\/#\/schema\/person\/0a8186d72f2c3a5c6276d90b41f271a0","name":"Daniely Cardoso","image":{"@type":"ImageObject","inLanguage":"pt-BR","@id":"https:\/\/www.em.com.br\/emfoco\/#\/schema\/person\/image\/","url":"https:\/\/secure.gravatar.com\/avatar\/4b80ddbd124d1f071b626d52d62e5dff?s=96&d=mm&r=g","contentUrl":"https:\/\/secure.gravatar.com\/avatar\/4b80ddbd124d1f071b626d52d62e5dff?s=96&d=mm&r=g","caption":"Daniely Cardoso"},"url":"https:\/\/www.em.com.br\/emfoco\/author\/danielymyth\/"}]}},"_links":{"self":[{"href":"https:\/\/www.em.com.br\/emfoco\/wp-json\/wp\/v2\/posts\/200199","targetHints":{"allow":["GET"]}}],"collection":[{"href":"https:\/\/www.em.com.br\/emfoco\/wp-json\/wp\/v2\/posts"}],"about":[{"href":"https:\/\/www.em.com.br\/emfoco\/wp-json\/wp\/v2\/types\/post"}],"author":[{"embeddable":true,"href":"https:\/\/www.em.com.br\/emfoco\/wp-json\/wp\/v2\/users\/9"}],"replies":[{"embeddable":true,"href":"https:\/\/www.em.com.br\/emfoco\/wp-json\/wp\/v2\/comments?post=200199"}],"version-history":[{"count":2,"href":"https:\/\/www.em.com.br\/emfoco\/wp-json\/wp\/v2\/posts\/200199\/revisions"}],"predecessor-version":[{"id":200674,"href":"https:\/\/www.em.com.br\/emfoco\/wp-json\/wp\/v2\/posts\/200199\/revisions\/200674"}],"wp:featuredmedia":[{"embeddable":true,"href":"https:\/\/www.em.com.br\/emfoco\/wp-json\/wp\/v2\/media\/200619"}],"wp:attachment":[{"href":"https:\/\/www.em.com.br\/emfoco\/wp-json\/wp\/v2\/media?parent=200199"}],"wp:term":[{"taxonomy":"category","embeddable":true,"href":"https:\/\/www.em.com.br\/emfoco\/wp-json\/wp\/v2\/categories?post=200199"},{"taxonomy":"post_tag","embeddable":true,"href":"https:\/\/www.em.com.br\/emfoco\/wp-json\/wp\/v2\/tags?post=200199"}],"curies":[{"name":"wp","href":"https:\/\/api.w.org\/{rel}","templated":true}]}}