{"id":200196,"date":"2026-04-28T17:35:00","date_gmt":"2026-04-28T20:35:00","guid":{"rendered":"https:\/\/www.em.com.br\/emfoco\/?p=200196"},"modified":"2026-04-27T15:55:30","modified_gmt":"2026-04-27T18:55:30","slug":"adeus-pergolado-sem-graca-a-planta-trepadeira-que-perfuma-a-entrada-da-casa-com-flores-brancas-e-raras","status":"publish","type":"post","link":"https:\/\/www.em.com.br\/emfoco\/2026\/04\/28\/adeus-pergolado-sem-graca-a-planta-trepadeira-que-perfuma-a-entrada-da-casa-com-flores-brancas-e-raras\/","title":{"rendered":"Adeus pergolado sem gra\u00e7a, a planta trepadeira que perfuma a entrada da casa com flores brancas e raras"},"content":{"rendered":"\n<p>Beatriz sonhava com uma entrada perfumada e finalmente comprou mudas para aprender <strong>como plantar jasmim<\/strong>. Ser\u00e1 que um simples detalhe na fixa\u00e7\u00e3o dos ramos pode determinar se o seu pergolado ficar\u00e1 coberto de flores ou totalmente vazio?<\/p>\n\n\n\n<h2 class=\"wp-block-heading\">Qual o tipo de solo para o jasmim?<\/h2>\n\n\n\n<p>Para que a trepadeira cres\u00e7a com vigor, voc\u00ea deve preparar uma terra rica em compostos org\u00e2nicos e nutrientes. Misture areia lavada e h\u00famus de minhoca para garantir que o <strong>escoamento da \u00e1gua<\/strong> seja perfeito nas ra\u00edzes. O jasmim prefere substratos leves que n\u00e3o fiquem compactados ap\u00f3s as <strong>regas frequentes<\/strong> necess\u00e1rias no in\u00edcio.<\/p>\n\n\n\n<p>A acidez do solo tamb\u00e9m influencia diretamente na produ\u00e7\u00e3o das flores brancas e no perfume exalado pela planta. Adicione uma camada de <strong>mat\u00e9ria org\u00e2nica<\/strong> seca para manter a temperatura est\u00e1vel durante os dias de sol intenso. Essa prepara\u00e7\u00e3o garante que a planta tenha <strong>energia suficiente<\/strong> para escalar a estrutura de madeira rapidamente.<\/p>\n\n\n<div class=\"wp-block-image\">\n<figure class=\"aligncenter size-large\"><img loading=\"lazy\" decoding=\"async\" width=\"1024\" height=\"576\" src=\"https:\/\/www.em.com.br\/emfoco\/wp-content\/uploads\/2026\/04\/Como-plantar-jasmim-1-1024x576.jpg\" alt=\"Como plantar jasmim \" class=\"wp-image-200197\" srcset=\"https:\/\/www.em.com.br\/emfoco\/wp-content\/uploads\/2026\/04\/Como-plantar-jasmim-1-1024x576.jpg 1024w, https:\/\/www.em.com.br\/emfoco\/wp-content\/uploads\/2026\/04\/Como-plantar-jasmim-1-300x169.jpg 300w, https:\/\/www.em.com.br\/emfoco\/wp-content\/uploads\/2026\/04\/Como-plantar-jasmim-1-768x432.jpg 768w, https:\/\/www.em.com.br\/emfoco\/wp-content\/uploads\/2026\/04\/Como-plantar-jasmim-1-750x422.jpg 750w, https:\/\/www.em.com.br\/emfoco\/wp-content\/uploads\/2026\/04\/Como-plantar-jasmim-1-1140x641.jpg 1140w, https:\/\/www.em.com.br\/emfoco\/wp-content\/uploads\/2026\/04\/Como-plantar-jasmim-1.jpg 1280w\" sizes=\"auto, (max-width: 1024px) 100vw, 1024px\" \/><figcaption class=\"wp-element-caption\">Para que a trepadeira cres\u00e7a com vigor, voc\u00ea deve preparar uma terra rica em compostos org\u00e2nicos e nutrientes.<\/figcaption><\/figure><\/div>\n\n\n<p>Leia tamb\u00e9m: <a href=\"https:\/\/www.em.com.br\/emfoco\/2026\/04\/11\/aprenda-a-como-plantar-cravo-da-india-e-cultivar-flores-aromaticas-em-casa\/\" target=\"_blank\" rel=\"noreferrer noopener\">Aprenda a como plantar cravo-da-\u00edndia e cultivar flores arom\u00e1ticas em casa<\/a><\/p>\n\n\n\n<h2 class=\"wp-block-heading\">Como plantar jasmim em locais ensolarados?<\/h2>\n\n\n\n<p>A maioria das esp\u00e9cies de jasmim necessita de muita luz para desenvolver seus bot\u00f5es florais de forma plena. Escolha a face do pergolado que recebe o <strong>sol da manh\u00e3<\/strong> por pelo menos cinco horas seguidas. A claridade abundante estimula a <strong>fotoss\u00edntese eficiente<\/strong> e fortalece o caule contra pragas comuns de jardim.<\/p>\n\n\n\n<p>Se o clima da sua regi\u00e3o for excessivamente seco, aumente a umidade ao redor da base da trepadeira. Cubra a superf\u00edcie do vaso ou do canteiro com <strong>cascas de pinus<\/strong> para evitar a evapora\u00e7\u00e3o r\u00e1pida da \u00e1gua. O calor moderado favorece o <strong>crescimento acelerado<\/strong> dos ramos que subir\u00e3o pela estrutura do pergolado.<\/p>\n\n\n\n<figure class=\"wp-block-embed is-type-rich is-provider-pinterest wp-block-embed-pinterest\"><div class=\"wp-block-embed__wrapper\">\n<iframe loading=\"lazy\" title=\" \" src=\"https:\/\/assets.pinterest.com\/ext\/embed.html?id=1092334084632171447&#038;src=oembed\" height=\"699\" width=\"450\" frameborder=\"0\" scrolling=\"no\" ><\/iframe>\n<\/div><\/figure>\n\n\n\n<h2 class=\"wp-block-heading\">Qual o espa\u00e7amento ideal de como plantar jasmim?<\/h2>\n\n\n\n<p>Manter a dist\u00e2ncia correta entre as mudas evita que as plantas disputem nutrientes e espa\u00e7o de forma agressiva. Deixe pelo menos um metro de intervalo entre cada cova para que as <strong>ra\u00edzes respirem<\/strong> livremente sob a terra. O planejamento correto do espa\u00e7o permite uma <strong>cobertura uniforme<\/strong> de toda a parte superior da madeira.<\/p>\n\n\n\n<p>Antes de colocar as plantas no local definitivo, voc\u00ea deve seguir alguns passos pr\u00e1ticos para organizar a estrutura de suporte. O uso de fios de nylon ou arames finos ajuda a guiar o crescimento inicial de forma muito segura.<\/p>\n\n\n\n<ul class=\"wp-block-list\">\n<li>Instale <strong>suportes horizontais<\/strong> para que os galhos novos tenham onde se apoiar.<\/li>\n\n\n\n<li>Prenda as pontas com <strong>amarrilhos flex\u00edveis<\/strong> sem apertar demais o caule sens\u00edvel da trepadeira.<\/li>\n\n\n\n<li>Direcione os ramos principais para os <strong>lados opostos<\/strong> para preencher os vazios do pergolado.<\/li>\n<\/ul>\n\n\n\n<p>Para voc\u00ea que gosta de plantar, separamos um v\u00eddeo do canal <a href=\"https:\/\/www.youtube.com\/@vidanojardim\" target=\"_blank\" rel=\"noreferrer noopener\">Vida no Jardim<\/a> com dicas de flores para pergolados:<\/p>\n\n\n\n<figure class=\"wp-block-embed is-type-video is-provider-youtube wp-block-embed-youtube wp-embed-aspect-16-9 wp-has-aspect-ratio\"><div class=\"wp-block-embed__wrapper\">\n<div class=\"jeg_video_container jeg_video_content\"><iframe loading=\"lazy\" title=\"10 plantas flori\u0301feras para pergolados\" width=\"500\" height=\"281\" src=\"https:\/\/www.youtube.com\/embed\/Ub5DULV26xA?start=2&#038;feature=oembed\" frameborder=\"0\" allow=\"accelerometer; autoplay; clipboard-write; encrypted-media; gyroscope; picture-in-picture; web-share\" referrerpolicy=\"strict-origin-when-cross-origin\" allowfullscreen><\/iframe><\/div>\n<\/div><\/figure>\n\n\n\n<h2 class=\"wp-block-heading\">Como fazer a manuten\u00e7\u00e3o ap\u00f3s como plantar jasmim?<\/h2>\n\n\n\n<p>A poda de limpeza deve ser feita sempre que voc\u00ea notar galhos secos ou folhas amareladas na base. Corte as pontas dos ramos mais longos para estimular o <strong>surgimento de brotos<\/strong> laterais e mais flores. Essa t\u00e9cnica ajuda a manter a planta com <strong>apar\u00eancia densa<\/strong> e evita que o pergolado pare\u00e7a descuidado com o tempo.<\/p>\n\n\n\n<p>Aplique um fertilizante rico em f\u00f3sforo durante a primavera para turbinar a flora\u00e7\u00e3o e garantir o perfume intenso. Evite o uso de venenos qu\u00edmicos que podem afastar as <strong>abelhas polinizadoras<\/strong> e borboletas do seu jardim dom\u00e9stico. O cuidado constante resulta em um <strong>visual deslumbrante<\/strong> que valoriza todo o im\u00f3vel de maneira natural e elegante.<\/p>\n\n\n\n<h2 class=\"wp-block-heading\">Flores\u00e7a sua \u00e1rea externa com dedica\u00e7\u00e3o<\/h2>\n\n\n\n<p>O resultado final de um pergolado florido compensa cada minuto gasto com a prepara\u00e7\u00e3o do solo e das mudas. Observe o comportamento da trepadeira e ajuste as <strong>guias de crescimento<\/strong> conforme a necessidade de cobertura. Cultivar essa esp\u00e9cie traz <strong>beleza imediata<\/strong> e um aroma inesquec\u00edvel para suas tardes de descanso ao ar livre.<\/p>\n\n\n\n<p>Tenha paci\u00eancia com o tempo de desenvolvimento das ra\u00edzes antes de esperar uma florada massiva e exuberante. Continue aprendendo sobre as <strong>necessidades h\u00eddricas<\/strong> de cada esta\u00e7\u00e3o para manter a folhagem sempre verde e brilhante. O sucesso do seu jardim depende apenas da sua <strong>aten\u00e7\u00e3o di\u00e1ria<\/strong> e do carinho com a natureza.<\/p>\n","protected":false},"excerpt":{"rendered":"<p>Beatriz sonhava com uma entrada perfumada e finalmente comprou mudas para aprender como plantar jasmim. Ser\u00e1 que um simples detalhe na fixa\u00e7\u00e3o dos ramos pode determinar se o seu pergolado ficar\u00e1 coberto de flores ou totalmente vazio? Qual o tipo de solo para o jasmim? Para que a trepadeira cres\u00e7a com vigor, voc\u00ea deve preparar [&hellip;]<\/p>\n","protected":false},"author":9,"featured_media":200642,"comment_status":"open","ping_status":"open","sticky":false,"template":"","format":"standard","meta":{"jnews-multi-image_gallery":[],"jnews_single_post":{"format":"standard"},"jnews_primary_category":[],"jnews_social_meta":[],"jnews_override_counter":[],"footnotes":""},"categories":[8691,29],"tags":[],"class_list":["post-200196","post","type-post","status-publish","format-standard","has-post-thumbnail","hentry","category-bem-estar","category-entretenimento"],"yoast_head":"<!-- This site is optimized with the Yoast SEO plugin v23.8 - https:\/\/yoast.com\/wordpress\/plugins\/seo\/ -->\n<title>Adeus pergolado sem gra\u00e7a, a planta trepadeira que perfuma a entrada da casa com flores brancas e raras - Estado de Minas - Em foco<\/title>\n<meta name=\"description\" content=\"Aprenda como plantar jasmim em seu pergolado para garantir sombra e perfume natural. Veja dicas pr\u00e1ticas de cultivo e poda para sua casa.\" \/>\n<meta name=\"robots\" content=\"index, follow, max-snippet:-1, max-image-preview:large, max-video-preview:-1\" \/>\n<link rel=\"canonical\" href=\"https:\/\/www.em.com.br\/emfoco\/2026\/04\/28\/adeus-pergolado-sem-graca-a-planta-trepadeira-que-perfuma-a-entrada-da-casa-com-flores-brancas-e-raras\/\" \/>\n<meta property=\"og:locale\" content=\"pt_BR\" \/>\n<meta property=\"og:type\" content=\"article\" \/>\n<meta property=\"og:title\" content=\"Adeus pergolado sem gra\u00e7a, a planta trepadeira que perfuma a entrada da casa com flores brancas e raras - Estado de Minas - Em foco\" \/>\n<meta property=\"og:description\" content=\"Aprenda como plantar jasmim em seu pergolado para garantir sombra e perfume natural. Veja dicas pr\u00e1ticas de cultivo e poda para sua casa.\" \/>\n<meta property=\"og:url\" content=\"https:\/\/www.em.com.br\/emfoco\/2026\/04\/28\/adeus-pergolado-sem-graca-a-planta-trepadeira-que-perfuma-a-entrada-da-casa-com-flores-brancas-e-raras\/\" \/>\n<meta property=\"og:site_name\" content=\"Estado de Minas - Em foco\" \/>\n<meta property=\"article:published_time\" content=\"2026-04-28T20:35:00+00:00\" \/>\n<meta property=\"article:modified_time\" content=\"2026-04-27T18:55:30+00:00\" \/>\n<meta property=\"og:image\" content=\"https:\/\/www.em.com.br\/emfoco\/wp-content\/uploads\/2026\/04\/EmFoco_52-6.jpg\" \/>\n\t<meta property=\"og:image:width\" content=\"1280\" \/>\n\t<meta property=\"og:image:height\" content=\"720\" \/>\n\t<meta property=\"og:image:type\" content=\"image\/jpeg\" \/>\n<meta name=\"author\" content=\"Daniely Cardoso\" \/>\n<meta name=\"twitter:card\" content=\"summary_large_image\" \/>\n<meta name=\"twitter:label1\" content=\"Escrito por\" \/>\n\t<meta name=\"twitter:data1\" content=\"Daniely Cardoso\" \/>\n\t<meta name=\"twitter:label2\" content=\"Est. tempo de leitura\" \/>\n\t<meta name=\"twitter:data2\" content=\"5 minutos\" \/>\n<!-- \/ Yoast SEO plugin. -->","yoast_head_json":{"title":"Adeus pergolado sem gra\u00e7a, a planta trepadeira que perfuma a entrada da casa com flores brancas e raras - Estado de Minas - Em foco","description":"Aprenda como plantar jasmim em seu pergolado para garantir sombra e perfume natural. Veja dicas pr\u00e1ticas de cultivo e poda para sua casa.","robots":{"index":"index","follow":"follow","max-snippet":"max-snippet:-1","max-image-preview":"max-image-preview:large","max-video-preview":"max-video-preview:-1"},"canonical":"https:\/\/www.em.com.br\/emfoco\/2026\/04\/28\/adeus-pergolado-sem-graca-a-planta-trepadeira-que-perfuma-a-entrada-da-casa-com-flores-brancas-e-raras\/","og_locale":"pt_BR","og_type":"article","og_title":"Adeus pergolado sem gra\u00e7a, a planta trepadeira que perfuma a entrada da casa com flores brancas e raras - Estado de Minas - Em foco","og_description":"Aprenda como plantar jasmim em seu pergolado para garantir sombra e perfume natural. Veja dicas pr\u00e1ticas de cultivo e poda para sua casa.","og_url":"https:\/\/www.em.com.br\/emfoco\/2026\/04\/28\/adeus-pergolado-sem-graca-a-planta-trepadeira-que-perfuma-a-entrada-da-casa-com-flores-brancas-e-raras\/","og_site_name":"Estado de Minas - Em foco","article_published_time":"2026-04-28T20:35:00+00:00","article_modified_time":"2026-04-27T18:55:30+00:00","og_image":[{"width":1280,"height":720,"url":"https:\/\/www.em.com.br\/emfoco\/wp-content\/uploads\/2026\/04\/EmFoco_52-6.jpg","type":"image\/jpeg"}],"author":"Daniely Cardoso","twitter_card":"summary_large_image","twitter_misc":{"Escrito por":"Daniely Cardoso","Est. tempo de leitura":"5 minutos"},"schema":{"@context":"https:\/\/schema.org","@graph":[{"@type":"WebPage","@id":"https:\/\/www.em.com.br\/emfoco\/2026\/04\/28\/adeus-pergolado-sem-graca-a-planta-trepadeira-que-perfuma-a-entrada-da-casa-com-flores-brancas-e-raras\/","url":"https:\/\/www.em.com.br\/emfoco\/2026\/04\/28\/adeus-pergolado-sem-graca-a-planta-trepadeira-que-perfuma-a-entrada-da-casa-com-flores-brancas-e-raras\/","name":"Adeus pergolado sem gra\u00e7a, a planta trepadeira que perfuma a entrada da casa com flores brancas e raras - Estado de Minas - Em foco","isPartOf":{"@id":"https:\/\/www.em.com.br\/emfoco\/#website"},"primaryImageOfPage":{"@id":"https:\/\/www.em.com.br\/emfoco\/2026\/04\/28\/adeus-pergolado-sem-graca-a-planta-trepadeira-que-perfuma-a-entrada-da-casa-com-flores-brancas-e-raras\/#primaryimage"},"image":{"@id":"https:\/\/www.em.com.br\/emfoco\/2026\/04\/28\/adeus-pergolado-sem-graca-a-planta-trepadeira-que-perfuma-a-entrada-da-casa-com-flores-brancas-e-raras\/#primaryimage"},"thumbnailUrl":"https:\/\/www.em.com.br\/emfoco\/wp-content\/uploads\/2026\/04\/EmFoco_52-6.jpg","datePublished":"2026-04-28T20:35:00+00:00","dateModified":"2026-04-27T18:55:30+00:00","author":{"@id":"https:\/\/www.em.com.br\/emfoco\/#\/schema\/person\/0a8186d72f2c3a5c6276d90b41f271a0"},"description":"Aprenda como plantar jasmim em seu pergolado para garantir sombra e perfume natural. Veja dicas pr\u00e1ticas de cultivo e poda para sua casa.","breadcrumb":{"@id":"https:\/\/www.em.com.br\/emfoco\/2026\/04\/28\/adeus-pergolado-sem-graca-a-planta-trepadeira-que-perfuma-a-entrada-da-casa-com-flores-brancas-e-raras\/#breadcrumb"},"inLanguage":"pt-BR","potentialAction":[{"@type":"ReadAction","target":["https:\/\/www.em.com.br\/emfoco\/2026\/04\/28\/adeus-pergolado-sem-graca-a-planta-trepadeira-que-perfuma-a-entrada-da-casa-com-flores-brancas-e-raras\/"]}]},{"@type":"ImageObject","inLanguage":"pt-BR","@id":"https:\/\/www.em.com.br\/emfoco\/2026\/04\/28\/adeus-pergolado-sem-graca-a-planta-trepadeira-que-perfuma-a-entrada-da-casa-com-flores-brancas-e-raras\/#primaryimage","url":"https:\/\/www.em.com.br\/emfoco\/wp-content\/uploads\/2026\/04\/EmFoco_52-6.jpg","contentUrl":"https:\/\/www.em.com.br\/emfoco\/wp-content\/uploads\/2026\/04\/EmFoco_52-6.jpg","width":1280,"height":720,"caption":"Solo rico em mat\u00e9ria org\u00e2nica e fixa\u00e7\u00e3o correta garantem pergolados floridos e perfumados"},{"@type":"BreadcrumbList","@id":"https:\/\/www.em.com.br\/emfoco\/2026\/04\/28\/adeus-pergolado-sem-graca-a-planta-trepadeira-que-perfuma-a-entrada-da-casa-com-flores-brancas-e-raras\/#breadcrumb","itemListElement":[{"@type":"ListItem","position":1,"name":"In\u00edcio","item":"https:\/\/www.em.com.br\/emfoco\/"},{"@type":"ListItem","position":2,"name":"Adeus pergolado sem gra\u00e7a, a planta trepadeira que perfuma a entrada da casa com flores brancas e raras"}]},{"@type":"WebSite","@id":"https:\/\/www.em.com.br\/emfoco\/#website","url":"https:\/\/www.em.com.br\/emfoco\/","name":"Estado de Minas - Em foco","description":"Acompanhe as \u00faltimas not\u00edcias e fique bem informado sobre tudo o que acontece em Minas Gerais, Brasil e no mundo.","potentialAction":[{"@type":"SearchAction","target":{"@type":"EntryPoint","urlTemplate":"https:\/\/www.em.com.br\/emfoco\/?s={search_term_string}"},"query-input":{"@type":"PropertyValueSpecification","valueRequired":true,"valueName":"search_term_string"}}],"inLanguage":"pt-BR"},{"@type":"Person","@id":"https:\/\/www.em.com.br\/emfoco\/#\/schema\/person\/0a8186d72f2c3a5c6276d90b41f271a0","name":"Daniely Cardoso","image":{"@type":"ImageObject","inLanguage":"pt-BR","@id":"https:\/\/www.em.com.br\/emfoco\/#\/schema\/person\/image\/","url":"https:\/\/secure.gravatar.com\/avatar\/4b80ddbd124d1f071b626d52d62e5dff?s=96&d=mm&r=g","contentUrl":"https:\/\/secure.gravatar.com\/avatar\/4b80ddbd124d1f071b626d52d62e5dff?s=96&d=mm&r=g","caption":"Daniely Cardoso"},"url":"https:\/\/www.em.com.br\/emfoco\/author\/danielymyth\/"}]}},"_links":{"self":[{"href":"https:\/\/www.em.com.br\/emfoco\/wp-json\/wp\/v2\/posts\/200196","targetHints":{"allow":["GET"]}}],"collection":[{"href":"https:\/\/www.em.com.br\/emfoco\/wp-json\/wp\/v2\/posts"}],"about":[{"href":"https:\/\/www.em.com.br\/emfoco\/wp-json\/wp\/v2\/types\/post"}],"author":[{"embeddable":true,"href":"https:\/\/www.em.com.br\/emfoco\/wp-json\/wp\/v2\/users\/9"}],"replies":[{"embeddable":true,"href":"https:\/\/www.em.com.br\/emfoco\/wp-json\/wp\/v2\/comments?post=200196"}],"version-history":[{"count":1,"href":"https:\/\/www.em.com.br\/emfoco\/wp-json\/wp\/v2\/posts\/200196\/revisions"}],"predecessor-version":[{"id":200198,"href":"https:\/\/www.em.com.br\/emfoco\/wp-json\/wp\/v2\/posts\/200196\/revisions\/200198"}],"wp:featuredmedia":[{"embeddable":true,"href":"https:\/\/www.em.com.br\/emfoco\/wp-json\/wp\/v2\/media\/200642"}],"wp:attachment":[{"href":"https:\/\/www.em.com.br\/emfoco\/wp-json\/wp\/v2\/media?parent=200196"}],"wp:term":[{"taxonomy":"category","embeddable":true,"href":"https:\/\/www.em.com.br\/emfoco\/wp-json\/wp\/v2\/categories?post=200196"},{"taxonomy":"post_tag","embeddable":true,"href":"https:\/\/www.em.com.br\/emfoco\/wp-json\/wp\/v2\/tags?post=200196"}],"curies":[{"name":"wp","href":"https:\/\/api.w.org\/{rel}","templated":true}]}}