{"id":200192,"date":"2026-04-28T15:45:00","date_gmt":"2026-04-28T18:45:00","guid":{"rendered":"https:\/\/www.em.com.br\/emfoco\/?p=200192"},"modified":"2026-04-27T15:55:46","modified_gmt":"2026-04-27T18:55:46","slug":"ela-sempre-torcia-a-cara-para-esse-vegetal-ate-descobrir-do-que-ele-era-capaz","status":"publish","type":"post","link":"https:\/\/www.em.com.br\/emfoco\/2026\/04\/28\/ela-sempre-torcia-a-cara-para-esse-vegetal-ate-descobrir-do-que-ele-era-capaz\/","title":{"rendered":"Ela sempre torcia a cara para esse vegetal, at\u00e9 descobrir do que ele era capaz"},"content":{"rendered":"\n<p>Ana sempre torcia o nariz para o prato verde na mesa at\u00e9 entender os reais <strong>benef\u00edcios do consumo de jil\u00f3<\/strong>. Ser\u00e1 que esse fruto amargo esconde segredos capazes de transformar sua sa\u00fade digestiva em poucos dias de uso?<\/p>\n\n\n\n<h2 class=\"wp-block-heading\">Quais os benef\u00edcios do consumo de jil\u00f3 para o peso<\/h2>\n\n\n\n<p>O fruto possui uma quantidade baix\u00edssima de calorias por por\u00e7\u00e3o ingerida habitualmente nas refei\u00e7\u00f5es di\u00e1rias brasileiras. Suas fibras aumentam a <strong>sensa\u00e7\u00e3o de saciedade<\/strong> prolongada e evitam beliscos fora de hora entre os turnos. Incluir o alimento na dieta ajuda a <strong>queimar gordura<\/strong> de forma natural e muito equilibrada para o organismo.<\/p>\n\n\n\n<p>A presen\u00e7a de \u00e1gua na composi\u00e7\u00e3o auxilia na hidrata\u00e7\u00e3o interna dos tecidos corporais mais profundos e sens\u00edveis. Comer o vegetal antes das refei\u00e7\u00f5es principais <strong>controla o apetite<\/strong> exagerado de maneira eficiente e bastante r\u00e1pida. Esse h\u00e1bito simples promove um <strong>emagrecimento saud\u00e1vel<\/strong> sem a necessidade de dietas restritivas ou sofrimento extremo.<\/p>\n\n\n<div class=\"wp-block-image\">\n<figure class=\"aligncenter size-large\"><img loading=\"lazy\" decoding=\"async\" width=\"1024\" height=\"576\" src=\"https:\/\/www.em.com.br\/emfoco\/wp-content\/uploads\/2025\/12\/Gemini_Generated_Image_brpzvkbrpzvkbrpz-1-1024x576.png\" alt=\"benef\u00edcios do consumo de jil\u00f3\" class=\"wp-image-147610\" srcset=\"https:\/\/www.em.com.br\/emfoco\/wp-content\/uploads\/2025\/12\/Gemini_Generated_Image_brpzvkbrpzvkbrpz-1-1024x576.png 1024w, https:\/\/www.em.com.br\/emfoco\/wp-content\/uploads\/2025\/12\/Gemini_Generated_Image_brpzvkbrpzvkbrpz-1-300x169.png 300w, https:\/\/www.em.com.br\/emfoco\/wp-content\/uploads\/2025\/12\/Gemini_Generated_Image_brpzvkbrpzvkbrpz-1-768x432.png 768w, https:\/\/www.em.com.br\/emfoco\/wp-content\/uploads\/2025\/12\/Gemini_Generated_Image_brpzvkbrpzvkbrpz-1-750x422.png 750w, https:\/\/www.em.com.br\/emfoco\/wp-content\/uploads\/2025\/12\/Gemini_Generated_Image_brpzvkbrpzvkbrpz-1-1140x641.png 1140w, https:\/\/www.em.com.br\/emfoco\/wp-content\/uploads\/2025\/12\/Gemini_Generated_Image_brpzvkbrpzvkbrpz-1.png 1280w\" sizes=\"auto, (max-width: 1024px) 100vw, 1024px\" \/><figcaption class=\"wp-element-caption\">A presen\u00e7a de \u00e1gua na composi\u00e7\u00e3o auxilia na hidrata\u00e7\u00e3o interna dos tecidos corporais mais profundos e sens\u00edveis.<\/figcaption><\/figure><\/div>\n\n\n<p>Leia tamb\u00e9m: <a href=\"https:\/\/www.em.com.br\/emfoco\/2026\/04\/04\/a-folha-dessa-fruta-pode-aliviar-ondas-de-calor-e-ajudar-mulheres-na-menopausa-2\/\" target=\"_blank\" rel=\"noreferrer noopener\">Adeus calor! Os benef\u00edcios da folha de amora na menopausa para um auto cuidado simples<\/a><\/p>\n\n\n\n<h2 class=\"wp-block-heading\">Como o vegetal protege a sa\u00fade do cora\u00e7\u00e3o<\/h2>\n\n\n\n<p>Os flavonoides presentes na casca verde combatem o colesterol ruim depositado nas art\u00e9rias sangu\u00edneas principais do corpo. Essa a\u00e7\u00e3o protetora evita o ac\u00famulo de placas que <strong>obstruem o fluxo<\/strong> de sangue vital para os \u00f3rg\u00e3os. Manter o cora\u00e7\u00e3o forte exige escolhas alimentares que <strong>priorizam nutrientes<\/strong> antioxidantes poderosos em todas as etapas da vida.<\/p>\n\n\n\n<p>A regula\u00e7\u00e3o da press\u00e3o arterial ocorre devido \u00e0 presen\u00e7a marcante de pot\u00e1ssio nas sementes pequenas do vegetal. O consumo regular ajuda a <strong>equilibrar o s\u00f3dio<\/strong> e previne o surgimento de doen\u00e7as cardiovasculares graves futuramente. Existem diversos pontos positivos ao analisar a lista de vantagens nutritivas deste ingrediente poderoso para o organismo humano.<\/p>\n\n\n\n<ul class=\"wp-block-list\">\n<li>Vitamina A para <strong>melhorar a vis\u00e3o<\/strong> e proteger a c\u00f3rnea de agentes externos.<\/li>\n\n\n\n<li>Complexo B que garante mais <strong>energia e disposi\u00e7\u00e3o<\/strong> di\u00e1ria para o trabalho pesado.<\/li>\n\n\n\n<li>Ferro para combater a <strong>anemia profunda<\/strong> e fortalecer o sangue de forma natural.<\/li>\n<\/ul>\n\n\n\n<figure class=\"wp-block-embed is-type-rich is-provider-pinterest wp-block-embed-pinterest\"><div class=\"wp-block-embed__wrapper\">\n<iframe loading=\"lazy\" title=\"10 Benef\u00edcios do JIL\u00d3: Para que Serve e Como Usar - TEM EFEITOS COLATERAIS?\" src=\"https:\/\/assets.pinterest.com\/ext\/embed.html?id=248120260716194010&#038;src=oembed\" height=\"775\" width=\"450\" frameborder=\"0\" scrolling=\"no\" ><\/iframe>\n<\/div><\/figure>\n\n\n\n<h2 class=\"wp-block-heading\">Quais os benef\u00edcios do consumo de jil\u00f3 na digest\u00e3o<\/h2>\n\n\n\n<p>O sabor amargo caracter\u00edstico estimula a produ\u00e7\u00e3o de saliva e suco g\u00e1strico imediatamente ap\u00f3s as primeiras garfadas. Esse processo biol\u00f3gico facilita a <strong>quebra dos alimentos<\/strong> e evita aquela sensa\u00e7\u00e3o chata de estufamento ap\u00f3s comer. O f\u00edgado trabalha com muito mais vigor quando recebe os est\u00edmulos qu\u00edmicos naturais presentes na <strong>polpa do fruto<\/strong>.<\/p>\n\n\n\n<p>As fibras insol\u00faveis presentes na casca regulam o tr\u00e2nsito intestinal e combatem a pris\u00e3o de ventre inc\u00f4moda. Manter o <strong>sistema digestivo<\/strong> sempre limpo previne inflama\u00e7\u00f5es e melhora muito a absor\u00e7\u00e3o de vitaminas fundamentais. Voc\u00ea sente muito mais <strong>leveza corporal<\/strong> ao adotar esse vegetal amargo no seu card\u00e1pio semanal variado.<\/p>\n\n\n\n<p>Para voc\u00ea que gosta de se cudiar, separamos um v\u00eddeo do canal da <a href=\"https:\/\/www.youtube.com\/@NutricionistaPatriciaLeite\" target=\"_blank\" rel=\"noreferrer noopener\">Nutricionista Patricia Leite<\/a> com dicas de consumo e os benef\u00edcios do jil\u00f3 para o corpo:<\/p>\n\n\n\n<figure class=\"wp-block-embed is-type-video is-provider-youtube wp-block-embed-youtube wp-embed-aspect-16-9 wp-has-aspect-ratio\"><div class=\"wp-block-embed__wrapper\">\n<div class=\"jeg_video_container jeg_video_content\"><iframe loading=\"lazy\" title=\"Benef\u00edcios do JIL\u00d3 para Emagrecer, Intestino, Diabetes,... Como Usar e Receitas Gostosas!\" width=\"500\" height=\"281\" src=\"https:\/\/www.youtube.com\/embed\/sjVCtJ-XKWI?feature=oembed\" frameborder=\"0\" allow=\"accelerometer; autoplay; clipboard-write; encrypted-media; gyroscope; picture-in-picture; web-share\" referrerpolicy=\"strict-origin-when-cross-origin\" allowfullscreen><\/iframe><\/div>\n<\/div><\/figure>\n\n\n\n<h2 class=\"wp-block-heading\">Existem benef\u00edcios do consumo de jil\u00f3 para diab\u00e9ticos<\/h2>\n\n\n\n<p>O baixo \u00edndice glic\u00eamico deste alimento impede picos repentinos de a\u00e7\u00facar circulando na corrente sangu\u00ednea dos pacientes. Isso ajuda a <strong>manter a glicemia<\/strong> sob controle constante durante as atividades f\u00edsicas e per\u00edodos de repouso. Pessoas que buscam o <strong>equil\u00edbrio metab\u00f3lico<\/strong> encontram no vegetal um aliado extremamente barato e muito acess\u00edvel em feiras.<\/p>\n\n\n\n<p>As fibras vegetais retardam a absor\u00e7\u00e3o de carboidratos complexos de maneira bastante eficaz e segura para a sa\u00fade. O corpo processa toda a energia de forma lenta e evita o <strong>desgaste do p\u00e2ncreas<\/strong> em longo prazo. Adicionar este item na rotina alimentar traz <strong>seguran\u00e7a para diab\u00e9ticos<\/strong> que precisam vigiar a ingest\u00e3o de glicose constantemente.<\/p>\n\n\n\n<h2 class=\"wp-block-heading\">Adote novos h\u00e1bitos para uma vida melhor<\/h2>\n\n\n\n<p>Comece testando receitas diferentes para suavizar o sabor forte e marcante deste vegetal verde. Use temperos naturais para real\u00e7ar o <strong>valor nutricional<\/strong> sem adicionar s\u00f3dio ou gorduras ruins. O segredo da longevidade mora em <strong>escolhas inteligentes<\/strong> feitas diariamente na cozinha da sua pr\u00f3pria casa.<\/p>\n\n\n\n<p>Pequenas mudan\u00e7as no card\u00e1pio geram resultados vis\u00edveis na disposi\u00e7\u00e3o e na est\u00e9tica corporal em pouco tempo. Persista na experimenta\u00e7\u00e3o de novos ingredientes para <strong>fortalecer sua imunidade<\/strong> natural contra as doen\u00e7as sazonais. Valorize os produtos frescos da terra para conquistar <strong>vitalidade plena<\/strong> e muita sa\u00fade de ferro.<\/p>\n","protected":false},"excerpt":{"rendered":"<p>Ana sempre torcia o nariz para o prato verde na mesa at\u00e9 entender os reais benef\u00edcios do consumo de jil\u00f3. Ser\u00e1 que esse fruto amargo esconde segredos capazes de transformar sua sa\u00fade digestiva em poucos dias de uso? Quais os benef\u00edcios do consumo de jil\u00f3 para o peso O fruto possui uma quantidade baix\u00edssima de [&hellip;]<\/p>\n","protected":false},"author":9,"featured_media":200641,"comment_status":"open","ping_status":"open","sticky":false,"template":"","format":"standard","meta":{"jnews-multi-image_gallery":[],"jnews_single_post":{"format":"standard"},"jnews_primary_category":[],"jnews_social_meta":[],"jnews_override_counter":[],"footnotes":""},"categories":[8691,29],"tags":[911,28838,28839],"class_list":["post-200192","post","type-post","status-publish","format-standard","has-post-thumbnail","hentry","category-bem-estar","category-entretenimento","tag-alimentacao-saudavel","tag-dieta-detox","tag-emagrecer-com-saude"],"yoast_head":"<!-- This site is optimized with the Yoast SEO plugin v23.8 - https:\/\/yoast.com\/wordpress\/plugins\/seo\/ -->\n<title>Ela sempre torcia a cara para esse vegetal, at\u00e9 descobrir do que ele era capaz - Estado de Minas - Em foco<\/title>\n<meta name=\"description\" content=\"Entenda os principais benef\u00edcios do consumo de jil\u00f3 para a sa\u00fade do seu cora\u00e7\u00e3o e f\u00edgado. Saiba como esse fruto ajuda voc\u00ea a emagrecer.\" \/>\n<meta name=\"robots\" content=\"index, follow, max-snippet:-1, max-image-preview:large, max-video-preview:-1\" \/>\n<link rel=\"canonical\" href=\"https:\/\/www.em.com.br\/emfoco\/2026\/04\/28\/ela-sempre-torcia-a-cara-para-esse-vegetal-ate-descobrir-do-que-ele-era-capaz\/\" \/>\n<meta property=\"og:locale\" content=\"pt_BR\" \/>\n<meta property=\"og:type\" content=\"article\" \/>\n<meta property=\"og:title\" content=\"Ela sempre torcia a cara para esse vegetal, at\u00e9 descobrir do que ele era capaz - Estado de Minas - Em foco\" \/>\n<meta property=\"og:description\" content=\"Entenda os principais benef\u00edcios do consumo de jil\u00f3 para a sa\u00fade do seu cora\u00e7\u00e3o e f\u00edgado. Saiba como esse fruto ajuda voc\u00ea a emagrecer.\" \/>\n<meta property=\"og:url\" content=\"https:\/\/www.em.com.br\/emfoco\/2026\/04\/28\/ela-sempre-torcia-a-cara-para-esse-vegetal-ate-descobrir-do-que-ele-era-capaz\/\" \/>\n<meta property=\"og:site_name\" content=\"Estado de Minas - Em foco\" \/>\n<meta property=\"article:published_time\" content=\"2026-04-28T18:45:00+00:00\" \/>\n<meta property=\"article:modified_time\" content=\"2026-04-27T18:55:46+00:00\" \/>\n<meta property=\"og:image\" content=\"https:\/\/www.em.com.br\/emfoco\/wp-content\/uploads\/2026\/04\/EmFoco_53-7.jpg\" \/>\n\t<meta property=\"og:image:width\" content=\"1280\" \/>\n\t<meta property=\"og:image:height\" content=\"720\" \/>\n\t<meta property=\"og:image:type\" content=\"image\/jpeg\" \/>\n<meta name=\"author\" content=\"Daniely Cardoso\" \/>\n<meta name=\"twitter:card\" content=\"summary_large_image\" \/>\n<meta name=\"twitter:label1\" content=\"Escrito por\" \/>\n\t<meta name=\"twitter:data1\" content=\"Daniely Cardoso\" \/>\n\t<meta name=\"twitter:label2\" content=\"Est. tempo de leitura\" \/>\n\t<meta name=\"twitter:data2\" content=\"5 minutos\" \/>\n<!-- \/ Yoast SEO plugin. -->","yoast_head_json":{"title":"Ela sempre torcia a cara para esse vegetal, at\u00e9 descobrir do que ele era capaz - Estado de Minas - Em foco","description":"Entenda os principais benef\u00edcios do consumo de jil\u00f3 para a sa\u00fade do seu cora\u00e7\u00e3o e f\u00edgado. Saiba como esse fruto ajuda voc\u00ea a emagrecer.","robots":{"index":"index","follow":"follow","max-snippet":"max-snippet:-1","max-image-preview":"max-image-preview:large","max-video-preview":"max-video-preview:-1"},"canonical":"https:\/\/www.em.com.br\/emfoco\/2026\/04\/28\/ela-sempre-torcia-a-cara-para-esse-vegetal-ate-descobrir-do-que-ele-era-capaz\/","og_locale":"pt_BR","og_type":"article","og_title":"Ela sempre torcia a cara para esse vegetal, at\u00e9 descobrir do que ele era capaz - Estado de Minas - Em foco","og_description":"Entenda os principais benef\u00edcios do consumo de jil\u00f3 para a sa\u00fade do seu cora\u00e7\u00e3o e f\u00edgado. Saiba como esse fruto ajuda voc\u00ea a emagrecer.","og_url":"https:\/\/www.em.com.br\/emfoco\/2026\/04\/28\/ela-sempre-torcia-a-cara-para-esse-vegetal-ate-descobrir-do-que-ele-era-capaz\/","og_site_name":"Estado de Minas - Em foco","article_published_time":"2026-04-28T18:45:00+00:00","article_modified_time":"2026-04-27T18:55:46+00:00","og_image":[{"width":1280,"height":720,"url":"https:\/\/www.em.com.br\/emfoco\/wp-content\/uploads\/2026\/04\/EmFoco_53-7.jpg","type":"image\/jpeg"}],"author":"Daniely Cardoso","twitter_card":"summary_large_image","twitter_misc":{"Escrito por":"Daniely Cardoso","Est. tempo de leitura":"5 minutos"},"schema":{"@context":"https:\/\/schema.org","@graph":[{"@type":"WebPage","@id":"https:\/\/www.em.com.br\/emfoco\/2026\/04\/28\/ela-sempre-torcia-a-cara-para-esse-vegetal-ate-descobrir-do-que-ele-era-capaz\/","url":"https:\/\/www.em.com.br\/emfoco\/2026\/04\/28\/ela-sempre-torcia-a-cara-para-esse-vegetal-ate-descobrir-do-que-ele-era-capaz\/","name":"Ela sempre torcia a cara para esse vegetal, at\u00e9 descobrir do que ele era capaz - Estado de Minas - Em foco","isPartOf":{"@id":"https:\/\/www.em.com.br\/emfoco\/#website"},"primaryImageOfPage":{"@id":"https:\/\/www.em.com.br\/emfoco\/2026\/04\/28\/ela-sempre-torcia-a-cara-para-esse-vegetal-ate-descobrir-do-que-ele-era-capaz\/#primaryimage"},"image":{"@id":"https:\/\/www.em.com.br\/emfoco\/2026\/04\/28\/ela-sempre-torcia-a-cara-para-esse-vegetal-ate-descobrir-do-que-ele-era-capaz\/#primaryimage"},"thumbnailUrl":"https:\/\/www.em.com.br\/emfoco\/wp-content\/uploads\/2026\/04\/EmFoco_53-7.jpg","datePublished":"2026-04-28T18:45:00+00:00","dateModified":"2026-04-27T18:55:46+00:00","author":{"@id":"https:\/\/www.em.com.br\/emfoco\/#\/schema\/person\/0a8186d72f2c3a5c6276d90b41f271a0"},"description":"Entenda os principais benef\u00edcios do consumo de jil\u00f3 para a sa\u00fade do seu cora\u00e7\u00e3o e f\u00edgado. Saiba como esse fruto ajuda voc\u00ea a emagrecer.","breadcrumb":{"@id":"https:\/\/www.em.com.br\/emfoco\/2026\/04\/28\/ela-sempre-torcia-a-cara-para-esse-vegetal-ate-descobrir-do-que-ele-era-capaz\/#breadcrumb"},"inLanguage":"pt-BR","potentialAction":[{"@type":"ReadAction","target":["https:\/\/www.em.com.br\/emfoco\/2026\/04\/28\/ela-sempre-torcia-a-cara-para-esse-vegetal-ate-descobrir-do-que-ele-era-capaz\/"]}]},{"@type":"ImageObject","inLanguage":"pt-BR","@id":"https:\/\/www.em.com.br\/emfoco\/2026\/04\/28\/ela-sempre-torcia-a-cara-para-esse-vegetal-ate-descobrir-do-que-ele-era-capaz\/#primaryimage","url":"https:\/\/www.em.com.br\/emfoco\/wp-content\/uploads\/2026\/04\/EmFoco_53-7.jpg","contentUrl":"https:\/\/www.em.com.br\/emfoco\/wp-content\/uploads\/2026\/04\/EmFoco_53-7.jpg","width":1280,"height":720,"caption":"Nutrientes amargos do jil\u00f3 auxiliam na perda de peso e protegem a sa\u00fade digestiva"},{"@type":"BreadcrumbList","@id":"https:\/\/www.em.com.br\/emfoco\/2026\/04\/28\/ela-sempre-torcia-a-cara-para-esse-vegetal-ate-descobrir-do-que-ele-era-capaz\/#breadcrumb","itemListElement":[{"@type":"ListItem","position":1,"name":"In\u00edcio","item":"https:\/\/www.em.com.br\/emfoco\/"},{"@type":"ListItem","position":2,"name":"Ela sempre torcia a cara para esse vegetal, at\u00e9 descobrir do que ele era capaz"}]},{"@type":"WebSite","@id":"https:\/\/www.em.com.br\/emfoco\/#website","url":"https:\/\/www.em.com.br\/emfoco\/","name":"Estado de Minas - Em foco","description":"Acompanhe as \u00faltimas not\u00edcias e fique bem informado sobre tudo o que acontece em Minas Gerais, Brasil e no mundo.","potentialAction":[{"@type":"SearchAction","target":{"@type":"EntryPoint","urlTemplate":"https:\/\/www.em.com.br\/emfoco\/?s={search_term_string}"},"query-input":{"@type":"PropertyValueSpecification","valueRequired":true,"valueName":"search_term_string"}}],"inLanguage":"pt-BR"},{"@type":"Person","@id":"https:\/\/www.em.com.br\/emfoco\/#\/schema\/person\/0a8186d72f2c3a5c6276d90b41f271a0","name":"Daniely Cardoso","image":{"@type":"ImageObject","inLanguage":"pt-BR","@id":"https:\/\/www.em.com.br\/emfoco\/#\/schema\/person\/image\/","url":"https:\/\/secure.gravatar.com\/avatar\/4b80ddbd124d1f071b626d52d62e5dff?s=96&d=mm&r=g","contentUrl":"https:\/\/secure.gravatar.com\/avatar\/4b80ddbd124d1f071b626d52d62e5dff?s=96&d=mm&r=g","caption":"Daniely Cardoso"},"url":"https:\/\/www.em.com.br\/emfoco\/author\/danielymyth\/"}]}},"_links":{"self":[{"href":"https:\/\/www.em.com.br\/emfoco\/wp-json\/wp\/v2\/posts\/200192","targetHints":{"allow":["GET"]}}],"collection":[{"href":"https:\/\/www.em.com.br\/emfoco\/wp-json\/wp\/v2\/posts"}],"about":[{"href":"https:\/\/www.em.com.br\/emfoco\/wp-json\/wp\/v2\/types\/post"}],"author":[{"embeddable":true,"href":"https:\/\/www.em.com.br\/emfoco\/wp-json\/wp\/v2\/users\/9"}],"replies":[{"embeddable":true,"href":"https:\/\/www.em.com.br\/emfoco\/wp-json\/wp\/v2\/comments?post=200192"}],"version-history":[{"count":1,"href":"https:\/\/www.em.com.br\/emfoco\/wp-json\/wp\/v2\/posts\/200192\/revisions"}],"predecessor-version":[{"id":200193,"href":"https:\/\/www.em.com.br\/emfoco\/wp-json\/wp\/v2\/posts\/200192\/revisions\/200193"}],"wp:featuredmedia":[{"embeddable":true,"href":"https:\/\/www.em.com.br\/emfoco\/wp-json\/wp\/v2\/media\/200641"}],"wp:attachment":[{"href":"https:\/\/www.em.com.br\/emfoco\/wp-json\/wp\/v2\/media?parent=200192"}],"wp:term":[{"taxonomy":"category","embeddable":true,"href":"https:\/\/www.em.com.br\/emfoco\/wp-json\/wp\/v2\/categories?post=200192"},{"taxonomy":"post_tag","embeddable":true,"href":"https:\/\/www.em.com.br\/emfoco\/wp-json\/wp\/v2\/tags?post=200192"}],"curies":[{"name":"wp","href":"https:\/\/api.w.org\/{rel}","templated":true}]}}