{"id":200187,"date":"2026-04-28T19:55:00","date_gmt":"2026-04-28T22:55:00","guid":{"rendered":"https:\/\/www.em.com.br\/emfoco\/?p=200187"},"modified":"2026-04-28T01:18:49","modified_gmt":"2026-04-28T04:18:49","slug":"estas-3-flores-aromaticas-em-vasos-sao-perfeitas-para-quem-busca-um-jardim-perfumado","status":"publish","type":"post","link":"https:\/\/www.em.com.br\/emfoco\/2026\/04\/28\/estas-3-flores-aromaticas-em-vasos-sao-perfeitas-para-quem-busca-um-jardim-perfumado\/","title":{"rendered":"Estas 3 flores arom\u00e1ticas em vasos s\u00e3o perfeitas para quem busca um jardim perfumado"},"content":{"rendered":"\n<p>Clara abriu a janela do apartamento e sentiu falta do perfume da natureza enquanto observava suas <strong>flores arom\u00e1ticas em vasos<\/strong>. Como \u00e9 poss\u00edvel transformar uma pequena varanda em um verdadeiro ref\u00fagio perfumado usando apenas tr\u00eas esp\u00e9cies espec\u00edficas e resistentes?<\/p>\n\n\n\n<h2 class=\"wp-block-heading\">Quais as melhores flores arom\u00e1ticas em vasos para sol?<\/h2>\n\n\n\n<p>A lavanda se adapta com facilidade aos recipientes de tamanho m\u00e9dio e exige pouca manuten\u00e7\u00e3o di\u00e1ria para quem tem rotina agitada. Ela necessita de <strong>sol direto<\/strong> por v\u00e1rias horas para conseguir liberar seus \u00f3leos naturais relaxantes no ar de forma eficiente. Certifique-se de que o fundo do pote tenha uma <strong>drenagem impec\u00e1vel<\/strong> para evitar que as ra\u00edzes apodre\u00e7am com o excesso de umidade.<\/p>\n\n\n\n<p>O jasmim-dos-poetas surge como uma alternativa encantadora para preencher espa\u00e7os verticais com seus ramos delicados e flores brancas. Esta esp\u00e9cie cresce r\u00e1pido e consegue <strong>perfumar ambientes<\/strong> inteiros durante as noites mais quentes das esta\u00e7\u00f5es de primavera e ver\u00e3o intenso. Mantenha a terra levemente \u00famida e use <strong>tutores de bambu<\/strong> para guiar o crescimento da planta de modo organizado e bonito.<\/p>\n\n\n<div class=\"wp-block-image\">\n<figure class=\"aligncenter size-large\"><img loading=\"lazy\" decoding=\"async\" width=\"1024\" height=\"576\" src=\"https:\/\/www.em.com.br\/emfoco\/wp-content\/uploads\/2026\/04\/jasmim_1777247568275-1024x576.jpg\" alt=\"flores arom\u00e1ticas em vasos\" class=\"wp-image-200188\" srcset=\"https:\/\/www.em.com.br\/emfoco\/wp-content\/uploads\/2026\/04\/jasmim_1777247568275-1024x576.jpg 1024w, https:\/\/www.em.com.br\/emfoco\/wp-content\/uploads\/2026\/04\/jasmim_1777247568275-300x169.jpg 300w, https:\/\/www.em.com.br\/emfoco\/wp-content\/uploads\/2026\/04\/jasmim_1777247568275-768x432.jpg 768w, https:\/\/www.em.com.br\/emfoco\/wp-content\/uploads\/2026\/04\/jasmim_1777247568275-750x422.jpg 750w, https:\/\/www.em.com.br\/emfoco\/wp-content\/uploads\/2026\/04\/jasmim_1777247568275-1140x641.jpg 1140w, https:\/\/www.em.com.br\/emfoco\/wp-content\/uploads\/2026\/04\/jasmim_1777247568275.jpg 1280w\" sizes=\"auto, (max-width: 1024px) 100vw, 1024px\" \/><figcaption class=\"wp-element-caption\">O jasmim-dos-poetas surge como uma alternativa encantadora para preencher espa\u00e7os verticais com seus ramos delicados e flores brancas. &#8211; Cr\u00e9ditos: depositphotos.com \/ alexytrener<\/figcaption><\/figure><\/div>\n\n\n<p>Leia tamb\u00e9m: <a href=\"https:\/\/www.em.com.br\/emfoco\/2026\/04\/04\/a-folha-dessa-fruta-pode-aliviar-ondas-de-calor-e-ajudar-mulheres-na-menopausa-2\/\" target=\"_blank\" rel=\"noreferrer noopener\">Adeus calor! Os benef\u00edcios da folha de amora na menopausa para um auto cuidado simples<\/a><\/p>\n\n\n\n<h2 class=\"wp-block-heading\">Como cuidar do perfume natural das plantas?<\/h2>\n\n\n\n<p>A rega frequente nos per\u00edodos de calor intenso garante que as p\u00e9talas permane\u00e7am vi\u00e7osas e prontas para exalar o aroma desejado. Evite molhar as flores abertas para que o excesso de umidade n\u00e3o cause <strong>manchas indesejadas<\/strong> ou atraia fungos prejudiciais ao jardim. Prefira realizar a irriga\u00e7\u00e3o logo nas <strong>primeiras horas<\/strong> da manh\u00e3 para que o substrato aproveite cada gota antes do sol forte.<\/p>\n\n\n\n<p>A qualidade do solo determina a intensidade com que a planta consegue produzir novos bot\u00f5es carregados de fragr\u00e2ncia natural e cores vivas. Abaixo listamos os cuidados principais para manter suas esp\u00e9cies sempre vigorosas e prontas para decorar sua varanda ou sala de estar.<\/p>\n\n\n\n<ul class=\"wp-block-list\">\n<li>Adicione <strong>h\u00famus de minhoca<\/strong> a cada dois meses para fortalecer a nutri\u00e7\u00e3o b\u00e1sica das ra\u00edzes.<\/li>\n\n\n\n<li>Fa\u00e7a podas de limpeza regulares para remover <strong>galhos secos<\/strong> que roubam a energia vital do vegetal.<\/li>\n\n\n\n<li>Proteja os vasos de <strong>ventos fortes<\/strong> que podem ressecar as folhas e prejudicar a flora\u00e7\u00e3o constante.<\/li>\n<\/ul>\n\n\n\n<figure class=\"wp-block-embed is-type-rich is-provider-pinterest wp-block-embed-pinterest\"><div class=\"wp-block-embed__wrapper\">\n<iframe loading=\"lazy\" title=\"7 Tactics To Grow Lavender From Seed\" src=\"https:\/\/assets.pinterest.com\/ext\/embed.html?id=589197563789638159&#038;src=oembed\" height=\"775\" width=\"450\" frameborder=\"0\" scrolling=\"no\" ><\/iframe>\n<\/div><\/figure>\n\n\n\n<h2 class=\"wp-block-heading\">Como adubar flores arom\u00e1ticas em vasos pequenos?<\/h2>\n\n\n\n<p>Plantas que vivem em recipientes limitados consomem os nutrientes da terra muito mais r\u00e1pido do que aquelas plantadas no ch\u00e3o direto. Utilize fertilizantes org\u00e2nicos de <strong>boa proced\u00eancia<\/strong> para garantir que o desenvolvimento das <strong>flores arom\u00e1ticas em vasos<\/strong> ocorra sem interrup\u00e7\u00f5es indesejadas. O uso de farinha de ossos ajuda no <strong>fortalecimento celular<\/strong> e garante que o perfume das flores seja percebido de longe.<\/p>\n\n\n\n<p>Monitore a cor das folhas para identificar sinais claros de defici\u00eancia nutricional como o amarelamento precoce ou manchas marrons estranhas. A aplica\u00e7\u00e3o de <strong>adubo foliar<\/strong> pode ser uma solu\u00e7\u00e3o r\u00e1pida para dar aquele brilho extra nas folhagens durante os meses de crescimento. Mantenha o cronograma de <strong>alimenta\u00e7\u00e3o vegetal<\/strong> em dia para colher os melhores resultados est\u00e9ticos e sensoriais dentro da sua resid\u00eancia.<\/p>\n\n\n\n<p>Para voc\u00ea que gosta de plantar, separamos um v\u00eddeo do canal <a href=\"https:\/\/www.youtube.com\/@ManiadeFlor\" target=\"_blank\" rel=\"noreferrer noopener\">Mania de Flor<\/a> com dicas de flores arom\u00e1ticas para plantar:<\/p>\n\n\n\n<figure class=\"wp-block-embed is-type-video is-provider-youtube wp-block-embed-youtube wp-embed-aspect-16-9 wp-has-aspect-ratio\"><div class=\"wp-block-embed__wrapper\">\n<div class=\"jeg_video_container jeg_video_content\"><iframe loading=\"lazy\" title=\"10 Plantas Perfumadas que Voc\u00ea Precisa Ter\" width=\"500\" height=\"281\" src=\"https:\/\/www.youtube.com\/embed\/IQjtrnGLOg4?feature=oembed\" frameborder=\"0\" allow=\"accelerometer; autoplay; clipboard-write; encrypted-media; gyroscope; picture-in-picture; web-share\" referrerpolicy=\"strict-origin-when-cross-origin\" allowfullscreen><\/iframe><\/div>\n<\/div><\/figure>\n\n\n\n<h2 class=\"wp-block-heading\">Onde posicionar flores arom\u00e1ticas em vasos no apartamento?<\/h2>\n\n\n\n<p>A circula\u00e7\u00e3o de ar \u00e9 um fator determinante para que o cheiro das <strong>flores arom\u00e1ticas em vasos<\/strong> se espalhe por todos os c\u00f4modos. Procure colocar seus suportes perto de <strong>janelas grandes<\/strong> ou portas de vidro que fiquem abertas durante a maior parte do dia. A entrada de luz solar ajuda na <strong>fotoss\u00edntese saud\u00e1vel<\/strong> e impede que o solo fique \u00famido por tempo demais no inverno.<\/p>\n\n\n\n<p>Agrupar diferentes esp\u00e9cies ajuda a manter a umidade relativa do ar mais alta e beneficia as folhagens mais sens\u00edveis. Use prateleiras ou <strong>estantes de madeira<\/strong> para aproveitar o espa\u00e7o vertical e transformar sua parede em um painel verde muito cheiroso. Escolha locais que permitam o <strong>f\u00e1cil acesso<\/strong> para que voc\u00ea possa realizar a manuten\u00e7\u00e3o b\u00e1sica sem precisar mover m\u00f3veis pesados.<\/p>\n\n\n\n<h2 class=\"wp-block-heading\">Cultive bem-estar com seu jardim perfumado<\/h2>\n\n\n\n<p>O contato direto com a terra reduz o estresse acumulado durante a semana. Comece com um vaso e aumente sua <strong>cole\u00e7\u00e3o bot\u00e2nica<\/strong> gradualmente. Esta pr\u00e1tica traz <strong>grande satisfa\u00e7\u00e3o<\/strong> e renova a energia do seu lar.<\/p>\n\n\n\n<p>Aproveite para observar o desenvolvimento de cada nova p\u00e9tala nos ramos verdes. Compartilhe mudas com amigos e incentive o <strong>plantio urbano<\/strong> coletivo. Invista em <strong>vasos decorativos<\/strong> que combinem com seu estilo pessoal agora.<\/p>\n","protected":false},"excerpt":{"rendered":"<p>Clara abriu a janela do apartamento e sentiu falta do perfume da natureza enquanto observava suas flores arom\u00e1ticas em vasos. Como \u00e9 poss\u00edvel transformar uma pequena varanda em um verdadeiro ref\u00fagio perfumado usando apenas tr\u00eas esp\u00e9cies espec\u00edficas e resistentes? Quais as melhores flores arom\u00e1ticas em vasos para sol? A lavanda se adapta com facilidade aos [&hellip;]<\/p>\n","protected":false},"author":9,"featured_media":200621,"comment_status":"open","ping_status":"open","sticky":false,"template":"","format":"standard","meta":{"jnews-multi-image_gallery":[],"jnews_single_post":{"format":"standard"},"jnews_primary_category":[],"jnews_social_meta":[],"jnews_override_counter":[],"footnotes":""},"categories":[8691,9053],"tags":[7812,8257,16545],"class_list":["post-200187","post","type-post","status-publish","format-standard","has-post-thumbnail","hentry","category-bem-estar","category-saude","tag-flores-em-vasos","tag-jardinagem-urbana","tag-plantas-perfumadas"],"yoast_head":"<!-- This site is optimized with the Yoast SEO plugin v23.8 - https:\/\/yoast.com\/wordpress\/plugins\/seo\/ -->\n<title>Estas 3 flores arom\u00e1ticas em vasos s\u00e3o perfeitas para quem busca um jardim perfumado - Estado de Minas - Em foco<\/title>\n<meta name=\"description\" content=\"Cultive flores arom\u00e1ticas em vasos e mude o clima do seu lar com perfumes naturais. Aprenda agora a escolher e cuidar das esp\u00e9cies ideais.\" \/>\n<meta name=\"robots\" content=\"index, follow, max-snippet:-1, max-image-preview:large, max-video-preview:-1\" \/>\n<link rel=\"canonical\" href=\"https:\/\/www.em.com.br\/emfoco\/2026\/04\/28\/estas-3-flores-aromaticas-em-vasos-sao-perfeitas-para-quem-busca-um-jardim-perfumado\/\" \/>\n<meta property=\"og:locale\" content=\"pt_BR\" \/>\n<meta property=\"og:type\" content=\"article\" \/>\n<meta property=\"og:title\" content=\"Estas 3 flores arom\u00e1ticas em vasos s\u00e3o perfeitas para quem busca um jardim perfumado - Estado de Minas - Em foco\" \/>\n<meta property=\"og:description\" content=\"Cultive flores arom\u00e1ticas em vasos e mude o clima do seu lar com perfumes naturais. Aprenda agora a escolher e cuidar das esp\u00e9cies ideais.\" \/>\n<meta property=\"og:url\" content=\"https:\/\/www.em.com.br\/emfoco\/2026\/04\/28\/estas-3-flores-aromaticas-em-vasos-sao-perfeitas-para-quem-busca-um-jardim-perfumado\/\" \/>\n<meta property=\"og:site_name\" content=\"Estado de Minas - Em foco\" \/>\n<meta property=\"article:published_time\" content=\"2026-04-28T22:55:00+00:00\" \/>\n<meta property=\"article:modified_time\" content=\"2026-04-28T04:18:49+00:00\" \/>\n<meta property=\"og:image\" content=\"https:\/\/www.em.com.br\/emfoco\/wp-content\/uploads\/2026\/04\/EmFoco_43-6.jpg\" \/>\n\t<meta property=\"og:image:width\" content=\"1280\" \/>\n\t<meta property=\"og:image:height\" content=\"720\" \/>\n\t<meta property=\"og:image:type\" content=\"image\/jpeg\" \/>\n<meta name=\"author\" content=\"Daniely Cardoso\" \/>\n<meta name=\"twitter:card\" content=\"summary_large_image\" \/>\n<meta name=\"twitter:label1\" content=\"Escrito por\" \/>\n\t<meta name=\"twitter:data1\" content=\"Daniely Cardoso\" \/>\n\t<meta name=\"twitter:label2\" content=\"Est. tempo de leitura\" \/>\n\t<meta name=\"twitter:data2\" content=\"5 minutos\" \/>\n<!-- \/ Yoast SEO plugin. -->","yoast_head_json":{"title":"Estas 3 flores arom\u00e1ticas em vasos s\u00e3o perfeitas para quem busca um jardim perfumado - Estado de Minas - Em foco","description":"Cultive flores arom\u00e1ticas em vasos e mude o clima do seu lar com perfumes naturais. Aprenda agora a escolher e cuidar das esp\u00e9cies ideais.","robots":{"index":"index","follow":"follow","max-snippet":"max-snippet:-1","max-image-preview":"max-image-preview:large","max-video-preview":"max-video-preview:-1"},"canonical":"https:\/\/www.em.com.br\/emfoco\/2026\/04\/28\/estas-3-flores-aromaticas-em-vasos-sao-perfeitas-para-quem-busca-um-jardim-perfumado\/","og_locale":"pt_BR","og_type":"article","og_title":"Estas 3 flores arom\u00e1ticas em vasos s\u00e3o perfeitas para quem busca um jardim perfumado - Estado de Minas - Em foco","og_description":"Cultive flores arom\u00e1ticas em vasos e mude o clima do seu lar com perfumes naturais. Aprenda agora a escolher e cuidar das esp\u00e9cies ideais.","og_url":"https:\/\/www.em.com.br\/emfoco\/2026\/04\/28\/estas-3-flores-aromaticas-em-vasos-sao-perfeitas-para-quem-busca-um-jardim-perfumado\/","og_site_name":"Estado de Minas - Em foco","article_published_time":"2026-04-28T22:55:00+00:00","article_modified_time":"2026-04-28T04:18:49+00:00","og_image":[{"width":1280,"height":720,"url":"https:\/\/www.em.com.br\/emfoco\/wp-content\/uploads\/2026\/04\/EmFoco_43-6.jpg","type":"image\/jpeg"}],"author":"Daniely Cardoso","twitter_card":"summary_large_image","twitter_misc":{"Escrito por":"Daniely Cardoso","Est. tempo de leitura":"5 minutos"},"schema":{"@context":"https:\/\/schema.org","@graph":[{"@type":"WebPage","@id":"https:\/\/www.em.com.br\/emfoco\/2026\/04\/28\/estas-3-flores-aromaticas-em-vasos-sao-perfeitas-para-quem-busca-um-jardim-perfumado\/","url":"https:\/\/www.em.com.br\/emfoco\/2026\/04\/28\/estas-3-flores-aromaticas-em-vasos-sao-perfeitas-para-quem-busca-um-jardim-perfumado\/","name":"Estas 3 flores arom\u00e1ticas em vasos s\u00e3o perfeitas para quem busca um jardim perfumado - Estado de Minas - Em foco","isPartOf":{"@id":"https:\/\/www.em.com.br\/emfoco\/#website"},"primaryImageOfPage":{"@id":"https:\/\/www.em.com.br\/emfoco\/2026\/04\/28\/estas-3-flores-aromaticas-em-vasos-sao-perfeitas-para-quem-busca-um-jardim-perfumado\/#primaryimage"},"image":{"@id":"https:\/\/www.em.com.br\/emfoco\/2026\/04\/28\/estas-3-flores-aromaticas-em-vasos-sao-perfeitas-para-quem-busca-um-jardim-perfumado\/#primaryimage"},"thumbnailUrl":"https:\/\/www.em.com.br\/emfoco\/wp-content\/uploads\/2026\/04\/EmFoco_43-6.jpg","datePublished":"2026-04-28T22:55:00+00:00","dateModified":"2026-04-28T04:18:49+00:00","author":{"@id":"https:\/\/www.em.com.br\/emfoco\/#\/schema\/person\/0a8186d72f2c3a5c6276d90b41f271a0"},"description":"Cultive flores arom\u00e1ticas em vasos e mude o clima do seu lar com perfumes naturais. Aprenda agora a escolher e cuidar das esp\u00e9cies ideais.","breadcrumb":{"@id":"https:\/\/www.em.com.br\/emfoco\/2026\/04\/28\/estas-3-flores-aromaticas-em-vasos-sao-perfeitas-para-quem-busca-um-jardim-perfumado\/#breadcrumb"},"inLanguage":"pt-BR","potentialAction":[{"@type":"ReadAction","target":["https:\/\/www.em.com.br\/emfoco\/2026\/04\/28\/estas-3-flores-aromaticas-em-vasos-sao-perfeitas-para-quem-busca-um-jardim-perfumado\/"]}]},{"@type":"ImageObject","inLanguage":"pt-BR","@id":"https:\/\/www.em.com.br\/emfoco\/2026\/04\/28\/estas-3-flores-aromaticas-em-vasos-sao-perfeitas-para-quem-busca-um-jardim-perfumado\/#primaryimage","url":"https:\/\/www.em.com.br\/emfoco\/wp-content\/uploads\/2026\/04\/EmFoco_43-6.jpg","contentUrl":"https:\/\/www.em.com.br\/emfoco\/wp-content\/uploads\/2026\/04\/EmFoco_43-6.jpg","width":1280,"height":720,"caption":"Esp\u00e9cies resistentes como lavanda e jasmim transformam varandas em ref\u00fagios perfumados e relaxantes"},{"@type":"BreadcrumbList","@id":"https:\/\/www.em.com.br\/emfoco\/2026\/04\/28\/estas-3-flores-aromaticas-em-vasos-sao-perfeitas-para-quem-busca-um-jardim-perfumado\/#breadcrumb","itemListElement":[{"@type":"ListItem","position":1,"name":"In\u00edcio","item":"https:\/\/www.em.com.br\/emfoco\/"},{"@type":"ListItem","position":2,"name":"Estas 3 flores arom\u00e1ticas em vasos s\u00e3o perfeitas para quem busca um jardim perfumado"}]},{"@type":"WebSite","@id":"https:\/\/www.em.com.br\/emfoco\/#website","url":"https:\/\/www.em.com.br\/emfoco\/","name":"Estado de Minas - Em foco","description":"Acompanhe as \u00faltimas not\u00edcias e fique bem informado sobre tudo o que acontece em Minas Gerais, Brasil e no mundo.","potentialAction":[{"@type":"SearchAction","target":{"@type":"EntryPoint","urlTemplate":"https:\/\/www.em.com.br\/emfoco\/?s={search_term_string}"},"query-input":{"@type":"PropertyValueSpecification","valueRequired":true,"valueName":"search_term_string"}}],"inLanguage":"pt-BR"},{"@type":"Person","@id":"https:\/\/www.em.com.br\/emfoco\/#\/schema\/person\/0a8186d72f2c3a5c6276d90b41f271a0","name":"Daniely Cardoso","image":{"@type":"ImageObject","inLanguage":"pt-BR","@id":"https:\/\/www.em.com.br\/emfoco\/#\/schema\/person\/image\/","url":"https:\/\/secure.gravatar.com\/avatar\/4b80ddbd124d1f071b626d52d62e5dff?s=96&d=mm&r=g","contentUrl":"https:\/\/secure.gravatar.com\/avatar\/4b80ddbd124d1f071b626d52d62e5dff?s=96&d=mm&r=g","caption":"Daniely Cardoso"},"url":"https:\/\/www.em.com.br\/emfoco\/author\/danielymyth\/"}]}},"_links":{"self":[{"href":"https:\/\/www.em.com.br\/emfoco\/wp-json\/wp\/v2\/posts\/200187","targetHints":{"allow":["GET"]}}],"collection":[{"href":"https:\/\/www.em.com.br\/emfoco\/wp-json\/wp\/v2\/posts"}],"about":[{"href":"https:\/\/www.em.com.br\/emfoco\/wp-json\/wp\/v2\/types\/post"}],"author":[{"embeddable":true,"href":"https:\/\/www.em.com.br\/emfoco\/wp-json\/wp\/v2\/users\/9"}],"replies":[{"embeddable":true,"href":"https:\/\/www.em.com.br\/emfoco\/wp-json\/wp\/v2\/comments?post=200187"}],"version-history":[{"count":1,"href":"https:\/\/www.em.com.br\/emfoco\/wp-json\/wp\/v2\/posts\/200187\/revisions"}],"predecessor-version":[{"id":200189,"href":"https:\/\/www.em.com.br\/emfoco\/wp-json\/wp\/v2\/posts\/200187\/revisions\/200189"}],"wp:featuredmedia":[{"embeddable":true,"href":"https:\/\/www.em.com.br\/emfoco\/wp-json\/wp\/v2\/media\/200621"}],"wp:attachment":[{"href":"https:\/\/www.em.com.br\/emfoco\/wp-json\/wp\/v2\/media?parent=200187"}],"wp:term":[{"taxonomy":"category","embeddable":true,"href":"https:\/\/www.em.com.br\/emfoco\/wp-json\/wp\/v2\/categories?post=200187"},{"taxonomy":"post_tag","embeddable":true,"href":"https:\/\/www.em.com.br\/emfoco\/wp-json\/wp\/v2\/tags?post=200187"}],"curies":[{"name":"wp","href":"https:\/\/api.w.org\/{rel}","templated":true}]}}