{"id":200184,"date":"2026-04-28T12:05:00","date_gmt":"2026-04-28T15:05:00","guid":{"rendered":"https:\/\/www.em.com.br\/emfoco\/?p=200184"},"modified":"2026-04-27T16:02:14","modified_gmt":"2026-04-27T19:02:14","slug":"adeus-a-retencao-de-liquidos-e-inchaco-abdominal-conheca-os-efeitos-desintoxicantes-desses-chas","status":"publish","type":"post","link":"https:\/\/www.em.com.br\/emfoco\/2026\/04\/28\/adeus-a-retencao-de-liquidos-e-inchaco-abdominal-conheca-os-efeitos-desintoxicantes-desses-chas\/","title":{"rendered":"Adeus a reten\u00e7\u00e3o de l\u00edquidos e incha\u00e7o abdominal, conhe\u00e7a os efeitos desintoxicantes desses ch\u00e1s"},"content":{"rendered":"\n<p>Mariana sentia um peso constante e cansa\u00e7o excessivo ap\u00f3s as refei\u00e7\u00f5es, por isso resolveu procurar <strong>ch\u00e1s para desintoxicar<\/strong>. Ser\u00e1 que o segredo para recuperar o bem-estar est\u00e1 guardado em infus\u00f5es naturais poderosas e f\u00e1ceis de preparar?<\/p>\n\n\n\n<h2 class=\"wp-block-heading\">O que acontece ao ingerir ch\u00e1s para desintoxicar regularmente?<\/h2>\n\n\n\n<p>O f\u00edgado atua como um filtro potente processando todas as subst\u00e2ncias que entram em contato com nosso sangue diariamente. Beber infus\u00f5es naturais ajuda a estimular a produ\u00e7\u00e3o de bile e facilita a elimina\u00e7\u00e3o de <strong>toxinas acumuladas<\/strong> nas c\u00e9lulas. Esse processo biol\u00f3gico melhora a <strong>digest\u00e3o de gorduras<\/strong> e promove uma sensa\u00e7\u00e3o de leveza imediata ap\u00f3s o consumo.<\/p>\n\n\n\n<p>A regenera\u00e7\u00e3o celular acontece de forma mais eficiente quando o corpo recebe antioxidantes presentes em ervas medicinais espec\u00edficas. Essas subst\u00e2ncias combatem os <strong>radicais livres<\/strong> que causam inflama\u00e7\u00f5es silenciosas e prejudicam o bom funcionamento metab\u00f3lico geral. Priorizar ingredientes org\u00e2nicos garante que voc\u00ea obtenha o <strong>m\u00e1ximo de pureza<\/strong> em cada x\u00edcara preparada em casa.<\/p>\n\n\n<div class=\"wp-block-image\">\n<figure class=\"aligncenter size-large\"><img loading=\"lazy\" decoding=\"async\" width=\"1024\" height=\"576\" src=\"https:\/\/www.em.com.br\/emfoco\/wp-content\/uploads\/2025\/11\/hibisco_1763050792873-1024x576.jpg\" alt=\"hibisco\" class=\"wp-image-127106\" srcset=\"https:\/\/www.em.com.br\/emfoco\/wp-content\/uploads\/2025\/11\/hibisco_1763050792873-1024x576.jpg 1024w, https:\/\/www.em.com.br\/emfoco\/wp-content\/uploads\/2025\/11\/hibisco_1763050792873-300x169.jpg 300w, https:\/\/www.em.com.br\/emfoco\/wp-content\/uploads\/2025\/11\/hibisco_1763050792873-768x432.jpg 768w, https:\/\/www.em.com.br\/emfoco\/wp-content\/uploads\/2025\/11\/hibisco_1763050792873-750x422.jpg 750w, https:\/\/www.em.com.br\/emfoco\/wp-content\/uploads\/2025\/11\/hibisco_1763050792873-1140x641.jpg 1140w, https:\/\/www.em.com.br\/emfoco\/wp-content\/uploads\/2025\/11\/hibisco_1763050792873.jpg 1280w\" sizes=\"auto, (max-width: 1024px) 100vw, 1024px\" \/><figcaption class=\"wp-element-caption\">O ch\u00e1 de hibisco \u00e9 feito principalmente com os c\u00e1lices da flor, que concentram pigmentos naturais chamados antocianinas. &#8211; Cr\u00e9ditos: depositphotos.com \/ MicEnin<\/figcaption><\/figure><\/div>\n\n\n<p>Leia tamb\u00e9m: <a href=\"https:\/\/www.em.com.br\/emfoco\/2026\/04\/26\/estes-5-minutos-de-autocuidado-no-banho-podem-transformar-a-autoestima-da-mulher-40-no-dia-a-dia\/\" target=\"_blank\" rel=\"noreferrer noopener\">Estes 5 minutos de autocuidado no banho podem transformar a autoestima da mulher 40+ no dia a dia<\/a><\/p>\n\n\n\n<h2 class=\"wp-block-heading\">Quais s\u00e3o os melhores ch\u00e1s para desintoxicar o corpo?<\/h2>\n\n\n\n<p>A natureza oferece uma variedade incr\u00edvel de plantas que possuem propriedades medicinais comprovadas para o suporte hep\u00e1tico eficiente. O uso do dente-de-le\u00e3o se destaca pela alta concentra\u00e7\u00e3o de compostos que protegem a <strong>membrana do f\u00edgado<\/strong>. Selecionar ervas de <strong>proced\u00eancia garantida<\/strong> evita a ingest\u00e3o acidental de agrot\u00f3xicos ou impurezas qu\u00edmicas.<\/p>\n\n\n\n<p>Algumas combina\u00e7\u00f5es espec\u00edficas potencializam a a\u00e7\u00e3o depurativa e ajudam a reduzir o incha\u00e7o abdominal causado pela reten\u00e7\u00e3o de l\u00edquidos. Escolher a mistura correta faz toda a diferen\u00e7a para obter os <strong>melhores benef\u00edcios<\/strong> metab\u00f3licos rapidamente. Veja agora quais s\u00e3o as op\u00e7\u00f5es mais recomendadas por especialistas para iniciar sua jornada de <strong>limpeza natural<\/strong> profunda.<\/p>\n\n\n\n<ul class=\"wp-block-list\">\n<li>Ch\u00e1 de boldo para melhorar a <strong>quebra de gorduras<\/strong> e aliviar o desconforto g\u00e1strico.<\/li>\n\n\n\n<li>Infus\u00e3o de dente-de-le\u00e3o para estimular o <strong>fluxo biliar<\/strong> e limpar o sistema urin\u00e1rio.<\/li>\n\n\n\n<li>Ch\u00e1 de hibisco que auxilia na <strong>elimina\u00e7\u00e3o de impurezas<\/strong> e possui a\u00e7\u00e3o antioxidante potente.<\/li>\n<\/ul>\n\n\n\n<figure class=\"wp-block-embed is-type-rich is-provider-pinterest wp-block-embed-pinterest\"><div class=\"wp-block-embed__wrapper\">\n<iframe loading=\"lazy\" title=\"O ch\u00e1 de boldo \u00e9 conhecido por seus benef\u00edcios digestivos e hep\u00e1ticos. Ajuda na digest\u00e3o,alivia desconfortos abdominais, estimula a produ\u00e7\u00e3o de bile e promove a sa\u00fade do f\u00edgado. No entanto, \u00e9 importante consumi-lo com modera\u00e7\u00e3o para evitar irrita\u00e7\u00f5es estomacais. Sempre consulte um profissional de sa\u00fade antes de incorpor\u00e1-lo \u00e0 sua rotina. #cha #chas #vidasaudavel #alimentossaudaveis #emagreceremcasa #emagrecimentointeligente #emagrecimentosaud\u00e1vel #emagrecendocomsaude\" src=\"https:\/\/assets.pinterest.com\/ext\/embed.html?id=649433208797716262&#038;src=oembed\" height=\"566\" width=\"450\" frameborder=\"0\" scrolling=\"no\" ><\/iframe>\n<\/div><\/figure>\n\n\n\n<h2 class=\"wp-block-heading\">Como preparar a infus\u00e3o perfeita para sua sa\u00fade?<\/h2>\n\n\n\n<p>O segredo de uma bebida eficiente reside na temperatura correta da \u00e1gua antes de adicionar as folhas secas. Evite ferver as ervas diretamente no fogo para n\u00e3o destruir os <strong>princ\u00edpios ativos<\/strong> que trazem os benef\u00edcios terap\u00eauticos desejados. Aque\u00e7a a \u00e1gua at\u00e9 come\u00e7ar a formar bolhas e verta sobre a planta para <strong>preservar as propriedades<\/strong> curativas naturais.<\/p>\n\n\n\n<p>Manter o recipiente abafado durante dez minutos permite que todos os nutrientes sejam extra\u00eddos de forma lenta e completa. Coe a mistura imediatamente ap\u00f3s o tempo de repouso para evitar que o sabor se torne <strong>excessivamente amargo<\/strong> ou desagrad\u00e1vel. Consumir a bebida ainda morna potencializa a <strong>absor\u00e7\u00e3o intestinal<\/strong> dos compostos ativos presentes na planta escolhida.<\/p>\n\n\n\n<p>Para voc\u00ea que gosta de se cuidar, separamos um v\u00eddeo do canal do <a href=\"https:\/\/www.youtube.com\/@DrJulianoTeles\" target=\"_blank\" rel=\"noreferrer noopener\">Dr Juliano Teles<\/a> com dicas de ch\u00e1s para o f\u00edgado:<\/p>\n\n\n\n<figure class=\"wp-block-embed is-type-video is-provider-youtube wp-block-embed-youtube wp-embed-aspect-16-9 wp-has-aspect-ratio\"><div class=\"wp-block-embed__wrapper\">\n<div class=\"jeg_video_container jeg_video_content\"><iframe loading=\"lazy\" title=\"Ch\u00e1s poderosos para limpar e regenerar o F\u00edgado | Dr Juliano Teles\" width=\"500\" height=\"281\" src=\"https:\/\/www.youtube.com\/embed\/bndWjdbjQn4?start=2&#038;feature=oembed\" frameborder=\"0\" allow=\"accelerometer; autoplay; clipboard-write; encrypted-media; gyroscope; picture-in-picture; web-share\" referrerpolicy=\"strict-origin-when-cross-origin\" allowfullscreen><\/iframe><\/div>\n<\/div><\/figure>\n\n\n\n<h2 class=\"wp-block-heading\">Quando tomar ch\u00e1s para desintoxicar durante o dia?<\/h2>\n\n\n\n<p>O per\u00edodo da manh\u00e3 costuma ser o hor\u00e1rio mais indicado para despertar o metabolismo e preparar o sistema digestivo. Ingerir a bebida ainda em jejum facilita a <strong>depura\u00e7\u00e3o hep\u00e1tica<\/strong> e melhora a disposi\u00e7\u00e3o para as atividades f\u00edsicas cotidianas. Tente criar um ritual matinal para garantir que essa <strong>pr\u00e1tica saud\u00e1vel<\/strong> se torne um h\u00e1bito duradouro em sua vida.<\/p>\n\n\n\n<p>No per\u00edodo noturno, prefira ervas que n\u00e3o possuam cafe\u00edna para evitar interfer\u00eancias negativas na qualidade do seu sono reparador. Algumas plantas ajudam a <strong>relaxar o corpo<\/strong> enquanto o f\u00edgado trabalha intensamente durante o repouso profundo da madrugada. Equilibrar os hor\u00e1rios de ingest\u00e3o maximiza os <strong>resultados positivos<\/strong> observados na apar\u00eancia da pele e na energia vital.<\/p>\n\n\n\n<figure class=\"wp-block-embed is-type-rich is-provider-pinterest wp-block-embed-pinterest\"><div class=\"wp-block-embed__wrapper\">\n<iframe loading=\"lazy\" title=\"\ud83d\udfe2S\u00f3 1 colher POR DIA para MENOPAUSA, OSSOS e ARTICULA\u00c7\u00c3O DESINFLAMAR (Use assim GERGELIM TRITURADO)\" src=\"https:\/\/assets.pinterest.com\/ext\/embed.html?id=1106970783411891389&#038;src=oembed\" height=\"899\" width=\"450\" frameborder=\"0\" scrolling=\"no\" ><\/iframe>\n<\/div><\/figure>\n\n\n\n<h2 class=\"wp-block-heading\">Mantenha o equil\u00edbrio com escolhas conscientes<\/h2>\n\n\n\n<p>Lembre-se que as infus\u00f5es naturais funcionam como aliadas preciosas de uma alimenta\u00e7\u00e3o balanceada e nutritiva. Beba bastante \u00e1gua para auxiliar os rins na <strong>filtragem completa<\/strong> dos res\u00edduos que o f\u00edgado libera. Pequenas mudan\u00e7as di\u00e1rias geram <strong>impactos positivos<\/strong> gigantescos na sua longevidade e disposi\u00e7\u00e3o f\u00edsica.<\/p>\n\n\n\n<p>Evite o consumo excessivo de produtos processados que sobrecarregam seus \u00f3rg\u00e3os vitais desnecessariamente ao longo da semana. Escute os sinais que seu corpo envia e ajuste sua rotina conforme sua <strong>necessidade de descanso<\/strong> ou purifica\u00e7\u00e3o. Cultive o h\u00e1bito de cuidar da sua <strong>sa\u00fade interna<\/strong> com carinho e persist\u00eancia di\u00e1ria.<\/p>\n","protected":false},"excerpt":{"rendered":"<p>Mariana sentia um peso constante e cansa\u00e7o excessivo ap\u00f3s as refei\u00e7\u00f5es, por isso resolveu procurar ch\u00e1s para desintoxicar. Ser\u00e1 que o segredo para recuperar o bem-estar est\u00e1 guardado em infus\u00f5es naturais poderosas e f\u00e1ceis de preparar? O que acontece ao ingerir ch\u00e1s para desintoxicar regularmente? O f\u00edgado atua como um filtro potente processando todas as [&hellip;]<\/p>\n","protected":false},"author":9,"featured_media":200658,"comment_status":"open","ping_status":"open","sticky":false,"template":"","format":"standard","meta":{"jnews-multi-image_gallery":[],"jnews_single_post":{"format":"standard"},"jnews_primary_category":[],"jnews_social_meta":[],"jnews_override_counter":[],"footnotes":""},"categories":[8691,29],"tags":[28837,6097,8720],"class_list":["post-200184","post","type-post","status-publish","format-standard","has-post-thumbnail","hentry","category-bem-estar","category-entretenimento","tag-bem-estar-corporal","tag-remedios-naturais","tag-saude-do-figado"],"yoast_head":"<!-- This site is optimized with the Yoast SEO plugin v23.8 - https:\/\/yoast.com\/wordpress\/plugins\/seo\/ -->\n<title>Adeus a reten\u00e7\u00e3o de l\u00edquidos e incha\u00e7o abdominal, conhe\u00e7a os efeitos desintoxicantes desses ch\u00e1s - Estado de Minas - Em foco<\/title>\n<meta name=\"description\" content=\"Use ch\u00e1s para desintoxicar o f\u00edgado e recupere sua energia de forma natural. Saiba como preparar as melhores infus\u00f5es para limpar o corpo.\" \/>\n<meta name=\"robots\" content=\"index, follow, max-snippet:-1, max-image-preview:large, max-video-preview:-1\" \/>\n<link rel=\"canonical\" href=\"https:\/\/www.em.com.br\/emfoco\/2026\/04\/28\/adeus-a-retencao-de-liquidos-e-inchaco-abdominal-conheca-os-efeitos-desintoxicantes-desses-chas\/\" \/>\n<meta property=\"og:locale\" content=\"pt_BR\" \/>\n<meta property=\"og:type\" content=\"article\" \/>\n<meta property=\"og:title\" content=\"Adeus a reten\u00e7\u00e3o de l\u00edquidos e incha\u00e7o abdominal, conhe\u00e7a os efeitos desintoxicantes desses ch\u00e1s - Estado de Minas - Em foco\" \/>\n<meta property=\"og:description\" content=\"Use ch\u00e1s para desintoxicar o f\u00edgado e recupere sua energia de forma natural. Saiba como preparar as melhores infus\u00f5es para limpar o corpo.\" \/>\n<meta property=\"og:url\" content=\"https:\/\/www.em.com.br\/emfoco\/2026\/04\/28\/adeus-a-retencao-de-liquidos-e-inchaco-abdominal-conheca-os-efeitos-desintoxicantes-desses-chas\/\" \/>\n<meta property=\"og:site_name\" content=\"Estado de Minas - Em foco\" \/>\n<meta property=\"article:published_time\" content=\"2026-04-28T15:05:00+00:00\" \/>\n<meta property=\"article:modified_time\" content=\"2026-04-27T19:02:14+00:00\" \/>\n<meta property=\"og:image\" content=\"https:\/\/www.em.com.br\/emfoco\/wp-content\/uploads\/2026\/04\/EmFoco_62-4.jpg\" \/>\n\t<meta property=\"og:image:width\" content=\"1280\" \/>\n\t<meta property=\"og:image:height\" content=\"720\" \/>\n\t<meta property=\"og:image:type\" content=\"image\/jpeg\" \/>\n<meta name=\"author\" content=\"Daniely Cardoso\" \/>\n<meta name=\"twitter:card\" content=\"summary_large_image\" \/>\n<meta name=\"twitter:label1\" content=\"Escrito por\" \/>\n\t<meta name=\"twitter:data1\" content=\"Daniely Cardoso\" \/>\n\t<meta name=\"twitter:label2\" content=\"Est. tempo de leitura\" \/>\n\t<meta name=\"twitter:data2\" content=\"5 minutos\" \/>\n<!-- \/ Yoast SEO plugin. -->","yoast_head_json":{"title":"Adeus a reten\u00e7\u00e3o de l\u00edquidos e incha\u00e7o abdominal, conhe\u00e7a os efeitos desintoxicantes desses ch\u00e1s - Estado de Minas - Em foco","description":"Use ch\u00e1s para desintoxicar o f\u00edgado e recupere sua energia de forma natural. Saiba como preparar as melhores infus\u00f5es para limpar o corpo.","robots":{"index":"index","follow":"follow","max-snippet":"max-snippet:-1","max-image-preview":"max-image-preview:large","max-video-preview":"max-video-preview:-1"},"canonical":"https:\/\/www.em.com.br\/emfoco\/2026\/04\/28\/adeus-a-retencao-de-liquidos-e-inchaco-abdominal-conheca-os-efeitos-desintoxicantes-desses-chas\/","og_locale":"pt_BR","og_type":"article","og_title":"Adeus a reten\u00e7\u00e3o de l\u00edquidos e incha\u00e7o abdominal, conhe\u00e7a os efeitos desintoxicantes desses ch\u00e1s - Estado de Minas - Em foco","og_description":"Use ch\u00e1s para desintoxicar o f\u00edgado e recupere sua energia de forma natural. Saiba como preparar as melhores infus\u00f5es para limpar o corpo.","og_url":"https:\/\/www.em.com.br\/emfoco\/2026\/04\/28\/adeus-a-retencao-de-liquidos-e-inchaco-abdominal-conheca-os-efeitos-desintoxicantes-desses-chas\/","og_site_name":"Estado de Minas - Em foco","article_published_time":"2026-04-28T15:05:00+00:00","article_modified_time":"2026-04-27T19:02:14+00:00","og_image":[{"width":1280,"height":720,"url":"https:\/\/www.em.com.br\/emfoco\/wp-content\/uploads\/2026\/04\/EmFoco_62-4.jpg","type":"image\/jpeg"}],"author":"Daniely Cardoso","twitter_card":"summary_large_image","twitter_misc":{"Escrito por":"Daniely Cardoso","Est. tempo de leitura":"5 minutos"},"schema":{"@context":"https:\/\/schema.org","@graph":[{"@type":"WebPage","@id":"https:\/\/www.em.com.br\/emfoco\/2026\/04\/28\/adeus-a-retencao-de-liquidos-e-inchaco-abdominal-conheca-os-efeitos-desintoxicantes-desses-chas\/","url":"https:\/\/www.em.com.br\/emfoco\/2026\/04\/28\/adeus-a-retencao-de-liquidos-e-inchaco-abdominal-conheca-os-efeitos-desintoxicantes-desses-chas\/","name":"Adeus a reten\u00e7\u00e3o de l\u00edquidos e incha\u00e7o abdominal, conhe\u00e7a os efeitos desintoxicantes desses ch\u00e1s - Estado de Minas - Em foco","isPartOf":{"@id":"https:\/\/www.em.com.br\/emfoco\/#website"},"primaryImageOfPage":{"@id":"https:\/\/www.em.com.br\/emfoco\/2026\/04\/28\/adeus-a-retencao-de-liquidos-e-inchaco-abdominal-conheca-os-efeitos-desintoxicantes-desses-chas\/#primaryimage"},"image":{"@id":"https:\/\/www.em.com.br\/emfoco\/2026\/04\/28\/adeus-a-retencao-de-liquidos-e-inchaco-abdominal-conheca-os-efeitos-desintoxicantes-desses-chas\/#primaryimage"},"thumbnailUrl":"https:\/\/www.em.com.br\/emfoco\/wp-content\/uploads\/2026\/04\/EmFoco_62-4.jpg","datePublished":"2026-04-28T15:05:00+00:00","dateModified":"2026-04-27T19:02:14+00:00","author":{"@id":"https:\/\/www.em.com.br\/emfoco\/#\/schema\/person\/0a8186d72f2c3a5c6276d90b41f271a0"},"description":"Use ch\u00e1s para desintoxicar o f\u00edgado e recupere sua energia de forma natural. Saiba como preparar as melhores infus\u00f5es para limpar o corpo.","breadcrumb":{"@id":"https:\/\/www.em.com.br\/emfoco\/2026\/04\/28\/adeus-a-retencao-de-liquidos-e-inchaco-abdominal-conheca-os-efeitos-desintoxicantes-desses-chas\/#breadcrumb"},"inLanguage":"pt-BR","potentialAction":[{"@type":"ReadAction","target":["https:\/\/www.em.com.br\/emfoco\/2026\/04\/28\/adeus-a-retencao-de-liquidos-e-inchaco-abdominal-conheca-os-efeitos-desintoxicantes-desses-chas\/"]}]},{"@type":"ImageObject","inLanguage":"pt-BR","@id":"https:\/\/www.em.com.br\/emfoco\/2026\/04\/28\/adeus-a-retencao-de-liquidos-e-inchaco-abdominal-conheca-os-efeitos-desintoxicantes-desses-chas\/#primaryimage","url":"https:\/\/www.em.com.br\/emfoco\/wp-content\/uploads\/2026\/04\/EmFoco_62-4.jpg","contentUrl":"https:\/\/www.em.com.br\/emfoco\/wp-content\/uploads\/2026\/04\/EmFoco_62-4.jpg","width":1280,"height":720,"caption":"Infus\u00f5es naturais estimulam o f\u00edgado e auxiliam na elimina\u00e7\u00e3o de toxinas acumuladas"},{"@type":"BreadcrumbList","@id":"https:\/\/www.em.com.br\/emfoco\/2026\/04\/28\/adeus-a-retencao-de-liquidos-e-inchaco-abdominal-conheca-os-efeitos-desintoxicantes-desses-chas\/#breadcrumb","itemListElement":[{"@type":"ListItem","position":1,"name":"In\u00edcio","item":"https:\/\/www.em.com.br\/emfoco\/"},{"@type":"ListItem","position":2,"name":"Adeus a reten\u00e7\u00e3o de l\u00edquidos e incha\u00e7o abdominal, conhe\u00e7a os efeitos desintoxicantes desses ch\u00e1s"}]},{"@type":"WebSite","@id":"https:\/\/www.em.com.br\/emfoco\/#website","url":"https:\/\/www.em.com.br\/emfoco\/","name":"Estado de Minas - Em foco","description":"Acompanhe as \u00faltimas not\u00edcias e fique bem informado sobre tudo o que acontece em Minas Gerais, Brasil e no mundo.","potentialAction":[{"@type":"SearchAction","target":{"@type":"EntryPoint","urlTemplate":"https:\/\/www.em.com.br\/emfoco\/?s={search_term_string}"},"query-input":{"@type":"PropertyValueSpecification","valueRequired":true,"valueName":"search_term_string"}}],"inLanguage":"pt-BR"},{"@type":"Person","@id":"https:\/\/www.em.com.br\/emfoco\/#\/schema\/person\/0a8186d72f2c3a5c6276d90b41f271a0","name":"Daniely Cardoso","image":{"@type":"ImageObject","inLanguage":"pt-BR","@id":"https:\/\/www.em.com.br\/emfoco\/#\/schema\/person\/image\/","url":"https:\/\/secure.gravatar.com\/avatar\/4b80ddbd124d1f071b626d52d62e5dff?s=96&d=mm&r=g","contentUrl":"https:\/\/secure.gravatar.com\/avatar\/4b80ddbd124d1f071b626d52d62e5dff?s=96&d=mm&r=g","caption":"Daniely Cardoso"},"url":"https:\/\/www.em.com.br\/emfoco\/author\/danielymyth\/"}]}},"_links":{"self":[{"href":"https:\/\/www.em.com.br\/emfoco\/wp-json\/wp\/v2\/posts\/200184","targetHints":{"allow":["GET"]}}],"collection":[{"href":"https:\/\/www.em.com.br\/emfoco\/wp-json\/wp\/v2\/posts"}],"about":[{"href":"https:\/\/www.em.com.br\/emfoco\/wp-json\/wp\/v2\/types\/post"}],"author":[{"embeddable":true,"href":"https:\/\/www.em.com.br\/emfoco\/wp-json\/wp\/v2\/users\/9"}],"replies":[{"embeddable":true,"href":"https:\/\/www.em.com.br\/emfoco\/wp-json\/wp\/v2\/comments?post=200184"}],"version-history":[{"count":1,"href":"https:\/\/www.em.com.br\/emfoco\/wp-json\/wp\/v2\/posts\/200184\/revisions"}],"predecessor-version":[{"id":200185,"href":"https:\/\/www.em.com.br\/emfoco\/wp-json\/wp\/v2\/posts\/200184\/revisions\/200185"}],"wp:featuredmedia":[{"embeddable":true,"href":"https:\/\/www.em.com.br\/emfoco\/wp-json\/wp\/v2\/media\/200658"}],"wp:attachment":[{"href":"https:\/\/www.em.com.br\/emfoco\/wp-json\/wp\/v2\/media?parent=200184"}],"wp:term":[{"taxonomy":"category","embeddable":true,"href":"https:\/\/www.em.com.br\/emfoco\/wp-json\/wp\/v2\/categories?post=200184"},{"taxonomy":"post_tag","embeddable":true,"href":"https:\/\/www.em.com.br\/emfoco\/wp-json\/wp\/v2\/tags?post=200184"}],"curies":[{"name":"wp","href":"https:\/\/api.w.org\/{rel}","templated":true}]}}