{"id":200175,"date":"2026-04-28T09:25:00","date_gmt":"2026-04-28T12:25:00","guid":{"rendered":"https:\/\/www.em.com.br\/emfoco\/?p=200175"},"modified":"2026-04-27T16:19:24","modified_gmt":"2026-04-27T19:19:24","slug":"como-um-mineral-simples-pode-melhorar-seu-sono-e-reduzir-as-caimbras-noturnas-de-forma-natural","status":"publish","type":"post","link":"https:\/\/www.em.com.br\/emfoco\/2026\/04\/28\/como-um-mineral-simples-pode-melhorar-seu-sono-e-reduzir-as-caimbras-noturnas-de-forma-natural\/","title":{"rendered":"Como um mineral simples pode melhorar seu sono e reduzir as c\u00e2imbras noturnas de forma natural"},"content":{"rendered":"\n<p>Voc\u00ea tenta relaxar ap\u00f3s um dia produtivo, mas as c\u00e3ibras noturnas fazem voc\u00ea refletir sobre a <strong>import\u00e2ncia do consumo de magn\u00e9sio<\/strong> na sua rotina de bem-estar. Ser\u00e1 que esse mineral silencioso guarda o segredo para noites de sono perfeitas e uma mente muito mais tranquila?<\/p>\n\n\n\n<h2 class=\"wp-block-heading\">Por que a import\u00e2ncia do consumo de magn\u00e9sio impacta seu sono e humor?<\/h2>\n\n\n\n<p>O magn\u00e9sio atua diretamente no sistema nervoso central auxiliando na regula\u00e7\u00e3o de neurotransmissores que promovem o relaxamento muscular profundo. Muitas mulheres sofrem com picos de estresse por ignorarem como esse nutriente controla a <strong>produ\u00e7\u00e3o de cortisol<\/strong> no organismo feminino contempor\u00e2neo. Manter n\u00edveis adequados evita aquela sensa\u00e7\u00e3o constante de irritabilidade sem uma causa aparente durante a jornada de trabalho.<\/p>\n\n\n\n<p>A ingest\u00e3o correta desse mineral ajuda a estabilizar os ciclos de repouso garantindo que voc\u00ea acorde com muito mais disposi\u00e7\u00e3o matinal. N\u00edveis baixos est\u00e3o frequentemente associados ao surgimento de ansiedade leve e <strong>quadros de ins\u00f4nia<\/strong> persistentes que afetam a rotina. Priorizar o equil\u00edbrio nutricional \u00e9 o primeiro passo para conquistar uma <strong>qualidade de vida<\/strong> superior e muito mais est\u00e1vel.<\/p>\n\n\n<div class=\"wp-block-image\">\n<figure class=\"aligncenter size-large\"><img loading=\"lazy\" decoding=\"async\" width=\"1024\" height=\"576\" src=\"https:\/\/www.em.com.br\/emfoco\/wp-content\/uploads\/2026\/04\/magnesio-_1777246718381-1024x576.jpg\" alt=\" Import\u00e2ncia do consumo de magn\u00e9sio\" class=\"wp-image-200176\" srcset=\"https:\/\/www.em.com.br\/emfoco\/wp-content\/uploads\/2026\/04\/magnesio-_1777246718381-1024x576.jpg 1024w, https:\/\/www.em.com.br\/emfoco\/wp-content\/uploads\/2026\/04\/magnesio-_1777246718381-300x169.jpg 300w, https:\/\/www.em.com.br\/emfoco\/wp-content\/uploads\/2026\/04\/magnesio-_1777246718381-768x432.jpg 768w, https:\/\/www.em.com.br\/emfoco\/wp-content\/uploads\/2026\/04\/magnesio-_1777246718381-750x422.jpg 750w, https:\/\/www.em.com.br\/emfoco\/wp-content\/uploads\/2026\/04\/magnesio-_1777246718381-1140x641.jpg 1140w, https:\/\/www.em.com.br\/emfoco\/wp-content\/uploads\/2026\/04\/magnesio-_1777246718381.jpg 1280w\" sizes=\"auto, (max-width: 1024px) 100vw, 1024px\" \/><figcaption class=\"wp-element-caption\">A ingest\u00e3o correta desse mineral ajuda a estabilizar os ciclos de repouso garantindo que voc\u00ea acorde com muito mais disposi\u00e7\u00e3o matinal &#8211; Cr\u00e9ditos: depositphotos.com \/ yulianny<\/figcaption><\/figure><\/div>\n\n\n<p>Leia tamb\u00e9m: <a href=\"https:\/\/www.em.com.br\/emfoco\/2026\/03\/06\/portoes-de-ferro-estao-saindo-de-moda-e-a-nova-tendencia-aposta-em-elegancia-e-discricao\/\" target=\"_blank\" rel=\"noreferrer noopener\">Port\u00f5es de ferro est\u00e3o saindo de moda e a nova tend\u00eancia aposta em eleg\u00e2ncia e discri\u00e7\u00e3o<\/a><\/p>\n\n\n\n<h2 class=\"wp-block-heading\">Quais alimentos garantem a import\u00e2ncia do consumo de magn\u00e9sio diariamente?<\/h2>\n\n\n\n<p>Folhas verdes escuras e sementes oleaginosas representam as fontes naturais mais ricas para quem deseja suplementar a dieta de forma totalmente org\u00e2nica. Esses ingredientes fornecem a base necess\u00e1ria para que suas c\u00e9lulas produzam energia constante sem depender apenas de estimulantes externos. Incluir por\u00e7\u00f5es generosas de vegetais garante que o corpo receba <strong>micronutrientes fundamentais<\/strong> para o bom funcionamento do cora\u00e7\u00e3o e dos vasos sangu\u00edneos.<\/p>\n\n\n\n<p>A variedade na escolha dos pratos permite que voc\u00ea aproveite diferentes tipos de absor\u00e7\u00e3o conforme a necessidade espec\u00edfica do seu metabolismo. A lista abaixo apresenta \u00f3timas op\u00e7\u00f5es para diversificar seu card\u00e1pio semanal enquanto foca na melhora da sua <strong>performance f\u00edsica<\/strong> e mental de maneira constante:<\/p>\n\n\n\n<ul class=\"wp-block-list\">\n<li>Castanhas do Par\u00e1 e am\u00eandoas torradas para um <strong>lanche saud\u00e1vel<\/strong> e pr\u00e1tico.<\/li>\n\n\n\n<li>Espinafre cozido no vapor para acompanhar prote\u00ednas magras e garantir <strong>m\u00e1xima absor\u00e7\u00e3o<\/strong>.<\/li>\n\n\n\n<li>Chocolate amargo com alto teor de cacau para fornecer uma dose extra de <strong>prote\u00e7\u00e3o antioxidante<\/strong>.<\/li>\n<\/ul>\n\n\n\n<figure class=\"wp-block-embed is-type-rich is-provider-pinterest wp-block-embed-pinterest\"><div class=\"wp-block-embed__wrapper\">\n<iframe loading=\"lazy\" title=\"\u201cGuia R\u00e1pido dos Tipos de Magn\u00e9sio e Suas Fun\u00e7\u00f5es no Corpo\u201d\" src=\"https:\/\/assets.pinterest.com\/ext\/embed.html?id=995295586412244510&#038;src=oembed\" height=\"783\" width=\"450\" frameborder=\"0\" scrolling=\"no\" ><\/iframe>\n<\/div><\/figure>\n\n\n\n<h2 class=\"wp-block-heading\">A import\u00e2ncia do consumo de magn\u00e9sio no controle dos sintomas da TPM<\/h2>\n\n\n\n<p>O mineral possui propriedades antiespasm\u00f3dicas que relaxam a musculatura uterina e reduzem significativamente as dores agudas sentidas durante o per\u00edodo menstrual. Muitas mulheres notam uma redu\u00e7\u00e3o dr\u00e1stica no incha\u00e7o abdominal e na reten\u00e7\u00e3o de l\u00edquidos ao manterem a <strong>suplementa\u00e7\u00e3o natural<\/strong> em dia. Essa mudan\u00e7a simples na alimenta\u00e7\u00e3o traz um <strong>conforto imediato<\/strong> para enfrentar os dias mais sens\u00edveis do ciclo com leveza.<\/p>\n\n\n\n<p>Al\u00e9m do al\u00edvio f\u00edsico, a subst\u00e2ncia ajuda a equilibrar as flutua\u00e7\u00f5es hormonais que causam altera\u00e7\u00f5es bruscas de humor e compuls\u00e3o por doces. O nutriente atua na s\u00edntese de serotonina garantindo que o <strong>bem-estar emocional<\/strong> permane\u00e7a constante mesmo sob forte press\u00e3o hormonal. Invista no cuidado preventivo para garantir que seu ciclo ocorra de maneira muito mais <strong>suave e equilibrada<\/strong>.<\/p>\n\n\n\n<p>Para voc\u00ea que gosta de se cuidar, separamos um v\u00eddeo do canal do <a href=\"https:\/\/www.youtube.com\/@DrJulianoTeles\" target=\"_blank\" rel=\"noreferrer noopener\">Dr Juliano Teles<\/a> com dicas de consumo e benef\u00edcios do magn\u00e9sio para o corpo:<\/p>\n\n\n\n<figure class=\"wp-block-embed is-type-video is-provider-youtube wp-block-embed-youtube wp-embed-aspect-16-9 wp-has-aspect-ratio\"><div class=\"wp-block-embed__wrapper\">\n<div class=\"jeg_video_container jeg_video_content\"><iframe loading=\"lazy\" title=\"Quais os tipos de MAGN\u00c9SIO e seus benef\u00edcios | Dr Juliano Teles\" width=\"500\" height=\"281\" src=\"https:\/\/www.youtube.com\/embed\/coCQfwM3r_g?start=5&#038;feature=oembed\" frameborder=\"0\" allow=\"accelerometer; autoplay; clipboard-write; encrypted-media; gyroscope; picture-in-picture; web-share\" referrerpolicy=\"strict-origin-when-cross-origin\" allowfullscreen><\/iframe><\/div>\n<\/div><\/figure>\n\n\n\n<h2 class=\"wp-block-heading\">Existe um hor\u00e1rio ideal para ingerir esse mineral t\u00e3o poderoso?<\/h2>\n\n\n\n<p>Ingerir o nutriente durante o jantar favorece a prepara\u00e7\u00e3o do corpo para o desligamento das fun\u00e7\u00f5es cerebrais e o in\u00edcio do reparo tecidual. A absor\u00e7\u00e3o ocorre de forma mais eficiente quando o est\u00f4mago est\u00e1 digerindo alimentos leves e <strong>ricos em fibras<\/strong> de alta qualidade. Essa pr\u00e1tica rotineira sinaliza ao organismo que \u00e9 hora de baixar o ritmo e focar na <strong>recupera\u00e7\u00e3o vital<\/strong> dos m\u00fasculos.<\/p>\n\n\n\n<p>Por outro lado, evite misturar a ingest\u00e3o de suplementos com grandes quantidades de c\u00e1lcio para n\u00e3o gerar uma competi\u00e7\u00e3o entre os receptores das c\u00e9lulas. O equil\u00edbrio entre as doses garante que cada miligrama seja aproveitado para fortalecer a <strong>sa\u00fade \u00f3ssea<\/strong> e prevenir o cansa\u00e7o cr\u00f4nico. Consulte sempre um nutricionista para ajustar as quantidades ideais conforme o seu <strong>objetivo pessoal<\/strong> de longevidade.<\/p>\n\n\n\n<h2 class=\"wp-block-heading\">Adote novos h\u00e1bitos para uma vida com muito mais vitalidade<\/h2>\n\n\n\n<p>Observe os sinais do seu corpo e ajuste sua dieta com paci\u00eancia e dedica\u00e7\u00e3o di\u00e1ria. Pequenas mudan\u00e7as nos ingredientes geram transforma\u00e7\u00f5es profundas na sua <strong>disposi\u00e7\u00e3o f\u00edsica<\/strong> e mental. Sinta o prazer de viver com mais <strong>energia e sa\u00fade<\/strong>.<\/p>\n\n\n\n<p>Valorize o poder dos minerais naturais para manter seu organismo funcionando em harmonia total. Busque fontes variadas de nutri\u00e7\u00e3o para garantir um <strong>corpo forte<\/strong> e resiliente. Escolha sempre o <strong>caminho do equil\u00edbrio<\/strong>.<\/p>\n","protected":false},"excerpt":{"rendered":"<p>Voc\u00ea tenta relaxar ap\u00f3s um dia produtivo, mas as c\u00e3ibras noturnas fazem voc\u00ea refletir sobre a import\u00e2ncia do consumo de magn\u00e9sio na sua rotina de bem-estar. Ser\u00e1 que esse mineral silencioso guarda o segredo para noites de sono perfeitas e uma mente muito mais tranquila? Por que a import\u00e2ncia do consumo de magn\u00e9sio impacta seu [&hellip;]<\/p>\n","protected":false},"author":9,"featured_media":200661,"comment_status":"open","ping_status":"open","sticky":false,"template":"","format":"standard","meta":{"jnews-multi-image_gallery":[],"jnews_single_post":{"format":"standard"},"jnews_primary_category":[],"jnews_social_meta":[],"jnews_override_counter":[],"footnotes":""},"categories":[8691,9053],"tags":[28835,27288,6126],"class_list":["post-200175","post","type-post","status-publish","format-standard","has-post-thumbnail","hentry","category-bem-estar","category-saude","tag-bem-estar-e-sono","tag-nutricao-natural","tag-saude-feminina"],"yoast_head":"<!-- This site is optimized with the Yoast SEO plugin v23.8 - https:\/\/yoast.com\/wordpress\/plugins\/seo\/ -->\n<title>Como um mineral simples pode melhorar seu sono e reduzir as c\u00e2imbras noturnas de forma natural - Estado de Minas - Em foco<\/title>\n<meta name=\"description\" content=\"O consumo de magn\u00e9sio garante mais energia para o seu dia e melhora a qualidade do sono feminino com dicas pr\u00e1ticas e naturais\" \/>\n<meta name=\"robots\" content=\"index, follow, max-snippet:-1, max-image-preview:large, max-video-preview:-1\" \/>\n<link rel=\"canonical\" href=\"https:\/\/www.em.com.br\/emfoco\/2026\/04\/28\/como-um-mineral-simples-pode-melhorar-seu-sono-e-reduzir-as-caimbras-noturnas-de-forma-natural\/\" \/>\n<meta property=\"og:locale\" content=\"pt_BR\" \/>\n<meta property=\"og:type\" content=\"article\" \/>\n<meta property=\"og:title\" content=\"Como um mineral simples pode melhorar seu sono e reduzir as c\u00e2imbras noturnas de forma natural - Estado de Minas - Em foco\" \/>\n<meta property=\"og:description\" content=\"O consumo de magn\u00e9sio garante mais energia para o seu dia e melhora a qualidade do sono feminino com dicas pr\u00e1ticas e naturais\" \/>\n<meta property=\"og:url\" content=\"https:\/\/www.em.com.br\/emfoco\/2026\/04\/28\/como-um-mineral-simples-pode-melhorar-seu-sono-e-reduzir-as-caimbras-noturnas-de-forma-natural\/\" \/>\n<meta property=\"og:site_name\" content=\"Estado de Minas - Em foco\" \/>\n<meta property=\"article:published_time\" content=\"2026-04-28T12:25:00+00:00\" \/>\n<meta property=\"article:modified_time\" content=\"2026-04-27T19:19:24+00:00\" \/>\n<meta property=\"og:image\" content=\"https:\/\/www.em.com.br\/emfoco\/wp-content\/uploads\/2026\/04\/EmFoco_69-4.jpg\" \/>\n\t<meta property=\"og:image:width\" content=\"1280\" \/>\n\t<meta property=\"og:image:height\" content=\"720\" \/>\n\t<meta property=\"og:image:type\" content=\"image\/jpeg\" \/>\n<meta name=\"author\" content=\"Daniely Cardoso\" \/>\n<meta name=\"twitter:card\" content=\"summary_large_image\" \/>\n<meta name=\"twitter:label1\" content=\"Escrito por\" \/>\n\t<meta name=\"twitter:data1\" content=\"Daniely Cardoso\" \/>\n\t<meta name=\"twitter:label2\" content=\"Est. tempo de leitura\" \/>\n\t<meta name=\"twitter:data2\" content=\"5 minutos\" \/>\n<!-- \/ Yoast SEO plugin. -->","yoast_head_json":{"title":"Como um mineral simples pode melhorar seu sono e reduzir as c\u00e2imbras noturnas de forma natural - Estado de Minas - Em foco","description":"O consumo de magn\u00e9sio garante mais energia para o seu dia e melhora a qualidade do sono feminino com dicas pr\u00e1ticas e naturais","robots":{"index":"index","follow":"follow","max-snippet":"max-snippet:-1","max-image-preview":"max-image-preview:large","max-video-preview":"max-video-preview:-1"},"canonical":"https:\/\/www.em.com.br\/emfoco\/2026\/04\/28\/como-um-mineral-simples-pode-melhorar-seu-sono-e-reduzir-as-caimbras-noturnas-de-forma-natural\/","og_locale":"pt_BR","og_type":"article","og_title":"Como um mineral simples pode melhorar seu sono e reduzir as c\u00e2imbras noturnas de forma natural - Estado de Minas - Em foco","og_description":"O consumo de magn\u00e9sio garante mais energia para o seu dia e melhora a qualidade do sono feminino com dicas pr\u00e1ticas e naturais","og_url":"https:\/\/www.em.com.br\/emfoco\/2026\/04\/28\/como-um-mineral-simples-pode-melhorar-seu-sono-e-reduzir-as-caimbras-noturnas-de-forma-natural\/","og_site_name":"Estado de Minas - Em foco","article_published_time":"2026-04-28T12:25:00+00:00","article_modified_time":"2026-04-27T19:19:24+00:00","og_image":[{"width":1280,"height":720,"url":"https:\/\/www.em.com.br\/emfoco\/wp-content\/uploads\/2026\/04\/EmFoco_69-4.jpg","type":"image\/jpeg"}],"author":"Daniely Cardoso","twitter_card":"summary_large_image","twitter_misc":{"Escrito por":"Daniely Cardoso","Est. tempo de leitura":"5 minutos"},"schema":{"@context":"https:\/\/schema.org","@graph":[{"@type":"WebPage","@id":"https:\/\/www.em.com.br\/emfoco\/2026\/04\/28\/como-um-mineral-simples-pode-melhorar-seu-sono-e-reduzir-as-caimbras-noturnas-de-forma-natural\/","url":"https:\/\/www.em.com.br\/emfoco\/2026\/04\/28\/como-um-mineral-simples-pode-melhorar-seu-sono-e-reduzir-as-caimbras-noturnas-de-forma-natural\/","name":"Como um mineral simples pode melhorar seu sono e reduzir as c\u00e2imbras noturnas de forma natural - Estado de Minas - Em foco","isPartOf":{"@id":"https:\/\/www.em.com.br\/emfoco\/#website"},"primaryImageOfPage":{"@id":"https:\/\/www.em.com.br\/emfoco\/2026\/04\/28\/como-um-mineral-simples-pode-melhorar-seu-sono-e-reduzir-as-caimbras-noturnas-de-forma-natural\/#primaryimage"},"image":{"@id":"https:\/\/www.em.com.br\/emfoco\/2026\/04\/28\/como-um-mineral-simples-pode-melhorar-seu-sono-e-reduzir-as-caimbras-noturnas-de-forma-natural\/#primaryimage"},"thumbnailUrl":"https:\/\/www.em.com.br\/emfoco\/wp-content\/uploads\/2026\/04\/EmFoco_69-4.jpg","datePublished":"2026-04-28T12:25:00+00:00","dateModified":"2026-04-27T19:19:24+00:00","author":{"@id":"https:\/\/www.em.com.br\/emfoco\/#\/schema\/person\/0a8186d72f2c3a5c6276d90b41f271a0"},"description":"O consumo de magn\u00e9sio garante mais energia para o seu dia e melhora a qualidade do sono feminino com dicas pr\u00e1ticas e naturais","breadcrumb":{"@id":"https:\/\/www.em.com.br\/emfoco\/2026\/04\/28\/como-um-mineral-simples-pode-melhorar-seu-sono-e-reduzir-as-caimbras-noturnas-de-forma-natural\/#breadcrumb"},"inLanguage":"pt-BR","potentialAction":[{"@type":"ReadAction","target":["https:\/\/www.em.com.br\/emfoco\/2026\/04\/28\/como-um-mineral-simples-pode-melhorar-seu-sono-e-reduzir-as-caimbras-noturnas-de-forma-natural\/"]}]},{"@type":"ImageObject","inLanguage":"pt-BR","@id":"https:\/\/www.em.com.br\/emfoco\/2026\/04\/28\/como-um-mineral-simples-pode-melhorar-seu-sono-e-reduzir-as-caimbras-noturnas-de-forma-natural\/#primaryimage","url":"https:\/\/www.em.com.br\/emfoco\/wp-content\/uploads\/2026\/04\/EmFoco_69-4.jpg","contentUrl":"https:\/\/www.em.com.br\/emfoco\/wp-content\/uploads\/2026\/04\/EmFoco_69-4.jpg","width":1280,"height":720,"caption":"Mineral essencial regula o sistema nervoso promovendo relaxamento muscular e noites tranquilas"},{"@type":"BreadcrumbList","@id":"https:\/\/www.em.com.br\/emfoco\/2026\/04\/28\/como-um-mineral-simples-pode-melhorar-seu-sono-e-reduzir-as-caimbras-noturnas-de-forma-natural\/#breadcrumb","itemListElement":[{"@type":"ListItem","position":1,"name":"In\u00edcio","item":"https:\/\/www.em.com.br\/emfoco\/"},{"@type":"ListItem","position":2,"name":"Como um mineral simples pode melhorar seu sono e reduzir as c\u00e2imbras noturnas de forma natural"}]},{"@type":"WebSite","@id":"https:\/\/www.em.com.br\/emfoco\/#website","url":"https:\/\/www.em.com.br\/emfoco\/","name":"Estado de Minas - Em foco","description":"Acompanhe as \u00faltimas not\u00edcias e fique bem informado sobre tudo o que acontece em Minas Gerais, Brasil e no mundo.","potentialAction":[{"@type":"SearchAction","target":{"@type":"EntryPoint","urlTemplate":"https:\/\/www.em.com.br\/emfoco\/?s={search_term_string}"},"query-input":{"@type":"PropertyValueSpecification","valueRequired":true,"valueName":"search_term_string"}}],"inLanguage":"pt-BR"},{"@type":"Person","@id":"https:\/\/www.em.com.br\/emfoco\/#\/schema\/person\/0a8186d72f2c3a5c6276d90b41f271a0","name":"Daniely Cardoso","image":{"@type":"ImageObject","inLanguage":"pt-BR","@id":"https:\/\/www.em.com.br\/emfoco\/#\/schema\/person\/image\/","url":"https:\/\/secure.gravatar.com\/avatar\/4b80ddbd124d1f071b626d52d62e5dff?s=96&d=mm&r=g","contentUrl":"https:\/\/secure.gravatar.com\/avatar\/4b80ddbd124d1f071b626d52d62e5dff?s=96&d=mm&r=g","caption":"Daniely Cardoso"},"url":"https:\/\/www.em.com.br\/emfoco\/author\/danielymyth\/"}]}},"_links":{"self":[{"href":"https:\/\/www.em.com.br\/emfoco\/wp-json\/wp\/v2\/posts\/200175","targetHints":{"allow":["GET"]}}],"collection":[{"href":"https:\/\/www.em.com.br\/emfoco\/wp-json\/wp\/v2\/posts"}],"about":[{"href":"https:\/\/www.em.com.br\/emfoco\/wp-json\/wp\/v2\/types\/post"}],"author":[{"embeddable":true,"href":"https:\/\/www.em.com.br\/emfoco\/wp-json\/wp\/v2\/users\/9"}],"replies":[{"embeddable":true,"href":"https:\/\/www.em.com.br\/emfoco\/wp-json\/wp\/v2\/comments?post=200175"}],"version-history":[{"count":2,"href":"https:\/\/www.em.com.br\/emfoco\/wp-json\/wp\/v2\/posts\/200175\/revisions"}],"predecessor-version":[{"id":200670,"href":"https:\/\/www.em.com.br\/emfoco\/wp-json\/wp\/v2\/posts\/200175\/revisions\/200670"}],"wp:featuredmedia":[{"embeddable":true,"href":"https:\/\/www.em.com.br\/emfoco\/wp-json\/wp\/v2\/media\/200661"}],"wp:attachment":[{"href":"https:\/\/www.em.com.br\/emfoco\/wp-json\/wp\/v2\/media?parent=200175"}],"wp:term":[{"taxonomy":"category","embeddable":true,"href":"https:\/\/www.em.com.br\/emfoco\/wp-json\/wp\/v2\/categories?post=200175"},{"taxonomy":"post_tag","embeddable":true,"href":"https:\/\/www.em.com.br\/emfoco\/wp-json\/wp\/v2\/tags?post=200175"}],"curies":[{"name":"wp","href":"https:\/\/api.w.org\/{rel}","templated":true}]}}