{"id":200163,"date":"2026-04-27T11:00:00","date_gmt":"2026-04-27T14:00:00","guid":{"rendered":"https:\/\/www.em.com.br\/emfoco\/?p=200163"},"modified":"2026-04-26T19:43:51","modified_gmt":"2026-04-26T22:43:51","slug":"nem-bob-nem-pixie-o-corte-de-cabelo-para-mulheres-acima-dos-50-anos-parecerem-mais-jovens","status":"publish","type":"post","link":"https:\/\/www.em.com.br\/emfoco\/2026\/04\/27\/nem-bob-nem-pixie-o-corte-de-cabelo-para-mulheres-acima-dos-50-anos-parecerem-mais-jovens\/","title":{"rendered":"Nem bob, nem pixie: o corte de cabelo\u00a0para mulheres acima dos 50 anos parecerem mais jovens"},"content":{"rendered":"\n<p>Entre as tend\u00eancias de beleza para 2026, um corte de cabelo vem ganhando espa\u00e7o entre mulheres acima dos 50 anos que querem um visual leve, moderno e sem esfor\u00e7o: o&nbsp;<strong>corte Shaggy<\/strong>, com camadas desfiadas, comprimento m\u00e9dio e apar\u00eancia despojada, que suaviza os tra\u00e7os e atualiza a imagem sem mudan\u00e7as radicais, mantendo a praticidade do dia a dia com mais movimento ao redor do rosto.<\/p>\n\n\n\n<h2 class=\"wp-block-heading\">O que \u00e9 o corte Shaggy e como ele rejuvenesce o visual<\/h2>\n\n\n\n<p>O corte <strong>Shaggy <\/strong>\u00e9 um corte de comprimento m\u00e9dio, geralmente entre a linha da mand\u00edbula e os ombros, com m\u00faltiplas camadas e pontas levemente desfiadas. Em vez de um acabamento totalmente alinhado, ele aposta em um visual mais solto, com fios que se movimentam ao caminhar ou ao passar as m\u00e3os pelo cabelo.<\/p>\n\n\n\n<p>Nas mulheres acima dos 50 anos, o Shaggy \u00e9 associado a um efeito rejuvenescedor por suavizar o contorno do rosto, abrir levemente a \u00e1rea do pesco\u00e7o e distribuir melhor o volume. Ao alternar camadas curtas e longas, evita-se o \u201cpeso\u201d nas pontas, que pode evidenciar a queda natural dos fios com a idade.<\/p>\n\n\n\n<ul class=\"wp-block-list\">\n<li><strong>Leveza:<\/strong>\u00a0as camadas reduzem o peso do cabelo e criam um caimento mais natural.<\/li>\n\n\n\n<li><strong>Movimento:<\/strong>\u00a0o desfiado proporciona balan\u00e7o e fluidez, mesmo com pouca finaliza\u00e7\u00e3o.<\/li>\n\n\n\n<li><strong>Moldura do rosto:<\/strong>\u00a0mechas ao redor da face ajudam a suavizar \u00e2ngulos e linhas marcadas.<\/li>\n<\/ul>\n\n\n\n<iframe loading=\"lazy\" src=\"https:\/\/assets.pinterest.com\/ext\/embed.html?id=464996730300111159\" height=\"445\" width=\"345\" frameborder=\"0\" scrolling=\"no\" ><\/iframe>\n\n\n\n<h2 class=\"wp-block-heading\">Como funciona o corte Shaggy para mulheres acima de 50 anos<\/h2>\n\n\n\n<p>Quando pensado especificamente para mulheres com mais de 50 anos, o&nbsp;<strong>corte Shaggy m\u00e9dio<\/strong>&nbsp;\u00e9 adaptado para lidar com afinamento dos fios, perda de densidade em algumas \u00e1reas e presen\u00e7a de fios brancos. O profissional analisa textura, quantidade de cabelo e formato do rosto para definir onde concentrar as camadas e como graduar o desfiado.<\/p>\n\n\n\n<p>O comprimento costuma ficar em um ponto estrat\u00e9gico: longo o bastante para permitir prender em um rabo de cavalo simples, mas curto o suficiente para manter o volume sob controle. As camadas frontais podem ser mais curtas, contornando ma\u00e7\u00e3s do rosto e maxilar, enquanto mechas discretamente encurtadas no topo ajudam a levantar a raiz.<\/p>\n\n\n\n<ol class=\"wp-block-list\">\n<li><strong>An\u00e1lise do rosto e dos fios:<\/strong>\u00a0o cabeleireiro avalia formato da face, espessura e densidade.<\/li>\n\n\n\n<li><strong>Defini\u00e7\u00e3o do comprimento:<\/strong>\u00a0geralmente entre a mand\u00edbula e os ombros, ajustado \u00e0 rotina.<\/li>\n\n\n\n<li><strong>Cria\u00e7\u00e3o das camadas:<\/strong>\u00a0mechas em diferentes alturas para gerar volume equilibrado.<\/li>\n\n\n\n<li><strong>Desfiado e textura:<\/strong>\u00a0pontas irregulares e polidas para evitar efeito pesado.<\/li>\n\n\n\n<li><strong>Personaliza\u00e7\u00e3o da franja:<\/strong>\u00a0longa, cortininha ou apenas um leve contorno frontal.<\/li>\n<\/ol>\n\n\n\n<figure class=\"wp-block-image\"><img decoding=\"async\" src=\"https:\/\/www.em.com.br\/emfoco\/wp-content\/uploads\/2025\/12\/unnamed-1-1-1024x576.jpg\" alt=\"\"\/><figcaption class=\"wp-element-caption\">O corte que devolve leveza e atitude ao visual<\/figcaption><\/figure>\n\n\n\n<h2 class=\"wp-block-heading\">Quais s\u00e3o os cuidados di\u00e1rios com o corte Shaggy<\/h2>\n\n\n\n<p>Um dos motivos que tornam o corte Shaggy atraente para mulheres maduras \u00e9 a manuten\u00e7\u00e3o simples, focada em valorizar a textura natural do cabelo. Com poucos produtos, \u00e9 poss\u00edvel real\u00e7ar o movimento das camadas e conseguir um visual arrumado sem gastar horas com secador ou modelador.<\/p>\n\n\n\n<p>Para manter o&nbsp;<strong>corte Shaggy para parecer mais jovem<\/strong>&nbsp;em bom estado, alguns cuidados b\u00e1sicos ajudam a preservar o formato e o balan\u00e7o original. A escolha de produtos leves evita que o cabelo pese e perca o movimento caracter\u00edstico das camadas.<\/p>\n\n\n\n<ul class=\"wp-block-list\">\n<li>Cortar a cada 6 a 10 semanas para preservar o desenho das camadas.<\/li>\n\n\n\n<li>Usar shampoo e condicionador adequados ao tipo de fio (seco, oleoso, misto ou com qu\u00edmica).<\/li>\n\n\n\n<li>Aplicar protetor t\u00e9rmico sempre que usar secador, chapinha ou modelador.<\/li>\n\n\n\n<li>Preferir finalizadores leves, como mousses suaves ou sprays de textura.<\/li>\n\n\n\n<li>Valorizar a textura natural, seja lisa, ondulada ou cacheada.<\/li>\n<\/ul>\n\n\n\n<h2 class=\"wp-block-heading\">O corte Shaggy combina com diferentes estilos pessoais<\/h2>\n\n\n\n<p>Com as adapta\u00e7\u00f5es poss\u00edveis, o&nbsp;<strong>corte Shaggy em mulheres maduras<\/strong>&nbsp;se encaixa em perfis variados, de quem prefere um visual discreto a quem gosta de um look mais marcante. Em ambientes formais, pode ser finalizado com escova suave e pouco volume; em momentos informais, basta destacar o desfiado para evidenciar o ar despojado.<\/p>\n\n\n\n<p>O Shaggy n\u00e3o segue uma \u00fanica \u201creceita pronta\u201d: \u00e9 um conceito de corte em camadas m\u00e9dias, ajustado em intensidade, comprimento, franja e textura. Levar refer\u00eancias visuais ao sal\u00e3o ajuda, mas o ideal \u00e9 sair com uma vers\u00e3o pr\u00f3pria, alinhada ao formato de rosto, tom de pele, rotina e prefer\u00eancias pessoais.<\/p>\n\n\n\n<iframe loading=\"lazy\" src=\"https:\/\/assets.pinterest.com\/ext\/embed.html?id=560838959867347001\" height=\"618\" width=\"345\" frameborder=\"0\" scrolling=\"no\" ><\/iframe>\n\n\n\n<h2 class=\"wp-block-heading\">Por que escolher o corte Shaggy agora mesmo<\/h2>\n\n\n\n<p>Para mulheres acima de 50 anos, o corte Shaggy vai al\u00e9m de uma tend\u00eancia: ele \u00e9 uma forma pr\u00e1tica e moderna de atualizar a imagem, suavizar tra\u00e7os e expressar personalidade sem abrir m\u00e3o da facilidade no dia a dia. Ao equilibrar leveza, movimento e versatilidade, o visual ganha frescor e naturalidade, sem parecer for\u00e7ado.<\/p>\n\n\n\n<p>Se voc\u00ea sente que seu cabelo est\u00e1 pesado, sem forma ou n\u00e3o traduz mais quem voc\u00ea \u00e9 hoje, este \u00e9 o momento de agir. Marque ainda hoje um hor\u00e1rio com um profissional de confian\u00e7a, leve refer\u00eancias de Shaggy que voc\u00ea gosta e experimente essa mudan\u00e7a agora, enquanto a vontade de se renovar est\u00e1 viva e pulsando.<\/p>\n","protected":false},"excerpt":{"rendered":"<p>Entre as tend\u00eancias de beleza para 2026, um corte de cabelo vem ganhando espa\u00e7o entre mulheres acima dos 50 anos que querem um visual leve, moderno e sem esfor\u00e7o: o&nbsp;corte Shaggy, com camadas desfiadas, comprimento m\u00e9dio e apar\u00eancia despojada, que suaviza os tra\u00e7os e atualiza a imagem sem mudan\u00e7as radicais, mantendo a praticidade do dia [&hellip;]<\/p>\n","protected":false},"author":11,"featured_media":142282,"comment_status":"open","ping_status":"open","sticky":false,"template":"","format":"standard","meta":{"jnews-multi-image_gallery":[],"jnews_single_post":{"format":"standard"},"jnews_primary_category":[],"jnews_social_meta":[],"jnews_override_counter":[],"footnotes":""},"categories":[8819,1],"tags":[4905,5257,4906,20899,28833,1920],"class_list":["post-200163","post","type-post","status-publish","format-standard","has-post-thumbnail","hentry","category-curiosidades","category-noticias","tag-cabelo","tag-corte","tag-corte-de-cabelo","tag-corte-shaggy","tag-renovar-o-cabelo","tag-tendencia"],"yoast_head":"<!-- This site is optimized with the Yoast SEO plugin v23.8 - https:\/\/yoast.com\/wordpress\/plugins\/seo\/ -->\n<title>Nem bob, nem pixie: o corte de cabelo\u00a0para mulheres acima dos 50 anos parecerem mais jovens - Estado de Minas - Em foco<\/title>\n<meta name=\"description\" content=\"O corte Shaggy virou tend\u00eancia entre mulheres acima dos 50. Leveza, movimento e visual moderno sem esfor\u00e7o di\u00e1rio.\" \/>\n<meta name=\"robots\" content=\"index, follow, max-snippet:-1, max-image-preview:large, max-video-preview:-1\" \/>\n<link rel=\"canonical\" href=\"https:\/\/www.em.com.br\/emfoco\/2026\/04\/27\/nem-bob-nem-pixie-o-corte-de-cabelo-para-mulheres-acima-dos-50-anos-parecerem-mais-jovens\/\" \/>\n<meta property=\"og:locale\" content=\"pt_BR\" \/>\n<meta property=\"og:type\" content=\"article\" \/>\n<meta property=\"og:title\" content=\"Nem bob, nem pixie: o corte de cabelo\u00a0para mulheres acima dos 50 anos parecerem mais jovens - Estado de Minas - Em foco\" \/>\n<meta property=\"og:description\" content=\"O corte Shaggy virou tend\u00eancia entre mulheres acima dos 50. Leveza, movimento e visual moderno sem esfor\u00e7o di\u00e1rio.\" \/>\n<meta property=\"og:url\" content=\"https:\/\/www.em.com.br\/emfoco\/2026\/04\/27\/nem-bob-nem-pixie-o-corte-de-cabelo-para-mulheres-acima-dos-50-anos-parecerem-mais-jovens\/\" \/>\n<meta property=\"og:site_name\" content=\"Estado de Minas - Em foco\" \/>\n<meta property=\"article:published_time\" content=\"2026-04-27T14:00:00+00:00\" \/>\n<meta property=\"article:modified_time\" content=\"2026-04-26T22:43:51+00:00\" \/>\n<meta property=\"og:image\" content=\"https:\/\/www.em.com.br\/emfoco\/wp-content\/uploads\/2025\/12\/ChatGPT-Image-17-de-dez.-de-2025-22_59_43-1.png\" \/>\n\t<meta property=\"og:image:width\" content=\"1280\" \/>\n\t<meta property=\"og:image:height\" content=\"720\" \/>\n\t<meta property=\"og:image:type\" content=\"image\/png\" \/>\n<meta name=\"author\" content=\"Andre\u0301 Rangel\u00a0\" \/>\n<meta name=\"twitter:card\" content=\"summary_large_image\" \/>\n<meta name=\"twitter:label1\" content=\"Escrito por\" \/>\n\t<meta name=\"twitter:data1\" content=\"Andre\u0301 Rangel\u00a0\" \/>\n\t<meta name=\"twitter:label2\" content=\"Est. tempo de leitura\" \/>\n\t<meta name=\"twitter:data2\" content=\"5 minutos\" \/>\n<!-- \/ Yoast SEO plugin. -->","yoast_head_json":{"title":"Nem bob, nem pixie: o corte de cabelo\u00a0para mulheres acima dos 50 anos parecerem mais jovens - Estado de Minas - Em foco","description":"O corte Shaggy virou tend\u00eancia entre mulheres acima dos 50. Leveza, movimento e visual moderno sem esfor\u00e7o di\u00e1rio.","robots":{"index":"index","follow":"follow","max-snippet":"max-snippet:-1","max-image-preview":"max-image-preview:large","max-video-preview":"max-video-preview:-1"},"canonical":"https:\/\/www.em.com.br\/emfoco\/2026\/04\/27\/nem-bob-nem-pixie-o-corte-de-cabelo-para-mulheres-acima-dos-50-anos-parecerem-mais-jovens\/","og_locale":"pt_BR","og_type":"article","og_title":"Nem bob, nem pixie: o corte de cabelo\u00a0para mulheres acima dos 50 anos parecerem mais jovens - Estado de Minas - Em foco","og_description":"O corte Shaggy virou tend\u00eancia entre mulheres acima dos 50. Leveza, movimento e visual moderno sem esfor\u00e7o di\u00e1rio.","og_url":"https:\/\/www.em.com.br\/emfoco\/2026\/04\/27\/nem-bob-nem-pixie-o-corte-de-cabelo-para-mulheres-acima-dos-50-anos-parecerem-mais-jovens\/","og_site_name":"Estado de Minas - Em foco","article_published_time":"2026-04-27T14:00:00+00:00","article_modified_time":"2026-04-26T22:43:51+00:00","og_image":[{"width":1280,"height":720,"url":"https:\/\/www.em.com.br\/emfoco\/wp-content\/uploads\/2025\/12\/ChatGPT-Image-17-de-dez.-de-2025-22_59_43-1.png","type":"image\/png"}],"author":"Andre\u0301 Rangel\u00a0","twitter_card":"summary_large_image","twitter_misc":{"Escrito por":"Andre\u0301 Rangel\u00a0","Est. tempo de leitura":"5 minutos"},"schema":{"@context":"https:\/\/schema.org","@graph":[{"@type":"WebPage","@id":"https:\/\/www.em.com.br\/emfoco\/2026\/04\/27\/nem-bob-nem-pixie-o-corte-de-cabelo-para-mulheres-acima-dos-50-anos-parecerem-mais-jovens\/","url":"https:\/\/www.em.com.br\/emfoco\/2026\/04\/27\/nem-bob-nem-pixie-o-corte-de-cabelo-para-mulheres-acima-dos-50-anos-parecerem-mais-jovens\/","name":"Nem bob, nem pixie: o corte de cabelo\u00a0para mulheres acima dos 50 anos parecerem mais jovens - Estado de Minas - Em foco","isPartOf":{"@id":"https:\/\/www.em.com.br\/emfoco\/#website"},"primaryImageOfPage":{"@id":"https:\/\/www.em.com.br\/emfoco\/2026\/04\/27\/nem-bob-nem-pixie-o-corte-de-cabelo-para-mulheres-acima-dos-50-anos-parecerem-mais-jovens\/#primaryimage"},"image":{"@id":"https:\/\/www.em.com.br\/emfoco\/2026\/04\/27\/nem-bob-nem-pixie-o-corte-de-cabelo-para-mulheres-acima-dos-50-anos-parecerem-mais-jovens\/#primaryimage"},"thumbnailUrl":"https:\/\/www.em.com.br\/emfoco\/wp-content\/uploads\/2025\/12\/ChatGPT-Image-17-de-dez.-de-2025-22_59_43-1.png","datePublished":"2026-04-27T14:00:00+00:00","dateModified":"2026-04-26T22:43:51+00:00","author":{"@id":"https:\/\/www.em.com.br\/emfoco\/#\/schema\/person\/60eda09c1fedf0d6891f4cef4b60b8b8"},"description":"O corte Shaggy virou tend\u00eancia entre mulheres acima dos 50. Leveza, movimento e visual moderno sem esfor\u00e7o di\u00e1rio.","breadcrumb":{"@id":"https:\/\/www.em.com.br\/emfoco\/2026\/04\/27\/nem-bob-nem-pixie-o-corte-de-cabelo-para-mulheres-acima-dos-50-anos-parecerem-mais-jovens\/#breadcrumb"},"inLanguage":"pt-BR","potentialAction":[{"@type":"ReadAction","target":["https:\/\/www.em.com.br\/emfoco\/2026\/04\/27\/nem-bob-nem-pixie-o-corte-de-cabelo-para-mulheres-acima-dos-50-anos-parecerem-mais-jovens\/"]}]},{"@type":"ImageObject","inLanguage":"pt-BR","@id":"https:\/\/www.em.com.br\/emfoco\/2026\/04\/27\/nem-bob-nem-pixie-o-corte-de-cabelo-para-mulheres-acima-dos-50-anos-parecerem-mais-jovens\/#primaryimage","url":"https:\/\/www.em.com.br\/emfoco\/wp-content\/uploads\/2025\/12\/ChatGPT-Image-17-de-dez.-de-2025-22_59_43-1.png","contentUrl":"https:\/\/www.em.com.br\/emfoco\/wp-content\/uploads\/2025\/12\/ChatGPT-Image-17-de-dez.-de-2025-22_59_43-1.png","width":1280,"height":720,"caption":"O corte que devolve leveza e atitude ao visual"},{"@type":"BreadcrumbList","@id":"https:\/\/www.em.com.br\/emfoco\/2026\/04\/27\/nem-bob-nem-pixie-o-corte-de-cabelo-para-mulheres-acima-dos-50-anos-parecerem-mais-jovens\/#breadcrumb","itemListElement":[{"@type":"ListItem","position":1,"name":"In\u00edcio","item":"https:\/\/www.em.com.br\/emfoco\/"},{"@type":"ListItem","position":2,"name":"Nem bob, nem pixie: o corte de cabelo\u00a0para mulheres acima dos 50 anos parecerem mais jovens"}]},{"@type":"WebSite","@id":"https:\/\/www.em.com.br\/emfoco\/#website","url":"https:\/\/www.em.com.br\/emfoco\/","name":"Estado de Minas - Em foco","description":"Acompanhe as \u00faltimas not\u00edcias e fique bem informado sobre tudo o que acontece em Minas Gerais, Brasil e no mundo.","potentialAction":[{"@type":"SearchAction","target":{"@type":"EntryPoint","urlTemplate":"https:\/\/www.em.com.br\/emfoco\/?s={search_term_string}"},"query-input":{"@type":"PropertyValueSpecification","valueRequired":true,"valueName":"search_term_string"}}],"inLanguage":"pt-BR"},{"@type":"Person","@id":"https:\/\/www.em.com.br\/emfoco\/#\/schema\/person\/60eda09c1fedf0d6891f4cef4b60b8b8","name":"Andre\u0301 Rangel\u00a0","image":{"@type":"ImageObject","inLanguage":"pt-BR","@id":"https:\/\/www.em.com.br\/emfoco\/#\/schema\/person\/image\/","url":"https:\/\/secure.gravatar.com\/avatar\/6234dc814c77c8ef6d8bba622c787efc?s=96&d=mm&r=g","contentUrl":"https:\/\/secure.gravatar.com\/avatar\/6234dc814c77c8ef6d8bba622c787efc?s=96&d=mm&r=g","caption":"Andre\u0301 Rangel\u00a0"},"url":"https:\/\/www.em.com.br\/emfoco\/author\/luizmyth\/"}]}},"_links":{"self":[{"href":"https:\/\/www.em.com.br\/emfoco\/wp-json\/wp\/v2\/posts\/200163","targetHints":{"allow":["GET"]}}],"collection":[{"href":"https:\/\/www.em.com.br\/emfoco\/wp-json\/wp\/v2\/posts"}],"about":[{"href":"https:\/\/www.em.com.br\/emfoco\/wp-json\/wp\/v2\/types\/post"}],"author":[{"embeddable":true,"href":"https:\/\/www.em.com.br\/emfoco\/wp-json\/wp\/v2\/users\/11"}],"replies":[{"embeddable":true,"href":"https:\/\/www.em.com.br\/emfoco\/wp-json\/wp\/v2\/comments?post=200163"}],"version-history":[{"count":1,"href":"https:\/\/www.em.com.br\/emfoco\/wp-json\/wp\/v2\/posts\/200163\/revisions"}],"predecessor-version":[{"id":200164,"href":"https:\/\/www.em.com.br\/emfoco\/wp-json\/wp\/v2\/posts\/200163\/revisions\/200164"}],"wp:featuredmedia":[{"embeddable":true,"href":"https:\/\/www.em.com.br\/emfoco\/wp-json\/wp\/v2\/media\/142282"}],"wp:attachment":[{"href":"https:\/\/www.em.com.br\/emfoco\/wp-json\/wp\/v2\/media?parent=200163"}],"wp:term":[{"taxonomy":"category","embeddable":true,"href":"https:\/\/www.em.com.br\/emfoco\/wp-json\/wp\/v2\/categories?post=200163"},{"taxonomy":"post_tag","embeddable":true,"href":"https:\/\/www.em.com.br\/emfoco\/wp-json\/wp\/v2\/tags?post=200163"}],"curies":[{"name":"wp","href":"https:\/\/api.w.org\/{rel}","templated":true}]}}