{"id":200161,"date":"2026-04-27T08:30:00","date_gmt":"2026-04-27T11:30:00","guid":{"rendered":"https:\/\/www.em.com.br\/emfoco\/?p=200161"},"modified":"2026-04-26T19:43:45","modified_gmt":"2026-04-26T22:43:45","slug":"donos-de-apartamentos-ja-sentem-no-bolso-as-novas-regras-que-encarecem-condominio-e-limitam-aluguel-por-temporada","status":"publish","type":"post","link":"https:\/\/www.em.com.br\/emfoco\/2026\/04\/27\/donos-de-apartamentos-ja-sentem-no-bolso-as-novas-regras-que-encarecem-condominio-e-limitam-aluguel-por-temporada\/","title":{"rendered":"Donos de apartamentos j\u00e1 sentem no bolso as novas regras que encarecem condom\u00ednio e limitam aluguel por temporada"},"content":{"rendered":"\n<p>Os donos de apartamentos que dependem de renda de <strong>aluguel <\/strong>passaram a lidar, em 2026, com um cen\u00e1rio mais caro, burocr\u00e1tico e imprevis\u00edvel. As despesas fixas com condom\u00ednio aumentaram com novas exig\u00eancias de gest\u00e3o, seguran\u00e7a e sustentabilidade, enquanto o aluguel por temporada, especialmente via plataformas digitais, enfrenta limites mais r\u00edgidos e maior tributa\u00e7\u00e3o, obrigando muitos investidores a recalcular a rentabilidade de seus im\u00f3veis e rever suas estrat\u00e9gias.<\/p>\n\n\n\n<h2 class=\"wp-block-heading\">O que est\u00e1 mudando na renda de aluguel em 2026<\/h2>\n\n\n\n<p>A <strong>renda de aluguel em 2026<\/strong>\u00a0j\u00e1 n\u00e3o apresenta o mesmo equil\u00edbrio de alguns anos atr\u00e1s. Reforma tribut\u00e1ria, novas normas urban\u00edsticas e decis\u00f5es judiciais sobre loca\u00e7\u00e3o de curta dura\u00e7\u00e3o exigem que propriet\u00e1rios sejam mais estrat\u00e9gicos e profissionais na gest\u00e3o de seus im\u00f3veis.<\/p>\n\n\n\n<p>Em vez de focar apenas no valor do metro quadrado ou na localiza\u00e7\u00e3o, torna-se essencial avaliar custos condominiais, regras internas do pr\u00e9dio e o impacto dos tributos sobre diferentes modalidades de loca\u00e7\u00e3o. Planejamento fiscal, jur\u00eddico e financeiro passou a ser parte obrigat\u00f3ria da rotina de quem vive de aluguel.<\/p>\n\n\n\n<figure class=\"wp-block-image size-large\"><img loading=\"lazy\" decoding=\"async\" width=\"1024\" height=\"576\" src=\"https:\/\/www.em.com.br\/emfoco\/wp-content\/uploads\/2026\/04\/Gemini_Generated_Image_brl94abrl94abrl9-1-1024x576.png\" alt=\"Renda de aluguel muda e assusta donos de im\u00f3veis\" class=\"wp-image-200165\" srcset=\"https:\/\/www.em.com.br\/emfoco\/wp-content\/uploads\/2026\/04\/Gemini_Generated_Image_brl94abrl94abrl9-1-1024x576.png 1024w, https:\/\/www.em.com.br\/emfoco\/wp-content\/uploads\/2026\/04\/Gemini_Generated_Image_brl94abrl94abrl9-1-300x169.png 300w, https:\/\/www.em.com.br\/emfoco\/wp-content\/uploads\/2026\/04\/Gemini_Generated_Image_brl94abrl94abrl9-1-768x432.png 768w, https:\/\/www.em.com.br\/emfoco\/wp-content\/uploads\/2026\/04\/Gemini_Generated_Image_brl94abrl94abrl9-1-750x422.png 750w, https:\/\/www.em.com.br\/emfoco\/wp-content\/uploads\/2026\/04\/Gemini_Generated_Image_brl94abrl94abrl9-1-1140x641.png 1140w, https:\/\/www.em.com.br\/emfoco\/wp-content\/uploads\/2026\/04\/Gemini_Generated_Image_brl94abrl94abrl9-1.png 1280w\" sizes=\"auto, (max-width: 1024px) 100vw, 1024px\" \/><figcaption class=\"wp-element-caption\">Renda de aluguel muda e assusta donos de im\u00f3veis<\/figcaption><\/figure>\n\n\n\n<h2 class=\"wp-block-heading\">Como o custo do condom\u00ednio e da manuten\u00e7\u00e3o aumentou<\/h2>\n\n\n\n<p>Em 2026, o&nbsp;<strong>custo do condom\u00ednio<\/strong>&nbsp;passou a refletir n\u00e3o apenas despesas tradicionais, como limpeza, folha de funcion\u00e1rios e pequenos reparos. Muitos empreendimentos adotaram uma l\u00f3gica de&nbsp;<em>gest\u00e3o estrat\u00e9gica<\/em>, com uso de dados para monitorar consumo de energia, rotinas de manuten\u00e7\u00e3o e performance de fornecedores.<\/p>\n\n\n\n<p>As novas normas urbanas tamb\u00e9m pesam no bolso, exigindo mais laudos, ARTs e regulariza\u00e7\u00f5es t\u00e9cnicas. Nesse contexto, manter uma reserva permanente para reformas e adequa\u00e7\u00f5es tornou-se essencial para preservar a rentabilidade do im\u00f3vel e evitar multas e desgastes com o condom\u00ednio.<\/p>\n\n\n\n<ul class=\"wp-block-list\">\n<li>Investimentos em seguran\u00e7a eletr\u00f4nica (CFTV, biometria, controle de visitantes).<\/li>\n\n\n\n<li>Projetos de sustentabilidade, como ilumina\u00e7\u00e3o eficiente e sistemas de reuso.<\/li>\n\n\n\n<li>Adequa\u00e7\u00f5es a normas de acessibilidade e preven\u00e7\u00e3o de inc\u00eandio.<\/li>\n\n\n\n<li>Contrata\u00e7\u00f5es de auditoria ou consultoria para gest\u00e3o condominial.<\/li>\n<\/ul>\n\n\n\n<h2 class=\"wp-block-heading\">Como o novo modelo tribut\u00e1rio impacta os propriet\u00e1rios<\/h2>\n\n\n\n<p>A transi\u00e7\u00e3o para o novo modelo tribut\u00e1rio, com IBS e CBS, introduziu uma al\u00edquota inicial sobre alugu\u00e9is residenciais, ainda simb\u00f3lica em 1%, mas com previs\u00e3o de aumento gradual. Ao mesmo tempo, a fiscaliza\u00e7\u00e3o sobre rendimentos locat\u00edcios ficou mais rigorosa, cruzando dados de contratos, plataformas digitais e declara\u00e7\u00f5es de imposto.<\/p>\n\n\n\n<p>Propriet\u00e1rios que antes concentravam v\u00e1rios im\u00f3veis em pessoa f\u00edsica, pagando a al\u00edquota m\u00e1xima de 27,5%, agora analisam alternativas como holdings imobili\u00e1rias para tributar entre 11% e 15%. A escolha entre pessoa f\u00edsica e jur\u00eddica tornou-se decisiva para a rentabilidade, exigindo simula\u00e7\u00f5es detalhadas com apoio cont\u00e1bil.<\/p>\n\n\n\n<figure class=\"wp-block-image size-large\"><img loading=\"lazy\" decoding=\"async\" width=\"1024\" height=\"576\" src=\"https:\/\/www.em.com.br\/emfoco\/wp-content\/uploads\/2026\/04\/Gemini_Generated_Image_4qbyhb4qbyhb4qby-1-1024x576.png\" alt=\"Renda de aluguel muda e assusta donos de im\u00f3veis\" class=\"wp-image-200166\" srcset=\"https:\/\/www.em.com.br\/emfoco\/wp-content\/uploads\/2026\/04\/Gemini_Generated_Image_4qbyhb4qbyhb4qby-1-1024x576.png 1024w, https:\/\/www.em.com.br\/emfoco\/wp-content\/uploads\/2026\/04\/Gemini_Generated_Image_4qbyhb4qbyhb4qby-1-300x169.png 300w, https:\/\/www.em.com.br\/emfoco\/wp-content\/uploads\/2026\/04\/Gemini_Generated_Image_4qbyhb4qbyhb4qby-1-768x432.png 768w, https:\/\/www.em.com.br\/emfoco\/wp-content\/uploads\/2026\/04\/Gemini_Generated_Image_4qbyhb4qbyhb4qby-1-750x422.png 750w, https:\/\/www.em.com.br\/emfoco\/wp-content\/uploads\/2026\/04\/Gemini_Generated_Image_4qbyhb4qbyhb4qby-1-1140x641.png 1140w, https:\/\/www.em.com.br\/emfoco\/wp-content\/uploads\/2026\/04\/Gemini_Generated_Image_4qbyhb4qbyhb4qby-1.png 1280w\" sizes=\"auto, (max-width: 1024px) 100vw, 1024px\" \/><figcaption class=\"wp-element-caption\">Renda de aluguel muda e assusta donos de im\u00f3veis<\/figcaption><\/figure>\n\n\n\n<h2 class=\"wp-block-heading\">Como as novas regras afetam o aluguel por temporada<\/h2>\n\n\n\n<p>O&nbsp;<strong>aluguel por temporada<\/strong>&nbsp;em 2026 est\u00e1 sob maior escrut\u00ednio jur\u00eddico e fiscal. O Superior Tribunal de Justi\u00e7a consolidou o entendimento de que condom\u00ednios residenciais podem restringir ou proibir loca\u00e7\u00f5es de curta dura\u00e7\u00e3o quando a conven\u00e7\u00e3o prev\u00ea destina\u00e7\u00e3o exclusivamente residencial.<\/p>\n\n\n\n<p>Paralelamente, a reforma tribut\u00e1ria equiparou, em determinadas situa\u00e7\u00f5es, loca\u00e7\u00f5es inferiores a 90 dias a servi\u00e7os de hotelaria, elevando a carga total para at\u00e9 44,3% em alguns casos. Isso torna o modelo de curta dura\u00e7\u00e3o mais oneroso e arriscado, apesar do potencial de ganho maior por di\u00e1ria.<\/p>\n\n\n\n<ul class=\"wp-block-list\">\n<li>Limite de h\u00f3spedes por unidade em cada estadia.<\/li>\n\n\n\n<li>Obrigatoriedade de cadastro pr\u00e9vio de todos os ocupantes.<\/li>\n\n\n\n<li>Proibi\u00e7\u00e3o de festas, eventos e uso de \u00e1reas comuns por visitantes n\u00e3o registrados.<\/li>\n\n\n\n<li>Multas internas severas para descumprimento das regras do regulamento.<\/li>\n<\/ul>\n\n\n\n<h2 class=\"wp-block-heading\">Como escolher entre aluguel tradicional e temporada em 2026<\/h2>\n\n\n\n<p>A compara\u00e7\u00e3o entre&nbsp;<strong>loca\u00e7\u00e3o de longo prazo<\/strong>&nbsp;e aluguel de temporada em 2026 vai al\u00e9m do valor da di\u00e1ria. Contratos acima de 90 dias tendem a ter enquadramento tribut\u00e1rio menos severo, maior previsibilidade de renda e menor rotatividade, enquanto a curta dura\u00e7\u00e3o oferece maior potencial bruto, por\u00e9m com custos, riscos e complexidade superiores.<\/p>\n\n\n\n<p>Nesse cen\u00e1rio, voc\u00ea n\u00e3o pode mais alugar \u201cno autom\u00e1tico\u201d: \u00e9 urgente revisar conven\u00e7\u00e3o de condom\u00ednio, simular cen\u00e1rios fiscais e decidir se vale priorizar estabilidade ou ganho vari\u00e1vel. Tome uma atitude agora, busque apoio profissional e redefina sua estrat\u00e9gia de loca\u00e7\u00e3o antes que os novos custos e tributos corroam de vez a sua renda de aluguel.<\/p>\n","protected":false},"excerpt":{"rendered":"<p>Os donos de apartamentos que dependem de renda de aluguel passaram a lidar, em 2026, com um cen\u00e1rio mais caro, burocr\u00e1tico e imprevis\u00edvel. As despesas fixas com condom\u00ednio aumentaram com novas exig\u00eancias de gest\u00e3o, seguran\u00e7a e sustentabilidade, enquanto o aluguel por temporada, especialmente via plataformas digitais, enfrenta limites mais r\u00edgidos e maior tributa\u00e7\u00e3o, obrigando muitos [&hellip;]<\/p>\n","protected":false},"author":11,"featured_media":200167,"comment_status":"open","ping_status":"open","sticky":false,"template":"","format":"standard","meta":{"jnews-multi-image_gallery":[],"jnews_single_post":{"format":"standard"},"jnews_primary_category":[],"jnews_social_meta":[],"jnews_override_counter":[],"footnotes":""},"categories":[28,1],"tags":[1526,17687,27721,12376,23583,28834],"class_list":["post-200161","post","type-post","status-publish","format-standard","has-post-thumbnail","hentry","category-economia","category-noticias","tag-aluguel","tag-condominio","tag-donos-de-imoveis","tag-imovel","tag-proprietario","tag-renda-de-aluguel"],"yoast_head":"<!-- This site is optimized with the Yoast SEO plugin v23.8 - https:\/\/yoast.com\/wordpress\/plugins\/seo\/ -->\n<title>Donos de apartamentos j\u00e1 sentem no bolso as novas regras que encarecem condom\u00ednio e limitam aluguel por temporada - Estado de Minas - Em foco<\/title>\n<meta name=\"description\" content=\"Quem vive de aluguel precisa rever contas agora. Custos maiores e mudan\u00e7as fiscais afetam o lucro dos im\u00f3veis.\" \/>\n<meta name=\"robots\" content=\"index, follow, max-snippet:-1, max-image-preview:large, max-video-preview:-1\" \/>\n<link rel=\"canonical\" href=\"https:\/\/www.em.com.br\/emfoco\/2026\/04\/27\/donos-de-apartamentos-ja-sentem-no-bolso-as-novas-regras-que-encarecem-condominio-e-limitam-aluguel-por-temporada\/\" \/>\n<meta property=\"og:locale\" content=\"pt_BR\" \/>\n<meta property=\"og:type\" content=\"article\" \/>\n<meta property=\"og:title\" content=\"Donos de apartamentos j\u00e1 sentem no bolso as novas regras que encarecem condom\u00ednio e limitam aluguel por temporada - Estado de Minas - Em foco\" \/>\n<meta property=\"og:description\" content=\"Quem vive de aluguel precisa rever contas agora. Custos maiores e mudan\u00e7as fiscais afetam o lucro dos im\u00f3veis.\" \/>\n<meta property=\"og:url\" content=\"https:\/\/www.em.com.br\/emfoco\/2026\/04\/27\/donos-de-apartamentos-ja-sentem-no-bolso-as-novas-regras-que-encarecem-condominio-e-limitam-aluguel-por-temporada\/\" \/>\n<meta property=\"og:site_name\" content=\"Estado de Minas - Em foco\" \/>\n<meta property=\"article:published_time\" content=\"2026-04-27T11:30:00+00:00\" \/>\n<meta property=\"article:modified_time\" content=\"2026-04-26T22:43:45+00:00\" \/>\n<meta property=\"og:image\" content=\"https:\/\/www.em.com.br\/emfoco\/wp-content\/uploads\/2026\/04\/Gemini_Generated_Image_nfvxvwnfvxvwnfvx-1.png\" \/>\n\t<meta property=\"og:image:width\" content=\"1280\" \/>\n\t<meta property=\"og:image:height\" content=\"720\" \/>\n\t<meta property=\"og:image:type\" content=\"image\/png\" \/>\n<meta name=\"author\" content=\"Andre\u0301 Rangel\u00a0\" \/>\n<meta name=\"twitter:card\" content=\"summary_large_image\" \/>\n<meta name=\"twitter:label1\" content=\"Escrito por\" \/>\n\t<meta name=\"twitter:data1\" content=\"Andre\u0301 Rangel\u00a0\" \/>\n\t<meta name=\"twitter:label2\" content=\"Est. tempo de leitura\" \/>\n\t<meta name=\"twitter:data2\" content=\"5 minutos\" \/>\n<!-- \/ Yoast SEO plugin. -->","yoast_head_json":{"title":"Donos de apartamentos j\u00e1 sentem no bolso as novas regras que encarecem condom\u00ednio e limitam aluguel por temporada - Estado de Minas - Em foco","description":"Quem vive de aluguel precisa rever contas agora. Custos maiores e mudan\u00e7as fiscais afetam o lucro dos im\u00f3veis.","robots":{"index":"index","follow":"follow","max-snippet":"max-snippet:-1","max-image-preview":"max-image-preview:large","max-video-preview":"max-video-preview:-1"},"canonical":"https:\/\/www.em.com.br\/emfoco\/2026\/04\/27\/donos-de-apartamentos-ja-sentem-no-bolso-as-novas-regras-que-encarecem-condominio-e-limitam-aluguel-por-temporada\/","og_locale":"pt_BR","og_type":"article","og_title":"Donos de apartamentos j\u00e1 sentem no bolso as novas regras que encarecem condom\u00ednio e limitam aluguel por temporada - Estado de Minas - Em foco","og_description":"Quem vive de aluguel precisa rever contas agora. Custos maiores e mudan\u00e7as fiscais afetam o lucro dos im\u00f3veis.","og_url":"https:\/\/www.em.com.br\/emfoco\/2026\/04\/27\/donos-de-apartamentos-ja-sentem-no-bolso-as-novas-regras-que-encarecem-condominio-e-limitam-aluguel-por-temporada\/","og_site_name":"Estado de Minas - Em foco","article_published_time":"2026-04-27T11:30:00+00:00","article_modified_time":"2026-04-26T22:43:45+00:00","og_image":[{"width":1280,"height":720,"url":"https:\/\/www.em.com.br\/emfoco\/wp-content\/uploads\/2026\/04\/Gemini_Generated_Image_nfvxvwnfvxvwnfvx-1.png","type":"image\/png"}],"author":"Andre\u0301 Rangel\u00a0","twitter_card":"summary_large_image","twitter_misc":{"Escrito por":"Andre\u0301 Rangel\u00a0","Est. tempo de leitura":"5 minutos"},"schema":{"@context":"https:\/\/schema.org","@graph":[{"@type":"WebPage","@id":"https:\/\/www.em.com.br\/emfoco\/2026\/04\/27\/donos-de-apartamentos-ja-sentem-no-bolso-as-novas-regras-que-encarecem-condominio-e-limitam-aluguel-por-temporada\/","url":"https:\/\/www.em.com.br\/emfoco\/2026\/04\/27\/donos-de-apartamentos-ja-sentem-no-bolso-as-novas-regras-que-encarecem-condominio-e-limitam-aluguel-por-temporada\/","name":"Donos de apartamentos j\u00e1 sentem no bolso as novas regras que encarecem condom\u00ednio e limitam aluguel por temporada - Estado de Minas - Em foco","isPartOf":{"@id":"https:\/\/www.em.com.br\/emfoco\/#website"},"primaryImageOfPage":{"@id":"https:\/\/www.em.com.br\/emfoco\/2026\/04\/27\/donos-de-apartamentos-ja-sentem-no-bolso-as-novas-regras-que-encarecem-condominio-e-limitam-aluguel-por-temporada\/#primaryimage"},"image":{"@id":"https:\/\/www.em.com.br\/emfoco\/2026\/04\/27\/donos-de-apartamentos-ja-sentem-no-bolso-as-novas-regras-que-encarecem-condominio-e-limitam-aluguel-por-temporada\/#primaryimage"},"thumbnailUrl":"https:\/\/www.em.com.br\/emfoco\/wp-content\/uploads\/2026\/04\/Gemini_Generated_Image_nfvxvwnfvxvwnfvx-1.png","datePublished":"2026-04-27T11:30:00+00:00","dateModified":"2026-04-26T22:43:45+00:00","author":{"@id":"https:\/\/www.em.com.br\/emfoco\/#\/schema\/person\/60eda09c1fedf0d6891f4cef4b60b8b8"},"description":"Quem vive de aluguel precisa rever contas agora. Custos maiores e mudan\u00e7as fiscais afetam o lucro dos im\u00f3veis.","breadcrumb":{"@id":"https:\/\/www.em.com.br\/emfoco\/2026\/04\/27\/donos-de-apartamentos-ja-sentem-no-bolso-as-novas-regras-que-encarecem-condominio-e-limitam-aluguel-por-temporada\/#breadcrumb"},"inLanguage":"pt-BR","potentialAction":[{"@type":"ReadAction","target":["https:\/\/www.em.com.br\/emfoco\/2026\/04\/27\/donos-de-apartamentos-ja-sentem-no-bolso-as-novas-regras-que-encarecem-condominio-e-limitam-aluguel-por-temporada\/"]}]},{"@type":"ImageObject","inLanguage":"pt-BR","@id":"https:\/\/www.em.com.br\/emfoco\/2026\/04\/27\/donos-de-apartamentos-ja-sentem-no-bolso-as-novas-regras-que-encarecem-condominio-e-limitam-aluguel-por-temporada\/#primaryimage","url":"https:\/\/www.em.com.br\/emfoco\/wp-content\/uploads\/2026\/04\/Gemini_Generated_Image_nfvxvwnfvxvwnfvx-1.png","contentUrl":"https:\/\/www.em.com.br\/emfoco\/wp-content\/uploads\/2026\/04\/Gemini_Generated_Image_nfvxvwnfvxvwnfvx-1.png","width":1280,"height":720,"caption":"Renda de aluguel muda e assusta donos de im\u00f3veis"},{"@type":"BreadcrumbList","@id":"https:\/\/www.em.com.br\/emfoco\/2026\/04\/27\/donos-de-apartamentos-ja-sentem-no-bolso-as-novas-regras-que-encarecem-condominio-e-limitam-aluguel-por-temporada\/#breadcrumb","itemListElement":[{"@type":"ListItem","position":1,"name":"In\u00edcio","item":"https:\/\/www.em.com.br\/emfoco\/"},{"@type":"ListItem","position":2,"name":"Donos de apartamentos j\u00e1 sentem no bolso as novas regras que encarecem condom\u00ednio e limitam aluguel por temporada"}]},{"@type":"WebSite","@id":"https:\/\/www.em.com.br\/emfoco\/#website","url":"https:\/\/www.em.com.br\/emfoco\/","name":"Estado de Minas - Em foco","description":"Acompanhe as \u00faltimas not\u00edcias e fique bem informado sobre tudo o que acontece em Minas Gerais, Brasil e no mundo.","potentialAction":[{"@type":"SearchAction","target":{"@type":"EntryPoint","urlTemplate":"https:\/\/www.em.com.br\/emfoco\/?s={search_term_string}"},"query-input":{"@type":"PropertyValueSpecification","valueRequired":true,"valueName":"search_term_string"}}],"inLanguage":"pt-BR"},{"@type":"Person","@id":"https:\/\/www.em.com.br\/emfoco\/#\/schema\/person\/60eda09c1fedf0d6891f4cef4b60b8b8","name":"Andre\u0301 Rangel\u00a0","image":{"@type":"ImageObject","inLanguage":"pt-BR","@id":"https:\/\/www.em.com.br\/emfoco\/#\/schema\/person\/image\/","url":"https:\/\/secure.gravatar.com\/avatar\/6234dc814c77c8ef6d8bba622c787efc?s=96&d=mm&r=g","contentUrl":"https:\/\/secure.gravatar.com\/avatar\/6234dc814c77c8ef6d8bba622c787efc?s=96&d=mm&r=g","caption":"Andre\u0301 Rangel\u00a0"},"url":"https:\/\/www.em.com.br\/emfoco\/author\/luizmyth\/"}]}},"_links":{"self":[{"href":"https:\/\/www.em.com.br\/emfoco\/wp-json\/wp\/v2\/posts\/200161","targetHints":{"allow":["GET"]}}],"collection":[{"href":"https:\/\/www.em.com.br\/emfoco\/wp-json\/wp\/v2\/posts"}],"about":[{"href":"https:\/\/www.em.com.br\/emfoco\/wp-json\/wp\/v2\/types\/post"}],"author":[{"embeddable":true,"href":"https:\/\/www.em.com.br\/emfoco\/wp-json\/wp\/v2\/users\/11"}],"replies":[{"embeddable":true,"href":"https:\/\/www.em.com.br\/emfoco\/wp-json\/wp\/v2\/comments?post=200161"}],"version-history":[{"count":2,"href":"https:\/\/www.em.com.br\/emfoco\/wp-json\/wp\/v2\/posts\/200161\/revisions"}],"predecessor-version":[{"id":200168,"href":"https:\/\/www.em.com.br\/emfoco\/wp-json\/wp\/v2\/posts\/200161\/revisions\/200168"}],"wp:featuredmedia":[{"embeddable":true,"href":"https:\/\/www.em.com.br\/emfoco\/wp-json\/wp\/v2\/media\/200167"}],"wp:attachment":[{"href":"https:\/\/www.em.com.br\/emfoco\/wp-json\/wp\/v2\/media?parent=200161"}],"wp:term":[{"taxonomy":"category","embeddable":true,"href":"https:\/\/www.em.com.br\/emfoco\/wp-json\/wp\/v2\/categories?post=200161"},{"taxonomy":"post_tag","embeddable":true,"href":"https:\/\/www.em.com.br\/emfoco\/wp-json\/wp\/v2\/tags?post=200161"}],"curies":[{"name":"wp","href":"https:\/\/api.w.org\/{rel}","templated":true}]}}