{"id":200154,"date":"2026-04-29T06:35:00","date_gmt":"2026-04-29T09:35:00","guid":{"rendered":"https:\/\/www.em.com.br\/emfoco\/?p=200154"},"modified":"2026-04-28T13:45:23","modified_gmt":"2026-04-28T16:45:23","slug":"a-sorte-escolheu-5-signos-para-viver-uma-virada-incomum-e-voce-vai-querer-saber-se-o-seu-esta-na-lista","status":"publish","type":"post","link":"https:\/\/www.em.com.br\/emfoco\/2026\/04\/29\/a-sorte-escolheu-5-signos-para-viver-uma-virada-incomum-e-voce-vai-querer-saber-se-o-seu-esta-na-lista\/","title":{"rendered":"A sorte escolheu 5 signos para viver uma virada incomum e voc\u00ea vai querer saber se o seu est\u00e1 na lista"},"content":{"rendered":"\n<p>Alguns per\u00edodos do ano parecem acelerar assuntos que estavam parados h\u00e1 meses. Em poucos dias, decis\u00f5es antigas andam, respostas chegam e situa\u00e7\u00f5es que pareciam travadas finalmente encontram sa\u00edda. Na astrologia, esse tipo de fase costuma ser associado a tr\u00e2nsitos que ativam \u00e1reas pr\u00e1ticas da vida, como trabalho, dinheiro, rotina e rela\u00e7\u00f5es. Entre 2026 e o ciclo atual, cinco signos t\u00eam sido apontados como potenciais beneficiados por essa din\u00e2mica:&nbsp;<strong>C\u00e2ncer, Escorpi\u00e3o, Touro, Le\u00e3o e Virgem<\/strong>, que podem sentir uma esp\u00e9cie de avan\u00e7o concreto, desde que mantenham atitude realista.<\/p>\n\n\n\n<h2 class=\"wp-block-heading\">Quais signos v\u00e3o sentir a vida andar de forma incomum<\/h2>\n\n\n\n<p>Para alguns <a href=\"https:\/\/www.em.com.br\/emfoco\/2026\/04\/26\/5-signos-entram-em-fase-de-sorte-com-oportunidades-reais-em-dinheiro-amor-e-trabalho\/\" target=\"_blank\" rel=\"noreferrer noopener\">signos<\/a>, isso significa mais reconhecimento no trabalho; para outros, al\u00edvio emocional, reorganiza\u00e7\u00e3o financeira ou rela\u00e7\u00f5es mais saud\u00e1veis.<\/p>\n\n\n\n<p>Essa combina\u00e7\u00e3o \u00e9 especialmente sens\u00edvel para C\u00e2ncer, Escorpi\u00e3o, Touro, Le\u00e3o e Virgem, que podem vivenciar mudan\u00e7as em \u00e1reas espec\u00edficas, sem depender apenas de coincid\u00eancias externas.<\/p>\n\n\n\n<figure class=\"wp-block-image\"><img decoding=\"async\" src=\"https:\/\/www.em.com.br\/emfoco\/wp-content\/uploads\/2026\/03\/Gemini_Generated_Image_wo93wqwo93wqwo93-1-1024x576.png\" alt=\"\"\/><figcaption class=\"wp-element-caption\">O m\u00eas promete mudan\u00e7as fortes para esses signos<\/figcaption><\/figure>\n\n\n\n<h2 class=\"wp-block-heading\">Como cada signo pode perceber esse avan\u00e7o na pr\u00e1tica<\/h2>\n\n\n\n<p>Entre os signos destacados, cada um tende a perceber o avan\u00e7o de um jeito pr\u00f3prio. O mapa astral completo aprofunda essas leituras, mas o signo solar j\u00e1 indica focos importantes de movimento e reorganiza\u00e7\u00e3o da vida.<\/p>\n\n\n\n<ul class=\"wp-block-list\">\n<li><strong>C\u00e2ncer<\/strong>: tende a experimentar apoio maior em parcerias e rela\u00e7\u00f5es pr\u00f3ximas. Divis\u00e3o de tarefas, pedidos de ajuda e acordos bem feitos aliviam responsabilidades e abrem espa\u00e7o para projetos pessoais.<\/li>\n\n\n\n<li><strong>Escorpi\u00e3o<\/strong>: pode ver resultados em decis\u00f5es estrat\u00e9gicas ligadas a trabalho, finan\u00e7as e conversas importantes. Planejamento silencioso e menos impulso favorecem avan\u00e7os consistentes.<\/li>\n\n\n\n<li><strong>Touro<\/strong>: entra em uma fase em que seguran\u00e7a e mudan\u00e7a caminham juntas. Ajustes na rotina, em fontes de renda e em estudos ajudam a construir estabilidade de m\u00e9dio prazo.<\/li>\n\n\n\n<li><strong>Le\u00e3o<\/strong>: tende a ganhar mais visibilidade na vida profissional e social. Reconhecimento, convites e novas responsabilidades surgem quando h\u00e1 preparo real por tr\u00e1s da imagem.<\/li>\n\n\n\n<li><strong>Virgem<\/strong>: pode colher frutos de um longo per\u00edodo de organiza\u00e7\u00e3o, estudo e corre\u00e7\u00e3o de detalhes. Projetos discretos ganham for\u00e7a, trazendo sensa\u00e7\u00e3o de efici\u00eancia e produtividade real.<\/li>\n<\/ul>\n\n\n\n<h2 class=\"wp-block-heading\">Como a sorte se manifesta para esses signos em movimento<\/h2>\n\n\n\n<p>Nesses signos que v\u00e3o sentir a vida andar de forma incomum, a chamada \u201csorte\u201d aparece quando existe a\u00e7\u00e3o objetiva, e n\u00e3o apenas expectativa. \u00c9 o encontro entre oportunidades discretas e postura madura, que transforma esfor\u00e7o acumulado em resultado concreto.<\/p>\n\n\n\n<p>Em comum, todos se beneficiam ao usar com intelig\u00eancia recursos j\u00e1 existentes: contatos, habilidades, experi\u00eancias anteriores e aprendizados de fases desafiadoras. Quando cada um ajusta atitude, limites e estrat\u00e9gias, o que parecia travado come\u00e7a finalmente a fluir.<\/p>\n\n\n\n<figure class=\"wp-block-image\"><img decoding=\"async\" src=\"https:\/\/www.em.com.br\/emfoco\/wp-content\/uploads\/2026\/03\/ChatGPT-Image-5-de-mar.-de-2026-22_21_26-1-1024x576.png\" alt=\"\"\/><figcaption class=\"wp-element-caption\">Uma mudan\u00e7a silenciosa pode virar o jogo<\/figcaption><\/figure>\n\n\n\n<h2 class=\"wp-block-heading\">Como aproveitar melhor esse per\u00edodo de virada<\/h2>\n\n\n\n<p>Para quem se identifica com esses signos, o momento \u00e9 ideal para revisar prioridades e criar condi\u00e7\u00f5es reais de avan\u00e7o. Em vez de esperar um grande acontecimento, o foco recai em pequenos ajustes que, somados, podem gerar uma grande virada de ciclo.<\/p>\n\n\n\n<ul class=\"wp-block-list\">\n<li><strong>Observar sinais<\/strong>: respostas que chegam, convites inesperados e conversas pendentes indicam onde a energia est\u00e1 mais aberta.<\/li>\n\n\n\n<li><strong>Rever prioridades<\/strong>: separar o que \u00e9 urgente do que \u00e9 realmente importante ajuda a direcionar melhor o esfor\u00e7o.<\/li>\n\n\n\n<li><strong>Cuidar de finan\u00e7as<\/strong>: cortes de gastos, renegocia\u00e7\u00f5es e metas claras reduzem press\u00e3o e ampliam liberdade de escolha.<\/li>\n\n\n\n<li><strong>Fortalecer rela\u00e7\u00f5es<\/strong>: di\u00e1logos diretos, divis\u00e3o de responsabilidades e acordos transparentes diminuem desgaste emocional.<\/li>\n\n\n\n<li><strong>Atualizar projetos pessoais<\/strong>: estudo, curr\u00edculo, portf\u00f3lio e networking ganham ainda mais peso nesses per\u00edodos de abertura.<\/li>\n<\/ul>\n\n\n\n<h2 class=\"wp-block-heading\">Como transformar essa fase em uma virada real na sua vida<\/h2>\n\n\n\n<p>Os\u00a0<strong>signos que v\u00e3o sentir a vida andar de forma incomum<\/strong>\u00a0tendem a perceber que o verdadeiro diferencial n\u00e3o est\u00e1 em esperar um golpe de sorte, mas em agir com consci\u00eancia diante das oportunidades discretas do cotidiano. Uma conversa bem conduzida, uma <a href=\"https:\/\/www.contabeis.com.br\/artigos\/67562\/os-3-tipos-de-decisao-financeira\/\" target=\"_blank\" rel=\"noreferrer noopener\">decis\u00e3o financeira respons\u00e1vel<\/a> ou um ajuste de rotina j\u00e1 podem marcar o in\u00edcio de uma fase mais fluida e produtiva.<\/p>\n\n\n\n<p>Se voc\u00ea \u00e9 de C\u00e2ncer, Escorpi\u00e3o, Touro, Le\u00e3o ou Virgem, n\u00e3o deixe esse ciclo passar no piloto autom\u00e1tico. Olhe com aten\u00e7\u00e3o para os sinais que j\u00e1 est\u00e3o surgindo, tome decis\u00f5es ainda nesta semana e use esse impulso favor\u00e1vel para mudar agora o que voc\u00ea adia h\u00e1 meses \u2013 a janela n\u00e3o fica aberta para sempre.<\/p>\n","protected":false},"excerpt":{"rendered":"<p>Alguns per\u00edodos do ano parecem acelerar assuntos que estavam parados h\u00e1 meses. Em poucos dias, decis\u00f5es antigas andam, respostas chegam e situa\u00e7\u00f5es que pareciam travadas finalmente encontram sa\u00edda. Na astrologia, esse tipo de fase costuma ser associado a tr\u00e2nsitos que ativam \u00e1reas pr\u00e1ticas da vida, como trabalho, dinheiro, rotina e rela\u00e7\u00f5es. Entre 2026 e o [&hellip;]<\/p>\n","protected":false},"author":11,"featured_media":200919,"comment_status":"open","ping_status":"open","sticky":false,"template":"","format":"standard","meta":{"jnews-multi-image_gallery":[],"jnews_single_post":{"format":"standard"},"jnews_primary_category":[],"jnews_social_meta":[],"jnews_override_counter":[],"footnotes":""},"categories":[1,25],"tags":[296,171,168,508],"class_list":["post-200154","post","type-post","status-publish","format-standard","has-post-thumbnail","hentry","category-noticias","category-signos","tag-dinheiro","tag-horoscopo","tag-signos","tag-trabalho"],"yoast_head":"<!-- This site is optimized with the Yoast SEO plugin v23.8 - https:\/\/yoast.com\/wordpress\/plugins\/seo\/ -->\n<title>A sorte escolheu 5 signos para viver uma virada incomum e voc\u00ea vai querer saber se o seu est\u00e1 na lista - Estado de Minas - Em foco<\/title>\n<meta name=\"description\" content=\"Esses signos podem destravar \u00e1reas paradas da vida. Veja por que o momento favorece mudan\u00e7as e crescimento real.\" \/>\n<meta name=\"robots\" content=\"index, follow, max-snippet:-1, max-image-preview:large, max-video-preview:-1\" \/>\n<link rel=\"canonical\" href=\"https:\/\/www.em.com.br\/emfoco\/2026\/04\/29\/a-sorte-escolheu-5-signos-para-viver-uma-virada-incomum-e-voce-vai-querer-saber-se-o-seu-esta-na-lista\/\" \/>\n<meta property=\"og:locale\" content=\"pt_BR\" \/>\n<meta property=\"og:type\" content=\"article\" \/>\n<meta property=\"og:title\" content=\"A sorte escolheu 5 signos para viver uma virada incomum e voc\u00ea vai querer saber se o seu est\u00e1 na lista - Estado de Minas - Em foco\" \/>\n<meta property=\"og:description\" content=\"Esses signos podem destravar \u00e1reas paradas da vida. Veja por que o momento favorece mudan\u00e7as e crescimento real.\" \/>\n<meta property=\"og:url\" content=\"https:\/\/www.em.com.br\/emfoco\/2026\/04\/29\/a-sorte-escolheu-5-signos-para-viver-uma-virada-incomum-e-voce-vai-querer-saber-se-o-seu-esta-na-lista\/\" \/>\n<meta property=\"og:site_name\" content=\"Estado de Minas - Em foco\" \/>\n<meta property=\"article:published_time\" content=\"2026-04-29T09:35:00+00:00\" \/>\n<meta property=\"article:modified_time\" content=\"2026-04-28T16:45:23+00:00\" \/>\n<meta property=\"og:image\" content=\"https:\/\/www.em.com.br\/emfoco\/wp-content\/uploads\/2026\/04\/EmFoco_37-8.jpg\" \/>\n\t<meta property=\"og:image:width\" content=\"1280\" \/>\n\t<meta property=\"og:image:height\" content=\"720\" \/>\n\t<meta property=\"og:image:type\" content=\"image\/jpeg\" \/>\n<meta name=\"author\" content=\"Andre\u0301 Rangel\u00a0\" \/>\n<meta name=\"twitter:card\" content=\"summary_large_image\" \/>\n<meta name=\"twitter:label1\" content=\"Escrito por\" \/>\n\t<meta name=\"twitter:data1\" content=\"Andre\u0301 Rangel\u00a0\" \/>\n\t<meta name=\"twitter:label2\" content=\"Est. tempo de leitura\" \/>\n\t<meta name=\"twitter:data2\" content=\"5 minutos\" \/>\n<!-- \/ Yoast SEO plugin. -->","yoast_head_json":{"title":"A sorte escolheu 5 signos para viver uma virada incomum e voc\u00ea vai querer saber se o seu est\u00e1 na lista - Estado de Minas - Em foco","description":"Esses signos podem destravar \u00e1reas paradas da vida. Veja por que o momento favorece mudan\u00e7as e crescimento real.","robots":{"index":"index","follow":"follow","max-snippet":"max-snippet:-1","max-image-preview":"max-image-preview:large","max-video-preview":"max-video-preview:-1"},"canonical":"https:\/\/www.em.com.br\/emfoco\/2026\/04\/29\/a-sorte-escolheu-5-signos-para-viver-uma-virada-incomum-e-voce-vai-querer-saber-se-o-seu-esta-na-lista\/","og_locale":"pt_BR","og_type":"article","og_title":"A sorte escolheu 5 signos para viver uma virada incomum e voc\u00ea vai querer saber se o seu est\u00e1 na lista - Estado de Minas - Em foco","og_description":"Esses signos podem destravar \u00e1reas paradas da vida. Veja por que o momento favorece mudan\u00e7as e crescimento real.","og_url":"https:\/\/www.em.com.br\/emfoco\/2026\/04\/29\/a-sorte-escolheu-5-signos-para-viver-uma-virada-incomum-e-voce-vai-querer-saber-se-o-seu-esta-na-lista\/","og_site_name":"Estado de Minas - Em foco","article_published_time":"2026-04-29T09:35:00+00:00","article_modified_time":"2026-04-28T16:45:23+00:00","og_image":[{"width":1280,"height":720,"url":"https:\/\/www.em.com.br\/emfoco\/wp-content\/uploads\/2026\/04\/EmFoco_37-8.jpg","type":"image\/jpeg"}],"author":"Andre\u0301 Rangel\u00a0","twitter_card":"summary_large_image","twitter_misc":{"Escrito por":"Andre\u0301 Rangel\u00a0","Est. tempo de leitura":"5 minutos"},"schema":{"@context":"https:\/\/schema.org","@graph":[{"@type":"WebPage","@id":"https:\/\/www.em.com.br\/emfoco\/2026\/04\/29\/a-sorte-escolheu-5-signos-para-viver-uma-virada-incomum-e-voce-vai-querer-saber-se-o-seu-esta-na-lista\/","url":"https:\/\/www.em.com.br\/emfoco\/2026\/04\/29\/a-sorte-escolheu-5-signos-para-viver-uma-virada-incomum-e-voce-vai-querer-saber-se-o-seu-esta-na-lista\/","name":"A sorte escolheu 5 signos para viver uma virada incomum e voc\u00ea vai querer saber se o seu est\u00e1 na lista - Estado de Minas - Em foco","isPartOf":{"@id":"https:\/\/www.em.com.br\/emfoco\/#website"},"primaryImageOfPage":{"@id":"https:\/\/www.em.com.br\/emfoco\/2026\/04\/29\/a-sorte-escolheu-5-signos-para-viver-uma-virada-incomum-e-voce-vai-querer-saber-se-o-seu-esta-na-lista\/#primaryimage"},"image":{"@id":"https:\/\/www.em.com.br\/emfoco\/2026\/04\/29\/a-sorte-escolheu-5-signos-para-viver-uma-virada-incomum-e-voce-vai-querer-saber-se-o-seu-esta-na-lista\/#primaryimage"},"thumbnailUrl":"https:\/\/www.em.com.br\/emfoco\/wp-content\/uploads\/2026\/04\/EmFoco_37-8.jpg","datePublished":"2026-04-29T09:35:00+00:00","dateModified":"2026-04-28T16:45:23+00:00","author":{"@id":"https:\/\/www.em.com.br\/emfoco\/#\/schema\/person\/60eda09c1fedf0d6891f4cef4b60b8b8"},"description":"Esses signos podem destravar \u00e1reas paradas da vida. Veja por que o momento favorece mudan\u00e7as e crescimento real.","breadcrumb":{"@id":"https:\/\/www.em.com.br\/emfoco\/2026\/04\/29\/a-sorte-escolheu-5-signos-para-viver-uma-virada-incomum-e-voce-vai-querer-saber-se-o-seu-esta-na-lista\/#breadcrumb"},"inLanguage":"pt-BR","potentialAction":[{"@type":"ReadAction","target":["https:\/\/www.em.com.br\/emfoco\/2026\/04\/29\/a-sorte-escolheu-5-signos-para-viver-uma-virada-incomum-e-voce-vai-querer-saber-se-o-seu-esta-na-lista\/"]}]},{"@type":"ImageObject","inLanguage":"pt-BR","@id":"https:\/\/www.em.com.br\/emfoco\/2026\/04\/29\/a-sorte-escolheu-5-signos-para-viver-uma-virada-incomum-e-voce-vai-querer-saber-se-o-seu-esta-na-lista\/#primaryimage","url":"https:\/\/www.em.com.br\/emfoco\/wp-content\/uploads\/2026\/04\/EmFoco_37-8.jpg","contentUrl":"https:\/\/www.em.com.br\/emfoco\/wp-content\/uploads\/2026\/04\/EmFoco_37-8.jpg","width":1280,"height":720,"caption":"Per\u00edodo astrol\u00f3gico de avan\u00e7os pr\u00e1ticos e colheita de resultados para signos espec\u00edficos"},{"@type":"BreadcrumbList","@id":"https:\/\/www.em.com.br\/emfoco\/2026\/04\/29\/a-sorte-escolheu-5-signos-para-viver-uma-virada-incomum-e-voce-vai-querer-saber-se-o-seu-esta-na-lista\/#breadcrumb","itemListElement":[{"@type":"ListItem","position":1,"name":"In\u00edcio","item":"https:\/\/www.em.com.br\/emfoco\/"},{"@type":"ListItem","position":2,"name":"A sorte escolheu 5 signos para viver uma virada incomum e voc\u00ea vai querer saber se o seu est\u00e1 na lista"}]},{"@type":"WebSite","@id":"https:\/\/www.em.com.br\/emfoco\/#website","url":"https:\/\/www.em.com.br\/emfoco\/","name":"Estado de Minas - Em foco","description":"Acompanhe as \u00faltimas not\u00edcias e fique bem informado sobre tudo o que acontece em Minas Gerais, Brasil e no mundo.","potentialAction":[{"@type":"SearchAction","target":{"@type":"EntryPoint","urlTemplate":"https:\/\/www.em.com.br\/emfoco\/?s={search_term_string}"},"query-input":{"@type":"PropertyValueSpecification","valueRequired":true,"valueName":"search_term_string"}}],"inLanguage":"pt-BR"},{"@type":"Person","@id":"https:\/\/www.em.com.br\/emfoco\/#\/schema\/person\/60eda09c1fedf0d6891f4cef4b60b8b8","name":"Andre\u0301 Rangel\u00a0","image":{"@type":"ImageObject","inLanguage":"pt-BR","@id":"https:\/\/www.em.com.br\/emfoco\/#\/schema\/person\/image\/","url":"https:\/\/secure.gravatar.com\/avatar\/6234dc814c77c8ef6d8bba622c787efc?s=96&d=mm&r=g","contentUrl":"https:\/\/secure.gravatar.com\/avatar\/6234dc814c77c8ef6d8bba622c787efc?s=96&d=mm&r=g","caption":"Andre\u0301 Rangel\u00a0"},"url":"https:\/\/www.em.com.br\/emfoco\/author\/luizmyth\/"}]}},"_links":{"self":[{"href":"https:\/\/www.em.com.br\/emfoco\/wp-json\/wp\/v2\/posts\/200154","targetHints":{"allow":["GET"]}}],"collection":[{"href":"https:\/\/www.em.com.br\/emfoco\/wp-json\/wp\/v2\/posts"}],"about":[{"href":"https:\/\/www.em.com.br\/emfoco\/wp-json\/wp\/v2\/types\/post"}],"author":[{"embeddable":true,"href":"https:\/\/www.em.com.br\/emfoco\/wp-json\/wp\/v2\/users\/11"}],"replies":[{"embeddable":true,"href":"https:\/\/www.em.com.br\/emfoco\/wp-json\/wp\/v2\/comments?post=200154"}],"version-history":[{"count":2,"href":"https:\/\/www.em.com.br\/emfoco\/wp-json\/wp\/v2\/posts\/200154\/revisions"}],"predecessor-version":[{"id":200160,"href":"https:\/\/www.em.com.br\/emfoco\/wp-json\/wp\/v2\/posts\/200154\/revisions\/200160"}],"wp:featuredmedia":[{"embeddable":true,"href":"https:\/\/www.em.com.br\/emfoco\/wp-json\/wp\/v2\/media\/200919"}],"wp:attachment":[{"href":"https:\/\/www.em.com.br\/emfoco\/wp-json\/wp\/v2\/media?parent=200154"}],"wp:term":[{"taxonomy":"category","embeddable":true,"href":"https:\/\/www.em.com.br\/emfoco\/wp-json\/wp\/v2\/categories?post=200154"},{"taxonomy":"post_tag","embeddable":true,"href":"https:\/\/www.em.com.br\/emfoco\/wp-json\/wp\/v2\/tags?post=200154"}],"curies":[{"name":"wp","href":"https:\/\/api.w.org\/{rel}","templated":true}]}}