{"id":200136,"date":"2026-04-29T11:35:00","date_gmt":"2026-04-29T14:35:00","guid":{"rendered":"https:\/\/www.em.com.br\/emfoco\/?p=200136"},"modified":"2026-04-28T13:46:11","modified_gmt":"2026-04-28T16:46:11","slug":"adeus-as-pilhas-de-louca-debaixo-da-pia-a-nova-alternativa-mais-elegante-e-pratica","status":"publish","type":"post","link":"https:\/\/www.em.com.br\/emfoco\/2026\/04\/29\/adeus-as-pilhas-de-louca-debaixo-da-pia-a-nova-alternativa-mais-elegante-e-pratica\/","title":{"rendered":"Adeus \u00e0s pilhas de lou\u00e7a debaixo da pia: a nova alternativa, mais elegante e pr\u00e1tica"},"content":{"rendered":"\n<p>A organiza\u00e7\u00e3o da cozinha ganhou protagonismo e hoje impacta diretamente a sensa\u00e7\u00e3o de conforto em casa. Entre panelas, utens\u00edlios e mantimentos, a forma de guardar a lou\u00e7a tamb\u00e9m entrou em foco, especialmente em ambientes compactos. Nesse cen\u00e1rio, o&nbsp;<strong>organizador vertical de pratos<\/strong>&nbsp;surgiu como uma solu\u00e7\u00e3o pr\u00e1tica para quem busca funcionalidade, prote\u00e7\u00e3o da lou\u00e7a e um visual mais limpo e planejado.<\/p>\n\n\n\n<h2 class=\"wp-block-heading\">O que \u00e9 o organizador vertical de pratos e como ele funciona<\/h2>\n\n\n\n<p>O\u00a0<strong><a href=\"https:\/\/br.pinterest.com\/ideas\/organizar-pratos\/961382756771\/\" target=\"_blank\" rel=\"noreferrer noopener\">organizador vertical de pratos<\/a><\/strong>\u00a0\u00e9 um acess\u00f3rio compacto, geralmente em pl\u00e1stico resistente ou metal, com divis\u00f3rias que acomodam cada prato individualmente. Em vez de formar uma pilha, as pe\u00e7as ficam alinhadas lado a lado, facilitando o manuseio e otimizando o espa\u00e7o em arm\u00e1rios, prateleiras ou nichos abertos.<\/p>\n\n\n\n<p>Por ser leve, modular e f\u00e1cil de limpar, n\u00e3o exige instala\u00e7\u00e3o fixa e pode ser deslocado entre m\u00f3veis conforme a necessidade. Em cozinhas pequenas, essa flexibilidade permite testar diferentes disposi\u00e7\u00f5es; em ambientes maiores, ajuda a separar a lou\u00e7a de uso di\u00e1rio das pe\u00e7as para ocasi\u00f5es especiais.<\/p>\n\n\n\n<iframe loading=\"lazy\" src=\"https:\/\/assets.pinterest.com\/ext\/embed.html?id=533465518381571984\" height=\"618\" width=\"345\" frameborder=\"0\" scrolling=\"no\" ><\/iframe>\n\n\n\n<h2 class=\"wp-block-heading\">Por que o organizador vertical de pratos \u00e9 tend\u00eancia na organiza\u00e7\u00e3o da cozinha<\/h2>\n\n\n\n<p>A populariza\u00e7\u00e3o do&nbsp;<strong>organizador vertical para pratos<\/strong>&nbsp;est\u00e1 ligada ao melhor aproveitamento de espa\u00e7o, \u00e0 preserva\u00e7\u00e3o da lou\u00e7a e \u00e0 sensa\u00e7\u00e3o imediata de ordem visual. Ao eliminar pilhas tradicionais, qualquer prato pode ser acessado sem levantar os demais, reduzindo o risco de quedas, impactos e pequenos acidentes.<\/p>\n\n\n\n<p>Entre os benef\u00edcios mais citados, alguns se destacam no dia a dia e ajudam a manter a cozinha funcional e esteticamente agrad\u00e1vel:<\/p>\n\n\n\n<ul class=\"wp-block-list\">\n<li><strong>Acesso r\u00e1pido<\/strong>\u00a0a cada prato, sem deslocar toda a pilha;<\/li>\n\n\n\n<li><strong>Menos atrito<\/strong>\u00a0entre as pe\u00e7as, reduzindo arranh\u00f5es e lascas;<\/li>\n\n\n\n<li><strong>Melhor uso do espa\u00e7o interno<\/strong>\u00a0de arm\u00e1rios, prateleiras e gavet\u00f5es;<\/li>\n\n\n\n<li><strong>Aspecto visual mais organizado<\/strong>, mesmo em cozinhas pequenas;<\/li>\n\n\n\n<li><strong>Versatilidade<\/strong>\u00a0em m\u00f3veis fechados ou estantes aparentes.<\/li>\n<\/ul>\n\n\n\n<h2 class=\"wp-block-heading\">Como escolher o melhor organizador vertical de pratos<\/h2>\n\n\n\n<p>A escolha do\u00a0<strong>suporte vertical para pratos<\/strong>\u00a0depende do tipo de lou\u00e7a, do espa\u00e7o dispon\u00edvel e da rotina da casa. Antes da compra, vale medir a profundidade do <a href=\"https:\/\/www.em.com.br\/emfoco\/2026\/04\/25\/adeus-ao-armario-de-cozinha-tendencia-mais-elegante-e-pratica-para-a-sua-cozinha-em-2026\/\" target=\"_blank\" rel=\"noreferrer noopener\">arm\u00e1rio <\/a>ou prateleira e checar o di\u00e2metro dos pratos, j\u00e1 que alguns modelos s\u00e3o espec\u00edficos para pratos rasos, enquanto outros suportam fundos e travessas.<\/p>\n\n\n\n<p>Alguns crit\u00e9rios pr\u00e1ticos ajudam a garantir uma compra mais assertiva e compat\u00edvel com o uso real da cozinha:<\/p>\n\n\n\n<ol class=\"wp-block-list\">\n<li><strong>Material:<\/strong>\u00a0pl\u00e1stico resistente \u00e9 leve e f\u00e1cil de higienizar; metal com tratamento anticorros\u00e3o \u00e9 mais dur\u00e1vel;<\/li>\n\n\n\n<li><strong>Capacidade:<\/strong>\u00a0confira quantos pratos o organizador suporta sem perder estabilidade;<\/li>\n\n\n\n<li><strong>Base antiderrapante:<\/strong>\u00a0p\u00e9s emborrachados evitam que o acess\u00f3rio escorregue;<\/li>\n\n\n\n<li><strong>Altura das divis\u00f3rias:<\/strong>\u00a0estruturas mais altas seguram melhor pratos grandes e pesados;<\/li>\n\n\n\n<li><strong>Facilidade de limpeza:<\/strong>\u00a0superf\u00edcies lisas acumulam menos res\u00edduos e agilizam a manuten\u00e7\u00e3o.<\/li>\n<\/ol>\n\n\n\n<figure class=\"wp-block-image size-large\"><img loading=\"lazy\" decoding=\"async\" width=\"1024\" height=\"576\" src=\"https:\/\/www.em.com.br\/emfoco\/wp-content\/uploads\/2026\/04\/Gemini_Generated_Image_2modch2modch2mod-1-1024x576.png\" alt=\"Sua cozinha precisa disso agora\" class=\"wp-image-200144\" srcset=\"https:\/\/www.em.com.br\/emfoco\/wp-content\/uploads\/2026\/04\/Gemini_Generated_Image_2modch2modch2mod-1-1024x576.png 1024w, https:\/\/www.em.com.br\/emfoco\/wp-content\/uploads\/2026\/04\/Gemini_Generated_Image_2modch2modch2mod-1-300x169.png 300w, https:\/\/www.em.com.br\/emfoco\/wp-content\/uploads\/2026\/04\/Gemini_Generated_Image_2modch2modch2mod-1-768x432.png 768w, https:\/\/www.em.com.br\/emfoco\/wp-content\/uploads\/2026\/04\/Gemini_Generated_Image_2modch2modch2mod-1-750x422.png 750w, https:\/\/www.em.com.br\/emfoco\/wp-content\/uploads\/2026\/04\/Gemini_Generated_Image_2modch2modch2mod-1-1140x641.png 1140w, https:\/\/www.em.com.br\/emfoco\/wp-content\/uploads\/2026\/04\/Gemini_Generated_Image_2modch2modch2mod-1.png 1280w\" sizes=\"auto, (max-width: 1024px) 100vw, 1024px\" \/><figcaption class=\"wp-element-caption\">Sua cozinha precisa disso agora<\/figcaption><\/figure>\n\n\n\n<h2 class=\"wp-block-heading\">Como manter a cozinha mais pr\u00e1tica usando o organizador vertical de pratos<\/h2>\n\n\n\n<p>Na rotina, o&nbsp;<strong>organizador vertical para pratos<\/strong>&nbsp;simplifica gestos repetidos, como guardar a lou\u00e7a ap\u00f3s a lavagem ou montar a mesa. Ao reduzir o movimento de levantar pilhas e procurar pe\u00e7as escondidas no fundo do arm\u00e1rio, o fluxo da cozinha fica mais leve e intuitivo, mesmo para quem tem pouco tempo.<\/p>\n\n\n\n<p>Em prateleiras abertas, o acess\u00f3rio tamb\u00e9m funciona como elemento expositivo, deixando vis\u00edveis os pratos preferidos de forma alinhada e sim\u00e9trica. Para lou\u00e7as delicadas, atua como prote\u00e7\u00e3o extra, evitando contato direto entre as pe\u00e7as e prolongando sua vida \u00fatil.<\/p>\n\n\n\n<h2 class=\"wp-block-heading\">O organizador vertical de pratos realmente transforma o dia a dia na cozinha<\/h2>\n\n\n\n<p>Ao abrir o arm\u00e1rio e encontrar cada prato no seu lugar, sem montes desajeitados, a sensa\u00e7\u00e3o de ordem e controle sobre o espa\u00e7o \u00e9 imediata. Em um momento em que a casa \u00e9 vista como ref\u00fagio e espa\u00e7o de bem-estar, detalhes como o organizador vertical de pratos fazem diferen\u00e7a real na experi\u00eancia di\u00e1ria.<\/p>\n\n\n\n<p>Se voc\u00ea est\u00e1 cansado de pilhas inst\u00e1veis, lou\u00e7a lascada e arm\u00e1rios ca\u00f3ticos, este \u00e9 o momento de agir. Escolha um organizador vertical de pratos hoje mesmo, teste na sua rotina e sinta, j\u00e1 nas pr\u00f3ximas refei\u00e7\u00f5es, como uma mudan\u00e7a simples pode transformar sua cozinha em um ambiente mais pr\u00e1tico, seguro e acolhedor.<\/p>\n","protected":false},"excerpt":{"rendered":"<p>A organiza\u00e7\u00e3o da cozinha ganhou protagonismo e hoje impacta diretamente a sensa\u00e7\u00e3o de conforto em casa. Entre panelas, utens\u00edlios e mantimentos, a forma de guardar a lou\u00e7a tamb\u00e9m entrou em foco, especialmente em ambientes compactos. Nesse cen\u00e1rio, o&nbsp;organizador vertical de pratos&nbsp;surgiu como uma solu\u00e7\u00e3o pr\u00e1tica para quem busca funcionalidade, prote\u00e7\u00e3o da lou\u00e7a e um visual [&hellip;]<\/p>\n","protected":false},"author":11,"featured_media":200914,"comment_status":"open","ping_status":"open","sticky":false,"template":"","format":"standard","meta":{"jnews-multi-image_gallery":[],"jnews_single_post":{"format":"standard"},"jnews_primary_category":[],"jnews_social_meta":[],"jnews_override_counter":[],"footnotes":""},"categories":[8819,1],"tags":[28827,13918,15528,28826,836],"class_list":["post-200136","post","type-post","status-publish","format-standard","has-post-thumbnail","hentry","category-curiosidades","category-noticias","tag-armario-baguncado","tag-cozinhas","tag-louca","tag-organizador-vertical","tag-pratos"],"yoast_head":"<!-- This site is optimized with the Yoast SEO plugin v23.8 - https:\/\/yoast.com\/wordpress\/plugins\/seo\/ -->\n<title>Adeus \u00e0s pilhas de lou\u00e7a debaixo da pia: a nova alternativa, mais elegante e pr\u00e1tica - Estado de Minas - Em foco<\/title>\n<meta name=\"description\" content=\"O organizador vertical de pratos virou queridinho nas cozinhas pequenas. Ganhe espa\u00e7o, proteja a lou\u00e7a e facilite sua rotina.\" \/>\n<meta name=\"robots\" content=\"index, follow, max-snippet:-1, max-image-preview:large, max-video-preview:-1\" \/>\n<link rel=\"canonical\" href=\"https:\/\/www.em.com.br\/emfoco\/2026\/04\/29\/adeus-as-pilhas-de-louca-debaixo-da-pia-a-nova-alternativa-mais-elegante-e-pratica\/\" \/>\n<meta property=\"og:locale\" content=\"pt_BR\" \/>\n<meta property=\"og:type\" content=\"article\" \/>\n<meta property=\"og:title\" content=\"Adeus \u00e0s pilhas de lou\u00e7a debaixo da pia: a nova alternativa, mais elegante e pr\u00e1tica - Estado de Minas - Em foco\" \/>\n<meta property=\"og:description\" content=\"O organizador vertical de pratos virou queridinho nas cozinhas pequenas. Ganhe espa\u00e7o, proteja a lou\u00e7a e facilite sua rotina.\" \/>\n<meta property=\"og:url\" content=\"https:\/\/www.em.com.br\/emfoco\/2026\/04\/29\/adeus-as-pilhas-de-louca-debaixo-da-pia-a-nova-alternativa-mais-elegante-e-pratica\/\" \/>\n<meta property=\"og:site_name\" content=\"Estado de Minas - Em foco\" \/>\n<meta property=\"article:published_time\" content=\"2026-04-29T14:35:00+00:00\" \/>\n<meta property=\"article:modified_time\" content=\"2026-04-28T16:46:11+00:00\" \/>\n<meta property=\"og:image\" content=\"https:\/\/www.em.com.br\/emfoco\/wp-content\/uploads\/2026\/04\/EmFoco_42-7.jpg\" \/>\n\t<meta property=\"og:image:width\" content=\"1280\" \/>\n\t<meta property=\"og:image:height\" content=\"720\" \/>\n\t<meta property=\"og:image:type\" content=\"image\/jpeg\" \/>\n<meta name=\"author\" content=\"Andre\u0301 Rangel\u00a0\" \/>\n<meta name=\"twitter:card\" content=\"summary_large_image\" \/>\n<meta name=\"twitter:label1\" content=\"Escrito por\" \/>\n\t<meta name=\"twitter:data1\" content=\"Andre\u0301 Rangel\u00a0\" \/>\n\t<meta name=\"twitter:label2\" content=\"Est. tempo de leitura\" \/>\n\t<meta name=\"twitter:data2\" content=\"5 minutos\" \/>\n<!-- \/ Yoast SEO plugin. -->","yoast_head_json":{"title":"Adeus \u00e0s pilhas de lou\u00e7a debaixo da pia: a nova alternativa, mais elegante e pr\u00e1tica - Estado de Minas - Em foco","description":"O organizador vertical de pratos virou queridinho nas cozinhas pequenas. Ganhe espa\u00e7o, proteja a lou\u00e7a e facilite sua rotina.","robots":{"index":"index","follow":"follow","max-snippet":"max-snippet:-1","max-image-preview":"max-image-preview:large","max-video-preview":"max-video-preview:-1"},"canonical":"https:\/\/www.em.com.br\/emfoco\/2026\/04\/29\/adeus-as-pilhas-de-louca-debaixo-da-pia-a-nova-alternativa-mais-elegante-e-pratica\/","og_locale":"pt_BR","og_type":"article","og_title":"Adeus \u00e0s pilhas de lou\u00e7a debaixo da pia: a nova alternativa, mais elegante e pr\u00e1tica - Estado de Minas - Em foco","og_description":"O organizador vertical de pratos virou queridinho nas cozinhas pequenas. Ganhe espa\u00e7o, proteja a lou\u00e7a e facilite sua rotina.","og_url":"https:\/\/www.em.com.br\/emfoco\/2026\/04\/29\/adeus-as-pilhas-de-louca-debaixo-da-pia-a-nova-alternativa-mais-elegante-e-pratica\/","og_site_name":"Estado de Minas - Em foco","article_published_time":"2026-04-29T14:35:00+00:00","article_modified_time":"2026-04-28T16:46:11+00:00","og_image":[{"width":1280,"height":720,"url":"https:\/\/www.em.com.br\/emfoco\/wp-content\/uploads\/2026\/04\/EmFoco_42-7.jpg","type":"image\/jpeg"}],"author":"Andre\u0301 Rangel\u00a0","twitter_card":"summary_large_image","twitter_misc":{"Escrito por":"Andre\u0301 Rangel\u00a0","Est. tempo de leitura":"5 minutos"},"schema":{"@context":"https:\/\/schema.org","@graph":[{"@type":"WebPage","@id":"https:\/\/www.em.com.br\/emfoco\/2026\/04\/29\/adeus-as-pilhas-de-louca-debaixo-da-pia-a-nova-alternativa-mais-elegante-e-pratica\/","url":"https:\/\/www.em.com.br\/emfoco\/2026\/04\/29\/adeus-as-pilhas-de-louca-debaixo-da-pia-a-nova-alternativa-mais-elegante-e-pratica\/","name":"Adeus \u00e0s pilhas de lou\u00e7a debaixo da pia: a nova alternativa, mais elegante e pr\u00e1tica - Estado de Minas - Em foco","isPartOf":{"@id":"https:\/\/www.em.com.br\/emfoco\/#website"},"primaryImageOfPage":{"@id":"https:\/\/www.em.com.br\/emfoco\/2026\/04\/29\/adeus-as-pilhas-de-louca-debaixo-da-pia-a-nova-alternativa-mais-elegante-e-pratica\/#primaryimage"},"image":{"@id":"https:\/\/www.em.com.br\/emfoco\/2026\/04\/29\/adeus-as-pilhas-de-louca-debaixo-da-pia-a-nova-alternativa-mais-elegante-e-pratica\/#primaryimage"},"thumbnailUrl":"https:\/\/www.em.com.br\/emfoco\/wp-content\/uploads\/2026\/04\/EmFoco_42-7.jpg","datePublished":"2026-04-29T14:35:00+00:00","dateModified":"2026-04-28T16:46:11+00:00","author":{"@id":"https:\/\/www.em.com.br\/emfoco\/#\/schema\/person\/60eda09c1fedf0d6891f4cef4b60b8b8"},"description":"O organizador vertical de pratos virou queridinho nas cozinhas pequenas. Ganhe espa\u00e7o, proteja a lou\u00e7a e facilite sua rotina.","breadcrumb":{"@id":"https:\/\/www.em.com.br\/emfoco\/2026\/04\/29\/adeus-as-pilhas-de-louca-debaixo-da-pia-a-nova-alternativa-mais-elegante-e-pratica\/#breadcrumb"},"inLanguage":"pt-BR","potentialAction":[{"@type":"ReadAction","target":["https:\/\/www.em.com.br\/emfoco\/2026\/04\/29\/adeus-as-pilhas-de-louca-debaixo-da-pia-a-nova-alternativa-mais-elegante-e-pratica\/"]}]},{"@type":"ImageObject","inLanguage":"pt-BR","@id":"https:\/\/www.em.com.br\/emfoco\/2026\/04\/29\/adeus-as-pilhas-de-louca-debaixo-da-pia-a-nova-alternativa-mais-elegante-e-pratica\/#primaryimage","url":"https:\/\/www.em.com.br\/emfoco\/wp-content\/uploads\/2026\/04\/EmFoco_42-7.jpg","contentUrl":"https:\/\/www.em.com.br\/emfoco\/wp-content\/uploads\/2026\/04\/EmFoco_42-7.jpg","width":1280,"height":720,"caption":"Acess\u00f3rio dom\u00e9stico que otimiza espa\u00e7o nos arm\u00e1rios e previne danos \u00e0 lou\u00e7a"},{"@type":"BreadcrumbList","@id":"https:\/\/www.em.com.br\/emfoco\/2026\/04\/29\/adeus-as-pilhas-de-louca-debaixo-da-pia-a-nova-alternativa-mais-elegante-e-pratica\/#breadcrumb","itemListElement":[{"@type":"ListItem","position":1,"name":"In\u00edcio","item":"https:\/\/www.em.com.br\/emfoco\/"},{"@type":"ListItem","position":2,"name":"Adeus \u00e0s pilhas de lou\u00e7a debaixo da pia: a nova alternativa, mais elegante e pr\u00e1tica"}]},{"@type":"WebSite","@id":"https:\/\/www.em.com.br\/emfoco\/#website","url":"https:\/\/www.em.com.br\/emfoco\/","name":"Estado de Minas - Em foco","description":"Acompanhe as \u00faltimas not\u00edcias e fique bem informado sobre tudo o que acontece em Minas Gerais, Brasil e no mundo.","potentialAction":[{"@type":"SearchAction","target":{"@type":"EntryPoint","urlTemplate":"https:\/\/www.em.com.br\/emfoco\/?s={search_term_string}"},"query-input":{"@type":"PropertyValueSpecification","valueRequired":true,"valueName":"search_term_string"}}],"inLanguage":"pt-BR"},{"@type":"Person","@id":"https:\/\/www.em.com.br\/emfoco\/#\/schema\/person\/60eda09c1fedf0d6891f4cef4b60b8b8","name":"Andre\u0301 Rangel\u00a0","image":{"@type":"ImageObject","inLanguage":"pt-BR","@id":"https:\/\/www.em.com.br\/emfoco\/#\/schema\/person\/image\/","url":"https:\/\/secure.gravatar.com\/avatar\/6234dc814c77c8ef6d8bba622c787efc?s=96&d=mm&r=g","contentUrl":"https:\/\/secure.gravatar.com\/avatar\/6234dc814c77c8ef6d8bba622c787efc?s=96&d=mm&r=g","caption":"Andre\u0301 Rangel\u00a0"},"url":"https:\/\/www.em.com.br\/emfoco\/author\/luizmyth\/"}]}},"_links":{"self":[{"href":"https:\/\/www.em.com.br\/emfoco\/wp-json\/wp\/v2\/posts\/200136","targetHints":{"allow":["GET"]}}],"collection":[{"href":"https:\/\/www.em.com.br\/emfoco\/wp-json\/wp\/v2\/posts"}],"about":[{"href":"https:\/\/www.em.com.br\/emfoco\/wp-json\/wp\/v2\/types\/post"}],"author":[{"embeddable":true,"href":"https:\/\/www.em.com.br\/emfoco\/wp-json\/wp\/v2\/users\/11"}],"replies":[{"embeddable":true,"href":"https:\/\/www.em.com.br\/emfoco\/wp-json\/wp\/v2\/comments?post=200136"}],"version-history":[{"count":4,"href":"https:\/\/www.em.com.br\/emfoco\/wp-json\/wp\/v2\/posts\/200136\/revisions"}],"predecessor-version":[{"id":201074,"href":"https:\/\/www.em.com.br\/emfoco\/wp-json\/wp\/v2\/posts\/200136\/revisions\/201074"}],"wp:featuredmedia":[{"embeddable":true,"href":"https:\/\/www.em.com.br\/emfoco\/wp-json\/wp\/v2\/media\/200914"}],"wp:attachment":[{"href":"https:\/\/www.em.com.br\/emfoco\/wp-json\/wp\/v2\/media?parent=200136"}],"wp:term":[{"taxonomy":"category","embeddable":true,"href":"https:\/\/www.em.com.br\/emfoco\/wp-json\/wp\/v2\/categories?post=200136"},{"taxonomy":"post_tag","embeddable":true,"href":"https:\/\/www.em.com.br\/emfoco\/wp-json\/wp\/v2\/tags?post=200136"}],"curies":[{"name":"wp","href":"https:\/\/api.w.org\/{rel}","templated":true}]}}