{"id":200126,"date":"2026-04-30T14:45:00","date_gmt":"2026-04-30T17:45:00","guid":{"rendered":"https:\/\/www.em.com.br\/emfoco\/?p=200126"},"modified":"2026-04-29T16:53:03","modified_gmt":"2026-04-29T19:53:03","slug":"nao-jogue-fora-os-manuais-dos-seus-eletrodomesticos-as-maneiras-praticas-de-reutiliza-los","status":"publish","type":"post","link":"https:\/\/www.em.com.br\/emfoco\/2026\/04\/30\/nao-jogue-fora-os-manuais-dos-seus-eletrodomesticos-as-maneiras-praticas-de-reutiliza-los\/","title":{"rendered":"N\u00e3o jogue fora os manuais dos seus eletrodom\u00e9sticos: as maneiras pr\u00e1ticas de reutiliz\u00e1-los"},"content":{"rendered":"\n<p>Entre pilhas de pap\u00e9is esquecidos em gavetas, os <strong>manuais de eletrodom\u00e9sticos<\/strong> costumam ser dos primeiros a ir para o lixo. Mas, antes de descartar, vale olhar com mais aten\u00e7\u00e3o: papel encorpado, capas firmes, impress\u00e3o em preto e branco e diagramas t\u00e9cnicos formam uma base discreta e moderna para criar solu\u00e7\u00f5es simples de organiza\u00e7\u00e3o, com visual mais limpo, equilibrado e econ\u00f4mico.<\/p>\n\n\n\n<h2 class=\"wp-block-heading\">Por que reutilizar manuais de eletrodom\u00e9sticos na organiza\u00e7\u00e3o da casa<\/h2>\n\n\n\n<p>Diferente de folhetos coloridos, eles costumam usar papel fosco, linhas finas, blocos de texto bem organizados e uma est\u00e9tica neutra, que n\u00e3o polui o ambiente e combina com propostas minimalistas.<\/p>\n\n\n\n<p>Outra vantagem \u00e9 a resist\u00eancia de muitas capas e p\u00e1ginas internas. O papel, em geral, \u00e9 firme o bastante para ser dobrado, colado ou recortado sem rasgar facilmente, permitindo criar capas, caixas, envelopes e etiquetas dur\u00e1veis, que se integram bem \u00e0 cartolina kraft, papel\u00e3o cru, madeira clara ou cestos de fibra.<\/p>\n\n\n\n<figure class=\"wp-block-image size-large\"><img loading=\"lazy\" decoding=\"async\" width=\"1024\" height=\"576\" src=\"https:\/\/www.em.com.br\/emfoco\/wp-content\/uploads\/2026\/04\/Gemini_Generated_Image_dpsc52dpsc52dpsc-1-1024x576.png\" alt=\"\" class=\"wp-image-200132\" srcset=\"https:\/\/www.em.com.br\/emfoco\/wp-content\/uploads\/2026\/04\/Gemini_Generated_Image_dpsc52dpsc52dpsc-1-1024x576.png 1024w, https:\/\/www.em.com.br\/emfoco\/wp-content\/uploads\/2026\/04\/Gemini_Generated_Image_dpsc52dpsc52dpsc-1-300x169.png 300w, https:\/\/www.em.com.br\/emfoco\/wp-content\/uploads\/2026\/04\/Gemini_Generated_Image_dpsc52dpsc52dpsc-1-768x432.png 768w, https:\/\/www.em.com.br\/emfoco\/wp-content\/uploads\/2026\/04\/Gemini_Generated_Image_dpsc52dpsc52dpsc-1-750x422.png 750w, https:\/\/www.em.com.br\/emfoco\/wp-content\/uploads\/2026\/04\/Gemini_Generated_Image_dpsc52dpsc52dpsc-1-1140x641.png 1140w, https:\/\/www.em.com.br\/emfoco\/wp-content\/uploads\/2026\/04\/Gemini_Generated_Image_dpsc52dpsc52dpsc-1.png 1280w\" sizes=\"auto, (max-width: 1024px) 100vw, 1024px\" \/><\/figure>\n\n\n\n<h2 class=\"wp-block-heading\">Como transformar manuais de eletrodom\u00e9sticos em capas e forra\u00e7\u00f5es \u00fateis<\/h2>\n\n\n\n<p>Uma das formas mais pr\u00e1ticas de reutilizar\u00a0<strong>manuais de <\/strong><a href=\"https:\/\/www.em.com.br\/emfoco\/2026\/04\/22\/adeus-aos-eletrodomesticos-na-bancada-os-novos-moveis-que-otimizam-o-espaco-e-ja-sao-tendencia\/\" target=\"_blank\" rel=\"noreferrer noopener\"><strong>eletrodom\u00e9sticos<\/strong>\u00a0<\/a>\u00e9 transform\u00e1-los em capas e forra\u00e7\u00f5es. Cadernos simples, pastas de contas, agendas antigas e cadernetas de receitas ganham acabamento novo com recortes bem escolhidos, que valorizam os elementos gr\u00e1ficos t\u00e9cnicos.<\/p>\n\n\n\n<p>Para selecionar as melhores p\u00e1ginas, vale priorizar alguns aspectos visuais que deixem o resultado mais limpo e agrad\u00e1vel, evitando excesso de figuras ou textos soltos que possam poluir o conjunto final:<\/p>\n\n\n\n<ul class=\"wp-block-list\">\n<li>diagramas el\u00e9tricos ou t\u00e9cnicos bem n\u00edtidos;<\/li>\n\n\n\n<li>textos alinhados em colunas, com boa legibilidade;<\/li>\n\n\n\n<li>capas com poucos elementos gr\u00e1ficos e t\u00edtulos discretos;<\/li>\n\n\n\n<li>\u00e1reas em branco que ajudem a \u201crespirar\u201d o visual.<\/li>\n<\/ul>\n\n\n\n<h2 class=\"wp-block-heading\">Como criar envelopes e organizadores pr\u00e1ticos com manuais antigos<\/h2>\n\n\n\n<p>Al\u00e9m das capas, \u00e9 poss\u00edvel usar&nbsp;<strong>manuais de eletrodom\u00e9sticos velhos<\/strong>&nbsp;para organizar pap\u00e9is soltos e miudezas. Envelopes r\u00edgidos s\u00e3o ideais para guardar fotos, comprovantes, cart\u00f5es, garantias e receitas m\u00e9dicas, bastando recortar um ret\u00e2ngulo, dobrar laterais e base, colar as abas e criar uma aba superior para fechamento.<\/p>\n\n\n\n<p>Outra aplica\u00e7\u00e3o eficiente \u00e9 o forro de <a href=\"https:\/\/pt.pinterest.com\/ceuibrahimo\/caixa-de-papel%C3%A3o\/\" target=\"_blank\" rel=\"noreferrer noopener\">caixas de papel\u00e3o<\/a>, como caixas de sapato ou de eletr\u00f4nicos. Ao revestir por dentro ou por fora com trechos dos manuais, voc\u00ea cria organizadores neutros e padronizados para cabos, cosm\u00e9ticos, ferramentas pequenas, materiais de escrit\u00f3rio ou acess\u00f3rios de costura.<\/p>\n\n\n\n<h2 class=\"wp-block-heading\">Quais s\u00e3o os passos b\u00e1sicos para forrar caixas com manuais de eletrodom\u00e9sticos<\/h2>\n\n\n\n<p>Para que o acabamento das caixas fique bem feito e n\u00e3o enrugue, \u00e9 importante seguir uma sequ\u00eancia simples. Assim, o papel dos manuais se adapta melhor \u00e0s superf\u00edcies e mant\u00e9m a apar\u00eancia t\u00e9cnica e organizada, sem parecer improvisado ou amador.<\/p>\n\n\n\n<figure class=\"wp-block-image size-large\"><img loading=\"lazy\" decoding=\"async\" width=\"1024\" height=\"576\" src=\"https:\/\/www.em.com.br\/emfoco\/wp-content\/uploads\/2026\/04\/Gemini_Generated_Image_xg3vi8xg3vi8xg3v-1-1024x576.png\" alt=\"\" class=\"wp-image-200133\" srcset=\"https:\/\/www.em.com.br\/emfoco\/wp-content\/uploads\/2026\/04\/Gemini_Generated_Image_xg3vi8xg3vi8xg3v-1-1024x576.png 1024w, https:\/\/www.em.com.br\/emfoco\/wp-content\/uploads\/2026\/04\/Gemini_Generated_Image_xg3vi8xg3vi8xg3v-1-300x169.png 300w, https:\/\/www.em.com.br\/emfoco\/wp-content\/uploads\/2026\/04\/Gemini_Generated_Image_xg3vi8xg3vi8xg3v-1-768x432.png 768w, https:\/\/www.em.com.br\/emfoco\/wp-content\/uploads\/2026\/04\/Gemini_Generated_Image_xg3vi8xg3vi8xg3v-1-750x422.png 750w, https:\/\/www.em.com.br\/emfoco\/wp-content\/uploads\/2026\/04\/Gemini_Generated_Image_xg3vi8xg3vi8xg3v-1-1140x641.png 1140w, https:\/\/www.em.com.br\/emfoco\/wp-content\/uploads\/2026\/04\/Gemini_Generated_Image_xg3vi8xg3vi8xg3v-1.png 1280w\" sizes=\"auto, (max-width: 1024px) 100vw, 1024px\" \/><\/figure>\n\n\n\n<p>O processo pode ser feito com poucos materiais (cola branca, tesoura, pano seco ou cart\u00e3o r\u00edgido) e funciona para caixas de diferentes tamanhos, desde que cada parte seja medida com cuidado antes do corte e da colagem.<\/p>\n\n\n\n<ol class=\"wp-block-list\">\n<li>Medir base, laterais internas e externas da caixa separadamente.<\/li>\n\n\n\n<li>Cortar cada parte do papel do manual individualmente.<\/li>\n\n\n\n<li>Aplicar cola em camada fina, para evitar enrugamento.<\/li>\n\n\n\n<li>Alisar com pano seco ou cart\u00e3o r\u00edgido, retirando bolhas.<\/li>\n\n\n\n<li>Deixar secar antes de encaixar tampas ou colocar objetos.<\/li>\n<\/ol>\n\n\n\n<h2 class=\"wp-block-heading\">Reaproveitar manuais de eletrodom\u00e9sticos realmente vale a pena<\/h2>\n\n\n\n<p>Na pr\u00e1tica, reaproveitar&nbsp;<strong>manuais de eletrodom\u00e9sticos usados<\/strong>&nbsp;ajuda a resolver problemas comuns: excesso de pap\u00e9is soltos, caixas despadronizadas e falta de identifica\u00e7\u00e3o em cestos e prateleiras. Etiquetas penduradas feitas com capas mais r\u00edgidas, escritas com marcador permanente e protegidas com verniz \u00e0 base de \u00e1gua ou fita transparente, ampliam a durabilidade e o senso de ordem visual.<\/p>\n\n\n\n<p>Em vez de deixar esse material parado, transforme-o hoje em um sistema enxuto de organiza\u00e7\u00e3o para prateleiras, cozinhas e escrit\u00f3rios dom\u00e9sticos. Separe agora mesmo os manuais guardados nas gavetas, escolha alguns para reutilizar e d\u00ea o primeiro passo: forre uma caixa ou crie um conjunto de etiquetas ainda hoje, antes que esse potencial v\u00e1 parar no lixo.<\/p>\n","protected":false},"excerpt":{"rendered":"<p>Entre pilhas de pap\u00e9is esquecidos em gavetas, os manuais de eletrodom\u00e9sticos costumam ser dos primeiros a ir para o lixo. Mas, antes de descartar, vale olhar com mais aten\u00e7\u00e3o: papel encorpado, capas firmes, impress\u00e3o em preto e branco e diagramas t\u00e9cnicos formam uma base discreta e moderna para criar solu\u00e7\u00f5es simples de organiza\u00e7\u00e3o, com visual [&hellip;]<\/p>\n","protected":false},"author":11,"featured_media":201645,"comment_status":"open","ping_status":"open","sticky":false,"template":"","format":"standard","meta":{"jnews-multi-image_gallery":[],"jnews_single_post":{"format":"standard"},"jnews_primary_category":[],"jnews_social_meta":[],"jnews_override_counter":[],"footnotes":""},"categories":[8819,1],"tags":[28794,5115,28825,4478,21624],"class_list":["post-200126","post","type-post","status-publish","format-standard","has-post-thumbnail","hentry","category-curiosidades","category-noticias","tag-antes-de-jogar-fora","tag-diy","tag-manuais-de-eletrodomesticos","tag-organizacao","tag-organizadores-praticos"],"yoast_head":"<!-- This site is optimized with the Yoast SEO plugin v23.8 - https:\/\/yoast.com\/wordpress\/plugins\/seo\/ -->\n<title>N\u00e3o jogue fora os manuais dos seus eletrodom\u00e9sticos: as maneiras pr\u00e1ticas de reutiliz\u00e1-los - Estado de Minas - Em foco<\/title>\n<meta name=\"description\" content=\"Manuais de eletrodom\u00e9sticos podem virar caixas, capas e etiquetas \u00fateis. Aprenda a organizar a casa gastando quase nada.\" \/>\n<meta name=\"robots\" content=\"index, follow, max-snippet:-1, max-image-preview:large, max-video-preview:-1\" \/>\n<link rel=\"canonical\" href=\"https:\/\/www.em.com.br\/emfoco\/2026\/04\/30\/nao-jogue-fora-os-manuais-dos-seus-eletrodomesticos-as-maneiras-praticas-de-reutiliza-los\/\" \/>\n<meta property=\"og:locale\" content=\"pt_BR\" \/>\n<meta property=\"og:type\" content=\"article\" \/>\n<meta property=\"og:title\" content=\"N\u00e3o jogue fora os manuais dos seus eletrodom\u00e9sticos: as maneiras pr\u00e1ticas de reutiliz\u00e1-los - Estado de Minas - Em foco\" \/>\n<meta property=\"og:description\" content=\"Manuais de eletrodom\u00e9sticos podem virar caixas, capas e etiquetas \u00fateis. Aprenda a organizar a casa gastando quase nada.\" \/>\n<meta property=\"og:url\" content=\"https:\/\/www.em.com.br\/emfoco\/2026\/04\/30\/nao-jogue-fora-os-manuais-dos-seus-eletrodomesticos-as-maneiras-praticas-de-reutiliza-los\/\" \/>\n<meta property=\"og:site_name\" content=\"Estado de Minas - Em foco\" \/>\n<meta property=\"article:published_time\" content=\"2026-04-30T17:45:00+00:00\" \/>\n<meta property=\"article:modified_time\" content=\"2026-04-29T19:53:03+00:00\" \/>\n<meta property=\"og:image\" content=\"https:\/\/www.em.com.br\/emfoco\/wp-content\/uploads\/2026\/04\/EmFoco_38-8.jpg\" \/>\n\t<meta property=\"og:image:width\" content=\"1280\" \/>\n\t<meta property=\"og:image:height\" content=\"720\" \/>\n\t<meta property=\"og:image:type\" content=\"image\/jpeg\" \/>\n<meta name=\"author\" content=\"Andre\u0301 Rangel\u00a0\" \/>\n<meta name=\"twitter:card\" content=\"summary_large_image\" \/>\n<meta name=\"twitter:label1\" content=\"Escrito por\" \/>\n\t<meta name=\"twitter:data1\" content=\"Andre\u0301 Rangel\u00a0\" \/>\n\t<meta name=\"twitter:label2\" content=\"Est. tempo de leitura\" \/>\n\t<meta name=\"twitter:data2\" content=\"5 minutos\" \/>\n<!-- \/ Yoast SEO plugin. -->","yoast_head_json":{"title":"N\u00e3o jogue fora os manuais dos seus eletrodom\u00e9sticos: as maneiras pr\u00e1ticas de reutiliz\u00e1-los - Estado de Minas - Em foco","description":"Manuais de eletrodom\u00e9sticos podem virar caixas, capas e etiquetas \u00fateis. Aprenda a organizar a casa gastando quase nada.","robots":{"index":"index","follow":"follow","max-snippet":"max-snippet:-1","max-image-preview":"max-image-preview:large","max-video-preview":"max-video-preview:-1"},"canonical":"https:\/\/www.em.com.br\/emfoco\/2026\/04\/30\/nao-jogue-fora-os-manuais-dos-seus-eletrodomesticos-as-maneiras-praticas-de-reutiliza-los\/","og_locale":"pt_BR","og_type":"article","og_title":"N\u00e3o jogue fora os manuais dos seus eletrodom\u00e9sticos: as maneiras pr\u00e1ticas de reutiliz\u00e1-los - Estado de Minas - Em foco","og_description":"Manuais de eletrodom\u00e9sticos podem virar caixas, capas e etiquetas \u00fateis. Aprenda a organizar a casa gastando quase nada.","og_url":"https:\/\/www.em.com.br\/emfoco\/2026\/04\/30\/nao-jogue-fora-os-manuais-dos-seus-eletrodomesticos-as-maneiras-praticas-de-reutiliza-los\/","og_site_name":"Estado de Minas - Em foco","article_published_time":"2026-04-30T17:45:00+00:00","article_modified_time":"2026-04-29T19:53:03+00:00","og_image":[{"width":1280,"height":720,"url":"https:\/\/www.em.com.br\/emfoco\/wp-content\/uploads\/2026\/04\/EmFoco_38-8.jpg","type":"image\/jpeg"}],"author":"Andre\u0301 Rangel\u00a0","twitter_card":"summary_large_image","twitter_misc":{"Escrito por":"Andre\u0301 Rangel\u00a0","Est. tempo de leitura":"5 minutos"},"schema":{"@context":"https:\/\/schema.org","@graph":[{"@type":"WebPage","@id":"https:\/\/www.em.com.br\/emfoco\/2026\/04\/30\/nao-jogue-fora-os-manuais-dos-seus-eletrodomesticos-as-maneiras-praticas-de-reutiliza-los\/","url":"https:\/\/www.em.com.br\/emfoco\/2026\/04\/30\/nao-jogue-fora-os-manuais-dos-seus-eletrodomesticos-as-maneiras-praticas-de-reutiliza-los\/","name":"N\u00e3o jogue fora os manuais dos seus eletrodom\u00e9sticos: as maneiras pr\u00e1ticas de reutiliz\u00e1-los - Estado de Minas - Em foco","isPartOf":{"@id":"https:\/\/www.em.com.br\/emfoco\/#website"},"primaryImageOfPage":{"@id":"https:\/\/www.em.com.br\/emfoco\/2026\/04\/30\/nao-jogue-fora-os-manuais-dos-seus-eletrodomesticos-as-maneiras-praticas-de-reutiliza-los\/#primaryimage"},"image":{"@id":"https:\/\/www.em.com.br\/emfoco\/2026\/04\/30\/nao-jogue-fora-os-manuais-dos-seus-eletrodomesticos-as-maneiras-praticas-de-reutiliza-los\/#primaryimage"},"thumbnailUrl":"https:\/\/www.em.com.br\/emfoco\/wp-content\/uploads\/2026\/04\/EmFoco_38-8.jpg","datePublished":"2026-04-30T17:45:00+00:00","dateModified":"2026-04-29T19:53:03+00:00","author":{"@id":"https:\/\/www.em.com.br\/emfoco\/#\/schema\/person\/60eda09c1fedf0d6891f4cef4b60b8b8"},"description":"Manuais de eletrodom\u00e9sticos podem virar caixas, capas e etiquetas \u00fateis. Aprenda a organizar a casa gastando quase nada.","breadcrumb":{"@id":"https:\/\/www.em.com.br\/emfoco\/2026\/04\/30\/nao-jogue-fora-os-manuais-dos-seus-eletrodomesticos-as-maneiras-praticas-de-reutiliza-los\/#breadcrumb"},"inLanguage":"pt-BR","potentialAction":[{"@type":"ReadAction","target":["https:\/\/www.em.com.br\/emfoco\/2026\/04\/30\/nao-jogue-fora-os-manuais-dos-seus-eletrodomesticos-as-maneiras-praticas-de-reutiliza-los\/"]}]},{"@type":"ImageObject","inLanguage":"pt-BR","@id":"https:\/\/www.em.com.br\/emfoco\/2026\/04\/30\/nao-jogue-fora-os-manuais-dos-seus-eletrodomesticos-as-maneiras-praticas-de-reutiliza-los\/#primaryimage","url":"https:\/\/www.em.com.br\/emfoco\/wp-content\/uploads\/2026\/04\/EmFoco_38-8.jpg","contentUrl":"https:\/\/www.em.com.br\/emfoco\/wp-content\/uploads\/2026\/04\/EmFoco_38-8.jpg","width":1280,"height":720,"caption":"Est\u00e9tica t\u00e9cnica de manuais antigos serve como base para organiza\u00e7\u00e3o dom\u00e9stica minimalista"},{"@type":"BreadcrumbList","@id":"https:\/\/www.em.com.br\/emfoco\/2026\/04\/30\/nao-jogue-fora-os-manuais-dos-seus-eletrodomesticos-as-maneiras-praticas-de-reutiliza-los\/#breadcrumb","itemListElement":[{"@type":"ListItem","position":1,"name":"In\u00edcio","item":"https:\/\/www.em.com.br\/emfoco\/"},{"@type":"ListItem","position":2,"name":"N\u00e3o jogue fora os manuais dos seus eletrodom\u00e9sticos: as maneiras pr\u00e1ticas de reutiliz\u00e1-los"}]},{"@type":"WebSite","@id":"https:\/\/www.em.com.br\/emfoco\/#website","url":"https:\/\/www.em.com.br\/emfoco\/","name":"Estado de Minas - Em foco","description":"Acompanhe as \u00faltimas not\u00edcias e fique bem informado sobre tudo o que acontece em Minas Gerais, Brasil e no mundo.","potentialAction":[{"@type":"SearchAction","target":{"@type":"EntryPoint","urlTemplate":"https:\/\/www.em.com.br\/emfoco\/?s={search_term_string}"},"query-input":{"@type":"PropertyValueSpecification","valueRequired":true,"valueName":"search_term_string"}}],"inLanguage":"pt-BR"},{"@type":"Person","@id":"https:\/\/www.em.com.br\/emfoco\/#\/schema\/person\/60eda09c1fedf0d6891f4cef4b60b8b8","name":"Andre\u0301 Rangel\u00a0","image":{"@type":"ImageObject","inLanguage":"pt-BR","@id":"https:\/\/www.em.com.br\/emfoco\/#\/schema\/person\/image\/","url":"https:\/\/secure.gravatar.com\/avatar\/6234dc814c77c8ef6d8bba622c787efc?s=96&d=mm&r=g","contentUrl":"https:\/\/secure.gravatar.com\/avatar\/6234dc814c77c8ef6d8bba622c787efc?s=96&d=mm&r=g","caption":"Andre\u0301 Rangel\u00a0"},"url":"https:\/\/www.em.com.br\/emfoco\/author\/luizmyth\/"}]}},"_links":{"self":[{"href":"https:\/\/www.em.com.br\/emfoco\/wp-json\/wp\/v2\/posts\/200126","targetHints":{"allow":["GET"]}}],"collection":[{"href":"https:\/\/www.em.com.br\/emfoco\/wp-json\/wp\/v2\/posts"}],"about":[{"href":"https:\/\/www.em.com.br\/emfoco\/wp-json\/wp\/v2\/types\/post"}],"author":[{"embeddable":true,"href":"https:\/\/www.em.com.br\/emfoco\/wp-json\/wp\/v2\/users\/11"}],"replies":[{"embeddable":true,"href":"https:\/\/www.em.com.br\/emfoco\/wp-json\/wp\/v2\/comments?post=200126"}],"version-history":[{"count":2,"href":"https:\/\/www.em.com.br\/emfoco\/wp-json\/wp\/v2\/posts\/200126\/revisions"}],"predecessor-version":[{"id":200135,"href":"https:\/\/www.em.com.br\/emfoco\/wp-json\/wp\/v2\/posts\/200126\/revisions\/200135"}],"wp:featuredmedia":[{"embeddable":true,"href":"https:\/\/www.em.com.br\/emfoco\/wp-json\/wp\/v2\/media\/201645"}],"wp:attachment":[{"href":"https:\/\/www.em.com.br\/emfoco\/wp-json\/wp\/v2\/media?parent=200126"}],"wp:term":[{"taxonomy":"category","embeddable":true,"href":"https:\/\/www.em.com.br\/emfoco\/wp-json\/wp\/v2\/categories?post=200126"},{"taxonomy":"post_tag","embeddable":true,"href":"https:\/\/www.em.com.br\/emfoco\/wp-json\/wp\/v2\/tags?post=200126"}],"curies":[{"name":"wp","href":"https:\/\/api.w.org\/{rel}","templated":true}]}}