{"id":200125,"date":"2026-04-30T08:55:00","date_gmt":"2026-04-30T11:55:00","guid":{"rendered":"https:\/\/www.em.com.br\/emfoco\/?p=200125"},"modified":"2026-04-29T16:45:59","modified_gmt":"2026-04-29T19:45:59","slug":"adeus-espelhos-sem-graca-como-criar-um-modelo-bonito-que-transforma-qualquer-ambiente","status":"publish","type":"post","link":"https:\/\/www.em.com.br\/emfoco\/2026\/04\/30\/adeus-espelhos-sem-graca-como-criar-um-modelo-bonito-que-transforma-qualquer-ambiente\/","title":{"rendered":"Adeus espelhos sem gra\u00e7a: como criar um modelo bonito que transforma qualquer ambiente"},"content":{"rendered":"\n<p>Fazer um espelho decorativo em casa se tornou uma forma pr\u00e1tica e atual de renovar ambientes sem grandes reformas, unindo fun\u00e7\u00e3o e beleza para deixar os c\u00f4modos mais claros, organizados visualmente e com sensa\u00e7\u00e3o de espa\u00e7o ampliado, desde que haja cuidado na escolha dos materiais e na instala\u00e7\u00e3o para adaptar a pe\u00e7a a diferentes estilos de decora\u00e7\u00e3o.<\/p>\n\n\n\n<h2 class=\"wp-block-heading\">O que \u00e9 um espelho decorativo artesanal e como ele transforma o ambiente<\/h2>\n\n\n\n<p>O\u00a0<strong><a href=\"https:\/\/br.pinterest.com\/vivadecorabr\/espelhos-decorativos\/\" target=\"_blank\" rel=\"noreferrer noopener\">espelho decorativo<\/a><\/strong>\u00a0\u00e9 pensado para participar ativamente da composi\u00e7\u00e3o visual, e n\u00e3o apenas para refletir a imagem. Formato, moldura, posi\u00e7\u00e3o na parede e tamanho s\u00e3o planejados para criar impacto, ampliar a percep\u00e7\u00e3o de \u00e1rea ou atuar como ponto focal em paredes espec\u00edficas.<\/p>\n\n\n\n<p>Al\u00e9m da sensa\u00e7\u00e3o de amplitude, o espelho decorativo influencia diretamente na ilumina\u00e7\u00e3o do espa\u00e7o. Quando instalado perto de janelas ou lumin\u00e1rias, ele reflete e distribui melhor a luz, reduzindo sombras e valorizando salas de estar, jantar, corredores e halls de entrada.<\/p>\n\n\n\n<figure class=\"wp-block-image size-large\"><img loading=\"lazy\" decoding=\"async\" width=\"1024\" height=\"576\" src=\"https:\/\/www.em.com.br\/emfoco\/wp-content\/uploads\/2026\/04\/Gemini_Generated_Image_kzp48ckzp48ckzp4-1-1024x576.png\" alt=\"Espelho decorativo muda sua casa sem obra\" class=\"wp-image-200130\" srcset=\"https:\/\/www.em.com.br\/emfoco\/wp-content\/uploads\/2026\/04\/Gemini_Generated_Image_kzp48ckzp48ckzp4-1-1024x576.png 1024w, https:\/\/www.em.com.br\/emfoco\/wp-content\/uploads\/2026\/04\/Gemini_Generated_Image_kzp48ckzp48ckzp4-1-300x169.png 300w, https:\/\/www.em.com.br\/emfoco\/wp-content\/uploads\/2026\/04\/Gemini_Generated_Image_kzp48ckzp48ckzp4-1-768x432.png 768w, https:\/\/www.em.com.br\/emfoco\/wp-content\/uploads\/2026\/04\/Gemini_Generated_Image_kzp48ckzp48ckzp4-1-750x422.png 750w, https:\/\/www.em.com.br\/emfoco\/wp-content\/uploads\/2026\/04\/Gemini_Generated_Image_kzp48ckzp48ckzp4-1-1140x641.png 1140w, https:\/\/www.em.com.br\/emfoco\/wp-content\/uploads\/2026\/04\/Gemini_Generated_Image_kzp48ckzp48ckzp4-1.png 1280w\" sizes=\"auto, (max-width: 1024px) 100vw, 1024px\" \/><figcaption class=\"wp-element-caption\">Espelho decorativo muda sua casa sem obra<\/figcaption><\/figure>\n\n\n\n<h2 class=\"wp-block-heading\">Como fazer um espelho decorativo em casa passo a passo<\/h2>\n\n\n\n<p>Antes de comprar materiais, \u00e9 essencial definir onde o espelho ficar\u00e1, qual ser\u00e1 sua fun\u00e7\u00e3o principal (ampliar, destacar ou iluminar) e o estilo do ambiente. Com isso em mente, fica mais f\u00e1cil escolher o espelho base, o formato e o tipo de moldura ou acabamento que melhor se encaixam no projeto.<\/p>\n\n\n\n<p>Em linhas gerais, o processo de cria\u00e7\u00e3o pode seguir esta sequ\u00eancia b\u00e1sica, que ajuda a organizar o passo a passo e evitar erros na hora da montagem e instala\u00e7\u00e3o:<\/p>\n\n\n\n<ol class=\"wp-block-list\">\n<li><strong>Medir a parede<\/strong>\u00a0onde o espelho ser\u00e1 instalado, considerando largura, altura e a dist\u00e2ncia de m\u00f3veis pr\u00f3ximos.<\/li>\n\n\n\n<li><strong>Definir o formato<\/strong>\u00a0do espelho decorativo (retangular, redondo, org\u00e2nico, conjunto de pe\u00e7as menores).<\/li>\n\n\n\n<li><strong>Escolher a moldura<\/strong>\u00a0ou acabamento: madeira, MDF, corda, metal, pastilhas, materiais reciclados, entre outros.<\/li>\n\n\n\n<li><strong>Preparar o espelho base<\/strong>, limpando bem a superf\u00edcie e verificando bordas e poss\u00edveis trincas.<\/li>\n\n\n\n<li><strong>Montar a moldura<\/strong>\u00a0e fazer o acabamento (lixar, pintar, envernizar ou aplicar prote\u00e7\u00e3o, quando necess\u00e1rio).<\/li>\n\n\n\n<li><strong>Fixar o espelho decorativo<\/strong>\u00a0na parede com cola espec\u00edfica para espelho, fitas de alta resist\u00eancia ou suportes adequados.<\/li>\n<\/ol>\n\n\n\n<h2 class=\"wp-block-heading\">Quais materiais s\u00e3o indicados para a moldura do espelho decorativo<\/h2>\n\n\n\n<p>A moldura \u00e9 o elemento que mais diferencia um espelho comum de um espelho decorativo e pode seguir propostas simples ou sofisticadas. <strong>Madeira maci\u00e7a<\/strong>, <strong><a href=\"https:\/\/www.em.com.br\/emfoco\/2026\/04\/13\/adeus-ao-movel-de-mdf-nova-tendencia-de-resiste-ate-a-maresia-umidade-e-ao-mofo\/\" target=\"_blank\" rel=\"noreferrer noopener\">MDF <\/a><\/strong>e <strong>compensado <\/strong>permitem cortes sob medida, acabamento com tinta ou verniz e trazem sensa\u00e7\u00e3o de aconchego para salas de jantar, quartos e home offices.<\/p>\n\n\n\n<p>Tamb\u00e9m \u00e9 poss\u00edvel usar cordas decorativas, barbantes grossos, tiras de couro sint\u00e9tico, correntes met\u00e1licas, pastilhas de vidro, mosaicos e pedras sint\u00e9ticas, muito comuns em banheiros e lavabos. Para quem busca sustentabilidade, pallets desmontados, molduras antigas, rolos de papel\u00e3o cortados e sobras de pisos podem ser reaproveitados, desde que a base esteja firme e suporte bem o peso.<\/p>\n\n\n\n<figure class=\"wp-block-image size-large\"><img loading=\"lazy\" decoding=\"async\" width=\"1024\" height=\"576\" src=\"https:\/\/www.em.com.br\/emfoco\/wp-content\/uploads\/2026\/04\/Gemini_Generated_Image_d23npld23npld23n-1-1024x576.png\" alt=\"Espelho decorativo muda sua casa sem obra\" class=\"wp-image-200131\" srcset=\"https:\/\/www.em.com.br\/emfoco\/wp-content\/uploads\/2026\/04\/Gemini_Generated_Image_d23npld23npld23n-1-1024x576.png 1024w, https:\/\/www.em.com.br\/emfoco\/wp-content\/uploads\/2026\/04\/Gemini_Generated_Image_d23npld23npld23n-1-300x169.png 300w, https:\/\/www.em.com.br\/emfoco\/wp-content\/uploads\/2026\/04\/Gemini_Generated_Image_d23npld23npld23n-1-768x432.png 768w, https:\/\/www.em.com.br\/emfoco\/wp-content\/uploads\/2026\/04\/Gemini_Generated_Image_d23npld23npld23n-1-750x422.png 750w, https:\/\/www.em.com.br\/emfoco\/wp-content\/uploads\/2026\/04\/Gemini_Generated_Image_d23npld23npld23n-1-1140x641.png 1140w, https:\/\/www.em.com.br\/emfoco\/wp-content\/uploads\/2026\/04\/Gemini_Generated_Image_d23npld23npld23n-1.png 1280w\" sizes=\"auto, (max-width: 1024px) 100vw, 1024px\" \/><figcaption class=\"wp-element-caption\">Espelho decorativo muda sua casa sem obra<\/figcaption><\/figure>\n\n\n\n<h2 class=\"wp-block-heading\">Como posicionar o espelho decorativo em cada ambiente da casa<\/h2>\n\n\n\n<p>O posicionamento do espelho decorativo define o efeito visual alcan\u00e7ado e o que ser\u00e1 refletido. Em salas pequenas, \u00e9 comum instalar o espelho em paredes laterais ao sof\u00e1 ou perto da mesa de jantar, refletindo estantes organizadas, jardins ou pontos de destaque para deixar o ambiente mais agrad\u00e1vel.<\/p>\n\n\n\n<p>No quarto, ele pode ficar acima da c\u00f4moda, ao lado do guarda-roupa ou em posi\u00e7\u00e3o vertical, criando um efeito de camarim; em corredores estreitos, modelos horizontais ou conjuntos de pe\u00e7as quebram a sensa\u00e7\u00e3o de t\u00fanel. Em banheiros, \u00e9 essencial usar espelhos pr\u00f3prios para \u00e1reas \u00famidas, aplicar selantes nas bordas quando indicado e evitar reflexos diretos de luz muito intensa.<\/p>\n\n\n\n<ul class=\"wp-block-list\">\n<li>Adequar a propor\u00e7\u00e3o do espelho ao tamanho da parede e dos m\u00f3veis pr\u00f3ximos.<\/li>\n\n\n\n<li>Checar o n\u00edvel antes de colar ou parafusar, evitando que o espelho fique torto.<\/li>\n\n\n\n<li>Observar a continuidade visual em ambientes integrados, como sala e cozinha.<\/li>\n<\/ul>\n\n\n\n<h2 class=\"wp-block-heading\">Como manter o espelho decorativo bonito e bem conservado ao longo do tempo<\/h2>\n\n\n\n<p>Depois de instalado, o espelho decorativo pede apenas cuidados simples: limpar com pano de microfibra e produto espec\u00edfico para vidro, evitar materiais abrasivos e secar respingos em \u00e1reas \u00famidas para n\u00e3o danificar a camada posterior. Com o tempo, vale conferir se a moldura continua firme, refor\u00e7ar pontos de fixa\u00e7\u00e3o e reaplicar verniz ou tinta em madeira quando necess\u00e1rio.<\/p>\n\n\n\n<p>Se voc\u00ea quer transformar seus ambientes sem gastar muito, comece agora a planejar seu espelho decorativo e coloque o projeto em pr\u00e1tica ainda nesta semana. N\u00e3o adie essa mudan\u00e7a: um \u00fanico espelho bem pensado pode renovar totalmente a energia da sua casa e criar a sensa\u00e7\u00e3o de espa\u00e7o e luz que voc\u00ea est\u00e1 buscando hoje.<\/p>\n","protected":false},"excerpt":{"rendered":"<p>Fazer um espelho decorativo em casa se tornou uma forma pr\u00e1tica e atual de renovar ambientes sem grandes reformas, unindo fun\u00e7\u00e3o e beleza para deixar os c\u00f4modos mais claros, organizados visualmente e com sensa\u00e7\u00e3o de espa\u00e7o ampliado, desde que haja cuidado na escolha dos materiais e na instala\u00e7\u00e3o para adaptar a pe\u00e7a a diferentes estilos [&hellip;]<\/p>\n","protected":false},"author":11,"featured_media":201624,"comment_status":"open","ping_status":"open","sticky":false,"template":"","format":"standard","meta":{"jnews-multi-image_gallery":[],"jnews_single_post":{"format":"standard"},"jnews_primary_category":[],"jnews_social_meta":[],"jnews_override_counter":[],"footnotes":""},"categories":[8819,1],"tags":[4687,5115,10685,28824,17315,1920],"class_list":["post-200125","post","type-post","status-publish","format-standard","has-post-thumbnail","hentry","category-curiosidades","category-noticias","tag-decoracao","tag-diy","tag-espelho","tag-espelho-decorativo","tag-parede","tag-tendencia"],"yoast_head":"<!-- This site is optimized with the Yoast SEO plugin v23.8 - https:\/\/yoast.com\/wordpress\/plugins\/seo\/ -->\n<title>Adeus espelhos sem gra\u00e7a: como criar um modelo bonito que transforma qualquer ambiente - Estado de Minas - Em foco<\/title>\n<meta name=\"description\" content=\"Espelho decorativo amplia ambientes, melhora a luz e renova a casa sem reforma. Veja como fazer o seu em casa.\" \/>\n<meta name=\"robots\" content=\"index, follow, max-snippet:-1, max-image-preview:large, max-video-preview:-1\" \/>\n<link rel=\"canonical\" href=\"https:\/\/www.em.com.br\/emfoco\/2026\/04\/30\/adeus-espelhos-sem-graca-como-criar-um-modelo-bonito-que-transforma-qualquer-ambiente\/\" \/>\n<meta property=\"og:locale\" content=\"pt_BR\" \/>\n<meta property=\"og:type\" content=\"article\" \/>\n<meta property=\"og:title\" content=\"Adeus espelhos sem gra\u00e7a: como criar um modelo bonito que transforma qualquer ambiente - Estado de Minas - Em foco\" \/>\n<meta property=\"og:description\" content=\"Espelho decorativo amplia ambientes, melhora a luz e renova a casa sem reforma. Veja como fazer o seu em casa.\" \/>\n<meta property=\"og:url\" content=\"https:\/\/www.em.com.br\/emfoco\/2026\/04\/30\/adeus-espelhos-sem-graca-como-criar-um-modelo-bonito-que-transforma-qualquer-ambiente\/\" \/>\n<meta property=\"og:site_name\" content=\"Estado de Minas - Em foco\" \/>\n<meta property=\"article:published_time\" content=\"2026-04-30T11:55:00+00:00\" \/>\n<meta property=\"article:modified_time\" content=\"2026-04-29T19:45:59+00:00\" \/>\n<meta property=\"og:image\" content=\"https:\/\/www.em.com.br\/emfoco\/wp-content\/uploads\/2026\/04\/EmFoco_24-9.jpg\" \/>\n\t<meta property=\"og:image:width\" content=\"1280\" \/>\n\t<meta property=\"og:image:height\" content=\"720\" \/>\n\t<meta property=\"og:image:type\" content=\"image\/jpeg\" \/>\n<meta name=\"author\" content=\"Andre\u0301 Rangel\u00a0\" \/>\n<meta name=\"twitter:card\" content=\"summary_large_image\" \/>\n<meta name=\"twitter:label1\" content=\"Escrito por\" \/>\n\t<meta name=\"twitter:data1\" content=\"Andre\u0301 Rangel\u00a0\" \/>\n\t<meta name=\"twitter:label2\" content=\"Est. tempo de leitura\" \/>\n\t<meta name=\"twitter:data2\" content=\"5 minutos\" \/>\n<!-- \/ Yoast SEO plugin. -->","yoast_head_json":{"title":"Adeus espelhos sem gra\u00e7a: como criar um modelo bonito que transforma qualquer ambiente - Estado de Minas - Em foco","description":"Espelho decorativo amplia ambientes, melhora a luz e renova a casa sem reforma. Veja como fazer o seu em casa.","robots":{"index":"index","follow":"follow","max-snippet":"max-snippet:-1","max-image-preview":"max-image-preview:large","max-video-preview":"max-video-preview:-1"},"canonical":"https:\/\/www.em.com.br\/emfoco\/2026\/04\/30\/adeus-espelhos-sem-graca-como-criar-um-modelo-bonito-que-transforma-qualquer-ambiente\/","og_locale":"pt_BR","og_type":"article","og_title":"Adeus espelhos sem gra\u00e7a: como criar um modelo bonito que transforma qualquer ambiente - Estado de Minas - Em foco","og_description":"Espelho decorativo amplia ambientes, melhora a luz e renova a casa sem reforma. Veja como fazer o seu em casa.","og_url":"https:\/\/www.em.com.br\/emfoco\/2026\/04\/30\/adeus-espelhos-sem-graca-como-criar-um-modelo-bonito-que-transforma-qualquer-ambiente\/","og_site_name":"Estado de Minas - Em foco","article_published_time":"2026-04-30T11:55:00+00:00","article_modified_time":"2026-04-29T19:45:59+00:00","og_image":[{"width":1280,"height":720,"url":"https:\/\/www.em.com.br\/emfoco\/wp-content\/uploads\/2026\/04\/EmFoco_24-9.jpg","type":"image\/jpeg"}],"author":"Andre\u0301 Rangel\u00a0","twitter_card":"summary_large_image","twitter_misc":{"Escrito por":"Andre\u0301 Rangel\u00a0","Est. tempo de leitura":"5 minutos"},"schema":{"@context":"https:\/\/schema.org","@graph":[{"@type":"WebPage","@id":"https:\/\/www.em.com.br\/emfoco\/2026\/04\/30\/adeus-espelhos-sem-graca-como-criar-um-modelo-bonito-que-transforma-qualquer-ambiente\/","url":"https:\/\/www.em.com.br\/emfoco\/2026\/04\/30\/adeus-espelhos-sem-graca-como-criar-um-modelo-bonito-que-transforma-qualquer-ambiente\/","name":"Adeus espelhos sem gra\u00e7a: como criar um modelo bonito que transforma qualquer ambiente - Estado de Minas - Em foco","isPartOf":{"@id":"https:\/\/www.em.com.br\/emfoco\/#website"},"primaryImageOfPage":{"@id":"https:\/\/www.em.com.br\/emfoco\/2026\/04\/30\/adeus-espelhos-sem-graca-como-criar-um-modelo-bonito-que-transforma-qualquer-ambiente\/#primaryimage"},"image":{"@id":"https:\/\/www.em.com.br\/emfoco\/2026\/04\/30\/adeus-espelhos-sem-graca-como-criar-um-modelo-bonito-que-transforma-qualquer-ambiente\/#primaryimage"},"thumbnailUrl":"https:\/\/www.em.com.br\/emfoco\/wp-content\/uploads\/2026\/04\/EmFoco_24-9.jpg","datePublished":"2026-04-30T11:55:00+00:00","dateModified":"2026-04-29T19:45:59+00:00","author":{"@id":"https:\/\/www.em.com.br\/emfoco\/#\/schema\/person\/60eda09c1fedf0d6891f4cef4b60b8b8"},"description":"Espelho decorativo amplia ambientes, melhora a luz e renova a casa sem reforma. Veja como fazer o seu em casa.","breadcrumb":{"@id":"https:\/\/www.em.com.br\/emfoco\/2026\/04\/30\/adeus-espelhos-sem-graca-como-criar-um-modelo-bonito-que-transforma-qualquer-ambiente\/#breadcrumb"},"inLanguage":"pt-BR","potentialAction":[{"@type":"ReadAction","target":["https:\/\/www.em.com.br\/emfoco\/2026\/04\/30\/adeus-espelhos-sem-graca-como-criar-um-modelo-bonito-que-transforma-qualquer-ambiente\/"]}]},{"@type":"ImageObject","inLanguage":"pt-BR","@id":"https:\/\/www.em.com.br\/emfoco\/2026\/04\/30\/adeus-espelhos-sem-graca-como-criar-um-modelo-bonito-que-transforma-qualquer-ambiente\/#primaryimage","url":"https:\/\/www.em.com.br\/emfoco\/wp-content\/uploads\/2026\/04\/EmFoco_24-9.jpg","contentUrl":"https:\/\/www.em.com.br\/emfoco\/wp-content\/uploads\/2026\/04\/EmFoco_24-9.jpg","width":1280,"height":720,"caption":"Instala\u00e7\u00e3o estrat\u00e9gica de espelhos artesanais amplia ilumina\u00e7\u00e3o e renova a est\u00e9tica dos ambientes"},{"@type":"BreadcrumbList","@id":"https:\/\/www.em.com.br\/emfoco\/2026\/04\/30\/adeus-espelhos-sem-graca-como-criar-um-modelo-bonito-que-transforma-qualquer-ambiente\/#breadcrumb","itemListElement":[{"@type":"ListItem","position":1,"name":"In\u00edcio","item":"https:\/\/www.em.com.br\/emfoco\/"},{"@type":"ListItem","position":2,"name":"Adeus espelhos sem gra\u00e7a: como criar um modelo bonito que transforma qualquer ambiente"}]},{"@type":"WebSite","@id":"https:\/\/www.em.com.br\/emfoco\/#website","url":"https:\/\/www.em.com.br\/emfoco\/","name":"Estado de Minas - Em foco","description":"Acompanhe as \u00faltimas not\u00edcias e fique bem informado sobre tudo o que acontece em Minas Gerais, Brasil e no mundo.","potentialAction":[{"@type":"SearchAction","target":{"@type":"EntryPoint","urlTemplate":"https:\/\/www.em.com.br\/emfoco\/?s={search_term_string}"},"query-input":{"@type":"PropertyValueSpecification","valueRequired":true,"valueName":"search_term_string"}}],"inLanguage":"pt-BR"},{"@type":"Person","@id":"https:\/\/www.em.com.br\/emfoco\/#\/schema\/person\/60eda09c1fedf0d6891f4cef4b60b8b8","name":"Andre\u0301 Rangel\u00a0","image":{"@type":"ImageObject","inLanguage":"pt-BR","@id":"https:\/\/www.em.com.br\/emfoco\/#\/schema\/person\/image\/","url":"https:\/\/secure.gravatar.com\/avatar\/6234dc814c77c8ef6d8bba622c787efc?s=96&d=mm&r=g","contentUrl":"https:\/\/secure.gravatar.com\/avatar\/6234dc814c77c8ef6d8bba622c787efc?s=96&d=mm&r=g","caption":"Andre\u0301 Rangel\u00a0"},"url":"https:\/\/www.em.com.br\/emfoco\/author\/luizmyth\/"}]}},"_links":{"self":[{"href":"https:\/\/www.em.com.br\/emfoco\/wp-json\/wp\/v2\/posts\/200125","targetHints":{"allow":["GET"]}}],"collection":[{"href":"https:\/\/www.em.com.br\/emfoco\/wp-json\/wp\/v2\/posts"}],"about":[{"href":"https:\/\/www.em.com.br\/emfoco\/wp-json\/wp\/v2\/types\/post"}],"author":[{"embeddable":true,"href":"https:\/\/www.em.com.br\/emfoco\/wp-json\/wp\/v2\/users\/11"}],"replies":[{"embeddable":true,"href":"https:\/\/www.em.com.br\/emfoco\/wp-json\/wp\/v2\/comments?post=200125"}],"version-history":[{"count":3,"href":"https:\/\/www.em.com.br\/emfoco\/wp-json\/wp\/v2\/posts\/200125\/revisions"}],"predecessor-version":[{"id":200134,"href":"https:\/\/www.em.com.br\/emfoco\/wp-json\/wp\/v2\/posts\/200125\/revisions\/200134"}],"wp:featuredmedia":[{"embeddable":true,"href":"https:\/\/www.em.com.br\/emfoco\/wp-json\/wp\/v2\/media\/201624"}],"wp:attachment":[{"href":"https:\/\/www.em.com.br\/emfoco\/wp-json\/wp\/v2\/media?parent=200125"}],"wp:term":[{"taxonomy":"category","embeddable":true,"href":"https:\/\/www.em.com.br\/emfoco\/wp-json\/wp\/v2\/categories?post=200125"},{"taxonomy":"post_tag","embeddable":true,"href":"https:\/\/www.em.com.br\/emfoco\/wp-json\/wp\/v2\/tags?post=200125"}],"curies":[{"name":"wp","href":"https:\/\/api.w.org\/{rel}","templated":true}]}}