{"id":200120,"date":"2026-04-30T07:55:00","date_gmt":"2026-04-30T10:55:00","guid":{"rendered":"https:\/\/www.em.com.br\/emfoco\/?p=200120"},"modified":"2026-04-29T16:45:48","modified_gmt":"2026-04-29T19:45:48","slug":"qual-eletrodomestico-deve-ser-desligado-da-tomada-para-evitar-incendios","status":"publish","type":"post","link":"https:\/\/www.em.com.br\/emfoco\/2026\/04\/30\/qual-eletrodomestico-deve-ser-desligado-da-tomada-para-evitar-incendios\/","title":{"rendered":"Qual eletrodom\u00e9stico deve ser desligado da tomada para evitar inc\u00eandios"},"content":{"rendered":"\n<p>Entre os diversos eletrodom\u00e9sticos do dia a dia, a<strong> torradeira el\u00e9trica<\/strong> exige aten\u00e7\u00e3o redobrada. Pequena e usada por poucos minutos, ela pode representar um risco real de inc\u00eandio se permanecer ligada na tomada ap\u00f3s o uso, por isso especialistas refor\u00e7am que <strong>desligar <\/strong>e\u00a0<strong>desconectar a torradeira<\/strong>\u00a0do circuito el\u00e9trico \u00e9 hoje uma medida b\u00e1sica e indispens\u00e1vel de seguran\u00e7a em qualquer resid\u00eancia.<\/p>\n\n\n\n<h2 class=\"wp-block-heading\">Por que \u00e9 perigoso deixar a torradeira na tomada depois do uso<\/h2>\n\n\n\n<p>Mesmo em repouso, o sistema interno da torradeira continua conectado \u00e0 rede de energia, o que pode favorecer aquecimentos indesejados, <a href=\"https:\/\/brasilescola.uol.com.br\/fisica\/curtocircuito.htm\" target=\"_blank\" rel=\"noreferrer noopener\">curtos-circuitos<\/a> e outras falhas el\u00e9tricas silenciosas. Em cozinhas pequenas ou com muitos objetos inflam\u00e1veis, esse funcionamento \u201cinvis\u00edvel\u201d aumenta significativamente o potencial de incidentes dom\u00e9sticos.<\/p>\n\n\n\n<p>Ao contr\u00e1rio de aparelhos com desligamento completo, muitas torradeiras apenas encerram o ciclo de aquecimento, mas seguem em contato com a corrente el\u00e9trica. Componentes internos podem manter pequena carga e, em condi\u00e7\u00f5es espec\u00edficas, gerar fa\u00edscas ou aquecimentos localizados capazes de iniciar um princ\u00edpio de inc\u00eandio.<\/p>\n\n\n\n<figure class=\"wp-block-image\"><img decoding=\"async\" src=\"https:\/\/www.em.com.br\/emfoco\/wp-content\/uploads\/2025\/06\/torradeira-_1749936278895-1024x576.jpg\" alt=\"\"\/><figcaption class=\"wp-element-caption\">Torradeira na tomada pode causar inc\u00eandio\u00a0&#8211; Cr\u00e9ditos: depositphotos.com \/ AllaSerebrina<\/figcaption><\/figure>\n\n\n\n<h2 class=\"wp-block-heading\">Quais s\u00e3o os riscos principais ao usar a torradeira de forma cont\u00ednua<\/h2>\n\n\n\n<p>O ac\u00famulo de migalhas e restos de p\u00e3o na base ou pr\u00f3ximo \u00e0s resist\u00eancias \u00e9 um dos pontos mais cr\u00edticos. Se houver falha t\u00e9rmica, curto interno ou acionamento acidental, esses res\u00edduos podem inflamar rapidamente e espalhar chamas para <a href=\"https:\/\/www.em.com.br\/emfoco\/2026\/04\/17\/adeus-papel-toalha-essa-invencao-mais-economica-comeca-a-conquistar-os-lares\/\" target=\"_blank\" rel=\"noreferrer noopener\">papel-toalha<\/a>, panos de prato ou embalagens pl\u00e1sticas na bancada.<\/p>\n\n\n\n<p>Profissionais que investigam sinistros relatam que a combina\u00e7\u00e3o de calor, res\u00edduos org\u00e2nicos e conex\u00e3o constante \u00e0 tomada \u00e9 recorrente em inc\u00eandios de cozinha. Por isso, a torradeira \u00e9 considerada um aparelho de uso pontual: deve ser ligada apenas durante o preparo e&nbsp;<strong>sempre desconectada<\/strong>&nbsp;logo em seguida.<\/p>\n\n\n\n<h2 class=\"wp-block-heading\">Quais s\u00e3o os problemas el\u00e9tricos mais comuns na torradeira ligada<\/h2>\n\n\n\n<p>Entre os problemas mais frequentes est\u00e1 o&nbsp;<strong>curto-circuito<\/strong>, causado por isolamento desgastado dos fios internos ou umidade no ambiente. Pequenas descargas podem ser suficientes para iniciar um inc\u00eandio, sobretudo quando o aparelho est\u00e1 encostado em superf\u00edcies de madeira ou pr\u00f3ximo a cortinas e tecidos.<\/p>\n\n\n\n<p>Em instala\u00e7\u00f5es com extens\u00f5es e adaptadores sobrecarregados, a torradeira ligada continuamente aumenta a carga no circuito e o aquecimento dos cabos. Alguns fatores aparecem de forma repetida em relat\u00f3rios de risco e merecem aten\u00e7\u00e3o especial:<\/p>\n\n\n\n<ul class=\"wp-block-list\">\n<li>Ac\u00famulo de migalhas e res\u00edduos org\u00e2nicos pr\u00f3ximos \u00e0s resist\u00eancias;<\/li>\n\n\n\n<li>Falhas no termostato ou no sistema de desligamento autom\u00e1tico;<\/li>\n\n\n\n<li>Umidade ou gordura em contato com componentes energizados;<\/li>\n\n\n\n<li>Tomadas e extens\u00f5es sobrecarregadas ou mal dimensionadas;<\/li>\n\n\n\n<li>Contato com objetos inflam\u00e1veis sobre ou ao redor da bancada.<\/li>\n<\/ul>\n\n\n\n<figure class=\"wp-block-image\"><img decoding=\"async\" src=\"https:\/\/www.em.com.br\/emfoco\/wp-content\/uploads\/2025\/10\/torradeira-fogo_1761657085263-1024x576.jpg\" alt=\"\"\/><figcaption class=\"wp-element-caption\">Torradeira na tomada pode causar inc\u00eandio &#8211; Cr\u00e9ditos: depositphotos.com \/ MediaCastle<\/figcaption><\/figure>\n\n\n\n<h2 class=\"wp-block-heading\">Quais outros aparelhos de aquecimento exigem o mesmo cuidado<\/h2>\n\n\n\n<p>A torradeira n\u00e3o \u00e9 o \u00fanico equipamento que merece vigil\u00e2ncia constante. <strong>Chaleira el\u00e9trica<\/strong>, <strong>sanduicheira<\/strong>, <strong>forno el\u00e9trico compacto<\/strong>, <strong>fritadeira el\u00e9trica<\/strong> e <strong>aquecedores port\u00e1teis <\/strong>tamb\u00e9m trabalham com altas temperaturas e, em muitos casos, permanecem em modo de espera, aumentando o risco quando instalados em locais com pouca ventila\u00e7\u00e3o.<\/p>\n\n\n\n<p>Para reduzir falhas humanas, vale adotar uma rotina simples ap\u00f3s o uso: desligar no bot\u00e3o, aguardar alguns minutos para resfriar, retirar o plugue segurando pelo corpo, afastar o equipamento de objetos inflam\u00e1veis e limpar bandejas de res\u00edduos regularmente. Esses cuidados preservam a instala\u00e7\u00e3o el\u00e9trica e prolongam a vida \u00fatil dos aparelhos. Em modelos mais modernos de torradeiras, mesmo que exista fun\u00e7\u00e3o de desligamento autom\u00e1tico ou timer digital, os especialistas recomendam manter o h\u00e1bito de retirar o plugue da tomada, pois esses recursos reduzem, mas n\u00e3o eliminam totalmente o risco el\u00e9trico e t\u00e9rmico.<\/p>\n\n\n\n<h2 class=\"wp-block-heading\">Como criar o h\u00e1bito de manter a torradeira sempre desconectada<\/h2>\n\n\n\n<p>Criar o h\u00e1bito come\u00e7a por tratar a torradeira como um item de uso r\u00e1pido, que entra em cena apenas na hora do preparo. Definir um local espec\u00edfico de guarda, um pouco afastado da tomada, ajuda a evitar que o aparelho fique montado permanentemente na bancada e conectado por comodidade.<\/p>\n\n\n\n<p>Associe o ato de desligar e tirar da tomada ao fim do caf\u00e9 da manh\u00e3 ou do lanche, combinando lembretes visuais, acordos entre os moradores e uma checagem final da cozinha antes de sair ou dormir. Comece hoje: desconecte sua torradeira ap\u00f3s cada uso e incentive todos na casa a fazer o mesmo \u2014 esse gesto simples pode ser a diferen\u00e7a entre uma rotina segura e um inc\u00eandio devastador.<\/p>\n","protected":false},"excerpt":{"rendered":"<p>Entre os diversos eletrodom\u00e9sticos do dia a dia, a torradeira el\u00e9trica exige aten\u00e7\u00e3o redobrada. Pequena e usada por poucos minutos, ela pode representar um risco real de inc\u00eandio se permanecer ligada na tomada ap\u00f3s o uso, por isso especialistas refor\u00e7am que desligar e\u00a0desconectar a torradeira\u00a0do circuito el\u00e9trico \u00e9 hoje uma medida b\u00e1sica e indispens\u00e1vel de [&hellip;]<\/p>\n","protected":false},"author":11,"featured_media":201626,"comment_status":"open","ping_status":"open","sticky":false,"template":"","format":"standard","meta":{"jnews-multi-image_gallery":[],"jnews_single_post":{"format":"standard"},"jnews_primary_category":[],"jnews_social_meta":[],"jnews_override_counter":[],"footnotes":""},"categories":[8819,1],"tags":[3563,28822,1166,16087,11512,28823],"class_list":["post-200120","post","type-post","status-publish","format-standard","has-post-thumbnail","hentry","category-curiosidades","category-noticias","tag-cozinha","tag-desligar-a-torradeira","tag-incendio","tag-tomada","tag-torradeira","tag-urgencia-domestica"],"yoast_head":"<!-- This site is optimized with the Yoast SEO plugin v23.8 - https:\/\/yoast.com\/wordpress\/plugins\/seo\/ -->\n<title>Qual eletrodom\u00e9stico deve ser desligado da tomada para evitar inc\u00eandios - Estado de Minas - Em foco<\/title>\n<meta name=\"description\" content=\"Deixar a torradeira na tomada ap\u00f3s o uso pode trazer riscos reais. Saiba por que especialistas pedem aten\u00e7\u00e3o imediata.\" \/>\n<meta name=\"robots\" content=\"index, follow, max-snippet:-1, max-image-preview:large, max-video-preview:-1\" \/>\n<link rel=\"canonical\" href=\"https:\/\/www.em.com.br\/emfoco\/2026\/04\/30\/qual-eletrodomestico-deve-ser-desligado-da-tomada-para-evitar-incendios\/\" \/>\n<meta property=\"og:locale\" content=\"pt_BR\" \/>\n<meta property=\"og:type\" content=\"article\" \/>\n<meta property=\"og:title\" content=\"Qual eletrodom\u00e9stico deve ser desligado da tomada para evitar inc\u00eandios - Estado de Minas - Em foco\" \/>\n<meta property=\"og:description\" content=\"Deixar a torradeira na tomada ap\u00f3s o uso pode trazer riscos reais. Saiba por que especialistas pedem aten\u00e7\u00e3o imediata.\" \/>\n<meta property=\"og:url\" content=\"https:\/\/www.em.com.br\/emfoco\/2026\/04\/30\/qual-eletrodomestico-deve-ser-desligado-da-tomada-para-evitar-incendios\/\" \/>\n<meta property=\"og:site_name\" content=\"Estado de Minas - Em foco\" \/>\n<meta property=\"article:published_time\" content=\"2026-04-30T10:55:00+00:00\" \/>\n<meta property=\"article:modified_time\" content=\"2026-04-29T19:45:48+00:00\" \/>\n<meta property=\"og:image\" content=\"https:\/\/www.em.com.br\/emfoco\/wp-content\/uploads\/2026\/04\/EmFoco_23-9.jpg\" \/>\n\t<meta property=\"og:image:width\" content=\"1280\" \/>\n\t<meta property=\"og:image:height\" content=\"720\" \/>\n\t<meta property=\"og:image:type\" content=\"image\/jpeg\" \/>\n<meta name=\"author\" content=\"Andre\u0301 Rangel\u00a0\" \/>\n<meta name=\"twitter:card\" content=\"summary_large_image\" \/>\n<meta name=\"twitter:label1\" content=\"Escrito por\" \/>\n\t<meta name=\"twitter:data1\" content=\"Andre\u0301 Rangel\u00a0\" \/>\n\t<meta name=\"twitter:label2\" content=\"Est. tempo de leitura\" \/>\n\t<meta name=\"twitter:data2\" content=\"5 minutos\" \/>\n<!-- \/ Yoast SEO plugin. -->","yoast_head_json":{"title":"Qual eletrodom\u00e9stico deve ser desligado da tomada para evitar inc\u00eandios - Estado de Minas - Em foco","description":"Deixar a torradeira na tomada ap\u00f3s o uso pode trazer riscos reais. Saiba por que especialistas pedem aten\u00e7\u00e3o imediata.","robots":{"index":"index","follow":"follow","max-snippet":"max-snippet:-1","max-image-preview":"max-image-preview:large","max-video-preview":"max-video-preview:-1"},"canonical":"https:\/\/www.em.com.br\/emfoco\/2026\/04\/30\/qual-eletrodomestico-deve-ser-desligado-da-tomada-para-evitar-incendios\/","og_locale":"pt_BR","og_type":"article","og_title":"Qual eletrodom\u00e9stico deve ser desligado da tomada para evitar inc\u00eandios - Estado de Minas - Em foco","og_description":"Deixar a torradeira na tomada ap\u00f3s o uso pode trazer riscos reais. Saiba por que especialistas pedem aten\u00e7\u00e3o imediata.","og_url":"https:\/\/www.em.com.br\/emfoco\/2026\/04\/30\/qual-eletrodomestico-deve-ser-desligado-da-tomada-para-evitar-incendios\/","og_site_name":"Estado de Minas - Em foco","article_published_time":"2026-04-30T10:55:00+00:00","article_modified_time":"2026-04-29T19:45:48+00:00","og_image":[{"width":1280,"height":720,"url":"https:\/\/www.em.com.br\/emfoco\/wp-content\/uploads\/2026\/04\/EmFoco_23-9.jpg","type":"image\/jpeg"}],"author":"Andre\u0301 Rangel\u00a0","twitter_card":"summary_large_image","twitter_misc":{"Escrito por":"Andre\u0301 Rangel\u00a0","Est. tempo de leitura":"5 minutos"},"schema":{"@context":"https:\/\/schema.org","@graph":[{"@type":"WebPage","@id":"https:\/\/www.em.com.br\/emfoco\/2026\/04\/30\/qual-eletrodomestico-deve-ser-desligado-da-tomada-para-evitar-incendios\/","url":"https:\/\/www.em.com.br\/emfoco\/2026\/04\/30\/qual-eletrodomestico-deve-ser-desligado-da-tomada-para-evitar-incendios\/","name":"Qual eletrodom\u00e9stico deve ser desligado da tomada para evitar inc\u00eandios - Estado de Minas - Em foco","isPartOf":{"@id":"https:\/\/www.em.com.br\/emfoco\/#website"},"primaryImageOfPage":{"@id":"https:\/\/www.em.com.br\/emfoco\/2026\/04\/30\/qual-eletrodomestico-deve-ser-desligado-da-tomada-para-evitar-incendios\/#primaryimage"},"image":{"@id":"https:\/\/www.em.com.br\/emfoco\/2026\/04\/30\/qual-eletrodomestico-deve-ser-desligado-da-tomada-para-evitar-incendios\/#primaryimage"},"thumbnailUrl":"https:\/\/www.em.com.br\/emfoco\/wp-content\/uploads\/2026\/04\/EmFoco_23-9.jpg","datePublished":"2026-04-30T10:55:00+00:00","dateModified":"2026-04-29T19:45:48+00:00","author":{"@id":"https:\/\/www.em.com.br\/emfoco\/#\/schema\/person\/60eda09c1fedf0d6891f4cef4b60b8b8"},"description":"Deixar a torradeira na tomada ap\u00f3s o uso pode trazer riscos reais. Saiba por que especialistas pedem aten\u00e7\u00e3o imediata.","breadcrumb":{"@id":"https:\/\/www.em.com.br\/emfoco\/2026\/04\/30\/qual-eletrodomestico-deve-ser-desligado-da-tomada-para-evitar-incendios\/#breadcrumb"},"inLanguage":"pt-BR","potentialAction":[{"@type":"ReadAction","target":["https:\/\/www.em.com.br\/emfoco\/2026\/04\/30\/qual-eletrodomestico-deve-ser-desligado-da-tomada-para-evitar-incendios\/"]}]},{"@type":"ImageObject","inLanguage":"pt-BR","@id":"https:\/\/www.em.com.br\/emfoco\/2026\/04\/30\/qual-eletrodomestico-deve-ser-desligado-da-tomada-para-evitar-incendios\/#primaryimage","url":"https:\/\/www.em.com.br\/emfoco\/wp-content\/uploads\/2026\/04\/EmFoco_23-9.jpg","contentUrl":"https:\/\/www.em.com.br\/emfoco\/wp-content\/uploads\/2026\/04\/EmFoco_23-9.jpg","width":1280,"height":720,"caption":"Desconectar aparelhos de aquecimento previne inc\u00eandios causados por curtos-circuitos e res\u00edduos inflam\u00e1veis"},{"@type":"BreadcrumbList","@id":"https:\/\/www.em.com.br\/emfoco\/2026\/04\/30\/qual-eletrodomestico-deve-ser-desligado-da-tomada-para-evitar-incendios\/#breadcrumb","itemListElement":[{"@type":"ListItem","position":1,"name":"In\u00edcio","item":"https:\/\/www.em.com.br\/emfoco\/"},{"@type":"ListItem","position":2,"name":"Qual eletrodom\u00e9stico deve ser desligado da tomada para evitar inc\u00eandios"}]},{"@type":"WebSite","@id":"https:\/\/www.em.com.br\/emfoco\/#website","url":"https:\/\/www.em.com.br\/emfoco\/","name":"Estado de Minas - Em foco","description":"Acompanhe as \u00faltimas not\u00edcias e fique bem informado sobre tudo o que acontece em Minas Gerais, Brasil e no mundo.","potentialAction":[{"@type":"SearchAction","target":{"@type":"EntryPoint","urlTemplate":"https:\/\/www.em.com.br\/emfoco\/?s={search_term_string}"},"query-input":{"@type":"PropertyValueSpecification","valueRequired":true,"valueName":"search_term_string"}}],"inLanguage":"pt-BR"},{"@type":"Person","@id":"https:\/\/www.em.com.br\/emfoco\/#\/schema\/person\/60eda09c1fedf0d6891f4cef4b60b8b8","name":"Andre\u0301 Rangel\u00a0","image":{"@type":"ImageObject","inLanguage":"pt-BR","@id":"https:\/\/www.em.com.br\/emfoco\/#\/schema\/person\/image\/","url":"https:\/\/secure.gravatar.com\/avatar\/6234dc814c77c8ef6d8bba622c787efc?s=96&d=mm&r=g","contentUrl":"https:\/\/secure.gravatar.com\/avatar\/6234dc814c77c8ef6d8bba622c787efc?s=96&d=mm&r=g","caption":"Andre\u0301 Rangel\u00a0"},"url":"https:\/\/www.em.com.br\/emfoco\/author\/luizmyth\/"}]}},"_links":{"self":[{"href":"https:\/\/www.em.com.br\/emfoco\/wp-json\/wp\/v2\/posts\/200120","targetHints":{"allow":["GET"]}}],"collection":[{"href":"https:\/\/www.em.com.br\/emfoco\/wp-json\/wp\/v2\/posts"}],"about":[{"href":"https:\/\/www.em.com.br\/emfoco\/wp-json\/wp\/v2\/types\/post"}],"author":[{"embeddable":true,"href":"https:\/\/www.em.com.br\/emfoco\/wp-json\/wp\/v2\/users\/11"}],"replies":[{"embeddable":true,"href":"https:\/\/www.em.com.br\/emfoco\/wp-json\/wp\/v2\/comments?post=200120"}],"version-history":[{"count":3,"href":"https:\/\/www.em.com.br\/emfoco\/wp-json\/wp\/v2\/posts\/200120\/revisions"}],"predecessor-version":[{"id":200124,"href":"https:\/\/www.em.com.br\/emfoco\/wp-json\/wp\/v2\/posts\/200120\/revisions\/200124"}],"wp:featuredmedia":[{"embeddable":true,"href":"https:\/\/www.em.com.br\/emfoco\/wp-json\/wp\/v2\/media\/201626"}],"wp:attachment":[{"href":"https:\/\/www.em.com.br\/emfoco\/wp-json\/wp\/v2\/media?parent=200120"}],"wp:term":[{"taxonomy":"category","embeddable":true,"href":"https:\/\/www.em.com.br\/emfoco\/wp-json\/wp\/v2\/categories?post=200120"},{"taxonomy":"post_tag","embeddable":true,"href":"https:\/\/www.em.com.br\/emfoco\/wp-json\/wp\/v2\/tags?post=200120"}],"curies":[{"name":"wp","href":"https:\/\/api.w.org\/{rel}","templated":true}]}}