{"id":200118,"date":"2026-04-30T06:05:00","date_gmt":"2026-04-30T09:05:00","guid":{"rendered":"https:\/\/www.em.com.br\/emfoco\/?p=200118"},"modified":"2026-04-29T16:45:25","modified_gmt":"2026-04-29T19:45:25","slug":"nao-e-para-trazer-sorte-o-real-motivo-para-canela-na-porta-de-entrada-antes-de-comecar-o-mes-de-maio","status":"publish","type":"post","link":"https:\/\/www.em.com.br\/emfoco\/2026\/04\/30\/nao-e-para-trazer-sorte-o-real-motivo-para-canela-na-porta-de-entrada-antes-de-comecar-o-mes-de-maio\/","title":{"rendered":"N\u00e3o \u00e9 para trazer sorte: o real motivo para canela na porta de entrada antes de come\u00e7ar o m\u00eas de maio"},"content":{"rendered":"\n<p>Com a chegada dos dias mais quentes, muitas casas come\u00e7am a receber um visitante nada discreto: as <strong>formigas<\/strong>. Elas costumam entrar em busca de comida e umidade e, quando se instalam em cozinhas e despensas, levantam alertas sobre higiene, contamina\u00e7\u00e3o de alimentos e bem-estar dos moradores, o que faz crescer o interesse por alternativas naturais antes de partir para inseticidas qu\u00edmicos.<\/p>\n\n\n\n<h2 class=\"wp-block-heading\">Por que as formigas aparecem com mais frequ\u00eancia dentro de casa<\/h2>\n\n\n\n<p>A presen\u00e7a de <a href=\"https:\/\/www.em.com.br\/emfoco\/2026\/04\/18\/como-acabar-com-formigas-doceiras-sem-piorar-a-infestacao-dentro-de-casa\/\" target=\"_blank\" rel=\"noreferrer noopener\">formigas <\/a>no ambiente dom\u00e9stico est\u00e1 ligada principalmente \u00e0 oferta de alimento, disponibilidade de \u00e1gua e facilidade de acesso. A\u00e7\u00facares, migalhas, l\u00edquidos doces e qualquer res\u00edduo org\u00e2nico, mesmo em pequenas quantidades, podem servir de ponto de interesse e originar trilhas intensas dentro de casa.<\/p>\n\n\n\n<p>Fendas em rodap\u00e9s, frestas em janelas, espa\u00e7os ao redor de canos e rachaduras em paredes funcionam como verdadeiros corredores. Em \u00e9pocas mais quentes e \u00famidas, a col\u00f4nia intensifica a busca por recursos, o que explica a sensa\u00e7\u00e3o de \u201cinvas\u00e3o\u201d justamente na primavera e no ver\u00e3o.<\/p>\n\n\n\n<figure class=\"wp-block-image\"><img decoding=\"async\" src=\"https:\/\/www.em.com.br\/emfoco\/wp-content\/uploads\/2025\/06\/formigas-em-casa_1749311225894-1024x576.jpg\" alt=\"\"\/><figcaption class=\"wp-element-caption\">Formigas em casa somem com truque natural &#8211; Cr\u00e9ditos: depositphotos.com \/ robertohunger<\/figcaption><\/figure>\n\n\n\n<h2 class=\"wp-block-heading\">Como a temperatura e a umidade influenciam o comportamento das formigas<\/h2>\n\n\n\n<p>Varia\u00e7\u00f5es de temperatura e de umidade ao longo do ano interferem diretamente no <a href=\"https:\/\/ddjlle.com.br\/conheca-o-comportamento-das-formigas\/\" target=\"_blank\" rel=\"noreferrer noopener\">comportamento das formigas<\/a>. Em per\u00edodos de calor intenso, o metabolismo desses insetos se acelera, aumentando a procura por comida e \u00e1gua e a chance de entrada nas casas.<\/p>\n\n\n\n<p>Em esta\u00e7\u00f5es secas, \u00e9 comum que migrem para o interior das resid\u00eancias em busca de locais mais \u00famidos; j\u00e1 em momentos de chuva forte, podem abandonar ninhos alagados e procurar abrigos secos em frestas, rodap\u00e9s e estruturas internas, ampliando o contato com \u00e1reas de preparo de alimentos.<\/p>\n\n\n\n<h2 class=\"wp-block-heading\">Como afastar formigas com m\u00e9todos naturais de forma pr\u00e1tica<\/h2>\n\n\n\n<p>A palavra-chave para lidar com formigas de forma menos agressiva \u00e9 preven\u00e7\u00e3o. A limpeza frequente de bancadas, o descarte correto do lixo e o armazenamento dos alimentos em potes bem fechados reduzem bastante o interesse das formigas pelo ambiente, especialmente em cozinhas e despensas.<\/p>\n\n\n\n<p>Depois de eliminar o m\u00e1ximo poss\u00edvel de atrativos, o uso de barreiras naturais pode complementar a estrat\u00e9gia. Diversas subst\u00e2ncias com cheiro intenso atuam como repelentes e ajudam a afastar as formigas das rotas mais comuns, sem necessariamente eliminar a col\u00f4nia:<\/p>\n\n\n\n<ul class=\"wp-block-list\">\n<li><strong>Canela em p\u00f3<\/strong>, espalhada ao longo das trilhas vis\u00edveis e pontos de entrada;<\/li>\n\n\n\n<li><strong>\u00d3leo de canela<\/strong>, dilu\u00eddo em \u00e1gua e aplicado com borrifador em cantos e rodap\u00e9s;<\/li>\n\n\n\n<li><strong>Vinagre branco<\/strong>, usado na limpeza de superf\u00edcies para apagar rastros qu\u00edmicos;<\/li>\n\n\n\n<li><strong>Cravo-da-\u00edndia e folhas de louro<\/strong>, colocados em arm\u00e1rios como repelentes arom\u00e1ticos;<\/li>\n\n\n\n<li><strong>Lim\u00e3o<\/strong>\u00a0ou outros c\u00edtricos, aplicados em locais de passagem recorrente de formigas.<\/li>\n<\/ul>\n\n\n\n<figure class=\"wp-block-image\"><img decoding=\"async\" src=\"https:\/\/www.em.com.br\/emfoco\/wp-content\/uploads\/2026\/04\/Gemini_Generated_Image_xqwz5rxqwz5rxqwz-1-1024x576.png\" alt=\"\"\/><figcaption class=\"wp-element-caption\">Formigas em casa somem com truque natural<\/figcaption><\/figure>\n\n\n\n<h2 class=\"wp-block-heading\">Canela realmente afasta formigas e como usar no dia a dia<\/h2>\n\n\n\n<p>A canela se consolidou como um dos rem\u00e9dios caseiros para formigas mais citados em ambientes dom\u00e9sticos. O cheiro marcante desse condimento interfere na orienta\u00e7\u00e3o das trilhas, funcionando como um \u201cmuro\u201d arom\u00e1tico que leva muitas col\u00f4nias a evitarem o trajeto e buscarem outro caminho.<\/p>\n\n\n\n<p>Ao usar \u00f3leo essencial de canela, \u00e9 poss\u00edvel diluir algumas gotas em \u00e1gua limpa, agitar bem o frasco e aplicar a solu\u00e7\u00e3o em rodap\u00e9s, cantos, soleiras de portas e \u00e1reas com fluxo intenso de formigas. Especialistas ressaltam que a canela tem efeito principalmente repelente, sendo mais eficiente quando combinada com higieniza\u00e7\u00e3o constante e veda\u00e7\u00e3o de frestas.<\/p>\n\n\n\n<h2 class=\"wp-block-heading\">Quando procurar ajuda profissional e por que n\u00e3o adiar essa decis\u00e3o<\/h2>\n\n\n\n<p>Solu\u00e7\u00f5es naturais funcionam bem em situa\u00e7\u00f5es pontuais, mas quando o n\u00famero de insetos aumenta rapidamente, surgem formigas em v\u00e1rios c\u00f4modos ao mesmo tempo ou s\u00e3o identificados ninhos dentro da estrutura da casa, \u00e9 sinal de que a infesta\u00e7\u00e3o ficou s\u00e9ria e exige aten\u00e7\u00e3o imediata. Nesses casos, empresas especializadas avaliam o tipo de formiga, o tamanho da col\u00f4nia e os pontos de abrigo para definir uma estrat\u00e9gia realmente eficaz e segura.<\/p>\n\n\n\n<p>Adiar essa decis\u00e3o pode piorar o problema, aumentar o risco de contamina\u00e7\u00e3o de alimentos e comprometer a sa\u00fade de crian\u00e7as, idosos e animais de estima\u00e7\u00e3o. Se voc\u00ea j\u00e1 percebeu que os m\u00e9todos caseiros n\u00e3o est\u00e3o dando conta, busque ajuda profissional agora mesmo e retome o controle do seu ambiente antes que a infesta\u00e7\u00e3o se torne ainda mais dif\u00edcil e cara de resolver.<\/p>\n","protected":false},"excerpt":{"rendered":"<p>Com a chegada dos dias mais quentes, muitas casas come\u00e7am a receber um visitante nada discreto: as formigas. Elas costumam entrar em busca de comida e umidade e, quando se instalam em cozinhas e despensas, levantam alertas sobre higiene, contamina\u00e7\u00e3o de alimentos e bem-estar dos moradores, o que faz crescer o interesse por alternativas naturais [&hellip;]<\/p>\n","protected":false},"author":11,"featured_media":201629,"comment_status":"open","ping_status":"open","sticky":false,"template":"","format":"standard","meta":{"jnews-multi-image_gallery":[],"jnews_single_post":{"format":"standard"},"jnews_primary_category":[],"jnews_social_meta":[],"jnews_override_counter":[],"footnotes":""},"categories":[8819,1],"tags":[3563,9507,21033,3337,28821],"class_list":["post-200118","post","type-post","status-publish","format-standard","has-post-thumbnail","hentry","category-curiosidades","category-noticias","tag-cozinha","tag-formigas","tag-inseticida","tag-limpeza","tag-tendencia-domestica"],"yoast_head":"<!-- This site is optimized with the Yoast SEO plugin v23.8 - https:\/\/yoast.com\/wordpress\/plugins\/seo\/ -->\n<title>N\u00e3o \u00e9 para trazer sorte: o real motivo para canela na porta de entrada antes de come\u00e7ar o m\u00eas de maio - Estado de Minas - Em foco<\/title>\n<meta name=\"description\" content=\"Formigas invadem casas no calor, mas um truque natural pode ajudar. Saiba como usar canela e outros m\u00e9todos simples.\" \/>\n<meta name=\"robots\" content=\"index, follow, max-snippet:-1, max-image-preview:large, max-video-preview:-1\" \/>\n<link rel=\"canonical\" href=\"https:\/\/www.em.com.br\/emfoco\/2026\/04\/30\/nao-e-para-trazer-sorte-o-real-motivo-para-canela-na-porta-de-entrada-antes-de-comecar-o-mes-de-maio\/\" \/>\n<meta property=\"og:locale\" content=\"pt_BR\" \/>\n<meta property=\"og:type\" content=\"article\" \/>\n<meta property=\"og:title\" content=\"N\u00e3o \u00e9 para trazer sorte: o real motivo para canela na porta de entrada antes de come\u00e7ar o m\u00eas de maio - Estado de Minas - Em foco\" \/>\n<meta property=\"og:description\" content=\"Formigas invadem casas no calor, mas um truque natural pode ajudar. Saiba como usar canela e outros m\u00e9todos simples.\" \/>\n<meta property=\"og:url\" content=\"https:\/\/www.em.com.br\/emfoco\/2026\/04\/30\/nao-e-para-trazer-sorte-o-real-motivo-para-canela-na-porta-de-entrada-antes-de-comecar-o-mes-de-maio\/\" \/>\n<meta property=\"og:site_name\" content=\"Estado de Minas - Em foco\" \/>\n<meta property=\"article:published_time\" content=\"2026-04-30T09:05:00+00:00\" \/>\n<meta property=\"article:modified_time\" content=\"2026-04-29T19:45:25+00:00\" \/>\n<meta property=\"og:image\" content=\"https:\/\/www.em.com.br\/emfoco\/wp-content\/uploads\/2026\/04\/EmFoco_20-8.jpg\" \/>\n\t<meta property=\"og:image:width\" content=\"1280\" \/>\n\t<meta property=\"og:image:height\" content=\"720\" \/>\n\t<meta property=\"og:image:type\" content=\"image\/jpeg\" \/>\n<meta name=\"author\" content=\"Andre\u0301 Rangel\u00a0\" \/>\n<meta name=\"twitter:card\" content=\"summary_large_image\" \/>\n<meta name=\"twitter:label1\" content=\"Escrito por\" \/>\n\t<meta name=\"twitter:data1\" content=\"Andre\u0301 Rangel\u00a0\" \/>\n\t<meta name=\"twitter:label2\" content=\"Est. tempo de leitura\" \/>\n\t<meta name=\"twitter:data2\" content=\"5 minutos\" \/>\n<!-- \/ Yoast SEO plugin. -->","yoast_head_json":{"title":"N\u00e3o \u00e9 para trazer sorte: o real motivo para canela na porta de entrada antes de come\u00e7ar o m\u00eas de maio - Estado de Minas - Em foco","description":"Formigas invadem casas no calor, mas um truque natural pode ajudar. Saiba como usar canela e outros m\u00e9todos simples.","robots":{"index":"index","follow":"follow","max-snippet":"max-snippet:-1","max-image-preview":"max-image-preview:large","max-video-preview":"max-video-preview:-1"},"canonical":"https:\/\/www.em.com.br\/emfoco\/2026\/04\/30\/nao-e-para-trazer-sorte-o-real-motivo-para-canela-na-porta-de-entrada-antes-de-comecar-o-mes-de-maio\/","og_locale":"pt_BR","og_type":"article","og_title":"N\u00e3o \u00e9 para trazer sorte: o real motivo para canela na porta de entrada antes de come\u00e7ar o m\u00eas de maio - Estado de Minas - Em foco","og_description":"Formigas invadem casas no calor, mas um truque natural pode ajudar. Saiba como usar canela e outros m\u00e9todos simples.","og_url":"https:\/\/www.em.com.br\/emfoco\/2026\/04\/30\/nao-e-para-trazer-sorte-o-real-motivo-para-canela-na-porta-de-entrada-antes-de-comecar-o-mes-de-maio\/","og_site_name":"Estado de Minas - Em foco","article_published_time":"2026-04-30T09:05:00+00:00","article_modified_time":"2026-04-29T19:45:25+00:00","og_image":[{"width":1280,"height":720,"url":"https:\/\/www.em.com.br\/emfoco\/wp-content\/uploads\/2026\/04\/EmFoco_20-8.jpg","type":"image\/jpeg"}],"author":"Andre\u0301 Rangel\u00a0","twitter_card":"summary_large_image","twitter_misc":{"Escrito por":"Andre\u0301 Rangel\u00a0","Est. tempo de leitura":"5 minutos"},"schema":{"@context":"https:\/\/schema.org","@graph":[{"@type":"WebPage","@id":"https:\/\/www.em.com.br\/emfoco\/2026\/04\/30\/nao-e-para-trazer-sorte-o-real-motivo-para-canela-na-porta-de-entrada-antes-de-comecar-o-mes-de-maio\/","url":"https:\/\/www.em.com.br\/emfoco\/2026\/04\/30\/nao-e-para-trazer-sorte-o-real-motivo-para-canela-na-porta-de-entrada-antes-de-comecar-o-mes-de-maio\/","name":"N\u00e3o \u00e9 para trazer sorte: o real motivo para canela na porta de entrada antes de come\u00e7ar o m\u00eas de maio - Estado de Minas - Em foco","isPartOf":{"@id":"https:\/\/www.em.com.br\/emfoco\/#website"},"primaryImageOfPage":{"@id":"https:\/\/www.em.com.br\/emfoco\/2026\/04\/30\/nao-e-para-trazer-sorte-o-real-motivo-para-canela-na-porta-de-entrada-antes-de-comecar-o-mes-de-maio\/#primaryimage"},"image":{"@id":"https:\/\/www.em.com.br\/emfoco\/2026\/04\/30\/nao-e-para-trazer-sorte-o-real-motivo-para-canela-na-porta-de-entrada-antes-de-comecar-o-mes-de-maio\/#primaryimage"},"thumbnailUrl":"https:\/\/www.em.com.br\/emfoco\/wp-content\/uploads\/2026\/04\/EmFoco_20-8.jpg","datePublished":"2026-04-30T09:05:00+00:00","dateModified":"2026-04-29T19:45:25+00:00","author":{"@id":"https:\/\/www.em.com.br\/emfoco\/#\/schema\/person\/60eda09c1fedf0d6891f4cef4b60b8b8"},"description":"Formigas invadem casas no calor, mas um truque natural pode ajudar. Saiba como usar canela e outros m\u00e9todos simples.","breadcrumb":{"@id":"https:\/\/www.em.com.br\/emfoco\/2026\/04\/30\/nao-e-para-trazer-sorte-o-real-motivo-para-canela-na-porta-de-entrada-antes-de-comecar-o-mes-de-maio\/#breadcrumb"},"inLanguage":"pt-BR","potentialAction":[{"@type":"ReadAction","target":["https:\/\/www.em.com.br\/emfoco\/2026\/04\/30\/nao-e-para-trazer-sorte-o-real-motivo-para-canela-na-porta-de-entrada-antes-de-comecar-o-mes-de-maio\/"]}]},{"@type":"ImageObject","inLanguage":"pt-BR","@id":"https:\/\/www.em.com.br\/emfoco\/2026\/04\/30\/nao-e-para-trazer-sorte-o-real-motivo-para-canela-na-porta-de-entrada-antes-de-comecar-o-mes-de-maio\/#primaryimage","url":"https:\/\/www.em.com.br\/emfoco\/wp-content\/uploads\/2026\/04\/EmFoco_20-8.jpg","contentUrl":"https:\/\/www.em.com.br\/emfoco\/wp-content\/uploads\/2026\/04\/EmFoco_20-8.jpg","width":1280,"height":720,"caption":"M\u00e9todos naturais e higiene constante afastam formigas sem o uso de inseticidas"},{"@type":"BreadcrumbList","@id":"https:\/\/www.em.com.br\/emfoco\/2026\/04\/30\/nao-e-para-trazer-sorte-o-real-motivo-para-canela-na-porta-de-entrada-antes-de-comecar-o-mes-de-maio\/#breadcrumb","itemListElement":[{"@type":"ListItem","position":1,"name":"In\u00edcio","item":"https:\/\/www.em.com.br\/emfoco\/"},{"@type":"ListItem","position":2,"name":"N\u00e3o \u00e9 para trazer sorte: o real motivo para canela na porta de entrada antes de come\u00e7ar o m\u00eas de maio"}]},{"@type":"WebSite","@id":"https:\/\/www.em.com.br\/emfoco\/#website","url":"https:\/\/www.em.com.br\/emfoco\/","name":"Estado de Minas - Em foco","description":"Acompanhe as \u00faltimas not\u00edcias e fique bem informado sobre tudo o que acontece em Minas Gerais, Brasil e no mundo.","potentialAction":[{"@type":"SearchAction","target":{"@type":"EntryPoint","urlTemplate":"https:\/\/www.em.com.br\/emfoco\/?s={search_term_string}"},"query-input":{"@type":"PropertyValueSpecification","valueRequired":true,"valueName":"search_term_string"}}],"inLanguage":"pt-BR"},{"@type":"Person","@id":"https:\/\/www.em.com.br\/emfoco\/#\/schema\/person\/60eda09c1fedf0d6891f4cef4b60b8b8","name":"Andre\u0301 Rangel\u00a0","image":{"@type":"ImageObject","inLanguage":"pt-BR","@id":"https:\/\/www.em.com.br\/emfoco\/#\/schema\/person\/image\/","url":"https:\/\/secure.gravatar.com\/avatar\/6234dc814c77c8ef6d8bba622c787efc?s=96&d=mm&r=g","contentUrl":"https:\/\/secure.gravatar.com\/avatar\/6234dc814c77c8ef6d8bba622c787efc?s=96&d=mm&r=g","caption":"Andre\u0301 Rangel\u00a0"},"url":"https:\/\/www.em.com.br\/emfoco\/author\/luizmyth\/"}]}},"_links":{"self":[{"href":"https:\/\/www.em.com.br\/emfoco\/wp-json\/wp\/v2\/posts\/200118","targetHints":{"allow":["GET"]}}],"collection":[{"href":"https:\/\/www.em.com.br\/emfoco\/wp-json\/wp\/v2\/posts"}],"about":[{"href":"https:\/\/www.em.com.br\/emfoco\/wp-json\/wp\/v2\/types\/post"}],"author":[{"embeddable":true,"href":"https:\/\/www.em.com.br\/emfoco\/wp-json\/wp\/v2\/users\/11"}],"replies":[{"embeddable":true,"href":"https:\/\/www.em.com.br\/emfoco\/wp-json\/wp\/v2\/comments?post=200118"}],"version-history":[{"count":2,"href":"https:\/\/www.em.com.br\/emfoco\/wp-json\/wp\/v2\/posts\/200118\/revisions"}],"predecessor-version":[{"id":200123,"href":"https:\/\/www.em.com.br\/emfoco\/wp-json\/wp\/v2\/posts\/200118\/revisions\/200123"}],"wp:featuredmedia":[{"embeddable":true,"href":"https:\/\/www.em.com.br\/emfoco\/wp-json\/wp\/v2\/media\/201629"}],"wp:attachment":[{"href":"https:\/\/www.em.com.br\/emfoco\/wp-json\/wp\/v2\/media?parent=200118"}],"wp:term":[{"taxonomy":"category","embeddable":true,"href":"https:\/\/www.em.com.br\/emfoco\/wp-json\/wp\/v2\/categories?post=200118"},{"taxonomy":"post_tag","embeddable":true,"href":"https:\/\/www.em.com.br\/emfoco\/wp-json\/wp\/v2\/tags?post=200118"}],"curies":[{"name":"wp","href":"https:\/\/api.w.org\/{rel}","templated":true}]}}