{"id":200109,"date":"2026-04-29T21:35:00","date_gmt":"2026-04-30T00:35:00","guid":{"rendered":"https:\/\/www.em.com.br\/emfoco\/?p=200109"},"modified":"2026-04-28T13:53:36","modified_gmt":"2026-04-28T16:53:36","slug":"as-plantas-que-bloqueiam-a-vista-dos-vizinhos-melhor-do-que-uma-cerca","status":"publish","type":"post","link":"https:\/\/www.em.com.br\/emfoco\/2026\/04\/29\/as-plantas-que-bloqueiam-a-vista-dos-vizinhos-melhor-do-que-uma-cerca\/","title":{"rendered":"As plantas que bloqueiam a vista dos vizinhos melhor do que uma cerca"},"content":{"rendered":"\n<p>Com a chegada dos dias mais quentes, muitas fam\u00edlias passam a aproveitar mais o <strong>jardim <\/strong>ou a <strong>varanda <\/strong>e, nessas horas, a privacidade vira prioridade. Em vez de usar apenas telas, pain\u00e9is de madeira ou muros altos, cresce o uso de plantas para criar uma barreira verde, que protege dos olhares curiosos, melhora o conforto t\u00e9rmico, traz mais verde para o dia a dia e ainda valoriza o im\u00f3vel.<\/p>\n\n\n\n<h2 class=\"wp-block-heading\">O que \u00e9 privacidade no jardim com plantas e como ela funciona<\/h2>\n\n\n\n<p>O uso de <strong>arbustos<\/strong>, <strong><a href=\"https:\/\/www.em.com.br\/emfoco\/2026\/04\/23\/nem-sujeira-nem-trabalho-pesado-estas-arvores-frutiferas-sao-perfeitas-para-ter-um-pomar-em-casa\/\" target=\"_blank\" rel=\"noreferrer noopener\">\u00e1rvores <\/a><\/strong>e <strong>trepadeiras <\/strong>para formar barreiras naturais em torno de varandas, quintais e \u00e1reas de lazer. Em vez de um muro fechado, cria-se um \u201cmuro verde\u201d com folhagens densas que reduzem a vis\u00e3o direta de vizinhos e transeuntes.<\/p>\n\n\n\n<p>Essas barreiras podem ser sebes formais, cercas mistas com texturas variadas, fileiras de bambus ornamentais ou pergolados cobertos por trepadeiras. A escolha depende do estilo do im\u00f3vel, do n\u00edvel de isolamento desejado e do tempo dispon\u00edvel para que a prote\u00e7\u00e3o visual se torne efetiva.<\/p>\n\n\n\n<figure class=\"wp-block-image size-large\"><img loading=\"lazy\" decoding=\"async\" width=\"1024\" height=\"576\" src=\"https:\/\/www.em.com.br\/emfoco\/wp-content\/uploads\/2026\/04\/Gemini_Generated_Image_v8b4qwv8b4qwv8b4-1-1024x576.png\" alt=\"Plantas garantem privacidade no jardim hoje\" class=\"wp-image-200115\" srcset=\"https:\/\/www.em.com.br\/emfoco\/wp-content\/uploads\/2026\/04\/Gemini_Generated_Image_v8b4qwv8b4qwv8b4-1-1024x576.png 1024w, https:\/\/www.em.com.br\/emfoco\/wp-content\/uploads\/2026\/04\/Gemini_Generated_Image_v8b4qwv8b4qwv8b4-1-300x169.png 300w, https:\/\/www.em.com.br\/emfoco\/wp-content\/uploads\/2026\/04\/Gemini_Generated_Image_v8b4qwv8b4qwv8b4-1-768x432.png 768w, https:\/\/www.em.com.br\/emfoco\/wp-content\/uploads\/2026\/04\/Gemini_Generated_Image_v8b4qwv8b4qwv8b4-1-750x422.png 750w, https:\/\/www.em.com.br\/emfoco\/wp-content\/uploads\/2026\/04\/Gemini_Generated_Image_v8b4qwv8b4qwv8b4-1-1140x641.png 1140w, https:\/\/www.em.com.br\/emfoco\/wp-content\/uploads\/2026\/04\/Gemini_Generated_Image_v8b4qwv8b4qwv8b4-1.png 1280w\" sizes=\"auto, (max-width: 1024px) 100vw, 1024px\" \/><figcaption class=\"wp-element-caption\">Plantas garantem privacidade no jardim hoje<\/figcaption><\/figure>\n\n\n\n<h2 class=\"wp-block-heading\">Quais plantas s\u00e3o mais indicadas para criar privacidade no jardim<\/h2>\n\n\n\n<p>Algumas esp\u00e9cies se destacam como&nbsp;<strong>cortina verde de privacidade<\/strong>&nbsp;por crescerem r\u00e1pido, terem folhagem densa e aceitarem bem podas de forma\u00e7\u00e3o. A combina\u00e7\u00e3o entre grupos diferentes permite ajustar altura, espessura e apar\u00eancia da barreira verde conforme o projeto.<\/p>\n\n\n\n<p>Entre as op\u00e7\u00f5es mais usadas e f\u00e1ceis de manter no dia a dia, vale considerar:<\/p>\n\n\n\n<ul class=\"wp-block-list\">\n<li><strong>Ciprestes e con\u00edferas altas<\/strong>: formam barreiras verticais densas, ideais para vizinhos em andares superiores.<\/li>\n\n\n\n<li><strong>Bambu n\u00e3o invasivo<\/strong>: cria efeito leve e eficiente, com movimento suave ao vento.<\/li>\n\n\n\n<li><strong>Arbustos como o louro (laurel)<\/strong>: folhas espessas e crescimento r\u00e1pido, \u00f3timos para sebes compactas.<\/li>\n\n\n\n<li><strong>Trepadeiras<\/strong>: perfeitas quando j\u00e1 existe grade, cerca ou p\u00e9rgula servindo de suporte.<\/li>\n<\/ul>\n\n\n\n<h2 class=\"wp-block-heading\">Como planejar uma cerca viva eficiente para ganhar privacidade<\/h2>\n\n\n\n<p>Para que a\u00a0<a href=\"https:\/\/br.pinterest.com\/ursulalangeli\/privacidade-com-plantas\/\" target=\"_blank\" rel=\"noreferrer noopener\"><em>privacidade no jardim com plantas<\/em>\u00a0<\/a>funcione bem, \u00e9 essencial planejar antes de plantar. Observe de onde v\u00eam os olhares indesejados, defina a altura m\u00ednima da barreira e ajuste o tipo de vegeta\u00e7\u00e3o ao espa\u00e7o, evitando que ra\u00edzes e galhos avancem para \u00e1reas de passagem.<\/p>\n\n\n\n<p>Tamb\u00e9m \u00e9 importante escolher esp\u00e9cies compat\u00edveis com o clima, prever a frequ\u00eancia de podas, a necessidade de irriga\u00e7\u00e3o e o acesso aos canteiros para manejo futuro. Assim, evita-se crescimento desordenado que bloqueie luz natural ou interfira em cal\u00e7adas, telhados e fia\u00e7\u00f5es.<\/p>\n\n\n\n<figure class=\"wp-block-image size-large\"><img loading=\"lazy\" decoding=\"async\" width=\"1024\" height=\"576\" src=\"https:\/\/www.em.com.br\/emfoco\/wp-content\/uploads\/2026\/04\/Gemini_Generated_Image_t2dqfet2dqfet2dq-1-1024x576.jpg\" alt=\"Plantas garantem privacidade no jardim hoje\" class=\"wp-image-200116\" srcset=\"https:\/\/www.em.com.br\/emfoco\/wp-content\/uploads\/2026\/04\/Gemini_Generated_Image_t2dqfet2dqfet2dq-1-1024x576.jpg 1024w, https:\/\/www.em.com.br\/emfoco\/wp-content\/uploads\/2026\/04\/Gemini_Generated_Image_t2dqfet2dqfet2dq-1-300x169.jpg 300w, https:\/\/www.em.com.br\/emfoco\/wp-content\/uploads\/2026\/04\/Gemini_Generated_Image_t2dqfet2dqfet2dq-1-768x432.jpg 768w, https:\/\/www.em.com.br\/emfoco\/wp-content\/uploads\/2026\/04\/Gemini_Generated_Image_t2dqfet2dqfet2dq-1-750x422.jpg 750w, https:\/\/www.em.com.br\/emfoco\/wp-content\/uploads\/2026\/04\/Gemini_Generated_Image_t2dqfet2dqfet2dq-1-1140x641.jpg 1140w, https:\/\/www.em.com.br\/emfoco\/wp-content\/uploads\/2026\/04\/Gemini_Generated_Image_t2dqfet2dqfet2dq-1.jpg 1280w\" sizes=\"auto, (max-width: 1024px) 100vw, 1024px\" \/><figcaption class=\"wp-element-caption\">Plantas garantem privacidade no jardim hoje<\/figcaption><\/figure>\n\n\n\n<h2 class=\"wp-block-heading\">Quais s\u00e3o as principais vantagens de usar plantas para garantir privacidade<\/h2>\n\n\n\n<p>Usar&nbsp;<strong>plantas para privacidade<\/strong>&nbsp;traz benef\u00edcios que v\u00e3o al\u00e9m da prote\u00e7\u00e3o visual: o ambiente externo fica mais acolhedor, agrad\u00e1vel para receber amigos, ler ou descansar ao ar livre. A vegeta\u00e7\u00e3o cria uma transi\u00e7\u00e3o suave entre espa\u00e7o p\u00fablico e privado, filtrando a vis\u00e3o sem bloquear totalmente luz e ventila\u00e7\u00e3o.<\/p>\n\n\n\n<p>Entre as vantagens est\u00e3o a redu\u00e7\u00e3o parcial do ru\u00eddo de tr\u00e2nsito, a regula\u00e7\u00e3o t\u00e9rmica com mais sombra, a valoriza\u00e7\u00e3o est\u00e9tica do im\u00f3vel e o aumento da biodiversidade com flores que atraem polinizadores. Tudo isso contribui para um quintal mais saud\u00e1vel, bonito e funcional no dia a dia.<\/p>\n\n\n\n<h2 class=\"wp-block-heading\">Como cuidar da barreira verde e manter a privacidade a longo prazo<\/h2>\n\n\n\n<p>Para que a cerca viva mantenha sua fun\u00e7\u00e3o, \u00e9 indispens\u00e1vel cuidar da manuten\u00e7\u00e3o b\u00e1sica: podas peri\u00f3dicas, aduba\u00e7\u00e3o equilibrada, irriga\u00e7\u00e3o adequada e controle de pragas. Em esp\u00e9cies de crescimento r\u00e1pido, como ciprestes e bambus, o manejo atento impede que a vegeta\u00e7\u00e3o saia do controle e comprometa a est\u00e9tica ou a seguran\u00e7a.<\/p>\n\n\n\n<p>Com um projeto bem pensado e alguns minutos de cuidado ao longo do m\u00eas, a&nbsp;<strong>privacidade no jardim com plantas<\/strong>&nbsp;se mant\u00e9m est\u00e1vel, bonita e funcional por muitos anos. Comece hoje a planejar sua barreira verde e transforme seu espa\u00e7o externo em um ref\u00fagio reservado, fresco e cheio de vida antes da pr\u00f3xima temporada de calor.<\/p>\n\n\n\n<p><\/p>\n","protected":false},"excerpt":{"rendered":"<p>Com a chegada dos dias mais quentes, muitas fam\u00edlias passam a aproveitar mais o jardim ou a varanda e, nessas horas, a privacidade vira prioridade. Em vez de usar apenas telas, pain\u00e9is de madeira ou muros altos, cresce o uso de plantas para criar uma barreira verde, que protege dos olhares curiosos, melhora o conforto [&hellip;]<\/p>\n","protected":false},"author":11,"featured_media":200923,"comment_status":"open","ping_status":"open","sticky":false,"template":"","format":"standard","meta":{"jnews-multi-image_gallery":[],"jnews_single_post":{"format":"standard"},"jnews_primary_category":[],"jnews_social_meta":[],"jnews_override_counter":[],"footnotes":""},"categories":[8819,1],"tags":[12376,3325,3324,850,6629,1920],"class_list":["post-200109","post","type-post","status-publish","format-standard","has-post-thumbnail","hentry","category-curiosidades","category-noticias","tag-imovel","tag-jardim","tag-plantas","tag-privacidade","tag-quintal","tag-tendencia"],"yoast_head":"<!-- This site is optimized with the Yoast SEO plugin v23.8 - https:\/\/yoast.com\/wordpress\/plugins\/seo\/ -->\n<title>As plantas que bloqueiam a vista dos vizinhos melhor do que uma cerca - Estado de Minas - Em foco<\/title>\n<meta name=\"description\" content=\"Plantas para privacidade no jardim viraram tend\u00eancia. Saiba como criar uma barreira verde bonita, fresca e eficiente.\" \/>\n<meta name=\"robots\" content=\"index, follow, max-snippet:-1, max-image-preview:large, max-video-preview:-1\" \/>\n<link rel=\"canonical\" href=\"https:\/\/www.em.com.br\/emfoco\/2026\/04\/29\/as-plantas-que-bloqueiam-a-vista-dos-vizinhos-melhor-do-que-uma-cerca\/\" \/>\n<meta property=\"og:locale\" content=\"pt_BR\" \/>\n<meta property=\"og:type\" content=\"article\" \/>\n<meta property=\"og:title\" content=\"As plantas que bloqueiam a vista dos vizinhos melhor do que uma cerca - Estado de Minas - Em foco\" \/>\n<meta property=\"og:description\" content=\"Plantas para privacidade no jardim viraram tend\u00eancia. Saiba como criar uma barreira verde bonita, fresca e eficiente.\" \/>\n<meta property=\"og:url\" content=\"https:\/\/www.em.com.br\/emfoco\/2026\/04\/29\/as-plantas-que-bloqueiam-a-vista-dos-vizinhos-melhor-do-que-uma-cerca\/\" \/>\n<meta property=\"og:site_name\" content=\"Estado de Minas - Em foco\" \/>\n<meta property=\"article:published_time\" content=\"2026-04-30T00:35:00+00:00\" \/>\n<meta property=\"article:modified_time\" content=\"2026-04-28T16:53:36+00:00\" \/>\n<meta property=\"og:image\" content=\"https:\/\/www.em.com.br\/emfoco\/wp-content\/uploads\/2026\/04\/EmFoco_55-7.jpg\" \/>\n\t<meta property=\"og:image:width\" content=\"1280\" \/>\n\t<meta property=\"og:image:height\" content=\"720\" \/>\n\t<meta property=\"og:image:type\" content=\"image\/jpeg\" \/>\n<meta name=\"author\" content=\"Andre\u0301 Rangel\u00a0\" \/>\n<meta name=\"twitter:card\" content=\"summary_large_image\" \/>\n<meta name=\"twitter:label1\" content=\"Escrito por\" \/>\n\t<meta name=\"twitter:data1\" content=\"Andre\u0301 Rangel\u00a0\" \/>\n\t<meta name=\"twitter:label2\" content=\"Est. tempo de leitura\" \/>\n\t<meta name=\"twitter:data2\" content=\"5 minutos\" \/>\n<!-- \/ Yoast SEO plugin. -->","yoast_head_json":{"title":"As plantas que bloqueiam a vista dos vizinhos melhor do que uma cerca - Estado de Minas - Em foco","description":"Plantas para privacidade no jardim viraram tend\u00eancia. Saiba como criar uma barreira verde bonita, fresca e eficiente.","robots":{"index":"index","follow":"follow","max-snippet":"max-snippet:-1","max-image-preview":"max-image-preview:large","max-video-preview":"max-video-preview:-1"},"canonical":"https:\/\/www.em.com.br\/emfoco\/2026\/04\/29\/as-plantas-que-bloqueiam-a-vista-dos-vizinhos-melhor-do-que-uma-cerca\/","og_locale":"pt_BR","og_type":"article","og_title":"As plantas que bloqueiam a vista dos vizinhos melhor do que uma cerca - Estado de Minas - Em foco","og_description":"Plantas para privacidade no jardim viraram tend\u00eancia. Saiba como criar uma barreira verde bonita, fresca e eficiente.","og_url":"https:\/\/www.em.com.br\/emfoco\/2026\/04\/29\/as-plantas-que-bloqueiam-a-vista-dos-vizinhos-melhor-do-que-uma-cerca\/","og_site_name":"Estado de Minas - Em foco","article_published_time":"2026-04-30T00:35:00+00:00","article_modified_time":"2026-04-28T16:53:36+00:00","og_image":[{"width":1280,"height":720,"url":"https:\/\/www.em.com.br\/emfoco\/wp-content\/uploads\/2026\/04\/EmFoco_55-7.jpg","type":"image\/jpeg"}],"author":"Andre\u0301 Rangel\u00a0","twitter_card":"summary_large_image","twitter_misc":{"Escrito por":"Andre\u0301 Rangel\u00a0","Est. tempo de leitura":"5 minutos"},"schema":{"@context":"https:\/\/schema.org","@graph":[{"@type":"WebPage","@id":"https:\/\/www.em.com.br\/emfoco\/2026\/04\/29\/as-plantas-que-bloqueiam-a-vista-dos-vizinhos-melhor-do-que-uma-cerca\/","url":"https:\/\/www.em.com.br\/emfoco\/2026\/04\/29\/as-plantas-que-bloqueiam-a-vista-dos-vizinhos-melhor-do-que-uma-cerca\/","name":"As plantas que bloqueiam a vista dos vizinhos melhor do que uma cerca - Estado de Minas - Em foco","isPartOf":{"@id":"https:\/\/www.em.com.br\/emfoco\/#website"},"primaryImageOfPage":{"@id":"https:\/\/www.em.com.br\/emfoco\/2026\/04\/29\/as-plantas-que-bloqueiam-a-vista-dos-vizinhos-melhor-do-que-uma-cerca\/#primaryimage"},"image":{"@id":"https:\/\/www.em.com.br\/emfoco\/2026\/04\/29\/as-plantas-que-bloqueiam-a-vista-dos-vizinhos-melhor-do-que-uma-cerca\/#primaryimage"},"thumbnailUrl":"https:\/\/www.em.com.br\/emfoco\/wp-content\/uploads\/2026\/04\/EmFoco_55-7.jpg","datePublished":"2026-04-30T00:35:00+00:00","dateModified":"2026-04-28T16:53:36+00:00","author":{"@id":"https:\/\/www.em.com.br\/emfoco\/#\/schema\/person\/60eda09c1fedf0d6891f4cef4b60b8b8"},"description":"Plantas para privacidade no jardim viraram tend\u00eancia. Saiba como criar uma barreira verde bonita, fresca e eficiente.","breadcrumb":{"@id":"https:\/\/www.em.com.br\/emfoco\/2026\/04\/29\/as-plantas-que-bloqueiam-a-vista-dos-vizinhos-melhor-do-que-uma-cerca\/#breadcrumb"},"inLanguage":"pt-BR","potentialAction":[{"@type":"ReadAction","target":["https:\/\/www.em.com.br\/emfoco\/2026\/04\/29\/as-plantas-que-bloqueiam-a-vista-dos-vizinhos-melhor-do-que-uma-cerca\/"]}]},{"@type":"ImageObject","inLanguage":"pt-BR","@id":"https:\/\/www.em.com.br\/emfoco\/2026\/04\/29\/as-plantas-que-bloqueiam-a-vista-dos-vizinhos-melhor-do-que-uma-cerca\/#primaryimage","url":"https:\/\/www.em.com.br\/emfoco\/wp-content\/uploads\/2026\/04\/EmFoco_55-7.jpg","contentUrl":"https:\/\/www.em.com.br\/emfoco\/wp-content\/uploads\/2026\/04\/EmFoco_55-7.jpg","width":1280,"height":720,"caption":"Uso de cercas vivas e barreiras vegetais para bloqueio visual e conforto t\u00e9rmico"},{"@type":"BreadcrumbList","@id":"https:\/\/www.em.com.br\/emfoco\/2026\/04\/29\/as-plantas-que-bloqueiam-a-vista-dos-vizinhos-melhor-do-que-uma-cerca\/#breadcrumb","itemListElement":[{"@type":"ListItem","position":1,"name":"In\u00edcio","item":"https:\/\/www.em.com.br\/emfoco\/"},{"@type":"ListItem","position":2,"name":"As plantas que bloqueiam a vista dos vizinhos melhor do que uma cerca"}]},{"@type":"WebSite","@id":"https:\/\/www.em.com.br\/emfoco\/#website","url":"https:\/\/www.em.com.br\/emfoco\/","name":"Estado de Minas - Em foco","description":"Acompanhe as \u00faltimas not\u00edcias e fique bem informado sobre tudo o que acontece em Minas Gerais, Brasil e no mundo.","potentialAction":[{"@type":"SearchAction","target":{"@type":"EntryPoint","urlTemplate":"https:\/\/www.em.com.br\/emfoco\/?s={search_term_string}"},"query-input":{"@type":"PropertyValueSpecification","valueRequired":true,"valueName":"search_term_string"}}],"inLanguage":"pt-BR"},{"@type":"Person","@id":"https:\/\/www.em.com.br\/emfoco\/#\/schema\/person\/60eda09c1fedf0d6891f4cef4b60b8b8","name":"Andre\u0301 Rangel\u00a0","image":{"@type":"ImageObject","inLanguage":"pt-BR","@id":"https:\/\/www.em.com.br\/emfoco\/#\/schema\/person\/image\/","url":"https:\/\/secure.gravatar.com\/avatar\/6234dc814c77c8ef6d8bba622c787efc?s=96&d=mm&r=g","contentUrl":"https:\/\/secure.gravatar.com\/avatar\/6234dc814c77c8ef6d8bba622c787efc?s=96&d=mm&r=g","caption":"Andre\u0301 Rangel\u00a0"},"url":"https:\/\/www.em.com.br\/emfoco\/author\/luizmyth\/"}]}},"_links":{"self":[{"href":"https:\/\/www.em.com.br\/emfoco\/wp-json\/wp\/v2\/posts\/200109","targetHints":{"allow":["GET"]}}],"collection":[{"href":"https:\/\/www.em.com.br\/emfoco\/wp-json\/wp\/v2\/posts"}],"about":[{"href":"https:\/\/www.em.com.br\/emfoco\/wp-json\/wp\/v2\/types\/post"}],"author":[{"embeddable":true,"href":"https:\/\/www.em.com.br\/emfoco\/wp-json\/wp\/v2\/users\/11"}],"replies":[{"embeddable":true,"href":"https:\/\/www.em.com.br\/emfoco\/wp-json\/wp\/v2\/comments?post=200109"}],"version-history":[{"count":4,"href":"https:\/\/www.em.com.br\/emfoco\/wp-json\/wp\/v2\/posts\/200109\/revisions"}],"predecessor-version":[{"id":200117,"href":"https:\/\/www.em.com.br\/emfoco\/wp-json\/wp\/v2\/posts\/200109\/revisions\/200117"}],"wp:featuredmedia":[{"embeddable":true,"href":"https:\/\/www.em.com.br\/emfoco\/wp-json\/wp\/v2\/media\/200923"}],"wp:attachment":[{"href":"https:\/\/www.em.com.br\/emfoco\/wp-json\/wp\/v2\/media?parent=200109"}],"wp:term":[{"taxonomy":"category","embeddable":true,"href":"https:\/\/www.em.com.br\/emfoco\/wp-json\/wp\/v2\/categories?post=200109"},{"taxonomy":"post_tag","embeddable":true,"href":"https:\/\/www.em.com.br\/emfoco\/wp-json\/wp\/v2\/tags?post=200109"}],"curies":[{"name":"wp","href":"https:\/\/api.w.org\/{rel}","templated":true}]}}