{"id":200094,"date":"2026-04-29T17:45:00","date_gmt":"2026-04-29T20:45:00","guid":{"rendered":"https:\/\/www.em.com.br\/emfoco\/?p=200094"},"modified":"2026-04-28T13:52:43","modified_gmt":"2026-04-28T16:52:43","slug":"pare-de-ferver-cenouras-em-agua-esta-e-a-maneira-correta-de-cozinha-las-para-preservar-seus-nutrientes","status":"publish","type":"post","link":"https:\/\/www.em.com.br\/emfoco\/2026\/04\/29\/pare-de-ferver-cenouras-em-agua-esta-e-a-maneira-correta-de-cozinha-las-para-preservar-seus-nutrientes\/","title":{"rendered":"Pare de ferver cenouras em \u00e1gua: esta \u00e9 a maneira correta de cozinh\u00e1-las para preservar seus nutrientes"},"content":{"rendered":"\n<p>A cenoura est\u00e1 presente no dia a dia de muitas fam\u00edlias, seja em saladas, refogados ou acompanhando pratos principais. Al\u00e9m de trazer cor ao prato, esse legume \u00e9 rico em betacaroteno, fibras e vitaminas, mas a forma de preparo muda bastante o quanto desses nutrientes chega de fato ao prato, influenciando sabor, textura e at\u00e9 o quanto de tempero voc\u00ea realmente precisa usar.<\/p>\n\n\n\n<h2 class=\"wp-block-heading\">Qual \u00e9 a melhor forma de cozinhar cenoura para manter os nutrientes<\/h2>\n\n\n\n<p>Uma das formas mais eficientes de preparo para quem busca equil\u00edbrio entre sabor e valor nutricional. Diferentemente do cozimento em \u00e1gua abundante, o vapor envolve o alimento de maneira mais suave, reduzindo a perda de vitaminas hidrossol\u00faveis que costumam se dissolver no l\u00edquido do cozimento.<\/p>\n\n\n\n<p>No m\u00e9todo a vapor, a cenoura n\u00e3o entra em contato direto com a \u00e1gua fervente, o que ajuda a manter a cor alaranjada intensa, a textura levemente crocante e um gosto mais concentrado. Assim, muitas pessoas notam que passam a usar menos sal e menos temperos fortes, j\u00e1 que o sabor natural fica mais evidente e o preparo continua pr\u00e1tico para o dia a dia.<\/p>\n\n\n\n<h2 class=\"wp-block-heading\">Como fazer cenoura cozida no vapor no dia a dia<\/h2>\n\n\n\n<p>Preparar <a href=\"https:\/\/br.pinterest.com\/ideas\/cenoura-cozida\/954874702310\/\" target=\"_blank\" rel=\"noreferrer noopener\">cenoura cozida no vapor<\/a> n\u00e3o exige equipamentos sofisticados. Uma panela comum, combinada com um cesto de vapor ou um escorredor resistente ao calor, costuma ser suficiente, desde que a cenoura fique suspensa e apenas o vapor atue sobre o alimento.<\/p>\n\n\n\n<figure class=\"wp-block-image size-large\"><img loading=\"lazy\" decoding=\"async\" width=\"1024\" height=\"576\" src=\"https:\/\/www.em.com.br\/emfoco\/wp-content\/uploads\/2026\/04\/Gemini_Generated_Image_3fdtmo3fdtmo3fdt-1-1024x576.png\" alt=\"Cenoura no vapor preserva mais nutrientes\" class=\"wp-image-200104\" srcset=\"https:\/\/www.em.com.br\/emfoco\/wp-content\/uploads\/2026\/04\/Gemini_Generated_Image_3fdtmo3fdtmo3fdt-1-1024x576.png 1024w, https:\/\/www.em.com.br\/emfoco\/wp-content\/uploads\/2026\/04\/Gemini_Generated_Image_3fdtmo3fdtmo3fdt-1-300x169.png 300w, https:\/\/www.em.com.br\/emfoco\/wp-content\/uploads\/2026\/04\/Gemini_Generated_Image_3fdtmo3fdtmo3fdt-1-768x432.png 768w, https:\/\/www.em.com.br\/emfoco\/wp-content\/uploads\/2026\/04\/Gemini_Generated_Image_3fdtmo3fdtmo3fdt-1-750x422.png 750w, https:\/\/www.em.com.br\/emfoco\/wp-content\/uploads\/2026\/04\/Gemini_Generated_Image_3fdtmo3fdtmo3fdt-1-1140x641.png 1140w, https:\/\/www.em.com.br\/emfoco\/wp-content\/uploads\/2026\/04\/Gemini_Generated_Image_3fdtmo3fdtmo3fdt-1.png 1280w\" sizes=\"auto, (max-width: 1024px) 100vw, 1024px\" \/><figcaption class=\"wp-element-caption\">Cenoura no vapor preserva mais nutrientes<\/figcaption><\/figure>\n\n\n\n<p>Esse passo a passo de cozimento no vapor pode ser adaptado conforme a espessura dos peda\u00e7os, mantendo o foco em cortes padronizados e tempo controlado para n\u00e3o passar do ponto.<\/p>\n\n\n\n<ol class=\"wp-block-list\">\n<li><strong>Higienizar e descascar<\/strong>: lave as cenouras em \u00e1gua corrente, retirando res\u00edduos de terra. A casca pode ser mantida, se estiver bem limpa, ou retirada com um descascador.<\/li>\n\n\n\n<li><strong>Cortar em tamanhos semelhantes<\/strong>: fatie em rodelas, meias-luas ou bast\u00f5es. Peda\u00e7os de tamanho parecido ajudam a cozinhar por igual.<\/li>\n\n\n\n<li><strong>Preparar a panela<\/strong>: coloque \u00e1gua no fundo da panela, sem ultrapassar a base do cesto ou do escorredor.<\/li>\n\n\n\n<li><strong>Dispor a cenoura<\/strong>: acomode os peda\u00e7os no acess\u00f3rio de vapor, evitando sobreposi\u00e7\u00e3o excessiva.<\/li>\n\n\n\n<li><strong>Fechar bem a tampa<\/strong>: tampar a panela \u00e9 essencial para concentrar o vapor e acelerar a coc\u00e7\u00e3o.<\/li>\n\n\n\n<li><strong>Controlar o tempo<\/strong>: em geral, entre 5 e 10 minutos bastam para que a cenoura fique macia por fora e ainda firme ao morder.<\/li>\n\n\n\n<li><strong>Finalizar com temperos<\/strong>: ao desligar o fogo, adicione um fio de azeite, ervas secas, lim\u00e3o ou outros condimentos, de acordo com o prato.<\/li>\n<\/ol>\n\n\n\n<h2 class=\"wp-block-heading\">Por que a cenoura cozida no vapor \u00e9 t\u00e3o indicada<\/h2>\n\n\n\n<p>A <a href=\"https:\/\/www.em.com.br\/emfoco\/2026\/04\/12\/a-mistura-magica-que-faz-toda-a-diferenca-para-quem-ama-plantar-cenouras-em-vasos-em-casa\/\" target=\"_blank\" rel=\"noreferrer noopener\">cenoura <\/a>preparada no vapor \u00e9 uma alternativa interessante por combinar praticidade e preserva\u00e7\u00e3o de caracter\u00edsticas importantes do alimento. Em compara\u00e7\u00e3o com a cenoura fervida diretamente na \u00e1gua, o vapor tende a reduzir a perda de vitaminas sens\u00edveis ao calor e \u00e0 dissolu\u00e7\u00e3o, como algumas do complexo B.<\/p>\n\n\n\n<p>Al\u00e9m da quest\u00e3o nutricional, o m\u00e9todo a vapor interfere na experi\u00eancia \u00e0 mesa, mantendo leve resist\u00eancia ao morder, o que contribui para saciedade e apresenta\u00e7\u00e3o mais atraente no prato. Isso facilita incluir o legume em saladas mornas, bowls, acompanhando carnes, gr\u00e3os ou massas, sem perder o apelo visual.<\/p>\n\n\n\n<ul class=\"wp-block-list\">\n<li><strong>Textura preservada<\/strong>: macia por dentro, mas ainda firme ao morder.<\/li>\n\n\n\n<li><strong>Cor mais intensa<\/strong>: tom alaranjado vivo, deixando o prato mais chamativo.<\/li>\n\n\n\n<li><strong>Sabor concentrado<\/strong>: sem dilui\u00e7\u00e3o na \u00e1gua, o gosto natural se destaca.<\/li>\n\n\n\n<li><strong>Versatilidade<\/strong>: serve pura, em saladas, bowls ou como acompanhamento variado.<\/li>\n<\/ul>\n\n\n\n<figure class=\"wp-block-image size-large\"><img loading=\"lazy\" decoding=\"async\" width=\"1024\" height=\"576\" src=\"https:\/\/www.em.com.br\/emfoco\/wp-content\/uploads\/2026\/04\/Gemini_Generated_Image_pwxx9tpwxx9tpwxx-1-1024x576.png\" alt=\"Cenoura no vapor preserva mais nutrientes\" class=\"wp-image-200105\" srcset=\"https:\/\/www.em.com.br\/emfoco\/wp-content\/uploads\/2026\/04\/Gemini_Generated_Image_pwxx9tpwxx9tpwxx-1-1024x576.png 1024w, https:\/\/www.em.com.br\/emfoco\/wp-content\/uploads\/2026\/04\/Gemini_Generated_Image_pwxx9tpwxx9tpwxx-1-300x169.png 300w, https:\/\/www.em.com.br\/emfoco\/wp-content\/uploads\/2026\/04\/Gemini_Generated_Image_pwxx9tpwxx9tpwxx-1-768x432.png 768w, https:\/\/www.em.com.br\/emfoco\/wp-content\/uploads\/2026\/04\/Gemini_Generated_Image_pwxx9tpwxx9tpwxx-1-750x422.png 750w, https:\/\/www.em.com.br\/emfoco\/wp-content\/uploads\/2026\/04\/Gemini_Generated_Image_pwxx9tpwxx9tpwxx-1-1140x641.png 1140w, https:\/\/www.em.com.br\/emfoco\/wp-content\/uploads\/2026\/04\/Gemini_Generated_Image_pwxx9tpwxx9tpwxx-1.png 1280w\" sizes=\"auto, (max-width: 1024px) 100vw, 1024px\" \/><figcaption class=\"wp-element-caption\">Cenoura no vapor preserva mais nutrientes<\/figcaption><\/figure>\n\n\n\n<h2 class=\"wp-block-heading\">Quais cuidados tomar para acertar no preparo da cenoura ao vapor<\/h2>\n\n\n\n<p>Alguns cuidados b\u00e1sicos garantem um resultado uniforme e saboroso. O principal \u00e9 evitar excesso de tempo de cozimento: poucos minutos a mais j\u00e1 deixam a cenoura muito mole, interferindo na apar\u00eancia, na textura e at\u00e9 na aceita\u00e7\u00e3o por crian\u00e7as e adultos.<\/p>\n\n\n\n<p>Outro ponto importante \u00e9 a organiza\u00e7\u00e3o dos cortes. Peda\u00e7os muito diferentes no mesmo recipiente saem em pontos distintos, com alguns ainda crus e outros passados, por isso vale reservar instantes para padronizar o tamanho antes de levar ao fogo.<\/p>\n\n\n\n<ul class=\"wp-block-list\">\n<li>Evitar abrir a tampa com frequ\u00eancia, para n\u00e3o perder calor e vapor.<\/li>\n\n\n\n<li>Checar o ponto com um garfo: se entrar com leve resist\u00eancia, j\u00e1 est\u00e1 adequado.<\/li>\n\n\n\n<li>Servir logo ap\u00f3s o preparo, aproveitando textura, cor e temperatura.<\/li>\n\n\n\n<li>Temperar somente ao final, evitando excesso de sal e molhos muito fortes.<\/li>\n<\/ul>\n\n\n\n<h2 class=\"wp-block-heading\">Como incluir a cenoura ao vapor na sua rotina hoje mesmo<\/h2>\n\n\n\n<p>Com pequenos ajustes na rotina da cozinha, a cenoura ao vapor deixa de ser apenas um acompanhamento ocasional e passa a integrar de forma constante o card\u00e1pio. Em poucos minutos voc\u00ea prepara uma por\u00e7\u00e3o que combina com arroz, feij\u00e3o, massas, prote\u00ednas e at\u00e9 lanches r\u00e1pidos.<\/p>\n\n\n\n<p>N\u00e3o espere para testar: j\u00e1 na pr\u00f3xima refei\u00e7\u00e3o, separe algumas cenouras, siga o passo a passo do vapor e coloque cor, sabor e mais nutrientes no seu prato. Comece hoje, repita durante a semana e transforme esse h\u00e1bito simples em um aliado real da sua sa\u00fade.<\/p>\n","protected":false},"excerpt":{"rendered":"<p>A cenoura est\u00e1 presente no dia a dia de muitas fam\u00edlias, seja em saladas, refogados ou acompanhando pratos principais. Al\u00e9m de trazer cor ao prato, esse legume \u00e9 rico em betacaroteno, fibras e vitaminas, mas a forma de preparo muda bastante o quanto desses nutrientes chega de fato ao prato, influenciando sabor, textura e at\u00e9 [&hellip;]<\/p>\n","protected":false},"author":11,"featured_media":200929,"comment_status":"open","ping_status":"open","sticky":false,"template":"","format":"standard","meta":{"jnews-multi-image_gallery":[],"jnews_single_post":{"format":"standard"},"jnews_primary_category":[],"jnews_social_meta":[],"jnews_override_counter":[],"footnotes":""},"categories":[8819,1],"tags":[4528,28817,28818,1915,5611],"class_list":["post-200094","post","type-post","status-publish","format-standard","has-post-thumbnail","hentry","category-curiosidades","category-noticias","tag-cenoura","tag-cenoura-no-vapor","tag-cozinhar-cenoura","tag-nutrientes","tag-vitaminas"],"yoast_head":"<!-- This site is optimized with the Yoast SEO plugin v23.8 - https:\/\/yoast.com\/wordpress\/plugins\/seo\/ -->\n<title>Pare de ferver cenouras em \u00e1gua: esta \u00e9 a maneira correta de cozinh\u00e1-las para preservar seus nutrientes - Estado de Minas - Em foco<\/title>\n<meta name=\"description\" content=\"Cenoura no vapor preserva sabor, cor e nutrientes. Saiba por que esse preparo simples pode melhorar sua refei\u00e7\u00e3o hoje.\" \/>\n<meta name=\"robots\" content=\"index, follow, max-snippet:-1, max-image-preview:large, max-video-preview:-1\" \/>\n<link rel=\"canonical\" href=\"https:\/\/www.em.com.br\/emfoco\/2026\/04\/29\/pare-de-ferver-cenouras-em-agua-esta-e-a-maneira-correta-de-cozinha-las-para-preservar-seus-nutrientes\/\" \/>\n<meta property=\"og:locale\" content=\"pt_BR\" \/>\n<meta property=\"og:type\" content=\"article\" \/>\n<meta property=\"og:title\" content=\"Pare de ferver cenouras em \u00e1gua: esta \u00e9 a maneira correta de cozinh\u00e1-las para preservar seus nutrientes - Estado de Minas - Em foco\" \/>\n<meta property=\"og:description\" content=\"Cenoura no vapor preserva sabor, cor e nutrientes. Saiba por que esse preparo simples pode melhorar sua refei\u00e7\u00e3o hoje.\" \/>\n<meta property=\"og:url\" content=\"https:\/\/www.em.com.br\/emfoco\/2026\/04\/29\/pare-de-ferver-cenouras-em-agua-esta-e-a-maneira-correta-de-cozinha-las-para-preservar-seus-nutrientes\/\" \/>\n<meta property=\"og:site_name\" content=\"Estado de Minas - Em foco\" \/>\n<meta property=\"article:published_time\" content=\"2026-04-29T20:45:00+00:00\" \/>\n<meta property=\"article:modified_time\" content=\"2026-04-28T16:52:43+00:00\" \/>\n<meta property=\"og:image\" content=\"https:\/\/www.em.com.br\/emfoco\/wp-content\/uploads\/2026\/04\/EmFoco_49-8.jpg\" \/>\n\t<meta property=\"og:image:width\" content=\"1280\" \/>\n\t<meta property=\"og:image:height\" content=\"720\" \/>\n\t<meta property=\"og:image:type\" content=\"image\/jpeg\" \/>\n<meta name=\"author\" content=\"Andre\u0301 Rangel\u00a0\" \/>\n<meta name=\"twitter:card\" content=\"summary_large_image\" \/>\n<meta name=\"twitter:label1\" content=\"Escrito por\" \/>\n\t<meta name=\"twitter:data1\" content=\"Andre\u0301 Rangel\u00a0\" \/>\n\t<meta name=\"twitter:label2\" content=\"Est. tempo de leitura\" \/>\n\t<meta name=\"twitter:data2\" content=\"5 minutos\" \/>\n<!-- \/ Yoast SEO plugin. -->","yoast_head_json":{"title":"Pare de ferver cenouras em \u00e1gua: esta \u00e9 a maneira correta de cozinh\u00e1-las para preservar seus nutrientes - Estado de Minas - Em foco","description":"Cenoura no vapor preserva sabor, cor e nutrientes. Saiba por que esse preparo simples pode melhorar sua refei\u00e7\u00e3o hoje.","robots":{"index":"index","follow":"follow","max-snippet":"max-snippet:-1","max-image-preview":"max-image-preview:large","max-video-preview":"max-video-preview:-1"},"canonical":"https:\/\/www.em.com.br\/emfoco\/2026\/04\/29\/pare-de-ferver-cenouras-em-agua-esta-e-a-maneira-correta-de-cozinha-las-para-preservar-seus-nutrientes\/","og_locale":"pt_BR","og_type":"article","og_title":"Pare de ferver cenouras em \u00e1gua: esta \u00e9 a maneira correta de cozinh\u00e1-las para preservar seus nutrientes - Estado de Minas - Em foco","og_description":"Cenoura no vapor preserva sabor, cor e nutrientes. Saiba por que esse preparo simples pode melhorar sua refei\u00e7\u00e3o hoje.","og_url":"https:\/\/www.em.com.br\/emfoco\/2026\/04\/29\/pare-de-ferver-cenouras-em-agua-esta-e-a-maneira-correta-de-cozinha-las-para-preservar-seus-nutrientes\/","og_site_name":"Estado de Minas - Em foco","article_published_time":"2026-04-29T20:45:00+00:00","article_modified_time":"2026-04-28T16:52:43+00:00","og_image":[{"width":1280,"height":720,"url":"https:\/\/www.em.com.br\/emfoco\/wp-content\/uploads\/2026\/04\/EmFoco_49-8.jpg","type":"image\/jpeg"}],"author":"Andre\u0301 Rangel\u00a0","twitter_card":"summary_large_image","twitter_misc":{"Escrito por":"Andre\u0301 Rangel\u00a0","Est. tempo de leitura":"5 minutos"},"schema":{"@context":"https:\/\/schema.org","@graph":[{"@type":"WebPage","@id":"https:\/\/www.em.com.br\/emfoco\/2026\/04\/29\/pare-de-ferver-cenouras-em-agua-esta-e-a-maneira-correta-de-cozinha-las-para-preservar-seus-nutrientes\/","url":"https:\/\/www.em.com.br\/emfoco\/2026\/04\/29\/pare-de-ferver-cenouras-em-agua-esta-e-a-maneira-correta-de-cozinha-las-para-preservar-seus-nutrientes\/","name":"Pare de ferver cenouras em \u00e1gua: esta \u00e9 a maneira correta de cozinh\u00e1-las para preservar seus nutrientes - Estado de Minas - Em foco","isPartOf":{"@id":"https:\/\/www.em.com.br\/emfoco\/#website"},"primaryImageOfPage":{"@id":"https:\/\/www.em.com.br\/emfoco\/2026\/04\/29\/pare-de-ferver-cenouras-em-agua-esta-e-a-maneira-correta-de-cozinha-las-para-preservar-seus-nutrientes\/#primaryimage"},"image":{"@id":"https:\/\/www.em.com.br\/emfoco\/2026\/04\/29\/pare-de-ferver-cenouras-em-agua-esta-e-a-maneira-correta-de-cozinha-las-para-preservar-seus-nutrientes\/#primaryimage"},"thumbnailUrl":"https:\/\/www.em.com.br\/emfoco\/wp-content\/uploads\/2026\/04\/EmFoco_49-8.jpg","datePublished":"2026-04-29T20:45:00+00:00","dateModified":"2026-04-28T16:52:43+00:00","author":{"@id":"https:\/\/www.em.com.br\/emfoco\/#\/schema\/person\/60eda09c1fedf0d6891f4cef4b60b8b8"},"description":"Cenoura no vapor preserva sabor, cor e nutrientes. Saiba por que esse preparo simples pode melhorar sua refei\u00e7\u00e3o hoje.","breadcrumb":{"@id":"https:\/\/www.em.com.br\/emfoco\/2026\/04\/29\/pare-de-ferver-cenouras-em-agua-esta-e-a-maneira-correta-de-cozinha-las-para-preservar-seus-nutrientes\/#breadcrumb"},"inLanguage":"pt-BR","potentialAction":[{"@type":"ReadAction","target":["https:\/\/www.em.com.br\/emfoco\/2026\/04\/29\/pare-de-ferver-cenouras-em-agua-esta-e-a-maneira-correta-de-cozinha-las-para-preservar-seus-nutrientes\/"]}]},{"@type":"ImageObject","inLanguage":"pt-BR","@id":"https:\/\/www.em.com.br\/emfoco\/2026\/04\/29\/pare-de-ferver-cenouras-em-agua-esta-e-a-maneira-correta-de-cozinha-las-para-preservar-seus-nutrientes\/#primaryimage","url":"https:\/\/www.em.com.br\/emfoco\/wp-content\/uploads\/2026\/04\/EmFoco_49-8.jpg","contentUrl":"https:\/\/www.em.com.br\/emfoco\/wp-content\/uploads\/2026\/04\/EmFoco_49-8.jpg","width":1280,"height":720,"caption":"M\u00e9todo de coc\u00e7\u00e3o que preserva nutrientes hidrossol\u00faveis e real\u00e7a o sabor do legume"},{"@type":"BreadcrumbList","@id":"https:\/\/www.em.com.br\/emfoco\/2026\/04\/29\/pare-de-ferver-cenouras-em-agua-esta-e-a-maneira-correta-de-cozinha-las-para-preservar-seus-nutrientes\/#breadcrumb","itemListElement":[{"@type":"ListItem","position":1,"name":"In\u00edcio","item":"https:\/\/www.em.com.br\/emfoco\/"},{"@type":"ListItem","position":2,"name":"Pare de ferver cenouras em \u00e1gua: esta \u00e9 a maneira correta de cozinh\u00e1-las para preservar seus nutrientes"}]},{"@type":"WebSite","@id":"https:\/\/www.em.com.br\/emfoco\/#website","url":"https:\/\/www.em.com.br\/emfoco\/","name":"Estado de Minas - Em foco","description":"Acompanhe as \u00faltimas not\u00edcias e fique bem informado sobre tudo o que acontece em Minas Gerais, Brasil e no mundo.","potentialAction":[{"@type":"SearchAction","target":{"@type":"EntryPoint","urlTemplate":"https:\/\/www.em.com.br\/emfoco\/?s={search_term_string}"},"query-input":{"@type":"PropertyValueSpecification","valueRequired":true,"valueName":"search_term_string"}}],"inLanguage":"pt-BR"},{"@type":"Person","@id":"https:\/\/www.em.com.br\/emfoco\/#\/schema\/person\/60eda09c1fedf0d6891f4cef4b60b8b8","name":"Andre\u0301 Rangel\u00a0","image":{"@type":"ImageObject","inLanguage":"pt-BR","@id":"https:\/\/www.em.com.br\/emfoco\/#\/schema\/person\/image\/","url":"https:\/\/secure.gravatar.com\/avatar\/6234dc814c77c8ef6d8bba622c787efc?s=96&d=mm&r=g","contentUrl":"https:\/\/secure.gravatar.com\/avatar\/6234dc814c77c8ef6d8bba622c787efc?s=96&d=mm&r=g","caption":"Andre\u0301 Rangel\u00a0"},"url":"https:\/\/www.em.com.br\/emfoco\/author\/luizmyth\/"}]}},"_links":{"self":[{"href":"https:\/\/www.em.com.br\/emfoco\/wp-json\/wp\/v2\/posts\/200094","targetHints":{"allow":["GET"]}}],"collection":[{"href":"https:\/\/www.em.com.br\/emfoco\/wp-json\/wp\/v2\/posts"}],"about":[{"href":"https:\/\/www.em.com.br\/emfoco\/wp-json\/wp\/v2\/types\/post"}],"author":[{"embeddable":true,"href":"https:\/\/www.em.com.br\/emfoco\/wp-json\/wp\/v2\/users\/11"}],"replies":[{"embeddable":true,"href":"https:\/\/www.em.com.br\/emfoco\/wp-json\/wp\/v2\/comments?post=200094"}],"version-history":[{"count":3,"href":"https:\/\/www.em.com.br\/emfoco\/wp-json\/wp\/v2\/posts\/200094\/revisions"}],"predecessor-version":[{"id":200107,"href":"https:\/\/www.em.com.br\/emfoco\/wp-json\/wp\/v2\/posts\/200094\/revisions\/200107"}],"wp:featuredmedia":[{"embeddable":true,"href":"https:\/\/www.em.com.br\/emfoco\/wp-json\/wp\/v2\/media\/200929"}],"wp:attachment":[{"href":"https:\/\/www.em.com.br\/emfoco\/wp-json\/wp\/v2\/media?parent=200094"}],"wp:term":[{"taxonomy":"category","embeddable":true,"href":"https:\/\/www.em.com.br\/emfoco\/wp-json\/wp\/v2\/categories?post=200094"},{"taxonomy":"post_tag","embeddable":true,"href":"https:\/\/www.em.com.br\/emfoco\/wp-json\/wp\/v2\/tags?post=200094"}],"curies":[{"name":"wp","href":"https:\/\/api.w.org\/{rel}","templated":true}]}}