{"id":200092,"date":"2026-04-29T16:05:00","date_gmt":"2026-04-29T19:05:00","guid":{"rendered":"https:\/\/www.em.com.br\/emfoco\/?p=200092"},"modified":"2026-04-28T13:52:27","modified_gmt":"2026-04-28T16:52:27","slug":"a-ilha-brasileira-que-foi-fechada-ao-turismo-devido-a-uma-invasao-de-cobras-venenosas","status":"publish","type":"post","link":"https:\/\/www.em.com.br\/emfoco\/2026\/04\/29\/a-ilha-brasileira-que-foi-fechada-ao-turismo-devido-a-uma-invasao-de-cobras-venenosas\/","title":{"rendered":"A ilha brasileira que foi fechada ao turismo devido a uma invas\u00e3o de cobras venenosas"},"content":{"rendered":"\n<p>Entre os in\u00fameros destinos do litoral brasileiro, existe uma ilha que segue o caminho oposto ao turismo tradicional: em vez de receber visitantes em busca de praias, esse territ\u00f3rio foi oficialmente fechado para evitar a presen\u00e7a humana, devido \u00e0 enorme quantidade de serpentes venenosas que vivem ali, transformando o local em uma \u00e1rea de acesso extremamente controlado e voltada \u00e0 pesquisa cient\u00edfica e \u00e0 preserva\u00e7\u00e3o ambiental.<\/p>\n\n\n\n<h2 class=\"wp-block-heading\">O que torna a Ilha da Queimada Grande um territ\u00f3rio t\u00e3o singular?<\/h2>\n\n\n\n<p>A<a href=\"https:\/\/www2.itanhaem.sp.gov.br\/turismo\/ilha-queimada-grande\/\" target=\"_blank\" rel=\"noreferrer noopener\"> <strong>Ilha da Queimada Grande<\/strong><\/a>, ou\u00a0<strong>Ilha das Cobras<\/strong>, est\u00e1 localizada a cerca de 35 quil\u00f4metros da costa de <strong>S\u00e3o Paulo<\/strong>, em frente \u00e0 regi\u00e3o entre <strong>Itanha\u00e9m <\/strong>e <strong>Peru\u00edbe<\/strong>. Coberta por<strong> Mata Atl\u00e2ntica <\/strong>densa, sem praias e com acesso por mar complicado, ganhou fama internacional por abrigar uma das maiores concentra\u00e7\u00f5es de serpentes venenosas do planeta.<\/p>\n\n\n\n<p>Estima-se que a ilha possa abrigar mais de 20 mil serpentes em uma \u00e1rea relativamente pequena. Entre elas, destaca-se a\u00a0<strong>Bothrops insularis<\/strong>, a <strong>v\u00edbora-dourada<\/strong>, esp\u00e9cie end\u00eamica que s\u00f3 existe ali e tornou o local um laborat\u00f3rio natural para estudos de herpetologia, conserva\u00e7\u00e3o e evolu\u00e7\u00e3o.<\/p>\n\n\n\n<p>Selecionamos o v\u00eddeo do <a href=\"https:\/\/www.instagram.com\/icmbio\/reels\/\" target=\"_blank\" rel=\"noreferrer noopener\">Instituto Chico Mendes de Conserva\u00e7\u00e3o da Biodiversidade<\/a> que faz sucesso no Instagram com 469 mil seguidores e fala sobre a ilha:<\/p>\n\n\n\n<blockquote class=\"instagram-media\" data-instgrm-captioned data-instgrm-permalink=\"https:\/\/www.instagram.com\/reel\/DFtWJXJJ2Hy\/?utm_source=ig_embed&amp;utm_campaign=loading\" data-instgrm-version=\"14\" style=\" background:#FFF; border:0; border-radius:3px; box-shadow:0 0 1px 0 rgba(0,0,0,0.5),0 1px 10px 0 rgba(0,0,0,0.15); margin: 1px; max-width:540px; min-width:326px; padding:0; width:99.375%; width:-webkit-calc(100% - 2px); width:calc(100% - 2px);\"><div style=\"padding:16px;\"> <a href=\"https:\/\/www.instagram.com\/reel\/DFtWJXJJ2Hy\/?utm_source=ig_embed&amp;utm_campaign=loading\" style=\" background:#FFFFFF; line-height:0; padding:0 0; text-align:center; text-decoration:none; width:100%;\" target=\"_blank\"> <div style=\" display: flex; flex-direction: row; align-items: center;\"> <div style=\"background-color: #F4F4F4; border-radius: 50%; flex-grow: 0; height: 40px; margin-right: 14px; width: 40px;\"><\/div> <div style=\"display: flex; flex-direction: column; flex-grow: 1; justify-content: center;\"> <div style=\" background-color: #F4F4F4; border-radius: 4px; flex-grow: 0; height: 14px; margin-bottom: 6px; width: 100px;\"><\/div> <div style=\" background-color: #F4F4F4; border-radius: 4px; flex-grow: 0; height: 14px; width: 60px;\"><\/div><\/div><\/div><div style=\"padding: 19% 0;\"><\/div> <div style=\"display:block; height:50px; margin:0 auto 12px; width:50px;\"><svg width=\"50px\" height=\"50px\" viewBox=\"0 0 60 60\" version=\"1.1\" xmlns=\"https:\/\/www.w3.org\/2000\/svg\" xmlns:xlink=\"https:\/\/www.w3.org\/1999\/xlink\"><g stroke=\"none\" stroke-width=\"1\" fill=\"none\" fill-rule=\"evenodd\"><g transform=\"translate(-511.000000, -20.000000)\" fill=\"#000000\"><g><path d=\"M556.869,30.41 C554.814,30.41 553.148,32.076 553.148,34.131 C553.148,36.186 554.814,37.852 556.869,37.852 C558.924,37.852 560.59,36.186 560.59,34.131 C560.59,32.076 558.924,30.41 556.869,30.41 M541,60.657 C535.114,60.657 530.342,55.887 530.342,50 C530.342,44.114 535.114,39.342 541,39.342 C546.887,39.342 551.658,44.114 551.658,50 C551.658,55.887 546.887,60.657 541,60.657 M541,33.886 C532.1,33.886 524.886,41.1 524.886,50 C524.886,58.899 532.1,66.113 541,66.113 C549.9,66.113 557.115,58.899 557.115,50 C557.115,41.1 549.9,33.886 541,33.886 M565.378,62.101 C565.244,65.022 564.756,66.606 564.346,67.663 C563.803,69.06 563.154,70.057 562.106,71.106 C561.058,72.155 560.06,72.803 558.662,73.347 C557.607,73.757 556.021,74.244 553.102,74.378 C549.944,74.521 548.997,74.552 541,74.552 C533.003,74.552 532.056,74.521 528.898,74.378 C525.979,74.244 524.393,73.757 523.338,73.347 C521.94,72.803 520.942,72.155 519.894,71.106 C518.846,70.057 518.197,69.06 517.654,67.663 C517.244,66.606 516.755,65.022 516.623,62.101 C516.479,58.943 516.448,57.996 516.448,50 C516.448,42.003 516.479,41.056 516.623,37.899 C516.755,34.978 517.244,33.391 517.654,32.338 C518.197,30.938 518.846,29.942 519.894,28.894 C520.942,27.846 521.94,27.196 523.338,26.654 C524.393,26.244 525.979,25.756 528.898,25.623 C532.057,25.479 533.004,25.448 541,25.448 C548.997,25.448 549.943,25.479 553.102,25.623 C556.021,25.756 557.607,26.244 558.662,26.654 C560.06,27.196 561.058,27.846 562.106,28.894 C563.154,29.942 563.803,30.938 564.346,32.338 C564.756,33.391 565.244,34.978 565.378,37.899 C565.522,41.056 565.552,42.003 565.552,50 C565.552,57.996 565.522,58.943 565.378,62.101 M570.82,37.631 C570.674,34.438 570.167,32.258 569.425,30.349 C568.659,28.377 567.633,26.702 565.965,25.035 C564.297,23.368 562.623,22.342 560.652,21.575 C558.743,20.834 556.562,20.326 553.369,20.18 C550.169,20.033 549.148,20 541,20 C532.853,20 531.831,20.033 528.631,20.18 C525.438,20.326 523.257,20.834 521.349,21.575 C519.376,22.342 517.703,23.368 516.035,25.035 C514.368,26.702 513.342,28.377 512.574,30.349 C511.834,32.258 511.326,34.438 511.181,37.631 C511.035,40.831 511,41.851 511,50 C511,58.147 511.035,59.17 511.181,62.369 C511.326,65.562 511.834,67.743 512.574,69.651 C513.342,71.625 514.368,73.296 516.035,74.965 C517.703,76.634 519.376,77.658 521.349,78.425 C523.257,79.167 525.438,79.673 528.631,79.82 C531.831,79.965 532.853,80.001 541,80.001 C549.148,80.001 550.169,79.965 553.369,79.82 C556.562,79.673 558.743,79.167 560.652,78.425 C562.623,77.658 564.297,76.634 565.965,74.965 C567.633,73.296 568.659,71.625 569.425,69.651 C570.167,67.743 570.674,65.562 570.82,62.369 C570.966,59.17 571,58.147 571,50 C571,41.851 570.966,40.831 570.82,37.631\"><\/path><\/g><\/g><\/g><\/svg><\/div><div style=\"padding-top: 8px;\"> <div style=\" color:#3897f0; font-family:Arial,sans-serif; font-size:14px; font-style:normal; font-weight:550; line-height:18px;\">Ver essa foto no Instagram<\/div><\/div><div style=\"padding: 12.5% 0;\"><\/div> <div style=\"display: flex; flex-direction: row; margin-bottom: 14px; align-items: center;\"><div> <div style=\"background-color: #F4F4F4; border-radius: 50%; height: 12.5px; width: 12.5px; transform: translateX(0px) translateY(7px);\"><\/div> <div style=\"background-color: #F4F4F4; height: 12.5px; transform: rotate(-45deg) translateX(3px) translateY(1px); width: 12.5px; flex-grow: 0; margin-right: 14px; margin-left: 2px;\"><\/div> <div style=\"background-color: #F4F4F4; border-radius: 50%; height: 12.5px; width: 12.5px; transform: translateX(9px) translateY(-18px);\"><\/div><\/div><div style=\"margin-left: 8px;\"> <div style=\" background-color: #F4F4F4; border-radius: 50%; flex-grow: 0; height: 20px; width: 20px;\"><\/div> <div style=\" width: 0; height: 0; border-top: 2px solid transparent; border-left: 6px solid #f4f4f4; border-bottom: 2px solid transparent; transform: translateX(16px) translateY(-4px) rotate(30deg)\"><\/div><\/div><div style=\"margin-left: auto;\"> <div style=\" width: 0px; border-top: 8px solid #F4F4F4; border-right: 8px solid transparent; transform: translateY(16px);\"><\/div> <div style=\" background-color: #F4F4F4; flex-grow: 0; height: 12px; width: 16px; transform: translateY(-4px);\"><\/div> <div style=\" width: 0; height: 0; border-top: 8px solid #F4F4F4; border-left: 8px solid transparent; transform: translateY(-4px) translateX(8px);\"><\/div><\/div><\/div> <div style=\"display: flex; flex-direction: column; flex-grow: 1; justify-content: center; margin-bottom: 24px;\"> <div style=\" background-color: #F4F4F4; border-radius: 4px; flex-grow: 0; height: 14px; margin-bottom: 6px; width: 224px;\"><\/div> <div style=\" background-color: #F4F4F4; border-radius: 4px; flex-grow: 0; height: 14px; width: 144px;\"><\/div><\/div><\/a><p style=\" color:#c9c8cd; font-family:Arial,sans-serif; font-size:14px; line-height:17px; margin-bottom:0; margin-top:8px; overflow:hidden; padding:8px 0 7px; text-align:center; text-overflow:ellipsis; white-space:nowrap;\"><a href=\"https:\/\/www.instagram.com\/reel\/DFtWJXJJ2Hy\/?utm_source=ig_embed&amp;utm_campaign=loading\" style=\" color:#c9c8cd; font-family:Arial,sans-serif; font-size:14px; font-style:normal; font-weight:normal; line-height:17px; text-decoration:none;\" target=\"_blank\">Um post compartilhado por Instituto Chico Mendes de Conserva\u00e7\u00e3o da Biodiversidade (@icmbio)<\/a><\/p><\/div><\/blockquote>\n<script async src=\"\/\/www.instagram.com\/embed.js\"><\/script>\n\n\n\n<h2 class=\"wp-block-heading\">Por que o turismo \u00e9 proibido na chamada Ilha das Cobras?<\/h2>\n\n\n\n<p>A proibi\u00e7\u00e3o do turismo na Ilha da Queimada Grande se deve \u00e0 combina\u00e7\u00e3o de alto risco \u00e0 vida humana e necessidade de preserva\u00e7\u00e3o de um ecossistema fr\u00e1gil. A densidade de serpentes venenosas torna prov\u00e1vel um encontro em qualquer trilha, enquanto a dist\u00e2ncia da costa dificulta o resgate em caso de acidente.<\/p>\n\n\n\n<p>Para reduzir riscos e impactos ambientais, apenas profissionais autorizados podem desembarcar, como bi\u00f3logos, herpet\u00f3logos e equipes t\u00e9cnicas. Essa pol\u00edtica evita pisoteio, lixo, introdu\u00e7\u00e3o de esp\u00e9cies ex\u00f3ticas, coleta ilegal de animais e perturba\u00e7\u00f5es nas rela\u00e7\u00f5es ecol\u00f3gicas naturais que mant\u00eam o equil\u00edbrio da ilha.<\/p>\n\n\n\n<h2 class=\"wp-block-heading\">Como s\u00e3o e o que revelam as serpentes venenosas da ilha?<\/h2>\n\n\n\n<p>A v\u00edbora-dourada desenvolveu caracter\u00edsticas \u00fanicas para sobreviver em um territ\u00f3rio reduzido, alimentando-se principalmente de aves que sobrevoam ou pousam na <a href=\"https:\/\/www.em.com.br\/emfoco\/2026\/04\/26\/minas-gerais-tem-mais-de-r-1-trilhao-em-riqueza-e-so-25-cidades-concentram-mais-da-metade-veja-quais-sao\/\" target=\"_blank\" rel=\"noreferrer noopener\">ilha<\/a>, o que influenciou tanto seu comportamento quanto a pot\u00eancia do veneno.<\/p>\n\n\n\n<p>Seu veneno \u00e9 altamente t\u00f3xico e pode causar dor intensa, incha\u00e7o acentuado, altera\u00e7\u00f5es na coagula\u00e7\u00e3o sangu\u00ednea, necrose tecidual, fal\u00eancia renal e outras complica\u00e7\u00f5es sist\u00eamicas. Por isso, expedi\u00e7\u00f5es cient\u00edficas seguem protocolos r\u00edgidos de seguran\u00e7a, com equipamentos especializados, equipes treinadas e planejamento detalhado de emerg\u00eancia.<\/p>\n\n\n\n<h2 class=\"wp-block-heading\">Quais pesquisas cient\u00edficas s\u00e3o desenvolvidas na Ilha da Queimada Grande?<\/h2>\n\n\n\n<p>A ilha funciona como um campo de pesquisa natural para diversas \u00e1reas da ci\u00eancia, em especial toxicologia, biologia evolutiva e conserva\u00e7\u00e3o. Muitos estudos investigam o potencial biom\u00e9dico do veneno da v\u00edbora-dourada e a din\u00e2mica populacional de esp\u00e9cies end\u00eamicas e isoladas.<\/p>\n\n\n\n<figure class=\"wp-block-image size-large\"><img loading=\"lazy\" decoding=\"async\" width=\"1024\" height=\"576\" src=\"https:\/\/www.em.com.br\/emfoco\/wp-content\/uploads\/2026\/04\/Gemini_Generated_Image_8qyyl58qyyl58qyy-1-1024x576.png\" alt=\"O lugar mais temido do litoral brasileiro\" class=\"wp-image-200102\" srcset=\"https:\/\/www.em.com.br\/emfoco\/wp-content\/uploads\/2026\/04\/Gemini_Generated_Image_8qyyl58qyyl58qyy-1-1024x576.png 1024w, https:\/\/www.em.com.br\/emfoco\/wp-content\/uploads\/2026\/04\/Gemini_Generated_Image_8qyyl58qyyl58qyy-1-300x169.png 300w, https:\/\/www.em.com.br\/emfoco\/wp-content\/uploads\/2026\/04\/Gemini_Generated_Image_8qyyl58qyyl58qyy-1-768x432.png 768w, https:\/\/www.em.com.br\/emfoco\/wp-content\/uploads\/2026\/04\/Gemini_Generated_Image_8qyyl58qyyl58qyy-1-750x422.png 750w, https:\/\/www.em.com.br\/emfoco\/wp-content\/uploads\/2026\/04\/Gemini_Generated_Image_8qyyl58qyyl58qyy-1-1140x641.png 1140w, https:\/\/www.em.com.br\/emfoco\/wp-content\/uploads\/2026\/04\/Gemini_Generated_Image_8qyyl58qyyl58qyy-1.png 1280w\" sizes=\"auto, (max-width: 1024px) 100vw, 1024px\" \/><figcaption class=\"wp-element-caption\">O lugar mais temido do litoral brasileiro<\/figcaption><\/figure>\n\n\n\n<p>Entre os principais focos de pesquisa, destacam-se linhas que buscam entender desde a gen\u00e9tica das popula\u00e7\u00f5es at\u00e9 a aplica\u00e7\u00e3o farmacol\u00f3gica de compostos derivados do veneno:<\/p>\n\n\n\n<ul class=\"wp-block-list\">\n<li>Identifica\u00e7\u00e3o de novas mol\u00e9culas para f\u00e1rmacos cardiovasculares e anticoagulantes;<\/li>\n\n\n\n<li>Estudo de compostos com poss\u00edvel uso em tratamentos oncol\u00f3gicos e regenera\u00e7\u00e3o tecidual;<\/li>\n\n\n\n<li>Monitoramento gen\u00e9tico para entender evolu\u00e7\u00e3o, isolamento e variabilidade;<\/li>\n\n\n\n<li>An\u00e1lises ecol\u00f3gicas sobre intera\u00e7\u00f5es entre serpentes, aves e outros organismos insulares.<\/li>\n<\/ul>\n\n\n\n<h2 class=\"wp-block-heading\">Como a prote\u00e7\u00e3o da Ilha das Cobras impacta diretamente o nosso futuro?<\/h2>\n\n\n\n<p>A preserva\u00e7\u00e3o da Ilha da Queimada Grande depende de fiscaliza\u00e7\u00e3o mar\u00edtima, autoriza\u00e7\u00f5es r\u00edgidas de acesso e monitoramento constante do ecossistema, em parceria entre Marinha, \u00f3rg\u00e3os ambientais e institui\u00e7\u00f5es de pesquisa. Al\u00e9m de reduzir acidentes, esse controle protege serpentes, aves, pequenos mam\u00edferos, insetos e a pr\u00f3pria Mata Atl\u00e2ntica, mantendo processos ecol\u00f3gicos essenciais.<\/p>\n\n\n\n<p>Em um cen\u00e1rio de mudan\u00e7as clim\u00e1ticas e perda acelerada de biodiversidade, a ilha \u00e9 um alerta vivo de que alguns lugares precisam permanecer intocados para garantir descobertas m\u00e9dicas, equil\u00edbrio ambiental e seguran\u00e7a humana. Apoie projetos de conserva\u00e7\u00e3o, questione pr\u00e1ticas predat\u00f3rias e compartilhe esse conhecimento hoje: a forma como protegemos espa\u00e7os como a Ilha das Cobras agora definir\u00e1 quais esp\u00e9cies \u2013 e quais oportunidades cient\u00edficas \u2013 ainda existir\u00e3o nas pr\u00f3ximas d\u00e9cadas.<\/p>\n","protected":false},"excerpt":{"rendered":"<p>Entre os in\u00fameros destinos do litoral brasileiro, existe uma ilha que segue o caminho oposto ao turismo tradicional: em vez de receber visitantes em busca de praias, esse territ\u00f3rio foi oficialmente fechado para evitar a presen\u00e7a humana, devido \u00e0 enorme quantidade de serpentes venenosas que vivem ali, transformando o local em uma \u00e1rea de acesso [&hellip;]<\/p>\n","protected":false},"author":11,"featured_media":200931,"comment_status":"open","ping_status":"open","sticky":false,"template":"","format":"standard","meta":{"jnews-multi-image_gallery":[],"jnews_single_post":{"format":"standard"},"jnews_primary_category":[],"jnews_social_meta":[],"jnews_override_counter":[],"footnotes":""},"categories":[26,1],"tags":[28815,28816,2508,28814,157],"class_list":["post-200092","post","type-post","status-publish","format-standard","has-post-thumbnail","hentry","category-cidades","category-noticias","tag-fechada-ao-publico","tag-ilha-brasileira","tag-ilha-das-cobras","tag-litoral-de-sao-paulo","tag-turismo"],"yoast_head":"<!-- This site is optimized with the Yoast SEO plugin v23.8 - https:\/\/yoast.com\/wordpress\/plugins\/seo\/ -->\n<title>A ilha brasileira que foi fechada ao turismo devido a uma invas\u00e3o de cobras venenosas - Estado de Minas - Em foco<\/title>\n<meta name=\"description\" content=\"Existe uma ilha brasileira sem turistas e com acesso restrito. Saiba o motivo que tornou esse destino t\u00e3o famoso.\" \/>\n<meta name=\"robots\" content=\"index, follow, max-snippet:-1, max-image-preview:large, max-video-preview:-1\" \/>\n<link rel=\"canonical\" href=\"https:\/\/www.em.com.br\/emfoco\/2026\/04\/29\/a-ilha-brasileira-que-foi-fechada-ao-turismo-devido-a-uma-invasao-de-cobras-venenosas\/\" \/>\n<meta property=\"og:locale\" content=\"pt_BR\" \/>\n<meta property=\"og:type\" content=\"article\" \/>\n<meta property=\"og:title\" content=\"A ilha brasileira que foi fechada ao turismo devido a uma invas\u00e3o de cobras venenosas - Estado de Minas - Em foco\" \/>\n<meta property=\"og:description\" content=\"Existe uma ilha brasileira sem turistas e com acesso restrito. Saiba o motivo que tornou esse destino t\u00e3o famoso.\" \/>\n<meta property=\"og:url\" content=\"https:\/\/www.em.com.br\/emfoco\/2026\/04\/29\/a-ilha-brasileira-que-foi-fechada-ao-turismo-devido-a-uma-invasao-de-cobras-venenosas\/\" \/>\n<meta property=\"og:site_name\" content=\"Estado de Minas - Em foco\" \/>\n<meta property=\"article:published_time\" content=\"2026-04-29T19:05:00+00:00\" \/>\n<meta property=\"article:modified_time\" content=\"2026-04-28T16:52:27+00:00\" \/>\n<meta property=\"og:image\" content=\"https:\/\/www.em.com.br\/emfoco\/wp-content\/uploads\/2026\/04\/EmFoco_47-8.jpg\" \/>\n\t<meta property=\"og:image:width\" content=\"1280\" \/>\n\t<meta property=\"og:image:height\" content=\"720\" \/>\n\t<meta property=\"og:image:type\" content=\"image\/jpeg\" \/>\n<meta name=\"author\" content=\"Andre\u0301 Rangel\u00a0\" \/>\n<meta name=\"twitter:card\" content=\"summary_large_image\" \/>\n<meta name=\"twitter:label1\" content=\"Escrito por\" \/>\n\t<meta name=\"twitter:data1\" content=\"Andre\u0301 Rangel\u00a0\" \/>\n\t<meta name=\"twitter:label2\" content=\"Est. tempo de leitura\" \/>\n\t<meta name=\"twitter:data2\" content=\"4 minutos\" \/>\n<!-- \/ Yoast SEO plugin. -->","yoast_head_json":{"title":"A ilha brasileira que foi fechada ao turismo devido a uma invas\u00e3o de cobras venenosas - Estado de Minas - Em foco","description":"Existe uma ilha brasileira sem turistas e com acesso restrito. Saiba o motivo que tornou esse destino t\u00e3o famoso.","robots":{"index":"index","follow":"follow","max-snippet":"max-snippet:-1","max-image-preview":"max-image-preview:large","max-video-preview":"max-video-preview:-1"},"canonical":"https:\/\/www.em.com.br\/emfoco\/2026\/04\/29\/a-ilha-brasileira-que-foi-fechada-ao-turismo-devido-a-uma-invasao-de-cobras-venenosas\/","og_locale":"pt_BR","og_type":"article","og_title":"A ilha brasileira que foi fechada ao turismo devido a uma invas\u00e3o de cobras venenosas - Estado de Minas - Em foco","og_description":"Existe uma ilha brasileira sem turistas e com acesso restrito. Saiba o motivo que tornou esse destino t\u00e3o famoso.","og_url":"https:\/\/www.em.com.br\/emfoco\/2026\/04\/29\/a-ilha-brasileira-que-foi-fechada-ao-turismo-devido-a-uma-invasao-de-cobras-venenosas\/","og_site_name":"Estado de Minas - Em foco","article_published_time":"2026-04-29T19:05:00+00:00","article_modified_time":"2026-04-28T16:52:27+00:00","og_image":[{"width":1280,"height":720,"url":"https:\/\/www.em.com.br\/emfoco\/wp-content\/uploads\/2026\/04\/EmFoco_47-8.jpg","type":"image\/jpeg"}],"author":"Andre\u0301 Rangel\u00a0","twitter_card":"summary_large_image","twitter_misc":{"Escrito por":"Andre\u0301 Rangel\u00a0","Est. tempo de leitura":"4 minutos"},"schema":{"@context":"https:\/\/schema.org","@graph":[{"@type":"WebPage","@id":"https:\/\/www.em.com.br\/emfoco\/2026\/04\/29\/a-ilha-brasileira-que-foi-fechada-ao-turismo-devido-a-uma-invasao-de-cobras-venenosas\/","url":"https:\/\/www.em.com.br\/emfoco\/2026\/04\/29\/a-ilha-brasileira-que-foi-fechada-ao-turismo-devido-a-uma-invasao-de-cobras-venenosas\/","name":"A ilha brasileira que foi fechada ao turismo devido a uma invas\u00e3o de cobras venenosas - Estado de Minas - Em foco","isPartOf":{"@id":"https:\/\/www.em.com.br\/emfoco\/#website"},"primaryImageOfPage":{"@id":"https:\/\/www.em.com.br\/emfoco\/2026\/04\/29\/a-ilha-brasileira-que-foi-fechada-ao-turismo-devido-a-uma-invasao-de-cobras-venenosas\/#primaryimage"},"image":{"@id":"https:\/\/www.em.com.br\/emfoco\/2026\/04\/29\/a-ilha-brasileira-que-foi-fechada-ao-turismo-devido-a-uma-invasao-de-cobras-venenosas\/#primaryimage"},"thumbnailUrl":"https:\/\/www.em.com.br\/emfoco\/wp-content\/uploads\/2026\/04\/EmFoco_47-8.jpg","datePublished":"2026-04-29T19:05:00+00:00","dateModified":"2026-04-28T16:52:27+00:00","author":{"@id":"https:\/\/www.em.com.br\/emfoco\/#\/schema\/person\/60eda09c1fedf0d6891f4cef4b60b8b8"},"description":"Existe uma ilha brasileira sem turistas e com acesso restrito. Saiba o motivo que tornou esse destino t\u00e3o famoso.","breadcrumb":{"@id":"https:\/\/www.em.com.br\/emfoco\/2026\/04\/29\/a-ilha-brasileira-que-foi-fechada-ao-turismo-devido-a-uma-invasao-de-cobras-venenosas\/#breadcrumb"},"inLanguage":"pt-BR","potentialAction":[{"@type":"ReadAction","target":["https:\/\/www.em.com.br\/emfoco\/2026\/04\/29\/a-ilha-brasileira-que-foi-fechada-ao-turismo-devido-a-uma-invasao-de-cobras-venenosas\/"]}]},{"@type":"ImageObject","inLanguage":"pt-BR","@id":"https:\/\/www.em.com.br\/emfoco\/2026\/04\/29\/a-ilha-brasileira-que-foi-fechada-ao-turismo-devido-a-uma-invasao-de-cobras-venenosas\/#primaryimage","url":"https:\/\/www.em.com.br\/emfoco\/wp-content\/uploads\/2026\/04\/EmFoco_47-8.jpg","contentUrl":"https:\/\/www.em.com.br\/emfoco\/wp-content\/uploads\/2026\/04\/EmFoco_47-8.jpg","width":1280,"height":720,"caption":"Territ\u00f3rio isolado em S\u00e3o Paulo com alta densidade de serpentes voltado \u00e0 preserva\u00e7\u00e3o"},{"@type":"BreadcrumbList","@id":"https:\/\/www.em.com.br\/emfoco\/2026\/04\/29\/a-ilha-brasileira-que-foi-fechada-ao-turismo-devido-a-uma-invasao-de-cobras-venenosas\/#breadcrumb","itemListElement":[{"@type":"ListItem","position":1,"name":"In\u00edcio","item":"https:\/\/www.em.com.br\/emfoco\/"},{"@type":"ListItem","position":2,"name":"A ilha brasileira que foi fechada ao turismo devido a uma invas\u00e3o de cobras venenosas"}]},{"@type":"WebSite","@id":"https:\/\/www.em.com.br\/emfoco\/#website","url":"https:\/\/www.em.com.br\/emfoco\/","name":"Estado de Minas - Em foco","description":"Acompanhe as \u00faltimas not\u00edcias e fique bem informado sobre tudo o que acontece em Minas Gerais, Brasil e no mundo.","potentialAction":[{"@type":"SearchAction","target":{"@type":"EntryPoint","urlTemplate":"https:\/\/www.em.com.br\/emfoco\/?s={search_term_string}"},"query-input":{"@type":"PropertyValueSpecification","valueRequired":true,"valueName":"search_term_string"}}],"inLanguage":"pt-BR"},{"@type":"Person","@id":"https:\/\/www.em.com.br\/emfoco\/#\/schema\/person\/60eda09c1fedf0d6891f4cef4b60b8b8","name":"Andre\u0301 Rangel\u00a0","image":{"@type":"ImageObject","inLanguage":"pt-BR","@id":"https:\/\/www.em.com.br\/emfoco\/#\/schema\/person\/image\/","url":"https:\/\/secure.gravatar.com\/avatar\/6234dc814c77c8ef6d8bba622c787efc?s=96&d=mm&r=g","contentUrl":"https:\/\/secure.gravatar.com\/avatar\/6234dc814c77c8ef6d8bba622c787efc?s=96&d=mm&r=g","caption":"Andre\u0301 Rangel\u00a0"},"url":"https:\/\/www.em.com.br\/emfoco\/author\/luizmyth\/"}]}},"_links":{"self":[{"href":"https:\/\/www.em.com.br\/emfoco\/wp-json\/wp\/v2\/posts\/200092","targetHints":{"allow":["GET"]}}],"collection":[{"href":"https:\/\/www.em.com.br\/emfoco\/wp-json\/wp\/v2\/posts"}],"about":[{"href":"https:\/\/www.em.com.br\/emfoco\/wp-json\/wp\/v2\/types\/post"}],"author":[{"embeddable":true,"href":"https:\/\/www.em.com.br\/emfoco\/wp-json\/wp\/v2\/users\/11"}],"replies":[{"embeddable":true,"href":"https:\/\/www.em.com.br\/emfoco\/wp-json\/wp\/v2\/comments?post=200092"}],"version-history":[{"count":4,"href":"https:\/\/www.em.com.br\/emfoco\/wp-json\/wp\/v2\/posts\/200092\/revisions"}],"predecessor-version":[{"id":200106,"href":"https:\/\/www.em.com.br\/emfoco\/wp-json\/wp\/v2\/posts\/200092\/revisions\/200106"}],"wp:featuredmedia":[{"embeddable":true,"href":"https:\/\/www.em.com.br\/emfoco\/wp-json\/wp\/v2\/media\/200931"}],"wp:attachment":[{"href":"https:\/\/www.em.com.br\/emfoco\/wp-json\/wp\/v2\/media?parent=200092"}],"wp:term":[{"taxonomy":"category","embeddable":true,"href":"https:\/\/www.em.com.br\/emfoco\/wp-json\/wp\/v2\/categories?post=200092"},{"taxonomy":"post_tag","embeddable":true,"href":"https:\/\/www.em.com.br\/emfoco\/wp-json\/wp\/v2\/tags?post=200092"}],"curies":[{"name":"wp","href":"https:\/\/api.w.org\/{rel}","templated":true}]}}