{"id":200077,"date":"2026-04-29T06:05:00","date_gmt":"2026-04-29T09:05:00","guid":{"rendered":"https:\/\/www.em.com.br\/emfoco\/?p=200077"},"modified":"2026-04-28T13:45:16","modified_gmt":"2026-04-28T16:45:16","slug":"para-que-serve-o-pequeno-bolso-nas-calcas-jeans-e-por-que-ele-existe-ha-mais-de-150-anos","status":"publish","type":"post","link":"https:\/\/www.em.com.br\/emfoco\/2026\/04\/29\/para-que-serve-o-pequeno-bolso-nas-calcas-jeans-e-por-que-ele-existe-ha-mais-de-150-anos\/","title":{"rendered":"Para que serve o pequeno bolso nas cal\u00e7as jeans e por que ele existe h\u00e1 mais de 150 anos"},"content":{"rendered":"\n<p>Entre as pe\u00e7as de roupa mais presentes no guarda-roupa moderno, o jeans ocupa um lugar de destaque. A cal\u00e7a jeans \u00e9 vers\u00e1til, atravessa gera\u00e7\u00f5es e estilos, e mesmo assim muita gente ainda se pergunta qual \u00e9 a fun\u00e7\u00e3o real daquele&nbsp;<strong>bolso pequeno do jeans<\/strong>, posicionado na parte frontal direita.<\/p>\n\n\n\n<h2 class=\"wp-block-heading\">Qual \u00e9 a verdadeira origem do bolso pequeno do jeans<\/h2>\n\n\n\n<p>O\u00a0<strong>bolso pequeno do <\/strong><a href=\"https:\/\/www.em.com.br\/emfoco\/2026\/04\/24\/se-voce-tem-calcas-jeans-velhas-nao-as-jogue-fora-veja-como-reutiliza-las-para-organizar-sua-casa-e-dar-um-toque-diferente\/\" target=\"_blank\" rel=\"noreferrer noopener\"><strong>jeans<\/strong>\u00a0<\/a>surgiu no s\u00e9culo XIX, quando trabalhadores precisavam de roupas resistentes e funcionais. Na \u00e9poca, o rel\u00f3gio de bolso era acess\u00f3rio comum e precisava ficar protegido, mas sempre \u00e0 m\u00e3o para consultar as horas com rapidez.<\/p>\n\n\n\n<p>Por isso, as primeiras cal\u00e7as de denim para trabalho pesado passaram a incluir esse compartimento reduzido para acomodar o rel\u00f3gio. Costurado dentro do bolso frontal maior, ele oferecia prote\u00e7\u00e3o contra choques, quedas e arranh\u00f5es, mantendo o rel\u00f3gio firme e separado de outros objetos.<\/p>\n\n\n\n<iframe loading=\"lazy\" src=\"https:\/\/assets.pinterest.com\/ext\/embed.html?id=749919775465075714\" height=\"264\" width=\"345\" frameborder=\"0\" scrolling=\"no\" ><\/iframe>\n\n\n\n<h2 class=\"wp-block-heading\">Como o bolso pequeno do jeans evoluiu at\u00e9 hoje<\/h2>\n\n\n\n<p>Com a chegada dos rel\u00f3gios de pulso e, depois, dos celulares, o uso original perdeu espa\u00e7o, mas o bolso se manteve como marca registrada do design do jeans. Ele passou a ser visto tamb\u00e9m como um detalhe est\u00e9tico, ligado \u00e0 tradi\u00e7\u00e3o e \u00e0 autenticidade da pe\u00e7a.<\/p>\n\n\n\n<p>Marcas de diferentes segmentos continuam preservando esse elemento como s\u00edmbolo de durabilidade e heran\u00e7a do trabalho manual. Mesmo com pequenas mudan\u00e7as de formato ou acabamento, o bolso segue quase sempre no lado direito, pr\u00f3ximo \u00e0 abertura do bolso principal, refor\u00e7ando a identidade cl\u00e1ssica do denim.<\/p>\n\n\n\n<figure class=\"wp-block-image\"><img decoding=\"async\" src=\"https:\/\/www.em.com.br\/emfoco\/wp-content\/uploads\/2025\/09\/calca-jeans_1757430194059-1024x576.jpg\" alt=\"\"\/><figcaption class=\"wp-element-caption\">Por que esse bolso era t\u00e3o importante &#8211; Cr\u00e9ditos: depositphotos.com \/ gdolgikh<\/figcaption><\/figure>\n\n\n\n<h2 class=\"wp-block-heading\">Para que serve o bolso pequeno do jeans no dia a dia<\/h2>\n\n\n\n<p>Hoje, o<a href=\"https:\/\/www.instagram.com\/p\/DVlNbUGDYzC\/\" target=\"_blank\" rel=\"noreferrer noopener\">\u00a0<strong>bolso pequeno do jeans<\/strong><\/a>\u00a0ganhou fun\u00e7\u00f5es variadas, abrigando itens pequenos que exigem f\u00e1cil acesso ou maior seguran\u00e7a. Ele \u00e9 ideal para objetos que voc\u00ea n\u00e3o quer misturar com carteira, celular e chaves grandes no bolso principal.<\/p>\n\n\n\n<p>Entre os usos mais frequentes e pr\u00e1ticos, est\u00e3o:<\/p>\n\n\n\n<ul class=\"wp-block-list\">\n<li>Moedas e c\u00e9dulas dobradas para pagamentos r\u00e1pidos;<\/li>\n\n\n\n<li>An\u00e9is, correntinhas e pequenos acess\u00f3rios que precisam de mais prote\u00e7\u00e3o;<\/li>\n\n\n\n<li>Chaves menores ou chaveiros discretos que n\u00e3o podem se perder;<\/li>\n\n\n\n<li>Pen drives, cart\u00f5es, fones compactos ou bilhetes de transporte.<\/li>\n<\/ul>\n\n\n\n<h2 class=\"wp-block-heading\">Por que o bolso pequeno do jeans ainda \u00e9 t\u00e3o importante<\/h2>\n\n\n\n<p>A perman\u00eancia do&nbsp;<strong>bolso pequeno do jeans<\/strong>&nbsp;n\u00e3o \u00e9 apenas costume: \u00e9 identidade de produto. Ele ajuda a diferenciar o jeans de outras cal\u00e7as, refor\u00e7ando a ideia de resist\u00eancia, tradi\u00e7\u00e3o e liga\u00e7\u00e3o com o universo do trabalho e do estilo casual.<\/p>\n\n\n\n<iframe loading=\"lazy\" src=\"https:\/\/assets.pinterest.com\/ext\/embed.html?id=424534702346502018\" height=\"311\" width=\"345\" frameborder=\"0\" scrolling=\"no\" ><\/iframe>\n\n\n\n<p>Al\u00e9m disso, a moda valoriza detalhes reconhec\u00edveis que criam familiaridade imediata. Em combina\u00e7\u00e3o com rebites met\u00e1licos e costuras refor\u00e7adas, esse bolso comp\u00f5e o visual cl\u00e1ssico do jeans, equilibrando est\u00e9tica, mem\u00f3ria e funcionalidade em uma pe\u00e7a \u00fanica.<\/p>\n\n\n\n<h2 class=\"wp-block-heading\">Como aproveitar melhor o bolso pequeno do jeans e por que isso importa agora<\/h2>\n\n\n\n<p>Esse compartimento pode ser um grande aliado em situa\u00e7\u00f5es que exigem mobilidade, como transporte p\u00fablico, viagens r\u00e1pidas ou caminhadas. Us\u00e1-lo de forma estrat\u00e9gica ajuda a manter o bolso principal mais organizado e confort\u00e1vel, reduzindo volume e risco de perda.<\/p>\n\n\n\n<p>Comece a testar novos usos para o&nbsp;<strong>bolso pequeno do jeans<\/strong>&nbsp;j\u00e1 na pr\u00f3xima vez que vestir sua cal\u00e7a favorita. Experimente guardar ali apenas um item essencial e perceba a diferen\u00e7a na praticidade do seu dia a dia \u2014 n\u00e3o adie essa mudan\u00e7a simples que pode tornar sua rotina muito mais \u00e1gil e segura.<\/p>\n","protected":false},"excerpt":{"rendered":"<p>Entre as pe\u00e7as de roupa mais presentes no guarda-roupa moderno, o jeans ocupa um lugar de destaque. A cal\u00e7a jeans \u00e9 vers\u00e1til, atravessa gera\u00e7\u00f5es e estilos, e mesmo assim muita gente ainda se pergunta qual \u00e9 a fun\u00e7\u00e3o real daquele&nbsp;bolso pequeno do jeans, posicionado na parte frontal direita. Qual \u00e9 a verdadeira origem do bolso [&hellip;]<\/p>\n","protected":false},"author":11,"featured_media":200920,"comment_status":"open","ping_status":"open","sticky":false,"template":"","format":"standard","meta":{"jnews-multi-image_gallery":[],"jnews_single_post":{"format":"standard"},"jnews_primary_category":[],"jnews_social_meta":[],"jnews_override_counter":[],"footnotes":""},"categories":[8819,1],"tags":[28807,17892,4977,9446],"class_list":["post-200077","post","type-post","status-publish","format-standard","has-post-thumbnail","hentry","category-curiosidades","category-noticias","tag-bolso-pequeno","tag-calca-jeans","tag-moda","tag-roupa"],"yoast_head":"<!-- This site is optimized with the Yoast SEO plugin v23.8 - https:\/\/yoast.com\/wordpress\/plugins\/seo\/ -->\n<title>Para que serve o pequeno bolso nas cal\u00e7as jeans e por que ele existe h\u00e1 mais de 150 anos - Estado de Minas - Em foco<\/title>\n<meta name=\"description\" content=\"Voc\u00ea usa cal\u00e7a jeans sempre, mas talvez nunca soube para que serve o bolso pequeno. A resposta pode surpreender voc\u00ea.\" \/>\n<meta name=\"robots\" content=\"index, follow, max-snippet:-1, max-image-preview:large, max-video-preview:-1\" \/>\n<link rel=\"canonical\" href=\"https:\/\/www.em.com.br\/emfoco\/2026\/04\/29\/para-que-serve-o-pequeno-bolso-nas-calcas-jeans-e-por-que-ele-existe-ha-mais-de-150-anos\/\" \/>\n<meta property=\"og:locale\" content=\"pt_BR\" \/>\n<meta property=\"og:type\" content=\"article\" \/>\n<meta property=\"og:title\" content=\"Para que serve o pequeno bolso nas cal\u00e7as jeans e por que ele existe h\u00e1 mais de 150 anos - Estado de Minas - Em foco\" \/>\n<meta property=\"og:description\" content=\"Voc\u00ea usa cal\u00e7a jeans sempre, mas talvez nunca soube para que serve o bolso pequeno. A resposta pode surpreender voc\u00ea.\" \/>\n<meta property=\"og:url\" content=\"https:\/\/www.em.com.br\/emfoco\/2026\/04\/29\/para-que-serve-o-pequeno-bolso-nas-calcas-jeans-e-por-que-ele-existe-ha-mais-de-150-anos\/\" \/>\n<meta property=\"og:site_name\" content=\"Estado de Minas - Em foco\" \/>\n<meta property=\"article:published_time\" content=\"2026-04-29T09:05:00+00:00\" \/>\n<meta property=\"article:modified_time\" content=\"2026-04-28T16:45:16+00:00\" \/>\n<meta property=\"og:image\" content=\"https:\/\/www.em.com.br\/emfoco\/wp-content\/uploads\/2026\/04\/EmFoco_36-8.jpg\" \/>\n\t<meta property=\"og:image:width\" content=\"1280\" \/>\n\t<meta property=\"og:image:height\" content=\"720\" \/>\n\t<meta property=\"og:image:type\" content=\"image\/jpeg\" \/>\n<meta name=\"author\" content=\"Andre\u0301 Rangel\u00a0\" \/>\n<meta name=\"twitter:card\" content=\"summary_large_image\" \/>\n<meta name=\"twitter:label1\" content=\"Escrito por\" \/>\n\t<meta name=\"twitter:data1\" content=\"Andre\u0301 Rangel\u00a0\" \/>\n\t<meta name=\"twitter:label2\" content=\"Est. tempo de leitura\" \/>\n\t<meta name=\"twitter:data2\" content=\"4 minutos\" \/>\n<!-- \/ Yoast SEO plugin. -->","yoast_head_json":{"title":"Para que serve o pequeno bolso nas cal\u00e7as jeans e por que ele existe h\u00e1 mais de 150 anos - Estado de Minas - Em foco","description":"Voc\u00ea usa cal\u00e7a jeans sempre, mas talvez nunca soube para que serve o bolso pequeno. A resposta pode surpreender voc\u00ea.","robots":{"index":"index","follow":"follow","max-snippet":"max-snippet:-1","max-image-preview":"max-image-preview:large","max-video-preview":"max-video-preview:-1"},"canonical":"https:\/\/www.em.com.br\/emfoco\/2026\/04\/29\/para-que-serve-o-pequeno-bolso-nas-calcas-jeans-e-por-que-ele-existe-ha-mais-de-150-anos\/","og_locale":"pt_BR","og_type":"article","og_title":"Para que serve o pequeno bolso nas cal\u00e7as jeans e por que ele existe h\u00e1 mais de 150 anos - Estado de Minas - Em foco","og_description":"Voc\u00ea usa cal\u00e7a jeans sempre, mas talvez nunca soube para que serve o bolso pequeno. A resposta pode surpreender voc\u00ea.","og_url":"https:\/\/www.em.com.br\/emfoco\/2026\/04\/29\/para-que-serve-o-pequeno-bolso-nas-calcas-jeans-e-por-que-ele-existe-ha-mais-de-150-anos\/","og_site_name":"Estado de Minas - Em foco","article_published_time":"2026-04-29T09:05:00+00:00","article_modified_time":"2026-04-28T16:45:16+00:00","og_image":[{"width":1280,"height":720,"url":"https:\/\/www.em.com.br\/emfoco\/wp-content\/uploads\/2026\/04\/EmFoco_36-8.jpg","type":"image\/jpeg"}],"author":"Andre\u0301 Rangel\u00a0","twitter_card":"summary_large_image","twitter_misc":{"Escrito por":"Andre\u0301 Rangel\u00a0","Est. tempo de leitura":"4 minutos"},"schema":{"@context":"https:\/\/schema.org","@graph":[{"@type":"WebPage","@id":"https:\/\/www.em.com.br\/emfoco\/2026\/04\/29\/para-que-serve-o-pequeno-bolso-nas-calcas-jeans-e-por-que-ele-existe-ha-mais-de-150-anos\/","url":"https:\/\/www.em.com.br\/emfoco\/2026\/04\/29\/para-que-serve-o-pequeno-bolso-nas-calcas-jeans-e-por-que-ele-existe-ha-mais-de-150-anos\/","name":"Para que serve o pequeno bolso nas cal\u00e7as jeans e por que ele existe h\u00e1 mais de 150 anos - Estado de Minas - Em foco","isPartOf":{"@id":"https:\/\/www.em.com.br\/emfoco\/#website"},"primaryImageOfPage":{"@id":"https:\/\/www.em.com.br\/emfoco\/2026\/04\/29\/para-que-serve-o-pequeno-bolso-nas-calcas-jeans-e-por-que-ele-existe-ha-mais-de-150-anos\/#primaryimage"},"image":{"@id":"https:\/\/www.em.com.br\/emfoco\/2026\/04\/29\/para-que-serve-o-pequeno-bolso-nas-calcas-jeans-e-por-que-ele-existe-ha-mais-de-150-anos\/#primaryimage"},"thumbnailUrl":"https:\/\/www.em.com.br\/emfoco\/wp-content\/uploads\/2026\/04\/EmFoco_36-8.jpg","datePublished":"2026-04-29T09:05:00+00:00","dateModified":"2026-04-28T16:45:16+00:00","author":{"@id":"https:\/\/www.em.com.br\/emfoco\/#\/schema\/person\/60eda09c1fedf0d6891f4cef4b60b8b8"},"description":"Voc\u00ea usa cal\u00e7a jeans sempre, mas talvez nunca soube para que serve o bolso pequeno. A resposta pode surpreender voc\u00ea.","breadcrumb":{"@id":"https:\/\/www.em.com.br\/emfoco\/2026\/04\/29\/para-que-serve-o-pequeno-bolso-nas-calcas-jeans-e-por-que-ele-existe-ha-mais-de-150-anos\/#breadcrumb"},"inLanguage":"pt-BR","potentialAction":[{"@type":"ReadAction","target":["https:\/\/www.em.com.br\/emfoco\/2026\/04\/29\/para-que-serve-o-pequeno-bolso-nas-calcas-jeans-e-por-que-ele-existe-ha-mais-de-150-anos\/"]}]},{"@type":"ImageObject","inLanguage":"pt-BR","@id":"https:\/\/www.em.com.br\/emfoco\/2026\/04\/29\/para-que-serve-o-pequeno-bolso-nas-calcas-jeans-e-por-que-ele-existe-ha-mais-de-150-anos\/#primaryimage","url":"https:\/\/www.em.com.br\/emfoco\/wp-content\/uploads\/2026\/04\/EmFoco_36-8.jpg","contentUrl":"https:\/\/www.em.com.br\/emfoco\/wp-content\/uploads\/2026\/04\/EmFoco_36-8.jpg","width":1280,"height":720,"caption":"Compartimento hist\u00f3rico criado para proteger rel\u00f3gios de bolso e pequenos objetos essenciais"},{"@type":"BreadcrumbList","@id":"https:\/\/www.em.com.br\/emfoco\/2026\/04\/29\/para-que-serve-o-pequeno-bolso-nas-calcas-jeans-e-por-que-ele-existe-ha-mais-de-150-anos\/#breadcrumb","itemListElement":[{"@type":"ListItem","position":1,"name":"In\u00edcio","item":"https:\/\/www.em.com.br\/emfoco\/"},{"@type":"ListItem","position":2,"name":"Para que serve o pequeno bolso nas cal\u00e7as jeans e por que ele existe h\u00e1 mais de 150 anos"}]},{"@type":"WebSite","@id":"https:\/\/www.em.com.br\/emfoco\/#website","url":"https:\/\/www.em.com.br\/emfoco\/","name":"Estado de Minas - Em foco","description":"Acompanhe as \u00faltimas not\u00edcias e fique bem informado sobre tudo o que acontece em Minas Gerais, Brasil e no mundo.","potentialAction":[{"@type":"SearchAction","target":{"@type":"EntryPoint","urlTemplate":"https:\/\/www.em.com.br\/emfoco\/?s={search_term_string}"},"query-input":{"@type":"PropertyValueSpecification","valueRequired":true,"valueName":"search_term_string"}}],"inLanguage":"pt-BR"},{"@type":"Person","@id":"https:\/\/www.em.com.br\/emfoco\/#\/schema\/person\/60eda09c1fedf0d6891f4cef4b60b8b8","name":"Andre\u0301 Rangel\u00a0","image":{"@type":"ImageObject","inLanguage":"pt-BR","@id":"https:\/\/www.em.com.br\/emfoco\/#\/schema\/person\/image\/","url":"https:\/\/secure.gravatar.com\/avatar\/6234dc814c77c8ef6d8bba622c787efc?s=96&d=mm&r=g","contentUrl":"https:\/\/secure.gravatar.com\/avatar\/6234dc814c77c8ef6d8bba622c787efc?s=96&d=mm&r=g","caption":"Andre\u0301 Rangel\u00a0"},"url":"https:\/\/www.em.com.br\/emfoco\/author\/luizmyth\/"}]}},"_links":{"self":[{"href":"https:\/\/www.em.com.br\/emfoco\/wp-json\/wp\/v2\/posts\/200077","targetHints":{"allow":["GET"]}}],"collection":[{"href":"https:\/\/www.em.com.br\/emfoco\/wp-json\/wp\/v2\/posts"}],"about":[{"href":"https:\/\/www.em.com.br\/emfoco\/wp-json\/wp\/v2\/types\/post"}],"author":[{"embeddable":true,"href":"https:\/\/www.em.com.br\/emfoco\/wp-json\/wp\/v2\/users\/11"}],"replies":[{"embeddable":true,"href":"https:\/\/www.em.com.br\/emfoco\/wp-json\/wp\/v2\/comments?post=200077"}],"version-history":[{"count":2,"href":"https:\/\/www.em.com.br\/emfoco\/wp-json\/wp\/v2\/posts\/200077\/revisions"}],"predecessor-version":[{"id":200084,"href":"https:\/\/www.em.com.br\/emfoco\/wp-json\/wp\/v2\/posts\/200077\/revisions\/200084"}],"wp:featuredmedia":[{"embeddable":true,"href":"https:\/\/www.em.com.br\/emfoco\/wp-json\/wp\/v2\/media\/200920"}],"wp:attachment":[{"href":"https:\/\/www.em.com.br\/emfoco\/wp-json\/wp\/v2\/media?parent=200077"}],"wp:term":[{"taxonomy":"category","embeddable":true,"href":"https:\/\/www.em.com.br\/emfoco\/wp-json\/wp\/v2\/categories?post=200077"},{"taxonomy":"post_tag","embeddable":true,"href":"https:\/\/www.em.com.br\/emfoco\/wp-json\/wp\/v2\/tags?post=200077"}],"curies":[{"name":"wp","href":"https:\/\/api.w.org\/{rel}","templated":true}]}}