{"id":200065,"date":"2026-04-29T14:45:00","date_gmt":"2026-04-29T17:45:00","guid":{"rendered":"https:\/\/www.em.com.br\/emfoco\/?p=200065"},"modified":"2026-04-28T23:26:06","modified_gmt":"2026-04-29T02:26:06","slug":"aprenda-a-reciclar-garrafas-de-vinho-e-transforma-las-em-objetos-decorativos-para-sua-casa","status":"publish","type":"post","link":"https:\/\/www.em.com.br\/emfoco\/2026\/04\/29\/aprenda-a-reciclar-garrafas-de-vinho-e-transforma-las-em-objetos-decorativos-para-sua-casa\/","title":{"rendered":"Aprenda a reciclar garrafas de vinho e transform\u00e1-las em objetos decorativos para sua casa"},"content":{"rendered":"\n<p>Recipientes de vidro usados, como <strong>garrafas de vinho<\/strong>, costumam ir direto para o lixo ap\u00f3s o consumo, mas podem ganhar uma nova fun\u00e7\u00e3o na decora\u00e7\u00e3o de ambientes, reduzindo res\u00edduos e criando vasos, lumin\u00e1rias e pe\u00e7as decorativas \u00fateis, bonitas e cheias de personalidade para o dia a dia.<\/p>\n\n\n\n<h2 class=\"wp-block-heading\">Como reciclar garrafa de vinho para decora\u00e7\u00e3o em casa<\/h2>\n\n\n\n<p>O processo artesanal come\u00e7a pela prepara\u00e7\u00e3o do vidro, etapa essencial para garantir boa ader\u00eancia da tinta, da cola e evitar odores. Enx\u00e1gue o interior com \u00e1gua morna e detergente e, na parte externa, retire r\u00f3tulos e res\u00edduos de cola.<\/p>\n\n\n\n<p>Uma mistura de \u00e1gua quente com um pouco de <a href=\"https:\/\/www.em.com.br\/emfoco\/2026\/04\/25\/faca-uma-pasta-de-polimento-com-vinagre-para-limpar-metais-e-devolver-o-brilho\/\" target=\"_blank\" rel=\"noreferrer noopener\">vinagre <\/a>ajuda a soltar o papel com mais facilidade. Depois da lavagem, deixe a garrafa secar totalmente, por dentro e por fora, antes de iniciar a etapa criativa com pintura, pap\u00e9is e demais materiais decorativos.<\/p>\n\n\n\n<figure class=\"wp-block-image size-large\"><img loading=\"lazy\" decoding=\"async\" width=\"1024\" height=\"576\" src=\"https:\/\/www.em.com.br\/emfoco\/wp-content\/uploads\/2026\/04\/Gemini_Generated_Image_fwk15rfwk15rfwk1-1-1024x576.png\" alt=\"Garrafa de vinho vira a melhor decora\u00e7\u00e3o caseira\" class=\"wp-image-200069\" srcset=\"https:\/\/www.em.com.br\/emfoco\/wp-content\/uploads\/2026\/04\/Gemini_Generated_Image_fwk15rfwk15rfwk1-1-1024x576.png 1024w, https:\/\/www.em.com.br\/emfoco\/wp-content\/uploads\/2026\/04\/Gemini_Generated_Image_fwk15rfwk15rfwk1-1-300x169.png 300w, https:\/\/www.em.com.br\/emfoco\/wp-content\/uploads\/2026\/04\/Gemini_Generated_Image_fwk15rfwk15rfwk1-1-768x432.png 768w, https:\/\/www.em.com.br\/emfoco\/wp-content\/uploads\/2026\/04\/Gemini_Generated_Image_fwk15rfwk15rfwk1-1-750x422.png 750w, https:\/\/www.em.com.br\/emfoco\/wp-content\/uploads\/2026\/04\/Gemini_Generated_Image_fwk15rfwk15rfwk1-1-1140x641.png 1140w, https:\/\/www.em.com.br\/emfoco\/wp-content\/uploads\/2026\/04\/Gemini_Generated_Image_fwk15rfwk15rfwk1-1.png 1280w\" sizes=\"auto, (max-width: 1024px) 100vw, 1024px\" \/><figcaption class=\"wp-element-caption\">Garrafa de vinho vira a melhor decora\u00e7\u00e3o caseira<\/figcaption><\/figure>\n\n\n\n<h2 class=\"wp-block-heading\">Quais materiais usar para reciclar a garrafa de vinho<\/h2>\n\n\n\n<p>Para transformar a garrafa em vaso de flores ou enfeite de vidro, use uma combina\u00e7\u00e3o de materiais simples, f\u00e1ceis de encontrar em papelarias e lojas de artesanato. Assim, voc\u00ea adapta o projeto ao seu estilo, do r\u00fastico ao moderno.<\/p>\n\n\n\n<p>Veja alguns dos itens mais usados e que garantem um bom resultado final:<\/p>\n\n\n\n<ul class=\"wp-block-list\">\n<li><strong>Garrafa de vinho limpa<\/strong>, transparente ou colorida;<\/li>\n\n\n\n<li><strong>Tinta acr\u00edlica<\/strong>, em cor \u00fanica ou em mais de um tom;<\/li>\n\n\n\n<li><strong>Cola branca<\/strong>&nbsp;para papel e acabamento;<\/li>\n\n\n\n<li><strong>Verniz<\/strong>&nbsp;para proteger a superf\u00edcie decorada;<\/li>\n\n\n\n<li><strong>Pap\u00e9is variados<\/strong>&nbsp;(coloridos, estampados, papel kraft ou papel com textura amadeirada) para criar relevo e textura;<\/li>\n\n\n\n<li><strong>Elementos extras<\/strong>, como barbantes, cordas naturais, tiras de couro ou chaves antigas;<\/li>\n\n\n\n<li><strong>Fio de luzes de LED<\/strong>&nbsp;para ilumina\u00e7\u00e3o interna opcional.<\/li>\n<\/ul>\n\n\n\n<h2 class=\"wp-block-heading\">Como reciclar garrafa de vinho em vaso de flores passo a passo<\/h2>\n\n\n\n<p>Transformar a <a href=\"https:\/\/br.pinterest.com\/ideas\/garrafa-com-flores\/900118869054\/\" target=\"_blank\" rel=\"noreferrer noopener\">garrafa em vaso de flores<\/a> \u00e9 uma das formas mais simples de reaproveitamento, ideal para iniciantes. O segredo \u00e9 seguir uma sequ\u00eancia de etapas que garanta limpeza, boa pintura e acabamento resistente.<\/p>\n\n\n\n<p>Depois de lavar, retirar o r\u00f3tulo e secar bem, aplique uma camada de tinta acr\u00edlica branca como base, deixando secar antes da cor principal. Em seguida, pinte na tonalidade desejada, use t\u00e9cnicas com papel se quiser mais textura, finalize com verniz e acrescente detalhes como fios, sisal ou pe\u00e7as de madeira no gargalo.<\/p>\n\n\n\n<figure class=\"wp-block-image size-large\"><img loading=\"lazy\" decoding=\"async\" width=\"1024\" height=\"576\" src=\"https:\/\/www.em.com.br\/emfoco\/wp-content\/uploads\/2026\/04\/Gemini_Generated_Image_qb3of6qb3of6qb3o-1-1024x576.png\" alt=\"Garrafa de vinho vira a melhor decora\u00e7\u00e3o caseira\" class=\"wp-image-200070\" srcset=\"https:\/\/www.em.com.br\/emfoco\/wp-content\/uploads\/2026\/04\/Gemini_Generated_Image_qb3of6qb3of6qb3o-1-1024x576.png 1024w, https:\/\/www.em.com.br\/emfoco\/wp-content\/uploads\/2026\/04\/Gemini_Generated_Image_qb3of6qb3of6qb3o-1-300x169.png 300w, https:\/\/www.em.com.br\/emfoco\/wp-content\/uploads\/2026\/04\/Gemini_Generated_Image_qb3of6qb3of6qb3o-1-768x432.png 768w, https:\/\/www.em.com.br\/emfoco\/wp-content\/uploads\/2026\/04\/Gemini_Generated_Image_qb3of6qb3of6qb3o-1-750x422.png 750w, https:\/\/www.em.com.br\/emfoco\/wp-content\/uploads\/2026\/04\/Gemini_Generated_Image_qb3of6qb3of6qb3o-1-1140x641.png 1140w, https:\/\/www.em.com.br\/emfoco\/wp-content\/uploads\/2026\/04\/Gemini_Generated_Image_qb3of6qb3of6qb3o-1.png 1280w\" sizes=\"auto, (max-width: 1024px) 100vw, 1024px\" \/><figcaption class=\"wp-element-caption\">Garrafa de vinho vira a melhor decora\u00e7\u00e3o caseira<\/figcaption><\/figure>\n\n\n\n<h2 class=\"wp-block-heading\">O que colocar dentro da garrafa de vinho reciclada<\/h2>\n\n\n\n<p>A garrafa reciclada pode funcionar apenas como pe\u00e7a decorativa, ocupando prateleiras e aparadores, ou ganhar fun\u00e7\u00e3o pr\u00e1tica. A escolha do conte\u00fado interno depende do uso: vaso de flores, ponto de luz ou objeto de apoio em composi\u00e7\u00f5es decorativas.<\/p>\n\n\n\n<p>Entre as possibilidades, voc\u00ea pode apostar em flores, ilumina\u00e7\u00e3o ou elementos naturais que combinam com o estilo do ambiente, criando composi\u00e7\u00f5es \u00fanicas e cheias de charme.<\/p>\n\n\n\n<ul class=\"wp-block-list\">\n<li><strong>Flores frescas<\/strong>, quando a ideia \u00e9 usar a garrafa como vaso com \u00e1gua;<\/li>\n\n\n\n<li><strong>Flores secas<\/strong>, que exigem pouca manuten\u00e7\u00e3o e duram mais tempo;<\/li>\n\n\n\n<li><strong>Ramos de plantas<\/strong>, como galhos de eucalipto, para efeito simples e marcante;<\/li>\n\n\n\n<li><strong>Luzes de LED em fio<\/strong>, criando uma ilumina\u00e7\u00e3o suave em cantos da casa;<\/li>\n\n\n\n<li><strong>Areia, pedras ou sementes<\/strong>, como base decorativa no fundo da garrafa.<\/li>\n<\/ul>\n\n\n\n<h2 class=\"wp-block-heading\">Por que come\u00e7ar agora a reciclar garrafa de vinho em casa<\/h2>\n\n\n\n<p>Ao reciclar garrafa de vinho dessa forma, o objeto deixa de ser apenas res\u00edduo e passa a integrar a decora\u00e7\u00e3o com fun\u00e7\u00e3o clara, unindo sustentabilidade e estilo. Com diferentes modelos de garrafas, voc\u00ea cria conjuntos variados para v\u00e1rios ambientes da casa, economiza em novos itens decorativos e ainda personaliza cada detalhe.<\/p>\n\n\n\n<p>N\u00e3o espere acumular mais lixo para agir: separe hoje mesmo suas garrafas de vidro, escolha um dos passos apresentados e transforme a pr\u00f3xima pe\u00e7a em um vaso de flores, lumin\u00e1ria ou objeto de design \u00fanico. Comece agora, experimente uma t\u00e9cnica simples e sinta a diferen\u00e7a de ver sua casa decorada com algo feito por voc\u00ea.<\/p>\n","protected":false},"excerpt":{"rendered":"<p>Recipientes de vidro usados, como garrafas de vinho, costumam ir direto para o lixo ap\u00f3s o consumo, mas podem ganhar uma nova fun\u00e7\u00e3o na decora\u00e7\u00e3o de ambientes, reduzindo res\u00edduos e criando vasos, lumin\u00e1rias e pe\u00e7as decorativas \u00fateis, bonitas e cheias de personalidade para o dia a dia. Como reciclar garrafa de vinho para decora\u00e7\u00e3o em [&hellip;]<\/p>\n","protected":false},"author":11,"featured_media":200924,"comment_status":"open","ping_status":"open","sticky":false,"template":"","format":"standard","meta":{"jnews-multi-image_gallery":[],"jnews_single_post":{"format":"standard"},"jnews_primary_category":[],"jnews_social_meta":[],"jnews_override_counter":[],"footnotes":""},"categories":[8819,1],"tags":[4687,5115,28804,28805,28806],"class_list":["post-200065","post","type-post","status-publish","format-standard","has-post-thumbnail","hentry","category-curiosidades","category-noticias","tag-decoracao","tag-diy","tag-garrafa-de-vinho","tag-garrafas-vazias","tag-reciclar-vidro"],"yoast_head":"<!-- This site is optimized with the Yoast SEO plugin v23.8 - https:\/\/yoast.com\/wordpress\/plugins\/seo\/ -->\n<title>Aprenda a reciclar garrafas de vinho e transform\u00e1-las em objetos decorativos para sua casa - Estado de Minas - Em foco<\/title>\n<meta name=\"description\" content=\"Garrafa de vinho pode virar vaso, lumin\u00e1ria ou pe\u00e7a decorativa. Aprenda a reciclar vidro e renovar sua casa com estilo.\" \/>\n<meta name=\"robots\" content=\"index, follow, max-snippet:-1, max-image-preview:large, max-video-preview:-1\" \/>\n<link rel=\"canonical\" href=\"https:\/\/www.em.com.br\/emfoco\/2026\/04\/29\/aprenda-a-reciclar-garrafas-de-vinho-e-transforma-las-em-objetos-decorativos-para-sua-casa\/\" \/>\n<meta property=\"og:locale\" content=\"pt_BR\" \/>\n<meta property=\"og:type\" content=\"article\" \/>\n<meta property=\"og:title\" content=\"Aprenda a reciclar garrafas de vinho e transform\u00e1-las em objetos decorativos para sua casa - Estado de Minas - Em foco\" \/>\n<meta property=\"og:description\" content=\"Garrafa de vinho pode virar vaso, lumin\u00e1ria ou pe\u00e7a decorativa. Aprenda a reciclar vidro e renovar sua casa com estilo.\" \/>\n<meta property=\"og:url\" content=\"https:\/\/www.em.com.br\/emfoco\/2026\/04\/29\/aprenda-a-reciclar-garrafas-de-vinho-e-transforma-las-em-objetos-decorativos-para-sua-casa\/\" \/>\n<meta property=\"og:site_name\" content=\"Estado de Minas - Em foco\" \/>\n<meta property=\"article:published_time\" content=\"2026-04-29T17:45:00+00:00\" \/>\n<meta property=\"article:modified_time\" content=\"2026-04-29T02:26:06+00:00\" \/>\n<meta property=\"og:image\" content=\"https:\/\/www.em.com.br\/emfoco\/wp-content\/uploads\/2026\/04\/EmFoco_54-7.jpg\" \/>\n\t<meta property=\"og:image:width\" content=\"1280\" \/>\n\t<meta property=\"og:image:height\" content=\"720\" \/>\n\t<meta property=\"og:image:type\" content=\"image\/jpeg\" \/>\n<meta name=\"author\" content=\"Andre\u0301 Rangel\u00a0\" \/>\n<meta name=\"twitter:card\" content=\"summary_large_image\" \/>\n<meta name=\"twitter:label1\" content=\"Escrito por\" \/>\n\t<meta name=\"twitter:data1\" content=\"Andre\u0301 Rangel\u00a0\" \/>\n\t<meta name=\"twitter:label2\" content=\"Est. tempo de leitura\" \/>\n\t<meta name=\"twitter:data2\" content=\"5 minutos\" \/>\n<!-- \/ Yoast SEO plugin. -->","yoast_head_json":{"title":"Aprenda a reciclar garrafas de vinho e transform\u00e1-las em objetos decorativos para sua casa - Estado de Minas - Em foco","description":"Garrafa de vinho pode virar vaso, lumin\u00e1ria ou pe\u00e7a decorativa. Aprenda a reciclar vidro e renovar sua casa com estilo.","robots":{"index":"index","follow":"follow","max-snippet":"max-snippet:-1","max-image-preview":"max-image-preview:large","max-video-preview":"max-video-preview:-1"},"canonical":"https:\/\/www.em.com.br\/emfoco\/2026\/04\/29\/aprenda-a-reciclar-garrafas-de-vinho-e-transforma-las-em-objetos-decorativos-para-sua-casa\/","og_locale":"pt_BR","og_type":"article","og_title":"Aprenda a reciclar garrafas de vinho e transform\u00e1-las em objetos decorativos para sua casa - Estado de Minas - Em foco","og_description":"Garrafa de vinho pode virar vaso, lumin\u00e1ria ou pe\u00e7a decorativa. Aprenda a reciclar vidro e renovar sua casa com estilo.","og_url":"https:\/\/www.em.com.br\/emfoco\/2026\/04\/29\/aprenda-a-reciclar-garrafas-de-vinho-e-transforma-las-em-objetos-decorativos-para-sua-casa\/","og_site_name":"Estado de Minas - Em foco","article_published_time":"2026-04-29T17:45:00+00:00","article_modified_time":"2026-04-29T02:26:06+00:00","og_image":[{"width":1280,"height":720,"url":"https:\/\/www.em.com.br\/emfoco\/wp-content\/uploads\/2026\/04\/EmFoco_54-7.jpg","type":"image\/jpeg"}],"author":"Andre\u0301 Rangel\u00a0","twitter_card":"summary_large_image","twitter_misc":{"Escrito por":"Andre\u0301 Rangel\u00a0","Est. tempo de leitura":"5 minutos"},"schema":{"@context":"https:\/\/schema.org","@graph":[{"@type":"WebPage","@id":"https:\/\/www.em.com.br\/emfoco\/2026\/04\/29\/aprenda-a-reciclar-garrafas-de-vinho-e-transforma-las-em-objetos-decorativos-para-sua-casa\/","url":"https:\/\/www.em.com.br\/emfoco\/2026\/04\/29\/aprenda-a-reciclar-garrafas-de-vinho-e-transforma-las-em-objetos-decorativos-para-sua-casa\/","name":"Aprenda a reciclar garrafas de vinho e transform\u00e1-las em objetos decorativos para sua casa - Estado de Minas - Em foco","isPartOf":{"@id":"https:\/\/www.em.com.br\/emfoco\/#website"},"primaryImageOfPage":{"@id":"https:\/\/www.em.com.br\/emfoco\/2026\/04\/29\/aprenda-a-reciclar-garrafas-de-vinho-e-transforma-las-em-objetos-decorativos-para-sua-casa\/#primaryimage"},"image":{"@id":"https:\/\/www.em.com.br\/emfoco\/2026\/04\/29\/aprenda-a-reciclar-garrafas-de-vinho-e-transforma-las-em-objetos-decorativos-para-sua-casa\/#primaryimage"},"thumbnailUrl":"https:\/\/www.em.com.br\/emfoco\/wp-content\/uploads\/2026\/04\/EmFoco_54-7.jpg","datePublished":"2026-04-29T17:45:00+00:00","dateModified":"2026-04-29T02:26:06+00:00","author":{"@id":"https:\/\/www.em.com.br\/emfoco\/#\/schema\/person\/60eda09c1fedf0d6891f4cef4b60b8b8"},"description":"Garrafa de vinho pode virar vaso, lumin\u00e1ria ou pe\u00e7a decorativa. Aprenda a reciclar vidro e renovar sua casa com estilo.","breadcrumb":{"@id":"https:\/\/www.em.com.br\/emfoco\/2026\/04\/29\/aprenda-a-reciclar-garrafas-de-vinho-e-transforma-las-em-objetos-decorativos-para-sua-casa\/#breadcrumb"},"inLanguage":"pt-BR","potentialAction":[{"@type":"ReadAction","target":["https:\/\/www.em.com.br\/emfoco\/2026\/04\/29\/aprenda-a-reciclar-garrafas-de-vinho-e-transforma-las-em-objetos-decorativos-para-sua-casa\/"]}]},{"@type":"ImageObject","inLanguage":"pt-BR","@id":"https:\/\/www.em.com.br\/emfoco\/2026\/04\/29\/aprenda-a-reciclar-garrafas-de-vinho-e-transforma-las-em-objetos-decorativos-para-sua-casa\/#primaryimage","url":"https:\/\/www.em.com.br\/emfoco\/wp-content\/uploads\/2026\/04\/EmFoco_54-7.jpg","contentUrl":"https:\/\/www.em.com.br\/emfoco\/wp-content\/uploads\/2026\/04\/EmFoco_54-7.jpg","width":1280,"height":720,"caption":"Processo artesanal de reaproveitamento de vidro para cria\u00e7\u00e3o de itens decorativos sustent\u00e1veis"},{"@type":"BreadcrumbList","@id":"https:\/\/www.em.com.br\/emfoco\/2026\/04\/29\/aprenda-a-reciclar-garrafas-de-vinho-e-transforma-las-em-objetos-decorativos-para-sua-casa\/#breadcrumb","itemListElement":[{"@type":"ListItem","position":1,"name":"In\u00edcio","item":"https:\/\/www.em.com.br\/emfoco\/"},{"@type":"ListItem","position":2,"name":"Aprenda a reciclar garrafas de vinho e transform\u00e1-las em objetos decorativos para sua casa"}]},{"@type":"WebSite","@id":"https:\/\/www.em.com.br\/emfoco\/#website","url":"https:\/\/www.em.com.br\/emfoco\/","name":"Estado de Minas - Em foco","description":"Acompanhe as \u00faltimas not\u00edcias e fique bem informado sobre tudo o que acontece em Minas Gerais, Brasil e no mundo.","potentialAction":[{"@type":"SearchAction","target":{"@type":"EntryPoint","urlTemplate":"https:\/\/www.em.com.br\/emfoco\/?s={search_term_string}"},"query-input":{"@type":"PropertyValueSpecification","valueRequired":true,"valueName":"search_term_string"}}],"inLanguage":"pt-BR"},{"@type":"Person","@id":"https:\/\/www.em.com.br\/emfoco\/#\/schema\/person\/60eda09c1fedf0d6891f4cef4b60b8b8","name":"Andre\u0301 Rangel\u00a0","image":{"@type":"ImageObject","inLanguage":"pt-BR","@id":"https:\/\/www.em.com.br\/emfoco\/#\/schema\/person\/image\/","url":"https:\/\/secure.gravatar.com\/avatar\/6234dc814c77c8ef6d8bba622c787efc?s=96&d=mm&r=g","contentUrl":"https:\/\/secure.gravatar.com\/avatar\/6234dc814c77c8ef6d8bba622c787efc?s=96&d=mm&r=g","caption":"Andre\u0301 Rangel\u00a0"},"url":"https:\/\/www.em.com.br\/emfoco\/author\/luizmyth\/"}]}},"_links":{"self":[{"href":"https:\/\/www.em.com.br\/emfoco\/wp-json\/wp\/v2\/posts\/200065","targetHints":{"allow":["GET"]}}],"collection":[{"href":"https:\/\/www.em.com.br\/emfoco\/wp-json\/wp\/v2\/posts"}],"about":[{"href":"https:\/\/www.em.com.br\/emfoco\/wp-json\/wp\/v2\/types\/post"}],"author":[{"embeddable":true,"href":"https:\/\/www.em.com.br\/emfoco\/wp-json\/wp\/v2\/users\/11"}],"replies":[{"embeddable":true,"href":"https:\/\/www.em.com.br\/emfoco\/wp-json\/wp\/v2\/comments?post=200065"}],"version-history":[{"count":4,"href":"https:\/\/www.em.com.br\/emfoco\/wp-json\/wp\/v2\/posts\/200065\/revisions"}],"predecessor-version":[{"id":200076,"href":"https:\/\/www.em.com.br\/emfoco\/wp-json\/wp\/v2\/posts\/200065\/revisions\/200076"}],"wp:featuredmedia":[{"embeddable":true,"href":"https:\/\/www.em.com.br\/emfoco\/wp-json\/wp\/v2\/media\/200924"}],"wp:attachment":[{"href":"https:\/\/www.em.com.br\/emfoco\/wp-json\/wp\/v2\/media?parent=200065"}],"wp:term":[{"taxonomy":"category","embeddable":true,"href":"https:\/\/www.em.com.br\/emfoco\/wp-json\/wp\/v2\/categories?post=200065"},{"taxonomy":"post_tag","embeddable":true,"href":"https:\/\/www.em.com.br\/emfoco\/wp-json\/wp\/v2\/tags?post=200065"}],"curies":[{"name":"wp","href":"https:\/\/api.w.org\/{rel}","templated":true}]}}