{"id":200064,"date":"2026-04-29T08:55:00","date_gmt":"2026-04-29T11:55:00","guid":{"rendered":"https:\/\/www.em.com.br\/emfoco\/?p=200064"},"modified":"2026-04-28T23:10:17","modified_gmt":"2026-04-29T02:10:17","slug":"nao-jogue-fora-a-calca-jeans-sem-uso-veja-como-reutiliza-la-fazendo-um-porta-cartoes-super-util","status":"publish","type":"post","link":"https:\/\/www.em.com.br\/emfoco\/2026\/04\/29\/nao-jogue-fora-a-calca-jeans-sem-uso-veja-como-reutiliza-la-fazendo-um-porta-cartoes-super-util\/","title":{"rendered":"N\u00e3o jogue fora a cal\u00e7a jeans sem uso, veja como reutiliz\u00e1-la fazendo um porta-cart\u00f5es super \u00fatil\u00a0"},"content":{"rendered":"\n<p>Reaproveitar jeans velhos em projetos de costura simples virou uma forma pr\u00e1tica e criativa de organizar objetos do dia a dia e, ao mesmo tempo, reduzir o desperd\u00edcio de tecido. Com poucos materiais e aten\u00e7\u00e3o \u00e0s medidas, d\u00e1 para transformar aquela cal\u00e7a esquecida no fundo do arm\u00e1rio em um <strong>porta-cart\u00e3o <\/strong>resistente, funcional e cheio de personalidade para <strong>documentos<\/strong>, <strong>cart\u00f5es de transporte<\/strong>, <strong>cart\u00e3o de cr\u00e9dito<\/strong> ou <strong>crach\u00e1s<\/strong>.<\/p>\n\n\n\n<h2 class=\"wp-block-heading\">Por que o jeans \u00e9 t\u00e3o \u00fatil em projetos de DIY e organiza\u00e7\u00e3o<\/h2>\n\n\n\n<p>O tecido <a href=\"https:\/\/www.em.com.br\/emfoco\/2026\/04\/24\/se-voce-tem-calcas-jeans-velhas-nao-as-jogue-fora-veja-como-reutiliza-las-para-organizar-sua-casa-e-dar-um-toque-diferente\/\" target=\"_blank\" rel=\"noreferrer noopener\">jeans<\/a>, tamb\u00e9m chamado de denim, \u00e9 conhecido pela durabilidade e pela capacidade de suportar atrito sem rasgar com facilidade. Em pe\u00e7as pequenas, como um porta-cart\u00e3o, isso garante mais prote\u00e7\u00e3o contra dobras, quedas e uso constante no dia a dia.<\/p>\n\n\n\n<p>Esse tipo de projeto tamb\u00e9m permite reaproveitar partes espec\u00edficas da cal\u00e7a, como passantes de cinto e bolsos. Esses detalhes podem ser adaptados como suportes para al\u00e7as, pequenos compartimentos extras ou at\u00e9 elementos decorativos, deixando o acess\u00f3rio funcional e \u00fanico.<\/p>\n\n\n\n<figure class=\"wp-block-image size-large\"><img loading=\"lazy\" decoding=\"async\" width=\"1024\" height=\"576\" src=\"https:\/\/www.em.com.br\/emfoco\/wp-content\/uploads\/2026\/04\/Gemini_Generated_Image_j67htfj67htfj67h-1-1024x576.png\" alt=\"Jeans velho vira o melhor porta-cart\u00e3o DIY\" class=\"wp-image-200071\" srcset=\"https:\/\/www.em.com.br\/emfoco\/wp-content\/uploads\/2026\/04\/Gemini_Generated_Image_j67htfj67htfj67h-1-1024x576.png 1024w, https:\/\/www.em.com.br\/emfoco\/wp-content\/uploads\/2026\/04\/Gemini_Generated_Image_j67htfj67htfj67h-1-300x169.png 300w, https:\/\/www.em.com.br\/emfoco\/wp-content\/uploads\/2026\/04\/Gemini_Generated_Image_j67htfj67htfj67h-1-768x432.png 768w, https:\/\/www.em.com.br\/emfoco\/wp-content\/uploads\/2026\/04\/Gemini_Generated_Image_j67htfj67htfj67h-1-750x422.png 750w, https:\/\/www.em.com.br\/emfoco\/wp-content\/uploads\/2026\/04\/Gemini_Generated_Image_j67htfj67htfj67h-1-1140x641.png 1140w, https:\/\/www.em.com.br\/emfoco\/wp-content\/uploads\/2026\/04\/Gemini_Generated_Image_j67htfj67htfj67h-1.png 1280w\" sizes=\"auto, (max-width: 1024px) 100vw, 1024px\" \/><figcaption class=\"wp-element-caption\">Jeans velho vira o melhor porta-cart\u00e3o DIY<\/figcaption><\/figure>\n\n\n\n<h2 class=\"wp-block-heading\">Como come\u00e7ar um DIY de costura com jeans focado em porta-cart\u00e3o<\/h2>\n\n\n\n<p>O ponto de partida para um <a href=\"https:\/\/br.pinterest.com\/iamardalho\/aproveitamento-com-jeans\/\" target=\"_blank\" rel=\"noreferrer noopener\">DIY de costura com jeans<\/a> focado em porta-cart\u00e3o \u00e9 definir o tamanho exato do objeto que ficar\u00e1 guardado. Cart\u00f5es de banco, documentos plastificados ou crach\u00e1s costumam ter medidas parecidas, mas \u00e9 essencial medir cada um com uma r\u00e9gua antes de cortar o tecido.<\/p>\n\n\n\n<p>Depois de definir as dimens\u00f5es, acrescente alguns mil\u00edmetros em cada lado para permitir a costura e a folga de manuseio. Em seguida, separe dois ret\u00e2ngulos de jeans, que formar\u00e3o a parte frontal e traseira da capinha; se quiser, recorte uma pequena janela em um deles para criar um visor pr\u00e1tico para ambientes de trabalho ou estudo.<\/p>\n\n\n\n<h2 class=\"wp-block-heading\">Como fazer o porta-cart\u00e3o de jeans passo a passo de forma pr\u00e1tica<\/h2>\n\n\n\n<p>Para seguir um passo a passo b\u00e1sico de porta-cart\u00e3o de jeans, alguns materiais simples j\u00e1 s\u00e3o suficientes. Voc\u00ea pode costurar \u00e0 m\u00e3o, com agulha e linha, ou utilizar uma m\u00e1quina de costura; o importante \u00e9 escolher uma linha firme, capaz de suportar o peso e o atrito do jeans durante o uso.<\/p>\n\n\n\n<figure class=\"wp-block-image size-large\"><img loading=\"lazy\" decoding=\"async\" width=\"1024\" height=\"576\" src=\"https:\/\/www.em.com.br\/emfoco\/wp-content\/uploads\/2026\/04\/Gemini_Generated_Image_k8n3cwk8n3cwk8n3-1-1024x576.png\" alt=\"Jeans velho vira o melhor porta-cart\u00e3o DIY\" class=\"wp-image-200073\" srcset=\"https:\/\/www.em.com.br\/emfoco\/wp-content\/uploads\/2026\/04\/Gemini_Generated_Image_k8n3cwk8n3cwk8n3-1-1024x576.png 1024w, https:\/\/www.em.com.br\/emfoco\/wp-content\/uploads\/2026\/04\/Gemini_Generated_Image_k8n3cwk8n3cwk8n3-1-300x169.png 300w, https:\/\/www.em.com.br\/emfoco\/wp-content\/uploads\/2026\/04\/Gemini_Generated_Image_k8n3cwk8n3cwk8n3-1-768x432.png 768w, https:\/\/www.em.com.br\/emfoco\/wp-content\/uploads\/2026\/04\/Gemini_Generated_Image_k8n3cwk8n3cwk8n3-1-750x422.png 750w, https:\/\/www.em.com.br\/emfoco\/wp-content\/uploads\/2026\/04\/Gemini_Generated_Image_k8n3cwk8n3cwk8n3-1-1140x641.png 1140w, https:\/\/www.em.com.br\/emfoco\/wp-content\/uploads\/2026\/04\/Gemini_Generated_Image_k8n3cwk8n3cwk8n3-1.png 1280w\" sizes=\"auto, (max-width: 1024px) 100vw, 1024px\" \/><figcaption class=\"wp-element-caption\">Jeans velho vira o melhor porta-cart\u00e3o DIY<\/figcaption><\/figure>\n\n\n\n<p>Depois de separar os retalhos e organizar o espa\u00e7o de trabalho, siga a sequ\u00eancia abaixo para montar o seu porta-cart\u00e3o com mais seguran\u00e7a e precis\u00e3o:<\/p>\n\n\n\n<ol class=\"wp-block-list\">\n<li><strong>Medir o cart\u00e3o:<\/strong>\u00a0anotar largura e altura, acrescentando cerca de 0,5 cm nas laterais e na parte superior para a folga de costura.<\/li>\n\n\n\n<li><strong>Cortar o tecido:<\/strong>\u00a0recortar dois ret\u00e2ngulos de jeans seguindo as medidas ajustadas; se houver visor, recortar um pequeno ret\u00e2ngulo em um deles.<\/li>\n\n\n\n<li><strong>Definir a parte superior:<\/strong>\u00a0em uma das extremidades, criar um formato levemente triangular ou arredondado para facilitar a coloca\u00e7\u00e3o de um furo ou ilh\u00f3s para a al\u00e7a.<\/li>\n\n\n\n<li><strong>Unir as partes:<\/strong>\u00a0posicionar os lados direitos do tecido frente a frente, alinhando bem as bordas.<\/li>\n\n\n\n<li><strong>Costurar as laterais e o fundo:<\/strong>\u00a0passar uma costura reta, deixando apenas a abertura por onde o cart\u00e3o ser\u00e1 inserido.<\/li>\n\n\n\n<li><strong>Fazer o acabamento das bordas internas:<\/strong>\u00a0aplicar um ponto de acabamento (como zigue-zague) para evitar que o jeans desfie.<\/li>\n\n\n\n<li><strong>Virar para o lado direito:<\/strong>\u00a0desvirar a pe\u00e7a, ajeitando os cantos com cuidado para n\u00e3o deformar o tecido.<\/li>\n\n\n\n<li><strong>Fixar a tira ou al\u00e7a:<\/strong>\u00a0aproveitar o passante de cinto do jeans ou uma tira de tecido para criar uma al\u00e7a, costurando bem as pontas na regi\u00e3o do furo ou no topo do porta-cart\u00e3o.<\/li>\n<\/ol>\n\n\n\n<p>Se quiser ainda mais praticidade, voc\u00ea pode adicionar um pequeno gancho met\u00e1lico na ponta da al\u00e7a. Assim, fica mais f\u00e1cil prender o porta-cart\u00e3o em bolsas, mochilas ou chaves, ideal para quem precisa mostrar o crach\u00e1 com frequ\u00eancia.<\/p>\n\n\n\n<h2 class=\"wp-block-heading\">Quais projetos de DIY com jeans velho s\u00e3o f\u00e1ceis de fazer em casa<\/h2>\n\n\n\n<p>O mesmo jeans utilizado no DIY de costura para porta-cart\u00e3o pode dar origem a v\u00e1rios outros objetos \u00fateis e sustent\u00e1veis. Como se trata de um tecido firme e reutiliz\u00e1vel, pernas e bolsos da cal\u00e7a se transformam com facilidade em organizadores, suportes e acess\u00f3rios para diferentes ambientes da casa.<\/p>\n\n\n\n<figure class=\"wp-block-image size-large\"><img loading=\"lazy\" decoding=\"async\" width=\"1024\" height=\"576\" src=\"https:\/\/www.em.com.br\/emfoco\/wp-content\/uploads\/2026\/04\/Gemini_Generated_Image_rqs1msrqs1msrqs1-1-1024x576.png\" alt=\"Jeans velho vira o melhor porta-cart\u00e3o DIY\" class=\"wp-image-200072\" srcset=\"https:\/\/www.em.com.br\/emfoco\/wp-content\/uploads\/2026\/04\/Gemini_Generated_Image_rqs1msrqs1msrqs1-1-1024x576.png 1024w, https:\/\/www.em.com.br\/emfoco\/wp-content\/uploads\/2026\/04\/Gemini_Generated_Image_rqs1msrqs1msrqs1-1-300x169.png 300w, https:\/\/www.em.com.br\/emfoco\/wp-content\/uploads\/2026\/04\/Gemini_Generated_Image_rqs1msrqs1msrqs1-1-768x432.png 768w, https:\/\/www.em.com.br\/emfoco\/wp-content\/uploads\/2026\/04\/Gemini_Generated_Image_rqs1msrqs1msrqs1-1-750x422.png 750w, https:\/\/www.em.com.br\/emfoco\/wp-content\/uploads\/2026\/04\/Gemini_Generated_Image_rqs1msrqs1msrqs1-1-1140x641.png 1140w, https:\/\/www.em.com.br\/emfoco\/wp-content\/uploads\/2026\/04\/Gemini_Generated_Image_rqs1msrqs1msrqs1-1.png 1280w\" sizes=\"auto, (max-width: 1024px) 100vw, 1024px\" \/><figcaption class=\"wp-element-caption\">Jeans velho vira o melhor porta-cart\u00e3o DIY<\/figcaption><\/figure>\n\n\n\n<p>Para ampliar o reaproveitamento da pe\u00e7a, vale testar projetos simples que aproveitam ao m\u00e1ximo cada parte do jeans:<\/p>\n\n\n\n<ul class=\"wp-block-list\">\n<li><strong>Cestinhos organizadores:<\/strong>\u00a0pernas da cal\u00e7a cortadas em segmentos, fechadas na base com costura reta e dobradas na parte superior, formando cestos para maquiagem, cabos ou materiais de escrit\u00f3rio.<\/li>\n\n\n\n<li><strong>Organizadores de parede:<\/strong>\u00a0bolsos traseiros costurados sobre uma faixa de tecido ou base de jeans, criando compartimentos para controle remoto, canetas ou celular.<\/li>\n\n\n\n<li><strong>Capas de almofada com bolso:<\/strong>\u00a0capas que aproveitam bolsos inteiros na frente para guardar pequenos objetos, mantendo tudo ao alcance.<\/li>\n\n\n\n<li><strong>Agarradores e luvas de cozinha:<\/strong>\u00a0jeans como camada externa, desde que receba forro t\u00e9rmico adequado, para segurar panelas com seguran\u00e7a.<\/li>\n\n\n\n<li><strong>Paninhos de esfregar:<\/strong>\u00a0retalhos menores usados na limpeza de superf\u00edcies que exigem leve abras\u00e3o, como grades de forno ou rodas de ve\u00edculo.<\/li>\n<\/ul>\n\n\n\n<h2 class=\"wp-block-heading\">Como o reaproveitamento de jeans transforma o dia a dia e o meio ambiente<\/h2>\n\n\n\n<p>Esses exemplos mostram que um simples DIY de costura com jeans pode ser o ponto de partida para repensar o destino de diversas pe\u00e7as guardadas no arm\u00e1rio. Ao transformar cal\u00e7as antigas em porta-cart\u00e3o, organizadores ou acess\u00f3rios dom\u00e9sticos, voc\u00ea amplia a vida \u00fatil de um material resistente e reduz o impacto ambiental de cada pe\u00e7a descartada.<\/p>\n\n\n\n<p>N\u00e3o deixe seu jeans parado ocupando espa\u00e7o enquanto poderia virar algo \u00fatil hoje mesmo. Separe agora uma cal\u00e7a que voc\u00ea n\u00e3o usa mais, escolha um dos projetos e comece j\u00e1: seu dia a dia fica mais organizado, seu bolso agradece e o planeta sente a diferen\u00e7a.<\/p>\n","protected":false},"excerpt":{"rendered":"<p>Reaproveitar jeans velhos em projetos de costura simples virou uma forma pr\u00e1tica e criativa de organizar objetos do dia a dia e, ao mesmo tempo, reduzir o desperd\u00edcio de tecido. Com poucos materiais e aten\u00e7\u00e3o \u00e0s medidas, d\u00e1 para transformar aquela cal\u00e7a esquecida no fundo do arm\u00e1rio em um porta-cart\u00e3o resistente, funcional e cheio de [&hellip;]<\/p>\n","protected":false},"author":11,"featured_media":200922,"comment_status":"open","ping_status":"open","sticky":false,"template":"","format":"standard","meta":{"jnews-multi-image_gallery":[],"jnews_single_post":{"format":"standard"},"jnews_primary_category":[],"jnews_social_meta":[],"jnews_override_counter":[],"footnotes":""},"categories":[8819,1],"tags":[17892,5115,6144,24755,28803],"class_list":["post-200064","post","type-post","status-publish","format-standard","has-post-thumbnail","hentry","category-curiosidades","category-noticias","tag-calca-jeans","tag-diy","tag-jeans","tag-jeans-antigo","tag-porta-cartao"],"yoast_head":"<!-- This site is optimized with the Yoast SEO plugin v23.8 - https:\/\/yoast.com\/wordpress\/plugins\/seo\/ -->\n<title>N\u00e3o jogue fora a cal\u00e7a jeans sem uso, veja como reutiliz\u00e1-la fazendo um porta-cart\u00f5es super \u00fatil\u00a0 - Estado de Minas - Em foco<\/title>\n<meta name=\"description\" content=\"Reaproveite jeans velho e crie um porta-cart\u00e3o pr\u00e1tico para crach\u00e1, transporte ou banco. Ideia f\u00e1cil que reduz desperd\u00edcio.\" \/>\n<meta name=\"robots\" content=\"index, follow, max-snippet:-1, max-image-preview:large, max-video-preview:-1\" \/>\n<link rel=\"canonical\" href=\"https:\/\/www.em.com.br\/emfoco\/2026\/04\/29\/nao-jogue-fora-a-calca-jeans-sem-uso-veja-como-reutiliza-la-fazendo-um-porta-cartoes-super-util\/\" \/>\n<meta property=\"og:locale\" content=\"pt_BR\" \/>\n<meta property=\"og:type\" content=\"article\" \/>\n<meta property=\"og:title\" content=\"N\u00e3o jogue fora a cal\u00e7a jeans sem uso, veja como reutiliz\u00e1-la fazendo um porta-cart\u00f5es super \u00fatil\u00a0 - Estado de Minas - Em foco\" \/>\n<meta property=\"og:description\" content=\"Reaproveite jeans velho e crie um porta-cart\u00e3o pr\u00e1tico para crach\u00e1, transporte ou banco. Ideia f\u00e1cil que reduz desperd\u00edcio.\" \/>\n<meta property=\"og:url\" content=\"https:\/\/www.em.com.br\/emfoco\/2026\/04\/29\/nao-jogue-fora-a-calca-jeans-sem-uso-veja-como-reutiliza-la-fazendo-um-porta-cartoes-super-util\/\" \/>\n<meta property=\"og:site_name\" content=\"Estado de Minas - Em foco\" \/>\n<meta property=\"article:published_time\" content=\"2026-04-29T11:55:00+00:00\" \/>\n<meta property=\"article:modified_time\" content=\"2026-04-29T02:10:17+00:00\" \/>\n<meta property=\"og:image\" content=\"https:\/\/www.em.com.br\/emfoco\/wp-content\/uploads\/2026\/04\/EmFoco_45-7.jpg\" \/>\n\t<meta property=\"og:image:width\" content=\"1280\" \/>\n\t<meta property=\"og:image:height\" content=\"720\" \/>\n\t<meta property=\"og:image:type\" content=\"image\/jpeg\" \/>\n<meta name=\"author\" content=\"Andre\u0301 Rangel\u00a0\" \/>\n<meta name=\"twitter:card\" content=\"summary_large_image\" \/>\n<meta name=\"twitter:label1\" content=\"Escrito por\" \/>\n\t<meta name=\"twitter:data1\" content=\"Andre\u0301 Rangel\u00a0\" \/>\n\t<meta name=\"twitter:label2\" content=\"Est. tempo de leitura\" \/>\n\t<meta name=\"twitter:data2\" content=\"6 minutos\" \/>\n<!-- \/ Yoast SEO plugin. -->","yoast_head_json":{"title":"N\u00e3o jogue fora a cal\u00e7a jeans sem uso, veja como reutiliz\u00e1-la fazendo um porta-cart\u00f5es super \u00fatil\u00a0 - Estado de Minas - Em foco","description":"Reaproveite jeans velho e crie um porta-cart\u00e3o pr\u00e1tico para crach\u00e1, transporte ou banco. Ideia f\u00e1cil que reduz desperd\u00edcio.","robots":{"index":"index","follow":"follow","max-snippet":"max-snippet:-1","max-image-preview":"max-image-preview:large","max-video-preview":"max-video-preview:-1"},"canonical":"https:\/\/www.em.com.br\/emfoco\/2026\/04\/29\/nao-jogue-fora-a-calca-jeans-sem-uso-veja-como-reutiliza-la-fazendo-um-porta-cartoes-super-util\/","og_locale":"pt_BR","og_type":"article","og_title":"N\u00e3o jogue fora a cal\u00e7a jeans sem uso, veja como reutiliz\u00e1-la fazendo um porta-cart\u00f5es super \u00fatil\u00a0 - Estado de Minas - Em foco","og_description":"Reaproveite jeans velho e crie um porta-cart\u00e3o pr\u00e1tico para crach\u00e1, transporte ou banco. Ideia f\u00e1cil que reduz desperd\u00edcio.","og_url":"https:\/\/www.em.com.br\/emfoco\/2026\/04\/29\/nao-jogue-fora-a-calca-jeans-sem-uso-veja-como-reutiliza-la-fazendo-um-porta-cartoes-super-util\/","og_site_name":"Estado de Minas - Em foco","article_published_time":"2026-04-29T11:55:00+00:00","article_modified_time":"2026-04-29T02:10:17+00:00","og_image":[{"width":1280,"height":720,"url":"https:\/\/www.em.com.br\/emfoco\/wp-content\/uploads\/2026\/04\/EmFoco_45-7.jpg","type":"image\/jpeg"}],"author":"Andre\u0301 Rangel\u00a0","twitter_card":"summary_large_image","twitter_misc":{"Escrito por":"Andre\u0301 Rangel\u00a0","Est. tempo de leitura":"6 minutos"},"schema":{"@context":"https:\/\/schema.org","@graph":[{"@type":"WebPage","@id":"https:\/\/www.em.com.br\/emfoco\/2026\/04\/29\/nao-jogue-fora-a-calca-jeans-sem-uso-veja-como-reutiliza-la-fazendo-um-porta-cartoes-super-util\/","url":"https:\/\/www.em.com.br\/emfoco\/2026\/04\/29\/nao-jogue-fora-a-calca-jeans-sem-uso-veja-como-reutiliza-la-fazendo-um-porta-cartoes-super-util\/","name":"N\u00e3o jogue fora a cal\u00e7a jeans sem uso, veja como reutiliz\u00e1-la fazendo um porta-cart\u00f5es super \u00fatil\u00a0 - Estado de Minas - Em foco","isPartOf":{"@id":"https:\/\/www.em.com.br\/emfoco\/#website"},"primaryImageOfPage":{"@id":"https:\/\/www.em.com.br\/emfoco\/2026\/04\/29\/nao-jogue-fora-a-calca-jeans-sem-uso-veja-como-reutiliza-la-fazendo-um-porta-cartoes-super-util\/#primaryimage"},"image":{"@id":"https:\/\/www.em.com.br\/emfoco\/2026\/04\/29\/nao-jogue-fora-a-calca-jeans-sem-uso-veja-como-reutiliza-la-fazendo-um-porta-cartoes-super-util\/#primaryimage"},"thumbnailUrl":"https:\/\/www.em.com.br\/emfoco\/wp-content\/uploads\/2026\/04\/EmFoco_45-7.jpg","datePublished":"2026-04-29T11:55:00+00:00","dateModified":"2026-04-29T02:10:17+00:00","author":{"@id":"https:\/\/www.em.com.br\/emfoco\/#\/schema\/person\/60eda09c1fedf0d6891f4cef4b60b8b8"},"description":"Reaproveite jeans velho e crie um porta-cart\u00e3o pr\u00e1tico para crach\u00e1, transporte ou banco. Ideia f\u00e1cil que reduz desperd\u00edcio.","breadcrumb":{"@id":"https:\/\/www.em.com.br\/emfoco\/2026\/04\/29\/nao-jogue-fora-a-calca-jeans-sem-uso-veja-como-reutiliza-la-fazendo-um-porta-cartoes-super-util\/#breadcrumb"},"inLanguage":"pt-BR","potentialAction":[{"@type":"ReadAction","target":["https:\/\/www.em.com.br\/emfoco\/2026\/04\/29\/nao-jogue-fora-a-calca-jeans-sem-uso-veja-como-reutiliza-la-fazendo-um-porta-cartoes-super-util\/"]}]},{"@type":"ImageObject","inLanguage":"pt-BR","@id":"https:\/\/www.em.com.br\/emfoco\/2026\/04\/29\/nao-jogue-fora-a-calca-jeans-sem-uso-veja-como-reutiliza-la-fazendo-um-porta-cartoes-super-util\/#primaryimage","url":"https:\/\/www.em.com.br\/emfoco\/wp-content\/uploads\/2026\/04\/EmFoco_45-7.jpg","contentUrl":"https:\/\/www.em.com.br\/emfoco\/wp-content\/uploads\/2026\/04\/EmFoco_45-7.jpg","width":1280,"height":720,"caption":"Projetos de costura sustent\u00e1vel que transformam tecidos usados em organizadores funcionais resistentes"},{"@type":"BreadcrumbList","@id":"https:\/\/www.em.com.br\/emfoco\/2026\/04\/29\/nao-jogue-fora-a-calca-jeans-sem-uso-veja-como-reutiliza-la-fazendo-um-porta-cartoes-super-util\/#breadcrumb","itemListElement":[{"@type":"ListItem","position":1,"name":"In\u00edcio","item":"https:\/\/www.em.com.br\/emfoco\/"},{"@type":"ListItem","position":2,"name":"N\u00e3o jogue fora a cal\u00e7a jeans sem uso, veja como reutiliz\u00e1-la fazendo um porta-cart\u00f5es super \u00fatil\u00a0"}]},{"@type":"WebSite","@id":"https:\/\/www.em.com.br\/emfoco\/#website","url":"https:\/\/www.em.com.br\/emfoco\/","name":"Estado de Minas - Em foco","description":"Acompanhe as \u00faltimas not\u00edcias e fique bem informado sobre tudo o que acontece em Minas Gerais, Brasil e no mundo.","potentialAction":[{"@type":"SearchAction","target":{"@type":"EntryPoint","urlTemplate":"https:\/\/www.em.com.br\/emfoco\/?s={search_term_string}"},"query-input":{"@type":"PropertyValueSpecification","valueRequired":true,"valueName":"search_term_string"}}],"inLanguage":"pt-BR"},{"@type":"Person","@id":"https:\/\/www.em.com.br\/emfoco\/#\/schema\/person\/60eda09c1fedf0d6891f4cef4b60b8b8","name":"Andre\u0301 Rangel\u00a0","image":{"@type":"ImageObject","inLanguage":"pt-BR","@id":"https:\/\/www.em.com.br\/emfoco\/#\/schema\/person\/image\/","url":"https:\/\/secure.gravatar.com\/avatar\/6234dc814c77c8ef6d8bba622c787efc?s=96&d=mm&r=g","contentUrl":"https:\/\/secure.gravatar.com\/avatar\/6234dc814c77c8ef6d8bba622c787efc?s=96&d=mm&r=g","caption":"Andre\u0301 Rangel\u00a0"},"url":"https:\/\/www.em.com.br\/emfoco\/author\/luizmyth\/"}]}},"_links":{"self":[{"href":"https:\/\/www.em.com.br\/emfoco\/wp-json\/wp\/v2\/posts\/200064","targetHints":{"allow":["GET"]}}],"collection":[{"href":"https:\/\/www.em.com.br\/emfoco\/wp-json\/wp\/v2\/posts"}],"about":[{"href":"https:\/\/www.em.com.br\/emfoco\/wp-json\/wp\/v2\/types\/post"}],"author":[{"embeddable":true,"href":"https:\/\/www.em.com.br\/emfoco\/wp-json\/wp\/v2\/users\/11"}],"replies":[{"embeddable":true,"href":"https:\/\/www.em.com.br\/emfoco\/wp-json\/wp\/v2\/comments?post=200064"}],"version-history":[{"count":2,"href":"https:\/\/www.em.com.br\/emfoco\/wp-json\/wp\/v2\/posts\/200064\/revisions"}],"predecessor-version":[{"id":200074,"href":"https:\/\/www.em.com.br\/emfoco\/wp-json\/wp\/v2\/posts\/200064\/revisions\/200074"}],"wp:featuredmedia":[{"embeddable":true,"href":"https:\/\/www.em.com.br\/emfoco\/wp-json\/wp\/v2\/media\/200922"}],"wp:attachment":[{"href":"https:\/\/www.em.com.br\/emfoco\/wp-json\/wp\/v2\/media?parent=200064"}],"wp:term":[{"taxonomy":"category","embeddable":true,"href":"https:\/\/www.em.com.br\/emfoco\/wp-json\/wp\/v2\/categories?post=200064"},{"taxonomy":"post_tag","embeddable":true,"href":"https:\/\/www.em.com.br\/emfoco\/wp-json\/wp\/v2\/tags?post=200064"}],"curies":[{"name":"wp","href":"https:\/\/api.w.org\/{rel}","templated":true}]}}